
{"id":9818,"date":"2025-12-31T14:04:15","date_gmt":"2025-12-31T17:04:15","guid":{"rendered":"https:\/\/cuartetoenlaweb.com.ar\/sitio\/javier-alonso-si-creemos-que-la-protesta-es-un-delito-esto-es-una-dictadura\/"},"modified":"2025-12-31T14:04:15","modified_gmt":"2025-12-31T17:04:15","slug":"javier-alonso-si-creemos-que-la-protesta-es-un-delito-esto-es-una-dictadura","status":"publish","type":"post","link":"https:\/\/cuartetoenlaweb.com.ar\/sitio\/javier-alonso-si-creemos-que-la-protesta-es-un-delito-esto-es-una-dictadura\/","title":{"rendered":"Javier Alonso: \u201cSi creemos que la protesta es un delito, esto es una dictadura\u201d"},"content":{"rendered":"<p>Buenos Aires, 31 diciembre (NA) &#8212; El ministro de Seguridad bonaerense, Javier Alonso, afirm\u00f3 hoy su apoyo a la decisi\u00f3n judicial de suspender el \u2018protocolo antipiquetes\u2019 del Gobierno nacional, y sostuvo que \u201csi creemos que la protesta es un delito, esto se convierte en una dictadura\u201d que retrocede en derechos a antes de la Revoluci\u00f3n Francesa.<\/p>\n<p>\u201cEl Gobierno nacional tendr\u00e1 que revisar c\u00f3mo instalar una regulaci\u00f3n que reconozca el derecho de los manifestantes y de los ciudadanos a protestar, porque si no retrocedemos antes de la Revoluci\u00f3n Francesa\u201d, manifest\u00f3.<\/p>\n<p>Alonso se refiri\u00f3 de ese modo a la decisi\u00f3n del juez en lo Contencioso Administrativo Mart\u00edn Cormick, quien suspendi\u00f3 esta semana la aplicaci\u00f3n del protocolo establecido durante la gesti\u00f3n como ministra de Patricia Bullrich, aunque luego, seg\u00fan confirm\u00f3 la Agencia Noticias Argentinas, concedi\u00f3 la apelaci\u00f3n presentada por el Gobierno, por lo que la medida a\u00fan no est\u00e1 firme.<\/p>\n<p>\u201cDurante los 6 a\u00f1os que llevamos en la gesti\u00f3n, trabajamos denodadamente para evitar que los ciudadanos vean afectado su derecho a la circulaci\u00f3n\u201d en el \u00e1mbito bonaerense, dijo Alonso en di\u00e1logo con el programa RPM de Splendid AM 990.<\/p>\n<p>El ministro sostuvo que \u201cno se puede cercenar el derecho a protestar\u201d, y eso no debe impedir que \u201clas calles est\u00e9n liberadas\u201d, y enfatiz\u00f3: \u201clas calles tienen que estar liberadas y eso no se discute, en la provincia nunca se discuti\u00f3 eso\u201d.<\/p>\n<p>Adem\u00e1s, record\u00f3 con iron\u00eda la paradoja de que durante la pandemia del Covid-19 \u201cla ministra Bullrich participaba de protestas, violando la cuarentena y el aislamiento, y cortando el tr\u00e1nsito en la 9 de julio\u201d.<\/p>\n<p>\u201cLos bonaerenses padecimos momentos en los que ten\u00edamos que ir de zona norte a zona sur, o de zona sur a zona norte y no pod\u00edas pasar por la 9 de julio y eso estaba mal, pero otra cosa es avanzar como la libertad fundamental de protestar\u201d, se\u00f1al\u00f3.<\/p>\n<p>\u201cVos no pod\u00e9s dejar que se consoliden campamentos que corten la calle jornadas eternas, creando un caos que afecta a cientos de miles de personas por una protesta, pero hay otras formas de resolverlo y de regularizar la actuaci\u00f3n de la polic\u00eda\u201d, agreg\u00f3. #AgenciaNA<\/p>\n","protected":false},"excerpt":{"rendered":"<p>Buenos Aires, 31 diciembre (NA) &#8212; El ministro de Seguridad<\/p>\n","protected":false},"author":0,"featured_media":9819,"comment_status":"","ping_status":"","sticky":false,"template":"","format":"standard","meta":{"footnotes":""},"categories":[65],"tags":[],"class_list":["post-9818","post","type-post","status-publish","format-standard","has-post-thumbnail","hentry","category-pais"],"yoast_head":"<!-- This site is optimized with the Yoast SEO plugin v27.4 - https:\/\/yoast.com\/product\/yoast-seo-wordpress\/ -->\n<title>Javier Alonso: \u201cSi creemos que la protesta es un delito, esto es una dictadura\u201d - Cuarteto en la Web<\/title>\n<meta name=\"robots\" content=\"index, follow, max-snippet:-1, max-image-preview:large, max-video-preview:-1\" \/>\n<link rel=\"canonical\" href=\"https:\/\/cuartetoenlaweb.com.ar\/sitio\/javier-alonso-si-creemos-que-la-protesta-es-un-delito-esto-es-una-dictadura\/\" \/>\n<meta property=\"og:locale\" content=\"es_ES\" \/>\n<meta property=\"og:type\" content=\"article\" \/>\n<meta property=\"og:title\" content=\"Javier Alonso: \u201cSi creemos que la protesta es un delito, esto es una dictadura\u201d - Cuarteto en la Web\" \/>\n<meta property=\"og:description\" content=\"Buenos Aires, 31 diciembre (NA) &#8212; El ministro de Seguridad\" \/>\n<meta property=\"og:url\" content=\"https:\/\/cuartetoenlaweb.com.ar\/sitio\/javier-alonso-si-creemos-que-la-protesta-es-un-delito-esto-es-una-dictadura\/\" \/>\n<meta property=\"og:site_name\" content=\"Cuarteto en la Web\" \/>\n<meta property=\"article:published_time\" content=\"2025-12-31T17:04:15+00:00\" \/>\n<meta property=\"og:image\" content=\"https:\/\/cuartetoenlaweb.com.ar\/sitio\/wp-content\/uploads\/2025\/12\/720-414.jpeg\" \/>\n\t<meta property=\"og:image:width\" content=\"1081\" \/>\n\t<meta property=\"og:image:height\" content=\"720\" \/>\n\t<meta property=\"og:image:type\" content=\"image\/jpeg\" \/>\n<meta name=\"twitter:card\" content=\"summary_large_image\" \/>\n<meta name=\"twitter:label1\" content=\"Tiempo de lectura\" \/>\n\t<meta name=\"twitter:data1\" content=\"2 minutos\" \/>\n<script type=\"application\/ld+json\" class=\"yoast-schema-graph\">{\"@context\":\"https:\\\/\\\/schema.org\",\"@graph\":[{\"@type\":\"Article\",\"@id\":\"https:\\\/\\\/cuartetoenlaweb.com.ar\\\/sitio\\\/javier-alonso-si-creemos-que-la-protesta-es-un-delito-esto-es-una-dictadura\\\/#article\",\"isPartOf\":{\"@id\":\"https:\\\/\\\/cuartetoenlaweb.com.ar\\\/sitio\\\/javier-alonso-si-creemos-que-la-protesta-es-un-delito-esto-es-una-dictadura\\\/\"},\"author\":{\"name\":\"\",\"@id\":\"\"},\"headline\":\"Javier Alonso: \u201cSi creemos que la protesta es un delito, esto es una dictadura\u201d\",\"datePublished\":\"2025-12-31T17:04:15+00:00\",\"mainEntityOfPage\":{\"@id\":\"https:\\\/\\\/cuartetoenlaweb.com.ar\\\/sitio\\\/javier-alonso-si-creemos-que-la-protesta-es-un-delito-esto-es-una-dictadura\\\/\"},\"wordCount\":389,\"publisher\":{\"@id\":\"http:\\\/\\\/cuartetoenlaweb.com.ar\\\/sitio\\\/#organization\"},\"image\":{\"@id\":\"https:\\\/\\\/cuartetoenlaweb.com.ar\\\/sitio\\\/javier-alonso-si-creemos-que-la-protesta-es-un-delito-esto-es-una-dictadura\\\/#primaryimage\"},\"thumbnailUrl\":\"https:\\\/\\\/cuartetoenlaweb.com.ar\\\/sitio\\\/wp-content\\\/uploads\\\/2025\\\/12\\\/720-414.jpeg\",\"articleSection\":[\"PAIS\"],\"inLanguage\":\"es\"},{\"@type\":\"WebPage\",\"@id\":\"https:\\\/\\\/cuartetoenlaweb.com.ar\\\/sitio\\\/javier-alonso-si-creemos-que-la-protesta-es-un-delito-esto-es-una-dictadura\\\/\",\"url\":\"https:\\\/\\\/cuartetoenlaweb.com.ar\\\/sitio\\\/javier-alonso-si-creemos-que-la-protesta-es-un-delito-esto-es-una-dictadura\\\/\",\"name\":\"Javier Alonso: \u201cSi creemos que la protesta es un delito, esto es una dictadura\u201d - Cuarteto en la Web\",\"isPartOf\":{\"@id\":\"http:\\\/\\\/cuartetoenlaweb.com.ar\\\/sitio\\\/#website\"},\"primaryImageOfPage\":{\"@id\":\"https:\\\/\\\/cuartetoenlaweb.com.ar\\\/sitio\\\/javier-alonso-si-creemos-que-la-protesta-es-un-delito-esto-es-una-dictadura\\\/#primaryimage\"},\"image\":{\"@id\":\"https:\\\/\\\/cuartetoenlaweb.com.ar\\\/sitio\\\/javier-alonso-si-creemos-que-la-protesta-es-un-delito-esto-es-una-dictadura\\\/#primaryimage\"},\"thumbnailUrl\":\"https:\\\/\\\/cuartetoenlaweb.com.ar\\\/sitio\\\/wp-content\\\/uploads\\\/2025\\\/12\\\/720-414.jpeg\",\"datePublished\":\"2025-12-31T17:04:15+00:00\",\"breadcrumb\":{\"@id\":\"https:\\\/\\\/cuartetoenlaweb.com.ar\\\/sitio\\\/javier-alonso-si-creemos-que-la-protesta-es-un-delito-esto-es-una-dictadura\\\/#breadcrumb\"},\"inLanguage\":\"es\",\"potentialAction\":[{\"@type\":\"ReadAction\",\"target\":[\"https:\\\/\\\/cuartetoenlaweb.com.ar\\\/sitio\\\/javier-alonso-si-creemos-que-la-protesta-es-un-delito-esto-es-una-dictadura\\\/\"]}]},{\"@type\":\"ImageObject\",\"inLanguage\":\"es\",\"@id\":\"https:\\\/\\\/cuartetoenlaweb.com.ar\\\/sitio\\\/javier-alonso-si-creemos-que-la-protesta-es-un-delito-esto-es-una-dictadura\\\/#primaryimage\",\"url\":\"https:\\\/\\\/cuartetoenlaweb.com.ar\\\/sitio\\\/wp-content\\\/uploads\\\/2025\\\/12\\\/720-414.jpeg\",\"contentUrl\":\"https:\\\/\\\/cuartetoenlaweb.com.ar\\\/sitio\\\/wp-content\\\/uploads\\\/2025\\\/12\\\/720-414.jpeg\",\"width\":1081,\"height\":720},{\"@type\":\"BreadcrumbList\",\"@id\":\"https:\\\/\\\/cuartetoenlaweb.com.ar\\\/sitio\\\/javier-alonso-si-creemos-que-la-protesta-es-un-delito-esto-es-una-dictadura\\\/#breadcrumb\",\"itemListElement\":[{\"@type\":\"ListItem\",\"position\":1,\"name\":\"Portada\",\"item\":\"http:\\\/\\\/cuartetoenlaweb.com.ar\\\/sitio\\\/\"},{\"@type\":\"ListItem\",\"position\":2,\"name\":\"Javier Alonso: \u201cSi creemos que la protesta es un delito, esto es una dictadura\u201d\"}]},{\"@type\":\"WebSite\",\"@id\":\"http:\\\/\\\/cuartetoenlaweb.com.ar\\\/sitio\\\/#website\",\"url\":\"http:\\\/\\\/cuartetoenlaweb.com.ar\\\/sitio\\\/\",\"name\":\"Cuarteto en la Web\",\"description\":\"\",\"publisher\":{\"@id\":\"http:\\\/\\\/cuartetoenlaweb.com.ar\\\/sitio\\\/#organization\"},\"potentialAction\":[{\"@type\":\"SearchAction\",\"target\":{\"@type\":\"EntryPoint\",\"urlTemplate\":\"http:\\\/\\\/cuartetoenlaweb.com.ar\\\/sitio\\\/?s={search_term_string}\"},\"query-input\":{\"@type\":\"PropertyValueSpecification\",\"valueRequired\":true,\"valueName\":\"search_term_string\"}}],\"inLanguage\":\"es\"},{\"@type\":\"Organization\",\"@id\":\"http:\\\/\\\/cuartetoenlaweb.com.ar\\\/sitio\\\/#organization\",\"name\":\"Cuarteto en la Web\",\"url\":\"http:\\\/\\\/cuartetoenlaweb.com.ar\\\/sitio\\\/\",\"logo\":{\"@type\":\"ImageObject\",\"inLanguage\":\"es\",\"@id\":\"http:\\\/\\\/cuartetoenlaweb.com.ar\\\/sitio\\\/#\\\/schema\\\/logo\\\/image\\\/\",\"url\":\"https:\\\/\\\/cuartetoenlaweb.com.ar\\\/sitio\\\/wp-content\\\/uploads\\\/2025\\\/07\\\/cropped-cropped-logitoweb21.png\",\"contentUrl\":\"https:\\\/\\\/cuartetoenlaweb.com.ar\\\/sitio\\\/wp-content\\\/uploads\\\/2025\\\/07\\\/cropped-cropped-logitoweb21.png\",\"width\":199,\"height\":199,\"caption\":\"Cuarteto en la Web\"},\"image\":{\"@id\":\"http:\\\/\\\/cuartetoenlaweb.com.ar\\\/sitio\\\/#\\\/schema\\\/logo\\\/image\\\/\"}}]}<\/script>\n<!-- \/ Yoast SEO plugin. -->","yoast_head_json":{"title":"Javier Alonso: \u201cSi creemos que la protesta es un delito, esto es una dictadura\u201d - Cuarteto en la Web","robots":{"index":"index","follow":"follow","max-snippet":"max-snippet:-1","max-image-preview":"max-image-preview:large","max-video-preview":"max-video-preview:-1"},"canonical":"https:\/\/cuartetoenlaweb.com.ar\/sitio\/javier-alonso-si-creemos-que-la-protesta-es-un-delito-esto-es-una-dictadura\/","og_locale":"es_ES","og_type":"article","og_title":"Javier Alonso: \u201cSi creemos que la protesta es un delito, esto es una dictadura\u201d - Cuarteto en la Web","og_description":"Buenos Aires, 31 diciembre (NA) &#8212; El ministro de Seguridad","og_url":"https:\/\/cuartetoenlaweb.com.ar\/sitio\/javier-alonso-si-creemos-que-la-protesta-es-un-delito-esto-es-una-dictadura\/","og_site_name":"Cuarteto en la Web","article_published_time":"2025-12-31T17:04:15+00:00","og_image":[{"width":1081,"height":720,"url":"https:\/\/cuartetoenlaweb.com.ar\/sitio\/wp-content\/uploads\/2025\/12\/720-414.jpeg","type":"image\/jpeg"}],"twitter_card":"summary_large_image","twitter_misc":{"Tiempo de lectura":"2 minutos"},"schema":{"@context":"https:\/\/schema.org","@graph":[{"@type":"Article","@id":"https:\/\/cuartetoenlaweb.com.ar\/sitio\/javier-alonso-si-creemos-que-la-protesta-es-un-delito-esto-es-una-dictadura\/#article","isPartOf":{"@id":"https:\/\/cuartetoenlaweb.com.ar\/sitio\/javier-alonso-si-creemos-que-la-protesta-es-un-delito-esto-es-una-dictadura\/"},"author":{"name":"","@id":""},"headline":"Javier Alonso: \u201cSi creemos que la protesta es un delito, esto es una dictadura\u201d","datePublished":"2025-12-31T17:04:15+00:00","mainEntityOfPage":{"@id":"https:\/\/cuartetoenlaweb.com.ar\/sitio\/javier-alonso-si-creemos-que-la-protesta-es-un-delito-esto-es-una-dictadura\/"},"wordCount":389,"publisher":{"@id":"http:\/\/cuartetoenlaweb.com.ar\/sitio\/#organization"},"image":{"@id":"https:\/\/cuartetoenlaweb.com.ar\/sitio\/javier-alonso-si-creemos-que-la-protesta-es-un-delito-esto-es-una-dictadura\/#primaryimage"},"thumbnailUrl":"https:\/\/cuartetoenlaweb.com.ar\/sitio\/wp-content\/uploads\/2025\/12\/720-414.jpeg","articleSection":["PAIS"],"inLanguage":"es"},{"@type":"WebPage","@id":"https:\/\/cuartetoenlaweb.com.ar\/sitio\/javier-alonso-si-creemos-que-la-protesta-es-un-delito-esto-es-una-dictadura\/","url":"https:\/\/cuartetoenlaweb.com.ar\/sitio\/javier-alonso-si-creemos-que-la-protesta-es-un-delito-esto-es-una-dictadura\/","name":"Javier Alonso: \u201cSi creemos que la protesta es un delito, esto es una dictadura\u201d - Cuarteto en la Web","isPartOf":{"@id":"http:\/\/cuartetoenlaweb.com.ar\/sitio\/#website"},"primaryImageOfPage":{"@id":"https:\/\/cuartetoenlaweb.com.ar\/sitio\/javier-alonso-si-creemos-que-la-protesta-es-un-delito-esto-es-una-dictadura\/#primaryimage"},"image":{"@id":"https:\/\/cuartetoenlaweb.com.ar\/sitio\/javier-alonso-si-creemos-que-la-protesta-es-un-delito-esto-es-una-dictadura\/#primaryimage"},"thumbnailUrl":"https:\/\/cuartetoenlaweb.com.ar\/sitio\/wp-content\/uploads\/2025\/12\/720-414.jpeg","datePublished":"2025-12-31T17:04:15+00:00","breadcrumb":{"@id":"https:\/\/cuartetoenlaweb.com.ar\/sitio\/javier-alonso-si-creemos-que-la-protesta-es-un-delito-esto-es-una-dictadura\/#breadcrumb"},"inLanguage":"es","potentialAction":[{"@type":"ReadAction","target":["https:\/\/cuartetoenlaweb.com.ar\/sitio\/javier-alonso-si-creemos-que-la-protesta-es-un-delito-esto-es-una-dictadura\/"]}]},{"@type":"ImageObject","inLanguage":"es","@id":"https:\/\/cuartetoenlaweb.com.ar\/sitio\/javier-alonso-si-creemos-que-la-protesta-es-un-delito-esto-es-una-dictadura\/#primaryimage","url":"https:\/\/cuartetoenlaweb.com.ar\/sitio\/wp-content\/uploads\/2025\/12\/720-414.jpeg","contentUrl":"https:\/\/cuartetoenlaweb.com.ar\/sitio\/wp-content\/uploads\/2025\/12\/720-414.jpeg","width":1081,"height":720},{"@type":"BreadcrumbList","@id":"https:\/\/cuartetoenlaweb.com.ar\/sitio\/javier-alonso-si-creemos-que-la-protesta-es-un-delito-esto-es-una-dictadura\/#breadcrumb","itemListElement":[{"@type":"ListItem","position":1,"name":"Portada","item":"http:\/\/cuartetoenlaweb.com.ar\/sitio\/"},{"@type":"ListItem","position":2,"name":"Javier Alonso: \u201cSi creemos que la protesta es un delito, esto es una dictadura\u201d"}]},{"@type":"WebSite","@id":"http:\/\/cuartetoenlaweb.com.ar\/sitio\/#website","url":"http:\/\/cuartetoenlaweb.com.ar\/sitio\/","name":"Cuarteto en la Web","description":"","publisher":{"@id":"http:\/\/cuartetoenlaweb.com.ar\/sitio\/#organization"},"potentialAction":[{"@type":"SearchAction","target":{"@type":"EntryPoint","urlTemplate":"http:\/\/cuartetoenlaweb.com.ar\/sitio\/?s={search_term_string}"},"query-input":{"@type":"PropertyValueSpecification","valueRequired":true,"valueName":"search_term_string"}}],"inLanguage":"es"},{"@type":"Organization","@id":"http:\/\/cuartetoenlaweb.com.ar\/sitio\/#organization","name":"Cuarteto en la Web","url":"http:\/\/cuartetoenlaweb.com.ar\/sitio\/","logo":{"@type":"ImageObject","inLanguage":"es","@id":"http:\/\/cuartetoenlaweb.com.ar\/sitio\/#\/schema\/logo\/image\/","url":"https:\/\/cuartetoenlaweb.com.ar\/sitio\/wp-content\/uploads\/2025\/07\/cropped-cropped-logitoweb21.png","contentUrl":"https:\/\/cuartetoenlaweb.com.ar\/sitio\/wp-content\/uploads\/2025\/07\/cropped-cropped-logitoweb21.png","width":199,"height":199,"caption":"Cuarteto en la Web"},"image":{"@id":"http:\/\/cuartetoenlaweb.com.ar\/sitio\/#\/schema\/logo\/image\/"}}]}},"_links":{"self":[{"href":"https:\/\/cuartetoenlaweb.com.ar\/sitio\/wp-json\/wp\/v2\/posts\/9818","targetHints":{"allow":["GET"]}}],"collection":[{"href":"https:\/\/cuartetoenlaweb.com.ar\/sitio\/wp-json\/wp\/v2\/posts"}],"about":[{"href":"https:\/\/cuartetoenlaweb.com.ar\/sitio\/wp-json\/wp\/v2\/types\/post"}],"replies":[{"embeddable":true,"href":"https:\/\/cuartetoenlaweb.com.ar\/sitio\/wp-json\/wp\/v2\/comments?post=9818"}],"version-history":[{"count":0,"href":"https:\/\/cuartetoenlaweb.com.ar\/sitio\/wp-json\/wp\/v2\/posts\/9818\/revisions"}],"wp:featuredmedia":[{"embeddable":true,"href":"https:\/\/cuartetoenlaweb.com.ar\/sitio\/wp-json\/wp\/v2\/media\/9819"}],"wp:attachment":[{"href":"https:\/\/cuartetoenlaweb.com.ar\/sitio\/wp-json\/wp\/v2\/media?parent=9818"}],"wp:term":[{"taxonomy":"category","embeddable":true,"href":"https:\/\/cuartetoenlaweb.com.ar\/sitio\/wp-json\/wp\/v2\/categories?post=9818"},{"taxonomy":"post_tag","embeddable":true,"href":"https:\/\/cuartetoenlaweb.com.ar\/sitio\/wp-json\/wp\/v2\/tags?post=9818"}],"curies":[{"name":"wp","href":"https:\/\/api.w.org\/{rel}","templated":true}]}}