
{"id":9792,"date":"2025-12-31T02:00:23","date_gmt":"2025-12-31T05:00:23","guid":{"rendered":"https:\/\/cuartetoenlaweb.com.ar\/sitio\/seis-de-cada-diez-argentinos-declara-dificultades-para-llegar-a-fin-de-mes-muy-por-encima-del-promedio-regional\/"},"modified":"2025-12-31T02:00:23","modified_gmt":"2025-12-31T05:00:23","slug":"seis-de-cada-diez-argentinos-declara-dificultades-para-llegar-a-fin-de-mes-muy-por-encima-del-promedio-regional","status":"publish","type":"post","link":"https:\/\/cuartetoenlaweb.com.ar\/sitio\/seis-de-cada-diez-argentinos-declara-dificultades-para-llegar-a-fin-de-mes-muy-por-encima-del-promedio-regional\/","title":{"rendered":"Seis de cada diez argentinos declara dificultades para llegar a fin de mes, muy por encima del promedio regional"},"content":{"rendered":"<p>Buenos Aires, 31 diciembre (NA) \u2013 El principal desaf\u00edo para el consumidor LATAM es econ\u00f3mico: 4 de cada 10 latinoamericanos (43%) declara tener dificultades para llegar a fin de mes, proporci\u00f3n que alcanza un significativo 57% en Argentina, mientras que en M\u00e9xico se sit\u00faa en un 33%.<\/p>\n<p>Son conclusiones que se extraen de algunos de los principales insights de la \u00faltima edici\u00f3n del Ipsos Talk LATAM 2025, donde fue presentado un profundo an\u00e1lisis sobre las tendencias que definir\u00e1n al consumidor latinoamericano para 2026, seg\u00fan pudo establecer la agencia Noticias Argentinas. <\/p>\n<p>El relevamiento estuvo a cargo de Maria del Rosario Espinosa \u2013 Chief Client Officer \u2013 Ipsos Argentina, Marilina Socolovsky \u2013 Client Officer \u2013 Ipsos Argentina y Martin Tanzariello \u2013 Marketing &amp; Communications Manager \u2013 Ipsos Argentina.<\/p>\n<p>Desde diferentes investigaciones, el an\u00e1lisis revela un escenario complejo, lleno de tensiones y contrasentidos, donde la dificultad econ\u00f3mica convive con una esperanza sostenida en un futuro mejor.<\/p>\n<p>La crisis va m\u00e1s all\u00e1 de lo financiero; se registra tambi\u00e9n una crisis de confianza.<\/p>\n<p>El 60% en la regi\u00f3n siente que su sociedad \u00abest\u00e1 rota\u00bb y la corrupci\u00f3n sigue siendo una de las principales preocupaciones, especialmente en pa\u00edses como Per\u00fa y Brasil.<\/p>\n<p>ESCENARIO DIVIDIDO<\/p>\n<p>En un escenario se vive desigual y dividido, el consumidor latinoamericano busca refugio y prop\u00f3sito.<\/p>\n<p>9 de cada 10 latinos (90%) declara que el mundo est\u00e1 cambiando demasiado r\u00e1pido, lo que conecta con la nostalgia por el pasado y un anhelo de simplicidad.<\/p>\n<p>Esta sensaci\u00f3n se traduce en una expectativa hacia las empresas: 8 de cada 10 consumidores de la regi\u00f3n (82%) creen que una marca puede apoyar una buena causa y ganar dinero al mismo tiempo.<\/p>\n<p>A pesar de este panorama de desaf\u00edos, la caracter\u00edstica m\u00e1s definitoria del consumidor latinoamericano es su optimismo. 8 de cada 10 latinos (84%) es optimista de que 2026 ser\u00e1 un mejor a\u00f1o que 2025. Este es el motor de resiliencia en la regi\u00f3n.<\/p>\n<p>BUENAS NOTICIAS<\/p>\n<p>El \u00faltimo informe del \u00cdndice Global de Confianza del Consumidor de Ipsos trajo buenas noticias para el mercado argentino.<\/p>\n<p>En noviembre de 2025, Argentina registr\u00f3 un aumento de +6.5 puntos en su \u00edndice de confianza en comparaci\u00f3n con el mes anterior, alcanzando los 46.9 puntos.<\/p>\n<p>Este crecimiento no s\u00f3lo es el m\u00e1s alto entre los 30 pa\u00edses medidos a nivel global, sino que habla del brote de optimismo en el sentimiento del consumidor. <\/p>\n<p>A corto plazo sugiere que los consumidores argentinos est\u00e1n comenzando a percibir un horizonte m\u00e1s despejado.<\/p>\n<p>A pesar de este salto significativo, el nivel de confianza de 46.9 puntos sigue posicionando a Argentina en el extremo inferior de la tabla en Am\u00e9rica Latina.<\/p>\n<p>Nos encontramos por debajo de l\u00edderes regionales como Brasil (52.8 puntos), M\u00e9xico (51.7 puntos) y Colombia (49.4 puntos).<\/p>\n<p>Nuestro pa\u00eds se encuentra al mismo nivel que Per\u00fa (46.9 puntos) y s\u00f3lo supera a Chile (43.7 puntos), lo que demuestra que la base de la confianza a\u00fan es baja en comparaci\u00f3n con los pa\u00edses de la regi\u00f3n.<\/p>\n<p>Este repunte de +6.5 puntos para Argentina, es una se\u00f1al de que algo est\u00e1 cambiando en la percepci\u00f3n de los consumidores.<\/p>\n<p>La pregunta ya no es si el consumidor est\u00e1 cambiando, sino qui\u00e9n sabr\u00e1 interpretar y capitalizar este cambio.<\/p>\n<p>En s\u00edntesis, se habla de un Consumidor LATAM 2026 que se mantiene esperanzado y busca activamente marcas que le ofrezcan valor, prop\u00f3sito y confianza\u2026 adem\u00e1s de producto. #AgenciaNA<\/p>\n","protected":false},"excerpt":{"rendered":"<p>Buenos Aires, 31 diciembre (NA) \u2013 El principal desaf\u00edo para<\/p>\n","protected":false},"author":0,"featured_media":9793,"comment_status":"","ping_status":"","sticky":false,"template":"","format":"standard","meta":{"footnotes":""},"categories":[65],"tags":[],"class_list":["post-9792","post","type-post","status-publish","format-standard","has-post-thumbnail","hentry","category-pais"],"yoast_head":"<!-- This site is optimized with the Yoast SEO plugin v27.4 - https:\/\/yoast.com\/product\/yoast-seo-wordpress\/ -->\n<title>Seis de cada diez argentinos declara dificultades para llegar a fin de mes, muy por encima del promedio regional - Cuarteto en la Web<\/title>\n<meta name=\"robots\" content=\"index, follow, max-snippet:-1, max-image-preview:large, max-video-preview:-1\" \/>\n<link rel=\"canonical\" href=\"https:\/\/cuartetoenlaweb.com.ar\/sitio\/seis-de-cada-diez-argentinos-declara-dificultades-para-llegar-a-fin-de-mes-muy-por-encima-del-promedio-regional\/\" \/>\n<meta property=\"og:locale\" content=\"es_ES\" \/>\n<meta property=\"og:type\" content=\"article\" \/>\n<meta property=\"og:title\" content=\"Seis de cada diez argentinos declara dificultades para llegar a fin de mes, muy por encima del promedio regional - Cuarteto en la Web\" \/>\n<meta property=\"og:description\" content=\"Buenos Aires, 31 diciembre (NA) \u2013 El principal desaf\u00edo para\" \/>\n<meta property=\"og:url\" content=\"https:\/\/cuartetoenlaweb.com.ar\/sitio\/seis-de-cada-diez-argentinos-declara-dificultades-para-llegar-a-fin-de-mes-muy-por-encima-del-promedio-regional\/\" \/>\n<meta property=\"og:site_name\" content=\"Cuarteto en la Web\" \/>\n<meta property=\"article:published_time\" content=\"2025-12-31T05:00:23+00:00\" \/>\n<meta property=\"og:image\" content=\"https:\/\/cuartetoenlaweb.com.ar\/sitio\/wp-content\/uploads\/2025\/12\/image-15.jpg\" \/>\n\t<meta property=\"og:image:width\" content=\"1024\" \/>\n\t<meta property=\"og:image:height\" content=\"742\" \/>\n\t<meta property=\"og:image:type\" content=\"image\/jpeg\" \/>\n<meta name=\"twitter:card\" content=\"summary_large_image\" \/>\n<meta name=\"twitter:label1\" content=\"Tiempo de lectura\" \/>\n\t<meta name=\"twitter:data1\" content=\"3 minutos\" \/>\n<script type=\"application\/ld+json\" class=\"yoast-schema-graph\">{\"@context\":\"https:\\\/\\\/schema.org\",\"@graph\":[{\"@type\":\"Article\",\"@id\":\"https:\\\/\\\/cuartetoenlaweb.com.ar\\\/sitio\\\/seis-de-cada-diez-argentinos-declara-dificultades-para-llegar-a-fin-de-mes-muy-por-encima-del-promedio-regional\\\/#article\",\"isPartOf\":{\"@id\":\"https:\\\/\\\/cuartetoenlaweb.com.ar\\\/sitio\\\/seis-de-cada-diez-argentinos-declara-dificultades-para-llegar-a-fin-de-mes-muy-por-encima-del-promedio-regional\\\/\"},\"author\":{\"name\":\"\",\"@id\":\"\"},\"headline\":\"Seis de cada diez argentinos declara dificultades para llegar a fin de mes, muy por encima del promedio regional\",\"datePublished\":\"2025-12-31T05:00:23+00:00\",\"mainEntityOfPage\":{\"@id\":\"https:\\\/\\\/cuartetoenlaweb.com.ar\\\/sitio\\\/seis-de-cada-diez-argentinos-declara-dificultades-para-llegar-a-fin-de-mes-muy-por-encima-del-promedio-regional\\\/\"},\"wordCount\":585,\"publisher\":{\"@id\":\"http:\\\/\\\/cuartetoenlaweb.com.ar\\\/sitio\\\/#organization\"},\"image\":{\"@id\":\"https:\\\/\\\/cuartetoenlaweb.com.ar\\\/sitio\\\/seis-de-cada-diez-argentinos-declara-dificultades-para-llegar-a-fin-de-mes-muy-por-encima-del-promedio-regional\\\/#primaryimage\"},\"thumbnailUrl\":\"https:\\\/\\\/cuartetoenlaweb.com.ar\\\/sitio\\\/wp-content\\\/uploads\\\/2025\\\/12\\\/image-15.jpg\",\"articleSection\":[\"PAIS\"],\"inLanguage\":\"es\"},{\"@type\":\"WebPage\",\"@id\":\"https:\\\/\\\/cuartetoenlaweb.com.ar\\\/sitio\\\/seis-de-cada-diez-argentinos-declara-dificultades-para-llegar-a-fin-de-mes-muy-por-encima-del-promedio-regional\\\/\",\"url\":\"https:\\\/\\\/cuartetoenlaweb.com.ar\\\/sitio\\\/seis-de-cada-diez-argentinos-declara-dificultades-para-llegar-a-fin-de-mes-muy-por-encima-del-promedio-regional\\\/\",\"name\":\"Seis de cada diez argentinos declara dificultades para llegar a fin de mes, muy por encima del promedio regional - Cuarteto en la Web\",\"isPartOf\":{\"@id\":\"http:\\\/\\\/cuartetoenlaweb.com.ar\\\/sitio\\\/#website\"},\"primaryImageOfPage\":{\"@id\":\"https:\\\/\\\/cuartetoenlaweb.com.ar\\\/sitio\\\/seis-de-cada-diez-argentinos-declara-dificultades-para-llegar-a-fin-de-mes-muy-por-encima-del-promedio-regional\\\/#primaryimage\"},\"image\":{\"@id\":\"https:\\\/\\\/cuartetoenlaweb.com.ar\\\/sitio\\\/seis-de-cada-diez-argentinos-declara-dificultades-para-llegar-a-fin-de-mes-muy-por-encima-del-promedio-regional\\\/#primaryimage\"},\"thumbnailUrl\":\"https:\\\/\\\/cuartetoenlaweb.com.ar\\\/sitio\\\/wp-content\\\/uploads\\\/2025\\\/12\\\/image-15.jpg\",\"datePublished\":\"2025-12-31T05:00:23+00:00\",\"breadcrumb\":{\"@id\":\"https:\\\/\\\/cuartetoenlaweb.com.ar\\\/sitio\\\/seis-de-cada-diez-argentinos-declara-dificultades-para-llegar-a-fin-de-mes-muy-por-encima-del-promedio-regional\\\/#breadcrumb\"},\"inLanguage\":\"es\",\"potentialAction\":[{\"@type\":\"ReadAction\",\"target\":[\"https:\\\/\\\/cuartetoenlaweb.com.ar\\\/sitio\\\/seis-de-cada-diez-argentinos-declara-dificultades-para-llegar-a-fin-de-mes-muy-por-encima-del-promedio-regional\\\/\"]}]},{\"@type\":\"ImageObject\",\"inLanguage\":\"es\",\"@id\":\"https:\\\/\\\/cuartetoenlaweb.com.ar\\\/sitio\\\/seis-de-cada-diez-argentinos-declara-dificultades-para-llegar-a-fin-de-mes-muy-por-encima-del-promedio-regional\\\/#primaryimage\",\"url\":\"https:\\\/\\\/cuartetoenlaweb.com.ar\\\/sitio\\\/wp-content\\\/uploads\\\/2025\\\/12\\\/image-15.jpg\",\"contentUrl\":\"https:\\\/\\\/cuartetoenlaweb.com.ar\\\/sitio\\\/wp-content\\\/uploads\\\/2025\\\/12\\\/image-15.jpg\",\"width\":1024,\"height\":742},{\"@type\":\"BreadcrumbList\",\"@id\":\"https:\\\/\\\/cuartetoenlaweb.com.ar\\\/sitio\\\/seis-de-cada-diez-argentinos-declara-dificultades-para-llegar-a-fin-de-mes-muy-por-encima-del-promedio-regional\\\/#breadcrumb\",\"itemListElement\":[{\"@type\":\"ListItem\",\"position\":1,\"name\":\"Portada\",\"item\":\"http:\\\/\\\/cuartetoenlaweb.com.ar\\\/sitio\\\/\"},{\"@type\":\"ListItem\",\"position\":2,\"name\":\"Seis de cada diez argentinos declara dificultades para llegar a fin de mes, muy por encima del promedio regional\"}]},{\"@type\":\"WebSite\",\"@id\":\"http:\\\/\\\/cuartetoenlaweb.com.ar\\\/sitio\\\/#website\",\"url\":\"http:\\\/\\\/cuartetoenlaweb.com.ar\\\/sitio\\\/\",\"name\":\"Cuarteto en la Web\",\"description\":\"\",\"publisher\":{\"@id\":\"http:\\\/\\\/cuartetoenlaweb.com.ar\\\/sitio\\\/#organization\"},\"potentialAction\":[{\"@type\":\"SearchAction\",\"target\":{\"@type\":\"EntryPoint\",\"urlTemplate\":\"http:\\\/\\\/cuartetoenlaweb.com.ar\\\/sitio\\\/?s={search_term_string}\"},\"query-input\":{\"@type\":\"PropertyValueSpecification\",\"valueRequired\":true,\"valueName\":\"search_term_string\"}}],\"inLanguage\":\"es\"},{\"@type\":\"Organization\",\"@id\":\"http:\\\/\\\/cuartetoenlaweb.com.ar\\\/sitio\\\/#organization\",\"name\":\"Cuarteto en la Web\",\"url\":\"http:\\\/\\\/cuartetoenlaweb.com.ar\\\/sitio\\\/\",\"logo\":{\"@type\":\"ImageObject\",\"inLanguage\":\"es\",\"@id\":\"http:\\\/\\\/cuartetoenlaweb.com.ar\\\/sitio\\\/#\\\/schema\\\/logo\\\/image\\\/\",\"url\":\"https:\\\/\\\/cuartetoenlaweb.com.ar\\\/sitio\\\/wp-content\\\/uploads\\\/2025\\\/07\\\/cropped-cropped-logitoweb21.png\",\"contentUrl\":\"https:\\\/\\\/cuartetoenlaweb.com.ar\\\/sitio\\\/wp-content\\\/uploads\\\/2025\\\/07\\\/cropped-cropped-logitoweb21.png\",\"width\":199,\"height\":199,\"caption\":\"Cuarteto en la Web\"},\"image\":{\"@id\":\"http:\\\/\\\/cuartetoenlaweb.com.ar\\\/sitio\\\/#\\\/schema\\\/logo\\\/image\\\/\"}}]}<\/script>\n<!-- \/ Yoast SEO plugin. -->","yoast_head_json":{"title":"Seis de cada diez argentinos declara dificultades para llegar a fin de mes, muy por encima del promedio regional - Cuarteto en la Web","robots":{"index":"index","follow":"follow","max-snippet":"max-snippet:-1","max-image-preview":"max-image-preview:large","max-video-preview":"max-video-preview:-1"},"canonical":"https:\/\/cuartetoenlaweb.com.ar\/sitio\/seis-de-cada-diez-argentinos-declara-dificultades-para-llegar-a-fin-de-mes-muy-por-encima-del-promedio-regional\/","og_locale":"es_ES","og_type":"article","og_title":"Seis de cada diez argentinos declara dificultades para llegar a fin de mes, muy por encima del promedio regional - Cuarteto en la Web","og_description":"Buenos Aires, 31 diciembre (NA) \u2013 El principal desaf\u00edo para","og_url":"https:\/\/cuartetoenlaweb.com.ar\/sitio\/seis-de-cada-diez-argentinos-declara-dificultades-para-llegar-a-fin-de-mes-muy-por-encima-del-promedio-regional\/","og_site_name":"Cuarteto en la Web","article_published_time":"2025-12-31T05:00:23+00:00","og_image":[{"width":1024,"height":742,"url":"https:\/\/cuartetoenlaweb.com.ar\/sitio\/wp-content\/uploads\/2025\/12\/image-15.jpg","type":"image\/jpeg"}],"twitter_card":"summary_large_image","twitter_misc":{"Tiempo de lectura":"3 minutos"},"schema":{"@context":"https:\/\/schema.org","@graph":[{"@type":"Article","@id":"https:\/\/cuartetoenlaweb.com.ar\/sitio\/seis-de-cada-diez-argentinos-declara-dificultades-para-llegar-a-fin-de-mes-muy-por-encima-del-promedio-regional\/#article","isPartOf":{"@id":"https:\/\/cuartetoenlaweb.com.ar\/sitio\/seis-de-cada-diez-argentinos-declara-dificultades-para-llegar-a-fin-de-mes-muy-por-encima-del-promedio-regional\/"},"author":{"name":"","@id":""},"headline":"Seis de cada diez argentinos declara dificultades para llegar a fin de mes, muy por encima del promedio regional","datePublished":"2025-12-31T05:00:23+00:00","mainEntityOfPage":{"@id":"https:\/\/cuartetoenlaweb.com.ar\/sitio\/seis-de-cada-diez-argentinos-declara-dificultades-para-llegar-a-fin-de-mes-muy-por-encima-del-promedio-regional\/"},"wordCount":585,"publisher":{"@id":"http:\/\/cuartetoenlaweb.com.ar\/sitio\/#organization"},"image":{"@id":"https:\/\/cuartetoenlaweb.com.ar\/sitio\/seis-de-cada-diez-argentinos-declara-dificultades-para-llegar-a-fin-de-mes-muy-por-encima-del-promedio-regional\/#primaryimage"},"thumbnailUrl":"https:\/\/cuartetoenlaweb.com.ar\/sitio\/wp-content\/uploads\/2025\/12\/image-15.jpg","articleSection":["PAIS"],"inLanguage":"es"},{"@type":"WebPage","@id":"https:\/\/cuartetoenlaweb.com.ar\/sitio\/seis-de-cada-diez-argentinos-declara-dificultades-para-llegar-a-fin-de-mes-muy-por-encima-del-promedio-regional\/","url":"https:\/\/cuartetoenlaweb.com.ar\/sitio\/seis-de-cada-diez-argentinos-declara-dificultades-para-llegar-a-fin-de-mes-muy-por-encima-del-promedio-regional\/","name":"Seis de cada diez argentinos declara dificultades para llegar a fin de mes, muy por encima del promedio regional - Cuarteto en la Web","isPartOf":{"@id":"http:\/\/cuartetoenlaweb.com.ar\/sitio\/#website"},"primaryImageOfPage":{"@id":"https:\/\/cuartetoenlaweb.com.ar\/sitio\/seis-de-cada-diez-argentinos-declara-dificultades-para-llegar-a-fin-de-mes-muy-por-encima-del-promedio-regional\/#primaryimage"},"image":{"@id":"https:\/\/cuartetoenlaweb.com.ar\/sitio\/seis-de-cada-diez-argentinos-declara-dificultades-para-llegar-a-fin-de-mes-muy-por-encima-del-promedio-regional\/#primaryimage"},"thumbnailUrl":"https:\/\/cuartetoenlaweb.com.ar\/sitio\/wp-content\/uploads\/2025\/12\/image-15.jpg","datePublished":"2025-12-31T05:00:23+00:00","breadcrumb":{"@id":"https:\/\/cuartetoenlaweb.com.ar\/sitio\/seis-de-cada-diez-argentinos-declara-dificultades-para-llegar-a-fin-de-mes-muy-por-encima-del-promedio-regional\/#breadcrumb"},"inLanguage":"es","potentialAction":[{"@type":"ReadAction","target":["https:\/\/cuartetoenlaweb.com.ar\/sitio\/seis-de-cada-diez-argentinos-declara-dificultades-para-llegar-a-fin-de-mes-muy-por-encima-del-promedio-regional\/"]}]},{"@type":"ImageObject","inLanguage":"es","@id":"https:\/\/cuartetoenlaweb.com.ar\/sitio\/seis-de-cada-diez-argentinos-declara-dificultades-para-llegar-a-fin-de-mes-muy-por-encima-del-promedio-regional\/#primaryimage","url":"https:\/\/cuartetoenlaweb.com.ar\/sitio\/wp-content\/uploads\/2025\/12\/image-15.jpg","contentUrl":"https:\/\/cuartetoenlaweb.com.ar\/sitio\/wp-content\/uploads\/2025\/12\/image-15.jpg","width":1024,"height":742},{"@type":"BreadcrumbList","@id":"https:\/\/cuartetoenlaweb.com.ar\/sitio\/seis-de-cada-diez-argentinos-declara-dificultades-para-llegar-a-fin-de-mes-muy-por-encima-del-promedio-regional\/#breadcrumb","itemListElement":[{"@type":"ListItem","position":1,"name":"Portada","item":"http:\/\/cuartetoenlaweb.com.ar\/sitio\/"},{"@type":"ListItem","position":2,"name":"Seis de cada diez argentinos declara dificultades para llegar a fin de mes, muy por encima del promedio regional"}]},{"@type":"WebSite","@id":"http:\/\/cuartetoenlaweb.com.ar\/sitio\/#website","url":"http:\/\/cuartetoenlaweb.com.ar\/sitio\/","name":"Cuarteto en la Web","description":"","publisher":{"@id":"http:\/\/cuartetoenlaweb.com.ar\/sitio\/#organization"},"potentialAction":[{"@type":"SearchAction","target":{"@type":"EntryPoint","urlTemplate":"http:\/\/cuartetoenlaweb.com.ar\/sitio\/?s={search_term_string}"},"query-input":{"@type":"PropertyValueSpecification","valueRequired":true,"valueName":"search_term_string"}}],"inLanguage":"es"},{"@type":"Organization","@id":"http:\/\/cuartetoenlaweb.com.ar\/sitio\/#organization","name":"Cuarteto en la Web","url":"http:\/\/cuartetoenlaweb.com.ar\/sitio\/","logo":{"@type":"ImageObject","inLanguage":"es","@id":"http:\/\/cuartetoenlaweb.com.ar\/sitio\/#\/schema\/logo\/image\/","url":"https:\/\/cuartetoenlaweb.com.ar\/sitio\/wp-content\/uploads\/2025\/07\/cropped-cropped-logitoweb21.png","contentUrl":"https:\/\/cuartetoenlaweb.com.ar\/sitio\/wp-content\/uploads\/2025\/07\/cropped-cropped-logitoweb21.png","width":199,"height":199,"caption":"Cuarteto en la Web"},"image":{"@id":"http:\/\/cuartetoenlaweb.com.ar\/sitio\/#\/schema\/logo\/image\/"}}]}},"_links":{"self":[{"href":"https:\/\/cuartetoenlaweb.com.ar\/sitio\/wp-json\/wp\/v2\/posts\/9792","targetHints":{"allow":["GET"]}}],"collection":[{"href":"https:\/\/cuartetoenlaweb.com.ar\/sitio\/wp-json\/wp\/v2\/posts"}],"about":[{"href":"https:\/\/cuartetoenlaweb.com.ar\/sitio\/wp-json\/wp\/v2\/types\/post"}],"replies":[{"embeddable":true,"href":"https:\/\/cuartetoenlaweb.com.ar\/sitio\/wp-json\/wp\/v2\/comments?post=9792"}],"version-history":[{"count":0,"href":"https:\/\/cuartetoenlaweb.com.ar\/sitio\/wp-json\/wp\/v2\/posts\/9792\/revisions"}],"wp:featuredmedia":[{"embeddable":true,"href":"https:\/\/cuartetoenlaweb.com.ar\/sitio\/wp-json\/wp\/v2\/media\/9793"}],"wp:attachment":[{"href":"https:\/\/cuartetoenlaweb.com.ar\/sitio\/wp-json\/wp\/v2\/media?parent=9792"}],"wp:term":[{"taxonomy":"category","embeddable":true,"href":"https:\/\/cuartetoenlaweb.com.ar\/sitio\/wp-json\/wp\/v2\/categories?post=9792"},{"taxonomy":"post_tag","embeddable":true,"href":"https:\/\/cuartetoenlaweb.com.ar\/sitio\/wp-json\/wp\/v2\/tags?post=9792"}],"curies":[{"name":"wp","href":"https:\/\/api.w.org\/{rel}","templated":true}]}}