
{"id":9788,"date":"2025-12-31T02:00:17","date_gmt":"2025-12-31T05:00:17","guid":{"rendered":"https:\/\/cuartetoenlaweb.com.ar\/sitio\/escandalo-dos-famosas-panelistas-furiosas-con-canal-9\/"},"modified":"2025-12-31T02:00:17","modified_gmt":"2025-12-31T05:00:17","slug":"escandalo-dos-famosas-panelistas-furiosas-con-canal-9","status":"publish","type":"post","link":"https:\/\/cuartetoenlaweb.com.ar\/sitio\/escandalo-dos-famosas-panelistas-furiosas-con-canal-9\/","title":{"rendered":"\u00a1Esc\u00e1ndalo! Dos famosas panelistas furiosas con Canal 9"},"content":{"rendered":"<p>La salida de <strong><a href=\"https:\/\/www.paparazzi.com.ar\/?s=Beto+Casella\">Beto Casella<\/a><\/strong> de <em>Bendita<\/em> no fue un simple cambio de conductor. Detr\u00e1s de su decisi\u00f3n de dejar Canal 9 tras m\u00e1s de 20 a\u00f1os al frente del ciclo, <a href=\"https:\/\/www.paparazzi.com.ar\/teve\/la-furia-de-beto-casella-por-su-nuevo-programa-en-america-tv-que-desato-un-escandalo\/\">se desat\u00f3 una verdadera interna<\/a> que termin\u00f3 afectando a gran parte del equipo hist\u00f3rico del programa. <\/p>\n<p>Varios panelistas y productores eligieron acompa\u00f1arlo en su nuevo proyecto, pero el final no fue prolijo ni mucho menos armonioso. En las \u00faltimas horas, <a href=\"https:\/\/www.paparazzi.com.ar\/teve\/la-despedida-entre-lagrimas-de-alejandra-maglietti-a-beto-casella-en-bendita\/\">quienes comenzaron a romper el silencio fueron <strong>Alejandra Maglietti<\/strong><\/a> y <strong>Any Ventura<\/strong>, dos figuras clave del panel, que expusieron el malestar que se gener\u00f3 luego de que no las dejaran despedirse al aire en el \u00faltimo programa de <em>Bendita<\/em>.<\/p>\n<p>Maglietti habl\u00f3 en distintos medios y dej\u00f3 en claro que esa situaci\u00f3n habr\u00eda sido el detonante del enojo del Canal 9. <em>\u201cYo tengo que hacer un mea culpa. Yo todav\u00eda tengo v\u00ednculo con el canal\u2026 bah, ahora no\u201d<\/em>, reconoci\u00f3, dejando entrever que el conflicto escal\u00f3 m\u00e1s de lo esperado. Seg\u00fan explic\u00f3, el enojo del canal tendr\u00eda que ver con la <em>\u201cprolijidad\u201d <\/em>y con algunas decisiones que se tomaron sobre la marcha.<\/p>\n<div class=\"mt-box \">\n<h4 class=\"mt-heading\">Mir\u00e1 Tambi\u00e9n<\/h4>\n<p><a href=\"https:\/\/www.paparazzi.com.ar\/romances\/ultimo-momento-asi-volvieron-mauro-icardi-y-la-china-suarez-al-pais-para-reencontrarse-con-sus-hijos-lo-que-es-este-video\/\"><\/p>\n<div class=\"mt-content\">\n<div class=\"mt-image-container\"><img decoding=\"async\" src=\"https:\/\/www.paparazzi.com.ar\/wp-content\/uploads\/2025\/12\/Mauro-Icardi-llego-a-Argentina-2-359x226.jpg\" alt=\"\u00a1Fotos exclusivas! As\u00ed volvieron Mauro Icardi y la China Su\u00e1rez al pa\u00eds para reencontrarse con sus hijos: &quot;Las fiestas ac\u00e1&quot;\" class=\"mt-image\" loading=\"lazy\" \/><\/div>\n<h5 class=\"mt-title\">\u00a1Fotos exclusivas! As\u00ed volvieron Mauro Icardi y la China Su\u00e1rez al pa\u00eds para reencontrarse con sus hijos: \u00abLas fiestas ac\u00e1\u00bb<\/h5>\n<\/div>\n<p><\/a><\/div>\n<p><em>\u201cMe parece que tiene que ver con la prolijidad, por eso no me enojo\u201d<\/em>, aclar\u00f3, aunque admiti\u00f3 que la situaci\u00f3n le doli\u00f3. <em>\u201cObviamente me hubiera encantado despedirme. Los quiero mucho, toda la gente que trabaja en el 9 los quiero igual, pero obviamente me hubiera encantado despedirme en persona\u201d<\/em>, expres\u00f3.<\/p>\n<p>Maglietti tambi\u00e9n cont\u00f3 c\u00f3mo se enter\u00f3 de que no iba a poder salir al aire:<em> \u201cYo estaba saliendo para el canal y me enter\u00e9 ah\u00ed, a lo \u00faltimo. Fue ah\u00ed en el momento, yo estaba a punto de ir\u201d<\/em>. Y fue tajante al remarcar que no fue una elecci\u00f3n propia:<em> \u201cA m\u00ed me hubiera gustado despedirme, no fue una decisi\u00f3n m\u00eda\u201d.<\/em><\/p>\n<div class=\"mt-box \">\n<h4 class=\"mt-heading\">Mir\u00e1 Tambi\u00e9n<\/h4>\n<p><a href=\"https:\/\/www.paparazzi.com.ar\/teve\/la-despedida-entre-lagrimas-de-alejandra-maglietti-a-beto-casella-en-bendita\/\"><\/p>\n<div class=\"mt-content\">\n<div class=\"mt-image-container\"><img decoding=\"async\" src=\"https:\/\/www.paparazzi.com.ar\/wp-content\/uploads\/2025\/12\/Ale-Maglietti-y-Betto-Cassella-359x226.jpg\" alt=\"La despedida entre l\u00e1grimas de Alejandra Maglietti a Beto Casella en Bendita\" class=\"mt-image\" loading=\"lazy\" \/><\/div>\n<h5 class=\"mt-title\">La despedida entre l\u00e1grimas de Alejandra Maglietti a Beto Casella en Bendita<\/h5>\n<\/div>\n<p><\/a><\/div>\n<p>Por su parte, Any Ventura fue mucho m\u00e1s directa y emocional al relatar lo ocurrido. <em>\u201cEstoy re triste\u201d,<\/em> dijo sin vueltas, y apunt\u00f3 contra la decisi\u00f3n del canal de sacarlas de la pantalla sin permitir una despedida m\u00ednima. <em>\u201c\u00bfDe qu\u00e9 tienen miedo? \u00bfSoy tan peligrosa? \u00bfEs tan grave?\u201d<\/em>, lanz\u00f3, visiblemente dolida.<\/p>\n<p>La panelista explic\u00f3 que solo buscaban un cierre simple y afectuoso tras a\u00f1os de trabajo compartido<em>. \u201cSe despidieron una despedida cari\u00f1osa, simplemente iba a agradecer por 14 a\u00f1os de trabajo\u201d<\/em>, sostuvo. Y record\u00f3 el v\u00ednculo humano que se gener\u00f3 detr\u00e1s de c\u00e1mara:<em> \u201c14 a\u00f1os en los que todo el equipo nos hemos emborrachado juntos, hemos ido a fiestas juntos, hemos alquilado quintas\u2026 eso se perdieron, esa boludez simp\u00e1tica, chiquita y amorosa\u201d.<\/em><\/p>\n<div class=\"mt-box \">\n<h4 class=\"mt-heading\">Mir\u00e1 Tambi\u00e9n<\/h4>\n<p><a href=\"https:\/\/www.paparazzi.com.ar\/teve\/el-feroz-cruce-entre-beto-casella-y-edith-hermida-en-bendita-yo-te-saque-del-barro\/\"><\/p>\n<div class=\"mt-content\">\n<div class=\"mt-image-container\"><img decoding=\"async\" src=\"https:\/\/www.paparazzi.com.ar\/wp-content\/uploads\/2022\/10\/edith-hermida-beto-casella.png.webp\" alt=\"El feroz cruce entre Beto Casella y Edith Hermida en Bendita: \u201cYo te saqu\u00e9 del barro\u201d\" class=\"mt-image\" loading=\"lazy\" \/><\/div>\n<h5 class=\"mt-title\">El feroz cruce entre Beto Casella y Edith Hermida en Bendita: \u201cYo te saqu\u00e9 del barro\u201d<\/h5>\n<\/div>\n<p><\/a><\/div>\n<p>En LAM tambi\u00e9n analizaron el conflicto y sumaron una versi\u00f3n que encendi\u00f3 a\u00fan m\u00e1s la pol\u00e9mica. Seg\u00fan se dijo al aire, en Canal 9<em> \u201cestaban ofendidos porque dieron notas para otros programas en otros canales, entonces las sacaron de la pantalla del 9\u201d<\/em>. Una lectura que <strong>Matilda Blanco<\/strong> calific\u00f3 sin filtros: <em>\u201cSuena un poquito infantil\u201d.<\/em><\/p>\n<p>Lejos de victimizarse, tanto Maglietti como Ventura coincidieron en que eligieron irse porque se avecina un nuevo desaf\u00edo laboral.<em> \u201cNosotros elegimos irnos porque nos vamos a un lugar mejor\u201d<\/em>, dijo Any, aunque admiti\u00f3:<em> \u201cMe dio tristeza, me dio impotencia\u201d.<\/em><\/p>\n<div class=\"mt-box \">\n<h4 class=\"mt-heading\">Mir\u00e1 Tambi\u00e9n<\/h4>\n<p><a href=\"https:\/\/www.paparazzi.com.ar\/teve\/beto-casella-se-va-de-bendita-tras-el-escandalo-cuando-debutara-en-america-tv\/\"><\/p>\n<div class=\"mt-content\">\n<div class=\"mt-image-container\"><img decoding=\"async\" src=\"https:\/\/www.paparazzi.com.ar\/wp-content\/uploads\/2025\/07\/Beto-Casella-Bendita.jpg.webp\" alt=\"Beto Casella se va de Bendita tras el esc\u00e1ndalo: cu\u00e1ndo debutar\u00e1 en Am\u00e9rica TV\" class=\"mt-image\" loading=\"lazy\" \/><\/div>\n<h5 class=\"mt-title\">Beto Casella se va de Bendita tras el esc\u00e1ndalo: cu\u00e1ndo debutar\u00e1 en Am\u00e9rica TV<\/h5>\n<\/div>\n<p><\/a><\/div>\n<p>Para quienes fueron parte de <em>Bendita<\/em> durante m\u00e1s de una d\u00e9cada, no poder decir adi\u00f3s al aire fue un golpe emocional dif\u00edcil de digerir, sobre todo despu\u00e9s de tantos a\u00f1os de convivencia, compa\u00f1erismo y construcci\u00f3n colectiva.<\/p>\n<p>As\u00ed, la salida de Beto Casella termin\u00f3 destapando una interna inesperada, con pases de factura, silencios inc\u00f3modos y despedidas que nunca llegaron. Un final que dej\u00f3 heridas abiertas en uno de los programas m\u00e1s emblem\u00e1ticos de la televisi\u00f3n argentina.<\/p>\n<div class=\"mt-box \">\n<h4 class=\"mt-heading\">Mir\u00e1 Tambi\u00e9n<\/h4>\n<p><a href=\"https:\/\/www.paparazzi.com.ar\/teve\/angel-de-brito-confirmo-los-nuevos-integrantes-de-bendita-tv-tras-la-salida-de-beto-casella\/\"><\/p>\n<div class=\"mt-content\">\n<div class=\"mt-image-container\"><img decoding=\"async\" src=\"https:\/\/www.paparazzi.com.ar\/wp-content\/uploads\/2025\/11\/Beto-Casella-Angel-359x226.jpg\" alt=\"\u00c1ngel de Brito confirm\u00f3 los nuevos integrantes de Bendita TV tras la salida de Beto Casella\" class=\"mt-image\" loading=\"lazy\" \/><\/div>\n<h5 class=\"mt-title\">\u00c1ngel de Brito confirm\u00f3 los nuevos integrantes de Bendita TV tras la salida de Beto Casella<\/h5>\n<\/div>\n<p><\/a><\/div>\n<div class=\"mt-box \">\n<h4 class=\"mt-heading\">Mir\u00e1 Tambi\u00e9n<\/h4>\n<p><a href=\"https:\/\/www.paparazzi.com.ar\/teve\/beto-casella-dijo-todo-lo-que-piensa-de-edith-hermida-tras-abandonar-bendita-tv-es-una\/\"><\/p>\n<div class=\"mt-content\">\n<div class=\"mt-image-container\"><img decoding=\"async\" src=\"https:\/\/www.paparazzi.com.ar\/wp-content\/uploads\/2025\/12\/Edith-Hermida-Casella-Beto-359x226.jpg\" alt=\"Beto Casella dijo todo lo que piensa de Edith Hermida tras abandonar Bendita TV: \u201cEs una\u2026\u201d\" class=\"mt-image\" loading=\"lazy\" \/><\/div>\n<h5 class=\"mt-title\">Beto Casella dijo todo lo que piensa de Edith Hermida tras abandonar Bendita TV: \u201cEs una\u2026\u201d<\/h5>\n<\/div>\n<p><\/a><\/div>\n<p>The post <a href=\"https:\/\/www.paparazzi.com.ar\/teve\/escandalo-dos-famosas-panelistas-furiosas-con-canal-9\/\">\u00a1Esc\u00e1ndalo! Dos famosas panelistas furiosas con Canal 9<\/a> appeared first on <a href=\"https:\/\/www.paparazzi.com.ar\">Revista Paparazzi<\/a>.<\/p>\n","protected":false},"excerpt":{"rendered":"<p>La salida de Beto Casella de Bendita no fue un<\/p>\n","protected":false},"author":0,"featured_media":9789,"comment_status":"","ping_status":"","sticky":false,"template":"","format":"standard","meta":{"footnotes":""},"categories":[65],"tags":[],"class_list":["post-9788","post","type-post","status-publish","format-standard","has-post-thumbnail","hentry","category-pais"],"yoast_head":"<!-- This site is optimized with the Yoast SEO plugin v27.4 - https:\/\/yoast.com\/product\/yoast-seo-wordpress\/ -->\n<title>\u00a1Esc\u00e1ndalo! Dos famosas panelistas furiosas con Canal 9 - Cuarteto en la Web<\/title>\n<meta name=\"robots\" content=\"index, follow, max-snippet:-1, max-image-preview:large, max-video-preview:-1\" \/>\n<link rel=\"canonical\" href=\"https:\/\/cuartetoenlaweb.com.ar\/sitio\/escandalo-dos-famosas-panelistas-furiosas-con-canal-9\/\" \/>\n<meta property=\"og:locale\" content=\"es_ES\" \/>\n<meta property=\"og:type\" content=\"article\" \/>\n<meta property=\"og:title\" content=\"\u00a1Esc\u00e1ndalo! Dos famosas panelistas furiosas con Canal 9 - Cuarteto en la Web\" \/>\n<meta property=\"og:description\" content=\"La salida de Beto Casella de Bendita no fue un\" \/>\n<meta property=\"og:url\" content=\"https:\/\/cuartetoenlaweb.com.ar\/sitio\/escandalo-dos-famosas-panelistas-furiosas-con-canal-9\/\" \/>\n<meta property=\"og:site_name\" content=\"Cuarteto en la Web\" \/>\n<meta property=\"article:published_time\" content=\"2025-12-31T05:00:17+00:00\" \/>\n<meta property=\"og:image\" content=\"https:\/\/cuartetoenlaweb.com.ar\/sitio\/wp-content\/uploads\/2025\/12\/Mauro-Icardi-llego-a-Argentina-2-359x226-7.jpg\" \/>\n\t<meta property=\"og:image:width\" content=\"359\" \/>\n\t<meta property=\"og:image:height\" content=\"226\" \/>\n\t<meta property=\"og:image:type\" content=\"image\/jpeg\" \/>\n<meta name=\"twitter:card\" content=\"summary_large_image\" \/>\n<meta name=\"twitter:label1\" content=\"Tiempo de lectura\" \/>\n\t<meta name=\"twitter:data1\" content=\"4 minutos\" \/>\n<script type=\"application\/ld+json\" class=\"yoast-schema-graph\">{\"@context\":\"https:\\\/\\\/schema.org\",\"@graph\":[{\"@type\":\"Article\",\"@id\":\"https:\\\/\\\/cuartetoenlaweb.com.ar\\\/sitio\\\/escandalo-dos-famosas-panelistas-furiosas-con-canal-9\\\/#article\",\"isPartOf\":{\"@id\":\"https:\\\/\\\/cuartetoenlaweb.com.ar\\\/sitio\\\/escandalo-dos-famosas-panelistas-furiosas-con-canal-9\\\/\"},\"author\":{\"name\":\"\",\"@id\":\"\"},\"headline\":\"\u00a1Esc\u00e1ndalo! Dos famosas panelistas furiosas con Canal 9\",\"datePublished\":\"2025-12-31T05:00:17+00:00\",\"mainEntityOfPage\":{\"@id\":\"https:\\\/\\\/cuartetoenlaweb.com.ar\\\/sitio\\\/escandalo-dos-famosas-panelistas-furiosas-con-canal-9\\\/\"},\"wordCount\":765,\"publisher\":{\"@id\":\"http:\\\/\\\/cuartetoenlaweb.com.ar\\\/sitio\\\/#organization\"},\"image\":{\"@id\":\"https:\\\/\\\/cuartetoenlaweb.com.ar\\\/sitio\\\/escandalo-dos-famosas-panelistas-furiosas-con-canal-9\\\/#primaryimage\"},\"thumbnailUrl\":\"https:\\\/\\\/cuartetoenlaweb.com.ar\\\/sitio\\\/wp-content\\\/uploads\\\/2025\\\/12\\\/Mauro-Icardi-llego-a-Argentina-2-359x226-7.jpg\",\"articleSection\":[\"PAIS\"],\"inLanguage\":\"es\"},{\"@type\":\"WebPage\",\"@id\":\"https:\\\/\\\/cuartetoenlaweb.com.ar\\\/sitio\\\/escandalo-dos-famosas-panelistas-furiosas-con-canal-9\\\/\",\"url\":\"https:\\\/\\\/cuartetoenlaweb.com.ar\\\/sitio\\\/escandalo-dos-famosas-panelistas-furiosas-con-canal-9\\\/\",\"name\":\"\u00a1Esc\u00e1ndalo! Dos famosas panelistas furiosas con Canal 9 - Cuarteto en la Web\",\"isPartOf\":{\"@id\":\"http:\\\/\\\/cuartetoenlaweb.com.ar\\\/sitio\\\/#website\"},\"primaryImageOfPage\":{\"@id\":\"https:\\\/\\\/cuartetoenlaweb.com.ar\\\/sitio\\\/escandalo-dos-famosas-panelistas-furiosas-con-canal-9\\\/#primaryimage\"},\"image\":{\"@id\":\"https:\\\/\\\/cuartetoenlaweb.com.ar\\\/sitio\\\/escandalo-dos-famosas-panelistas-furiosas-con-canal-9\\\/#primaryimage\"},\"thumbnailUrl\":\"https:\\\/\\\/cuartetoenlaweb.com.ar\\\/sitio\\\/wp-content\\\/uploads\\\/2025\\\/12\\\/Mauro-Icardi-llego-a-Argentina-2-359x226-7.jpg\",\"datePublished\":\"2025-12-31T05:00:17+00:00\",\"breadcrumb\":{\"@id\":\"https:\\\/\\\/cuartetoenlaweb.com.ar\\\/sitio\\\/escandalo-dos-famosas-panelistas-furiosas-con-canal-9\\\/#breadcrumb\"},\"inLanguage\":\"es\",\"potentialAction\":[{\"@type\":\"ReadAction\",\"target\":[\"https:\\\/\\\/cuartetoenlaweb.com.ar\\\/sitio\\\/escandalo-dos-famosas-panelistas-furiosas-con-canal-9\\\/\"]}]},{\"@type\":\"ImageObject\",\"inLanguage\":\"es\",\"@id\":\"https:\\\/\\\/cuartetoenlaweb.com.ar\\\/sitio\\\/escandalo-dos-famosas-panelistas-furiosas-con-canal-9\\\/#primaryimage\",\"url\":\"https:\\\/\\\/cuartetoenlaweb.com.ar\\\/sitio\\\/wp-content\\\/uploads\\\/2025\\\/12\\\/Mauro-Icardi-llego-a-Argentina-2-359x226-7.jpg\",\"contentUrl\":\"https:\\\/\\\/cuartetoenlaweb.com.ar\\\/sitio\\\/wp-content\\\/uploads\\\/2025\\\/12\\\/Mauro-Icardi-llego-a-Argentina-2-359x226-7.jpg\",\"width\":359,\"height\":226},{\"@type\":\"BreadcrumbList\",\"@id\":\"https:\\\/\\\/cuartetoenlaweb.com.ar\\\/sitio\\\/escandalo-dos-famosas-panelistas-furiosas-con-canal-9\\\/#breadcrumb\",\"itemListElement\":[{\"@type\":\"ListItem\",\"position\":1,\"name\":\"Portada\",\"item\":\"http:\\\/\\\/cuartetoenlaweb.com.ar\\\/sitio\\\/\"},{\"@type\":\"ListItem\",\"position\":2,\"name\":\"\u00a1Esc\u00e1ndalo! Dos famosas panelistas furiosas con Canal 9\"}]},{\"@type\":\"WebSite\",\"@id\":\"http:\\\/\\\/cuartetoenlaweb.com.ar\\\/sitio\\\/#website\",\"url\":\"http:\\\/\\\/cuartetoenlaweb.com.ar\\\/sitio\\\/\",\"name\":\"Cuarteto en la Web\",\"description\":\"\",\"publisher\":{\"@id\":\"http:\\\/\\\/cuartetoenlaweb.com.ar\\\/sitio\\\/#organization\"},\"potentialAction\":[{\"@type\":\"SearchAction\",\"target\":{\"@type\":\"EntryPoint\",\"urlTemplate\":\"http:\\\/\\\/cuartetoenlaweb.com.ar\\\/sitio\\\/?s={search_term_string}\"},\"query-input\":{\"@type\":\"PropertyValueSpecification\",\"valueRequired\":true,\"valueName\":\"search_term_string\"}}],\"inLanguage\":\"es\"},{\"@type\":\"Organization\",\"@id\":\"http:\\\/\\\/cuartetoenlaweb.com.ar\\\/sitio\\\/#organization\",\"name\":\"Cuarteto en la Web\",\"url\":\"http:\\\/\\\/cuartetoenlaweb.com.ar\\\/sitio\\\/\",\"logo\":{\"@type\":\"ImageObject\",\"inLanguage\":\"es\",\"@id\":\"http:\\\/\\\/cuartetoenlaweb.com.ar\\\/sitio\\\/#\\\/schema\\\/logo\\\/image\\\/\",\"url\":\"https:\\\/\\\/cuartetoenlaweb.com.ar\\\/sitio\\\/wp-content\\\/uploads\\\/2025\\\/07\\\/cropped-cropped-logitoweb21.png\",\"contentUrl\":\"https:\\\/\\\/cuartetoenlaweb.com.ar\\\/sitio\\\/wp-content\\\/uploads\\\/2025\\\/07\\\/cropped-cropped-logitoweb21.png\",\"width\":199,\"height\":199,\"caption\":\"Cuarteto en la Web\"},\"image\":{\"@id\":\"http:\\\/\\\/cuartetoenlaweb.com.ar\\\/sitio\\\/#\\\/schema\\\/logo\\\/image\\\/\"}}]}<\/script>\n<!-- \/ Yoast SEO plugin. -->","yoast_head_json":{"title":"\u00a1Esc\u00e1ndalo! Dos famosas panelistas furiosas con Canal 9 - Cuarteto en la Web","robots":{"index":"index","follow":"follow","max-snippet":"max-snippet:-1","max-image-preview":"max-image-preview:large","max-video-preview":"max-video-preview:-1"},"canonical":"https:\/\/cuartetoenlaweb.com.ar\/sitio\/escandalo-dos-famosas-panelistas-furiosas-con-canal-9\/","og_locale":"es_ES","og_type":"article","og_title":"\u00a1Esc\u00e1ndalo! Dos famosas panelistas furiosas con Canal 9 - Cuarteto en la Web","og_description":"La salida de Beto Casella de Bendita no fue un","og_url":"https:\/\/cuartetoenlaweb.com.ar\/sitio\/escandalo-dos-famosas-panelistas-furiosas-con-canal-9\/","og_site_name":"Cuarteto en la Web","article_published_time":"2025-12-31T05:00:17+00:00","og_image":[{"width":359,"height":226,"url":"https:\/\/cuartetoenlaweb.com.ar\/sitio\/wp-content\/uploads\/2025\/12\/Mauro-Icardi-llego-a-Argentina-2-359x226-7.jpg","type":"image\/jpeg"}],"twitter_card":"summary_large_image","twitter_misc":{"Tiempo de lectura":"4 minutos"},"schema":{"@context":"https:\/\/schema.org","@graph":[{"@type":"Article","@id":"https:\/\/cuartetoenlaweb.com.ar\/sitio\/escandalo-dos-famosas-panelistas-furiosas-con-canal-9\/#article","isPartOf":{"@id":"https:\/\/cuartetoenlaweb.com.ar\/sitio\/escandalo-dos-famosas-panelistas-furiosas-con-canal-9\/"},"author":{"name":"","@id":""},"headline":"\u00a1Esc\u00e1ndalo! Dos famosas panelistas furiosas con Canal 9","datePublished":"2025-12-31T05:00:17+00:00","mainEntityOfPage":{"@id":"https:\/\/cuartetoenlaweb.com.ar\/sitio\/escandalo-dos-famosas-panelistas-furiosas-con-canal-9\/"},"wordCount":765,"publisher":{"@id":"http:\/\/cuartetoenlaweb.com.ar\/sitio\/#organization"},"image":{"@id":"https:\/\/cuartetoenlaweb.com.ar\/sitio\/escandalo-dos-famosas-panelistas-furiosas-con-canal-9\/#primaryimage"},"thumbnailUrl":"https:\/\/cuartetoenlaweb.com.ar\/sitio\/wp-content\/uploads\/2025\/12\/Mauro-Icardi-llego-a-Argentina-2-359x226-7.jpg","articleSection":["PAIS"],"inLanguage":"es"},{"@type":"WebPage","@id":"https:\/\/cuartetoenlaweb.com.ar\/sitio\/escandalo-dos-famosas-panelistas-furiosas-con-canal-9\/","url":"https:\/\/cuartetoenlaweb.com.ar\/sitio\/escandalo-dos-famosas-panelistas-furiosas-con-canal-9\/","name":"\u00a1Esc\u00e1ndalo! Dos famosas panelistas furiosas con Canal 9 - Cuarteto en la Web","isPartOf":{"@id":"http:\/\/cuartetoenlaweb.com.ar\/sitio\/#website"},"primaryImageOfPage":{"@id":"https:\/\/cuartetoenlaweb.com.ar\/sitio\/escandalo-dos-famosas-panelistas-furiosas-con-canal-9\/#primaryimage"},"image":{"@id":"https:\/\/cuartetoenlaweb.com.ar\/sitio\/escandalo-dos-famosas-panelistas-furiosas-con-canal-9\/#primaryimage"},"thumbnailUrl":"https:\/\/cuartetoenlaweb.com.ar\/sitio\/wp-content\/uploads\/2025\/12\/Mauro-Icardi-llego-a-Argentina-2-359x226-7.jpg","datePublished":"2025-12-31T05:00:17+00:00","breadcrumb":{"@id":"https:\/\/cuartetoenlaweb.com.ar\/sitio\/escandalo-dos-famosas-panelistas-furiosas-con-canal-9\/#breadcrumb"},"inLanguage":"es","potentialAction":[{"@type":"ReadAction","target":["https:\/\/cuartetoenlaweb.com.ar\/sitio\/escandalo-dos-famosas-panelistas-furiosas-con-canal-9\/"]}]},{"@type":"ImageObject","inLanguage":"es","@id":"https:\/\/cuartetoenlaweb.com.ar\/sitio\/escandalo-dos-famosas-panelistas-furiosas-con-canal-9\/#primaryimage","url":"https:\/\/cuartetoenlaweb.com.ar\/sitio\/wp-content\/uploads\/2025\/12\/Mauro-Icardi-llego-a-Argentina-2-359x226-7.jpg","contentUrl":"https:\/\/cuartetoenlaweb.com.ar\/sitio\/wp-content\/uploads\/2025\/12\/Mauro-Icardi-llego-a-Argentina-2-359x226-7.jpg","width":359,"height":226},{"@type":"BreadcrumbList","@id":"https:\/\/cuartetoenlaweb.com.ar\/sitio\/escandalo-dos-famosas-panelistas-furiosas-con-canal-9\/#breadcrumb","itemListElement":[{"@type":"ListItem","position":1,"name":"Portada","item":"http:\/\/cuartetoenlaweb.com.ar\/sitio\/"},{"@type":"ListItem","position":2,"name":"\u00a1Esc\u00e1ndalo! Dos famosas panelistas furiosas con Canal 9"}]},{"@type":"WebSite","@id":"http:\/\/cuartetoenlaweb.com.ar\/sitio\/#website","url":"http:\/\/cuartetoenlaweb.com.ar\/sitio\/","name":"Cuarteto en la Web","description":"","publisher":{"@id":"http:\/\/cuartetoenlaweb.com.ar\/sitio\/#organization"},"potentialAction":[{"@type":"SearchAction","target":{"@type":"EntryPoint","urlTemplate":"http:\/\/cuartetoenlaweb.com.ar\/sitio\/?s={search_term_string}"},"query-input":{"@type":"PropertyValueSpecification","valueRequired":true,"valueName":"search_term_string"}}],"inLanguage":"es"},{"@type":"Organization","@id":"http:\/\/cuartetoenlaweb.com.ar\/sitio\/#organization","name":"Cuarteto en la Web","url":"http:\/\/cuartetoenlaweb.com.ar\/sitio\/","logo":{"@type":"ImageObject","inLanguage":"es","@id":"http:\/\/cuartetoenlaweb.com.ar\/sitio\/#\/schema\/logo\/image\/","url":"https:\/\/cuartetoenlaweb.com.ar\/sitio\/wp-content\/uploads\/2025\/07\/cropped-cropped-logitoweb21.png","contentUrl":"https:\/\/cuartetoenlaweb.com.ar\/sitio\/wp-content\/uploads\/2025\/07\/cropped-cropped-logitoweb21.png","width":199,"height":199,"caption":"Cuarteto en la Web"},"image":{"@id":"http:\/\/cuartetoenlaweb.com.ar\/sitio\/#\/schema\/logo\/image\/"}}]}},"_links":{"self":[{"href":"https:\/\/cuartetoenlaweb.com.ar\/sitio\/wp-json\/wp\/v2\/posts\/9788","targetHints":{"allow":["GET"]}}],"collection":[{"href":"https:\/\/cuartetoenlaweb.com.ar\/sitio\/wp-json\/wp\/v2\/posts"}],"about":[{"href":"https:\/\/cuartetoenlaweb.com.ar\/sitio\/wp-json\/wp\/v2\/types\/post"}],"replies":[{"embeddable":true,"href":"https:\/\/cuartetoenlaweb.com.ar\/sitio\/wp-json\/wp\/v2\/comments?post=9788"}],"version-history":[{"count":0,"href":"https:\/\/cuartetoenlaweb.com.ar\/sitio\/wp-json\/wp\/v2\/posts\/9788\/revisions"}],"wp:featuredmedia":[{"embeddable":true,"href":"https:\/\/cuartetoenlaweb.com.ar\/sitio\/wp-json\/wp\/v2\/media\/9789"}],"wp:attachment":[{"href":"https:\/\/cuartetoenlaweb.com.ar\/sitio\/wp-json\/wp\/v2\/media?parent=9788"}],"wp:term":[{"taxonomy":"category","embeddable":true,"href":"https:\/\/cuartetoenlaweb.com.ar\/sitio\/wp-json\/wp\/v2\/categories?post=9788"},{"taxonomy":"post_tag","embeddable":true,"href":"https:\/\/cuartetoenlaweb.com.ar\/sitio\/wp-json\/wp\/v2\/tags?post=9788"}],"curies":[{"name":"wp","href":"https:\/\/api.w.org\/{rel}","templated":true}]}}