
{"id":9782,"date":"2025-12-31T02:00:09","date_gmt":"2025-12-31T05:00:09","guid":{"rendered":"https:\/\/cuartetoenlaweb.com.ar\/sitio\/panico-en-masterchef-una-explosion-desato-el-caos-y-dejo-a-la-joaqui-en-shock\/"},"modified":"2025-12-31T02:00:09","modified_gmt":"2025-12-31T05:00:09","slug":"panico-en-masterchef-una-explosion-desato-el-caos-y-dejo-a-la-joaqui-en-shock","status":"publish","type":"post","link":"https:\/\/cuartetoenlaweb.com.ar\/sitio\/panico-en-masterchef-una-explosion-desato-el-caos-y-dejo-a-la-joaqui-en-shock\/","title":{"rendered":"\u00a1P\u00e1nico en MasterChef! Una explosi\u00f3n desat\u00f3 el caos y dej\u00f3 a La Joaqui en shock"},"content":{"rendered":"<p>La cocina de <em><a href=\"https:\/\/www.paparazzi.com.ar\/?s=MasterChef+Celebrity\">MasterChef Celebrity<\/a><\/em> volvi\u00f3 a ser escenario de un momento inesperado que gener\u00f3 preocupaci\u00f3n en el estudio. En medio del desaf\u00edo culinario,<strong> <a href=\"https:\/\/www.paparazzi.com.ar\/?s=+La+Joaqui\">La Joaqui<\/a><\/strong> protagoniz\u00f3 un accidente cuando la licuadora que estaba usando le explot\u00f3 en la cara, provocando un fuerte susto y desorden en su estaci\u00f3n de trabajo.<\/p>\n<p>El episodio ocurri\u00f3 mientras los participantes avanzaban contra reloj con sus preparaciones. La Joaqui se encontraba concentrada en su plato cuando, de un segundo a otro, todo se descontrol\u00f3.<em> \u201cEstoy con la licuadora, me explota en la cara como la realidad\u201d<\/em>, lanz\u00f3 la artista, visiblemente alterada por la situaci\u00f3n y rodeada de restos de la preparaci\u00f3n que hab\u00edan salido disparados.<\/p>\n<p>El accidente gener\u00f3 un clima de tensi\u00f3n inmediata. Aunque no pas\u00f3 a mayores, el impacto fue lo suficientemente fuerte como para frenar la din\u00e1mica habitual del programa. <em>\u201cMe explot\u00f3 la licuadora\u201d<\/em>, repiti\u00f3 La Joaqui, mientras intentaba recomponerse y limpiar el caos que hab\u00eda quedado en su mesada. <\/p>\n<div class=\"mt-box \">\n<h4 class=\"mt-heading\">Mir\u00e1 Tambi\u00e9n<\/h4>\n<p><a href=\"https:\/\/www.paparazzi.com.ar\/teve\/exclusivo-el-servicio-penitenciario-ordeno-que-more-rial-no-este-en-contacto-con-las-otras-presas-los-motivos\/\"><\/p>\n<div class=\"mt-content\">\n<div class=\"mt-image-container\"><img decoding=\"async\" src=\"https:\/\/www.paparazzi.com.ar\/wp-content\/uploads\/2025\/10\/morena-rial-1-359x226.jpg\" alt=\"\u00a1Exclusivo! La dura decisi\u00f3n que tom\u00f3 el Servicio Penitenciario Bonaerense con Morena Rial\" class=\"mt-image\" loading=\"lazy\" \/><\/div>\n<h5 class=\"mt-title\">\u00a1Exclusivo! La dura decisi\u00f3n que tom\u00f3 el Servicio Penitenciario Bonaerense con Morena Rial<\/h5>\n<\/div>\n<p><\/a><\/div>\n<p>El desorden fue total y no faltaron las caras de preocupaci\u00f3n entre sus compa\u00f1eros. Lejos de tratarse de un blooper menor, el momento dej\u00f3 en evidencia los riesgos de la competencia y el nivel de presi\u00f3n que se vive dentro del reality de Telefe. <\/p>\n<p>La propia participante dej\u00f3 entrever su incomodidad: <em>\u201cCon lo que me molesta el desorden a m\u00ed\u201d<\/em>, coment\u00f3, dejando en claro que el accidente la sac\u00f3 completamente de eje en un tramo clave del desaf\u00edo. Mientras tanto, el contraste con lo que ocurr\u00eda en otras estaciones no pas\u00f3 desapercibido. <\/p>\n<div class=\"mt-box \">\n<h4 class=\"mt-heading\">Mir\u00e1 Tambi\u00e9n<\/h4>\n<p><a href=\"https:\/\/www.paparazzi.com.ar\/teve\/wanda-nara-armo-un-escandalo-en-masterchef-y-freno-las-grabaciones-se-broto-y-la-tuvieron-que\/\"><\/p>\n<div class=\"mt-content\">\n<div class=\"mt-image-container\"><img decoding=\"async\" src=\"https:\/\/www.paparazzi.com.ar\/wp-content\/uploads\/2025\/12\/wanda-nara-1-359x226.jpg\" alt=\"Wanda Nara arm\u00f3 un esc\u00e1ndalo en MasterChef y fren\u00f3 las grabaciones: \u201cSe brot\u00f3 y la tuvieron que\u2026\u201d\" class=\"mt-image\" loading=\"lazy\" \/><\/div>\n<h5 class=\"mt-title\">Wanda Nara arm\u00f3 un esc\u00e1ndalo en MasterChef y fren\u00f3 las grabaciones: \u201cSe brot\u00f3 y la tuvieron que\u2026\u201d<\/h5>\n<\/div>\n<p><\/a><\/div>\n<p>A pocos metros, <strong>Miguel \u00c1ngel Rodr\u00edguez<\/strong> se luc\u00eda cantando fragmentos de <em>\u201cO sole mio\u201d,<\/em> generando un clima casi oper\u00edstico que chocaba de lleno con el caos que acababa de vivir La Joaqui.<em> \u201cAmo tener a Miguel Pavarotti en la tercera estaci\u00f3n\u201d<\/em>, se escuch\u00f3 decir, en un intento de distender la situaci\u00f3n tras el susto.<\/p>\n<p>A pesar del accidente, La Joaqui decidi\u00f3 seguir adelante y no abandonar la competencia. Con ayuda y tratando de reorganizarse, continu\u00f3 con su preparaci\u00f3n, aunque el episodio ya hab\u00eda marcado la jornada. El jurado tambi\u00e9n tom\u00f3 nota del momento y, si bien no hubo sanciones, el accidente qued\u00f3 como uno de los m\u00e1s comentados del programa.<\/p>\n<div class=\"mt-box \">\n<h4 class=\"mt-heading\">Mir\u00e1 Tambi\u00e9n<\/h4>\n<p><a href=\"https:\/\/www.paparazzi.com.ar\/teve\/el-inesperado-pasado-de-momi-giardina-que-salio-a-la-luz-en-masterchef-durante-seis-anos-fui\/\"><\/p>\n<div class=\"mt-content\">\n<div class=\"mt-image-container\"><img decoding=\"async\" src=\"https:\/\/www.paparazzi.com.ar\/wp-content\/uploads\/2025\/12\/Momi-Giardina1-359x226.jpg\" alt=\"El inesperado pasado de Momi Giardina que sali\u00f3 a la luz en MasterChef: \u201cDurante seis a\u00f1os fui...\u201d\" class=\"mt-image\" loading=\"lazy\" \/><\/div>\n<h5 class=\"mt-title\">El inesperado pasado de Momi Giardina que sali\u00f3 a la luz en MasterChef: \u201cDurante seis a\u00f1os fui&#8230;\u201d<\/h5>\n<\/div>\n<p><\/a><\/div>\n<div class=\"mt-box \">\n<h4 class=\"mt-heading\">Mir\u00e1 Tambi\u00e9n<\/h4>\n<p><a href=\"https:\/\/www.paparazzi.com.ar\/teve\/error-fatal-wanda-nara-filtro-una-foto-con-un-nuevo-participante-de-masterchef-y-la-borro\/\"><\/p>\n<div class=\"mt-content\">\n<div class=\"mt-image-container\"><img decoding=\"async\" src=\"https:\/\/www.paparazzi.com.ar\/wp-content\/uploads\/2025\/11\/Wanda-Nara-1--359x226.jpg\" alt=\"\u00a1Error fatal! Wanda Nara filtr\u00f3 una foto con un nuevo participante de MasterChef y la borr\u00f3\" class=\"mt-image\" loading=\"lazy\" \/><\/div>\n<h5 class=\"mt-title\">\u00a1Error fatal! Wanda Nara filtr\u00f3 una foto con un nuevo participante de MasterChef y la borr\u00f3<\/h5>\n<\/div>\n<p><\/a><\/div>\n<p>The post <a href=\"https:\/\/www.paparazzi.com.ar\/teve\/panico-en-masterchef-una-explosion-desato-el-caos-y-dejo-a-la-joaqui-en-shock\/\">\u00a1P\u00e1nico en MasterChef! Una explosi\u00f3n desat\u00f3 el caos y dej\u00f3 a La Joaqui en shock<\/a> appeared first on <a href=\"https:\/\/www.paparazzi.com.ar\">Revista Paparazzi<\/a>.<\/p>\n","protected":false},"excerpt":{"rendered":"<p>La cocina de MasterChef Celebrity volvi\u00f3 a ser escenario de<\/p>\n","protected":false},"author":0,"featured_media":9783,"comment_status":"","ping_status":"","sticky":false,"template":"","format":"standard","meta":{"footnotes":""},"categories":[65],"tags":[],"class_list":["post-9782","post","type-post","status-publish","format-standard","has-post-thumbnail","hentry","category-pais"],"yoast_head":"<!-- This site is optimized with the Yoast SEO plugin v27.4 - https:\/\/yoast.com\/product\/yoast-seo-wordpress\/ -->\n<title>\u00a1P\u00e1nico en MasterChef! Una explosi\u00f3n desat\u00f3 el caos y dej\u00f3 a La Joaqui en shock - Cuarteto en la Web<\/title>\n<meta name=\"robots\" content=\"index, follow, max-snippet:-1, max-image-preview:large, max-video-preview:-1\" \/>\n<link rel=\"canonical\" href=\"https:\/\/cuartetoenlaweb.com.ar\/sitio\/panico-en-masterchef-una-explosion-desato-el-caos-y-dejo-a-la-joaqui-en-shock\/\" \/>\n<meta property=\"og:locale\" content=\"es_ES\" \/>\n<meta property=\"og:type\" content=\"article\" \/>\n<meta property=\"og:title\" content=\"\u00a1P\u00e1nico en MasterChef! Una explosi\u00f3n desat\u00f3 el caos y dej\u00f3 a La Joaqui en shock - Cuarteto en la Web\" \/>\n<meta property=\"og:description\" content=\"La cocina de MasterChef Celebrity volvi\u00f3 a ser escenario de\" \/>\n<meta property=\"og:url\" content=\"https:\/\/cuartetoenlaweb.com.ar\/sitio\/panico-en-masterchef-una-explosion-desato-el-caos-y-dejo-a-la-joaqui-en-shock\/\" \/>\n<meta property=\"og:site_name\" content=\"Cuarteto en la Web\" \/>\n<meta property=\"article:published_time\" content=\"2025-12-31T05:00:09+00:00\" \/>\n<meta property=\"og:image\" content=\"https:\/\/cuartetoenlaweb.com.ar\/sitio\/wp-content\/uploads\/2025\/12\/morena-rial-1-359x226-2.jpg\" \/>\n\t<meta property=\"og:image:width\" content=\"359\" \/>\n\t<meta property=\"og:image:height\" content=\"226\" \/>\n\t<meta property=\"og:image:type\" content=\"image\/jpeg\" \/>\n<meta name=\"twitter:card\" content=\"summary_large_image\" \/>\n<meta name=\"twitter:label1\" content=\"Tiempo de lectura\" \/>\n\t<meta name=\"twitter:data1\" content=\"2 minutos\" \/>\n<script type=\"application\/ld+json\" class=\"yoast-schema-graph\">{\"@context\":\"https:\\\/\\\/schema.org\",\"@graph\":[{\"@type\":\"Article\",\"@id\":\"https:\\\/\\\/cuartetoenlaweb.com.ar\\\/sitio\\\/panico-en-masterchef-una-explosion-desato-el-caos-y-dejo-a-la-joaqui-en-shock\\\/#article\",\"isPartOf\":{\"@id\":\"https:\\\/\\\/cuartetoenlaweb.com.ar\\\/sitio\\\/panico-en-masterchef-una-explosion-desato-el-caos-y-dejo-a-la-joaqui-en-shock\\\/\"},\"author\":{\"name\":\"\",\"@id\":\"\"},\"headline\":\"\u00a1P\u00e1nico en MasterChef! Una explosi\u00f3n desat\u00f3 el caos y dej\u00f3 a La Joaqui en shock\",\"datePublished\":\"2025-12-31T05:00:09+00:00\",\"mainEntityOfPage\":{\"@id\":\"https:\\\/\\\/cuartetoenlaweb.com.ar\\\/sitio\\\/panico-en-masterchef-una-explosion-desato-el-caos-y-dejo-a-la-joaqui-en-shock\\\/\"},\"wordCount\":502,\"publisher\":{\"@id\":\"http:\\\/\\\/cuartetoenlaweb.com.ar\\\/sitio\\\/#organization\"},\"image\":{\"@id\":\"https:\\\/\\\/cuartetoenlaweb.com.ar\\\/sitio\\\/panico-en-masterchef-una-explosion-desato-el-caos-y-dejo-a-la-joaqui-en-shock\\\/#primaryimage\"},\"thumbnailUrl\":\"https:\\\/\\\/cuartetoenlaweb.com.ar\\\/sitio\\\/wp-content\\\/uploads\\\/2025\\\/12\\\/morena-rial-1-359x226-2.jpg\",\"articleSection\":[\"PAIS\"],\"inLanguage\":\"es\"},{\"@type\":\"WebPage\",\"@id\":\"https:\\\/\\\/cuartetoenlaweb.com.ar\\\/sitio\\\/panico-en-masterchef-una-explosion-desato-el-caos-y-dejo-a-la-joaqui-en-shock\\\/\",\"url\":\"https:\\\/\\\/cuartetoenlaweb.com.ar\\\/sitio\\\/panico-en-masterchef-una-explosion-desato-el-caos-y-dejo-a-la-joaqui-en-shock\\\/\",\"name\":\"\u00a1P\u00e1nico en MasterChef! Una explosi\u00f3n desat\u00f3 el caos y dej\u00f3 a La Joaqui en shock - Cuarteto en la Web\",\"isPartOf\":{\"@id\":\"http:\\\/\\\/cuartetoenlaweb.com.ar\\\/sitio\\\/#website\"},\"primaryImageOfPage\":{\"@id\":\"https:\\\/\\\/cuartetoenlaweb.com.ar\\\/sitio\\\/panico-en-masterchef-una-explosion-desato-el-caos-y-dejo-a-la-joaqui-en-shock\\\/#primaryimage\"},\"image\":{\"@id\":\"https:\\\/\\\/cuartetoenlaweb.com.ar\\\/sitio\\\/panico-en-masterchef-una-explosion-desato-el-caos-y-dejo-a-la-joaqui-en-shock\\\/#primaryimage\"},\"thumbnailUrl\":\"https:\\\/\\\/cuartetoenlaweb.com.ar\\\/sitio\\\/wp-content\\\/uploads\\\/2025\\\/12\\\/morena-rial-1-359x226-2.jpg\",\"datePublished\":\"2025-12-31T05:00:09+00:00\",\"breadcrumb\":{\"@id\":\"https:\\\/\\\/cuartetoenlaweb.com.ar\\\/sitio\\\/panico-en-masterchef-una-explosion-desato-el-caos-y-dejo-a-la-joaqui-en-shock\\\/#breadcrumb\"},\"inLanguage\":\"es\",\"potentialAction\":[{\"@type\":\"ReadAction\",\"target\":[\"https:\\\/\\\/cuartetoenlaweb.com.ar\\\/sitio\\\/panico-en-masterchef-una-explosion-desato-el-caos-y-dejo-a-la-joaqui-en-shock\\\/\"]}]},{\"@type\":\"ImageObject\",\"inLanguage\":\"es\",\"@id\":\"https:\\\/\\\/cuartetoenlaweb.com.ar\\\/sitio\\\/panico-en-masterchef-una-explosion-desato-el-caos-y-dejo-a-la-joaqui-en-shock\\\/#primaryimage\",\"url\":\"https:\\\/\\\/cuartetoenlaweb.com.ar\\\/sitio\\\/wp-content\\\/uploads\\\/2025\\\/12\\\/morena-rial-1-359x226-2.jpg\",\"contentUrl\":\"https:\\\/\\\/cuartetoenlaweb.com.ar\\\/sitio\\\/wp-content\\\/uploads\\\/2025\\\/12\\\/morena-rial-1-359x226-2.jpg\",\"width\":359,\"height\":226},{\"@type\":\"BreadcrumbList\",\"@id\":\"https:\\\/\\\/cuartetoenlaweb.com.ar\\\/sitio\\\/panico-en-masterchef-una-explosion-desato-el-caos-y-dejo-a-la-joaqui-en-shock\\\/#breadcrumb\",\"itemListElement\":[{\"@type\":\"ListItem\",\"position\":1,\"name\":\"Portada\",\"item\":\"http:\\\/\\\/cuartetoenlaweb.com.ar\\\/sitio\\\/\"},{\"@type\":\"ListItem\",\"position\":2,\"name\":\"\u00a1P\u00e1nico en MasterChef! Una explosi\u00f3n desat\u00f3 el caos y dej\u00f3 a La Joaqui en shock\"}]},{\"@type\":\"WebSite\",\"@id\":\"http:\\\/\\\/cuartetoenlaweb.com.ar\\\/sitio\\\/#website\",\"url\":\"http:\\\/\\\/cuartetoenlaweb.com.ar\\\/sitio\\\/\",\"name\":\"Cuarteto en la Web\",\"description\":\"\",\"publisher\":{\"@id\":\"http:\\\/\\\/cuartetoenlaweb.com.ar\\\/sitio\\\/#organization\"},\"potentialAction\":[{\"@type\":\"SearchAction\",\"target\":{\"@type\":\"EntryPoint\",\"urlTemplate\":\"http:\\\/\\\/cuartetoenlaweb.com.ar\\\/sitio\\\/?s={search_term_string}\"},\"query-input\":{\"@type\":\"PropertyValueSpecification\",\"valueRequired\":true,\"valueName\":\"search_term_string\"}}],\"inLanguage\":\"es\"},{\"@type\":\"Organization\",\"@id\":\"http:\\\/\\\/cuartetoenlaweb.com.ar\\\/sitio\\\/#organization\",\"name\":\"Cuarteto en la Web\",\"url\":\"http:\\\/\\\/cuartetoenlaweb.com.ar\\\/sitio\\\/\",\"logo\":{\"@type\":\"ImageObject\",\"inLanguage\":\"es\",\"@id\":\"http:\\\/\\\/cuartetoenlaweb.com.ar\\\/sitio\\\/#\\\/schema\\\/logo\\\/image\\\/\",\"url\":\"https:\\\/\\\/cuartetoenlaweb.com.ar\\\/sitio\\\/wp-content\\\/uploads\\\/2025\\\/07\\\/cropped-cropped-logitoweb21.png\",\"contentUrl\":\"https:\\\/\\\/cuartetoenlaweb.com.ar\\\/sitio\\\/wp-content\\\/uploads\\\/2025\\\/07\\\/cropped-cropped-logitoweb21.png\",\"width\":199,\"height\":199,\"caption\":\"Cuarteto en la Web\"},\"image\":{\"@id\":\"http:\\\/\\\/cuartetoenlaweb.com.ar\\\/sitio\\\/#\\\/schema\\\/logo\\\/image\\\/\"}}]}<\/script>\n<!-- \/ Yoast SEO plugin. -->","yoast_head_json":{"title":"\u00a1P\u00e1nico en MasterChef! Una explosi\u00f3n desat\u00f3 el caos y dej\u00f3 a La Joaqui en shock - Cuarteto en la Web","robots":{"index":"index","follow":"follow","max-snippet":"max-snippet:-1","max-image-preview":"max-image-preview:large","max-video-preview":"max-video-preview:-1"},"canonical":"https:\/\/cuartetoenlaweb.com.ar\/sitio\/panico-en-masterchef-una-explosion-desato-el-caos-y-dejo-a-la-joaqui-en-shock\/","og_locale":"es_ES","og_type":"article","og_title":"\u00a1P\u00e1nico en MasterChef! Una explosi\u00f3n desat\u00f3 el caos y dej\u00f3 a La Joaqui en shock - Cuarteto en la Web","og_description":"La cocina de MasterChef Celebrity volvi\u00f3 a ser escenario de","og_url":"https:\/\/cuartetoenlaweb.com.ar\/sitio\/panico-en-masterchef-una-explosion-desato-el-caos-y-dejo-a-la-joaqui-en-shock\/","og_site_name":"Cuarteto en la Web","article_published_time":"2025-12-31T05:00:09+00:00","og_image":[{"width":359,"height":226,"url":"https:\/\/cuartetoenlaweb.com.ar\/sitio\/wp-content\/uploads\/2025\/12\/morena-rial-1-359x226-2.jpg","type":"image\/jpeg"}],"twitter_card":"summary_large_image","twitter_misc":{"Tiempo de lectura":"2 minutos"},"schema":{"@context":"https:\/\/schema.org","@graph":[{"@type":"Article","@id":"https:\/\/cuartetoenlaweb.com.ar\/sitio\/panico-en-masterchef-una-explosion-desato-el-caos-y-dejo-a-la-joaqui-en-shock\/#article","isPartOf":{"@id":"https:\/\/cuartetoenlaweb.com.ar\/sitio\/panico-en-masterchef-una-explosion-desato-el-caos-y-dejo-a-la-joaqui-en-shock\/"},"author":{"name":"","@id":""},"headline":"\u00a1P\u00e1nico en MasterChef! Una explosi\u00f3n desat\u00f3 el caos y dej\u00f3 a La Joaqui en shock","datePublished":"2025-12-31T05:00:09+00:00","mainEntityOfPage":{"@id":"https:\/\/cuartetoenlaweb.com.ar\/sitio\/panico-en-masterchef-una-explosion-desato-el-caos-y-dejo-a-la-joaqui-en-shock\/"},"wordCount":502,"publisher":{"@id":"http:\/\/cuartetoenlaweb.com.ar\/sitio\/#organization"},"image":{"@id":"https:\/\/cuartetoenlaweb.com.ar\/sitio\/panico-en-masterchef-una-explosion-desato-el-caos-y-dejo-a-la-joaqui-en-shock\/#primaryimage"},"thumbnailUrl":"https:\/\/cuartetoenlaweb.com.ar\/sitio\/wp-content\/uploads\/2025\/12\/morena-rial-1-359x226-2.jpg","articleSection":["PAIS"],"inLanguage":"es"},{"@type":"WebPage","@id":"https:\/\/cuartetoenlaweb.com.ar\/sitio\/panico-en-masterchef-una-explosion-desato-el-caos-y-dejo-a-la-joaqui-en-shock\/","url":"https:\/\/cuartetoenlaweb.com.ar\/sitio\/panico-en-masterchef-una-explosion-desato-el-caos-y-dejo-a-la-joaqui-en-shock\/","name":"\u00a1P\u00e1nico en MasterChef! Una explosi\u00f3n desat\u00f3 el caos y dej\u00f3 a La Joaqui en shock - Cuarteto en la Web","isPartOf":{"@id":"http:\/\/cuartetoenlaweb.com.ar\/sitio\/#website"},"primaryImageOfPage":{"@id":"https:\/\/cuartetoenlaweb.com.ar\/sitio\/panico-en-masterchef-una-explosion-desato-el-caos-y-dejo-a-la-joaqui-en-shock\/#primaryimage"},"image":{"@id":"https:\/\/cuartetoenlaweb.com.ar\/sitio\/panico-en-masterchef-una-explosion-desato-el-caos-y-dejo-a-la-joaqui-en-shock\/#primaryimage"},"thumbnailUrl":"https:\/\/cuartetoenlaweb.com.ar\/sitio\/wp-content\/uploads\/2025\/12\/morena-rial-1-359x226-2.jpg","datePublished":"2025-12-31T05:00:09+00:00","breadcrumb":{"@id":"https:\/\/cuartetoenlaweb.com.ar\/sitio\/panico-en-masterchef-una-explosion-desato-el-caos-y-dejo-a-la-joaqui-en-shock\/#breadcrumb"},"inLanguage":"es","potentialAction":[{"@type":"ReadAction","target":["https:\/\/cuartetoenlaweb.com.ar\/sitio\/panico-en-masterchef-una-explosion-desato-el-caos-y-dejo-a-la-joaqui-en-shock\/"]}]},{"@type":"ImageObject","inLanguage":"es","@id":"https:\/\/cuartetoenlaweb.com.ar\/sitio\/panico-en-masterchef-una-explosion-desato-el-caos-y-dejo-a-la-joaqui-en-shock\/#primaryimage","url":"https:\/\/cuartetoenlaweb.com.ar\/sitio\/wp-content\/uploads\/2025\/12\/morena-rial-1-359x226-2.jpg","contentUrl":"https:\/\/cuartetoenlaweb.com.ar\/sitio\/wp-content\/uploads\/2025\/12\/morena-rial-1-359x226-2.jpg","width":359,"height":226},{"@type":"BreadcrumbList","@id":"https:\/\/cuartetoenlaweb.com.ar\/sitio\/panico-en-masterchef-una-explosion-desato-el-caos-y-dejo-a-la-joaqui-en-shock\/#breadcrumb","itemListElement":[{"@type":"ListItem","position":1,"name":"Portada","item":"http:\/\/cuartetoenlaweb.com.ar\/sitio\/"},{"@type":"ListItem","position":2,"name":"\u00a1P\u00e1nico en MasterChef! Una explosi\u00f3n desat\u00f3 el caos y dej\u00f3 a La Joaqui en shock"}]},{"@type":"WebSite","@id":"http:\/\/cuartetoenlaweb.com.ar\/sitio\/#website","url":"http:\/\/cuartetoenlaweb.com.ar\/sitio\/","name":"Cuarteto en la Web","description":"","publisher":{"@id":"http:\/\/cuartetoenlaweb.com.ar\/sitio\/#organization"},"potentialAction":[{"@type":"SearchAction","target":{"@type":"EntryPoint","urlTemplate":"http:\/\/cuartetoenlaweb.com.ar\/sitio\/?s={search_term_string}"},"query-input":{"@type":"PropertyValueSpecification","valueRequired":true,"valueName":"search_term_string"}}],"inLanguage":"es"},{"@type":"Organization","@id":"http:\/\/cuartetoenlaweb.com.ar\/sitio\/#organization","name":"Cuarteto en la Web","url":"http:\/\/cuartetoenlaweb.com.ar\/sitio\/","logo":{"@type":"ImageObject","inLanguage":"es","@id":"http:\/\/cuartetoenlaweb.com.ar\/sitio\/#\/schema\/logo\/image\/","url":"https:\/\/cuartetoenlaweb.com.ar\/sitio\/wp-content\/uploads\/2025\/07\/cropped-cropped-logitoweb21.png","contentUrl":"https:\/\/cuartetoenlaweb.com.ar\/sitio\/wp-content\/uploads\/2025\/07\/cropped-cropped-logitoweb21.png","width":199,"height":199,"caption":"Cuarteto en la Web"},"image":{"@id":"http:\/\/cuartetoenlaweb.com.ar\/sitio\/#\/schema\/logo\/image\/"}}]}},"_links":{"self":[{"href":"https:\/\/cuartetoenlaweb.com.ar\/sitio\/wp-json\/wp\/v2\/posts\/9782","targetHints":{"allow":["GET"]}}],"collection":[{"href":"https:\/\/cuartetoenlaweb.com.ar\/sitio\/wp-json\/wp\/v2\/posts"}],"about":[{"href":"https:\/\/cuartetoenlaweb.com.ar\/sitio\/wp-json\/wp\/v2\/types\/post"}],"replies":[{"embeddable":true,"href":"https:\/\/cuartetoenlaweb.com.ar\/sitio\/wp-json\/wp\/v2\/comments?post=9782"}],"version-history":[{"count":0,"href":"https:\/\/cuartetoenlaweb.com.ar\/sitio\/wp-json\/wp\/v2\/posts\/9782\/revisions"}],"wp:featuredmedia":[{"embeddable":true,"href":"https:\/\/cuartetoenlaweb.com.ar\/sitio\/wp-json\/wp\/v2\/media\/9783"}],"wp:attachment":[{"href":"https:\/\/cuartetoenlaweb.com.ar\/sitio\/wp-json\/wp\/v2\/media?parent=9782"}],"wp:term":[{"taxonomy":"category","embeddable":true,"href":"https:\/\/cuartetoenlaweb.com.ar\/sitio\/wp-json\/wp\/v2\/categories?post=9782"},{"taxonomy":"post_tag","embeddable":true,"href":"https:\/\/cuartetoenlaweb.com.ar\/sitio\/wp-json\/wp\/v2\/tags?post=9782"}],"curies":[{"name":"wp","href":"https:\/\/api.w.org\/{rel}","templated":true}]}}