
{"id":9780,"date":"2025-12-31T02:00:03","date_gmt":"2025-12-31T05:00:03","guid":{"rendered":"https:\/\/cuartetoenlaweb.com.ar\/sitio\/que-ver-en-netflix-la-miniserie-de-8-episodios-mas-elegida-con-jose-coronado-de-protagonista\/"},"modified":"2025-12-31T02:00:03","modified_gmt":"2025-12-31T05:00:03","slug":"que-ver-en-netflix-la-miniserie-de-8-episodios-mas-elegida-con-jose-coronado-de-protagonista","status":"publish","type":"post","link":"https:\/\/cuartetoenlaweb.com.ar\/sitio\/que-ver-en-netflix-la-miniserie-de-8-episodios-mas-elegida-con-jose-coronado-de-protagonista\/","title":{"rendered":"Qu\u00e9 ver en Netflix: la miniserie de 8 episodios m\u00e1s elegida con Jos\u00e9 Coronado de protagonista"},"content":{"rendered":"<p>La miniserie <strong>\u201cEl inocente\u201d<\/strong> se convirti\u00f3 en uno de los t\u00edtulos m\u00e1s recomendados de <strong><a href=\"https:\/\/www.paparazzi.com.ar\/teve\/que-ver-en-netflix-la-miniserie-de-8-episodios-para-arrancar-este-sabado-y-terminar-el-domingo\/\">Netflix<\/a><\/strong> gracias a una trama intensa y un elenco de lujo liderado por <strong>Jos\u00e9 Coronado<\/strong> y <strong>Mario Casas<\/strong>. Esta ficci\u00f3n espa\u00f1ola, basada en la novela hom\u00f3nima de Harlan Coben, combina misterio, drama y giros constantes que mantienen al espectador enganchado desde el primer cap\u00edtulo.<\/p>\n<p>Con solo <strong>8 episodios<\/strong>, la serie ofrece una experiencia compacta ideal para una marat\u00f3n de fin de semana. La narrativa gira en torno a <strong>Mateo Vidal<\/strong>, interpretado por Casas, un hombre que intenta rehacer su vida tras un hecho tr\u00e1gico que marc\u00f3 su pasado, hasta que una llamada inesperada lo obliga a enfrentarse a secretos que cre\u00eda enterrados.<\/p>\n<div class=\"mt-box \">\n<h4 class=\"mt-heading\">Mir\u00e1 Tambi\u00e9n<\/h4>\n<p><a href=\"https:\/\/www.paparazzi.com.ar\/teve\/la-fuerte-informacion-que-revelaron-sobre-la-esposa-de-christian-petersen-sofia-zelaschi-estuvo-todo-el-tiempo\/\"><\/p>\n<div class=\"mt-content\">\n<div class=\"mt-image-container\"><img decoding=\"async\" src=\"https:\/\/www.paparazzi.com.ar\/wp-content\/uploads\/2025\/12\/La-fuerte-informacion-que-revelaron-sobre-la-esposa-de-Christian-Petersen-Sofia-Zelaschi-22Estuvo-todo-el-tiempo.22-359x226.jpg\" alt=\"La fuerte informaci\u00f3n que revelaron sobre la esposa de Christian Petersen, Sof\u00eda Zelaschi: &quot;Estuvo todo el tiempo...&quot;\" class=\"mt-image\" loading=\"lazy\" \/><\/div>\n<h5 class=\"mt-title\">La fuerte informaci\u00f3n que revelaron sobre la esposa de Christian Petersen, Sof\u00eda Zelaschi: \u00abEstuvo todo el tiempo&#8230;\u00bb<\/h5>\n<\/div>\n<p><\/a><\/div>\n<p>El personaje de <strong>Jos\u00e9 Coronado<\/strong> aporta una presencia s\u00f3lida como inspector de la Unidad de Delitos Especiales, con perspectiva y peso emocional a una historia que no da respiro. La qu\u00edmica entre Coronado y Casas es uno de los pilares que elevan este <strong>thriller espa\u00f1ol<\/strong> por encima de otras propuestas del cat\u00e1logo de <a href=\"https:\/\/www.paparazzi.com.ar\/teve\/que-ver-en-netflix-la-miniserie-romantica-de-8-episodios-imperdible-para-este-fin-de-semana\/\">Netflix<\/a>.<\/p>\n<h2 class=\"wp-block-heading\">LA MINISERIE DE NETFLIX M\u00c1S RECOMENDADA PARA MIRAR<\/h2>\n<p>La miniserie destaca por su clima narrativo oscuro, ritmo din\u00e1mico y giros constantes que sorprenden episodio a episodio. Cada cap\u00edtulo construye tensi\u00f3n con revelaciones que impulsan al espectador a continuar sin pausas, un factor clave en la popularidad de <strong>El inocente en Netflix<\/strong>.<\/p>\n<div class=\"mt-box \">\n<h4 class=\"mt-heading\">Mir\u00e1 Tambi\u00e9n<\/h4>\n<p><a href=\"https:\/\/www.paparazzi.com.ar\/teve\/que-ver-en-netflix-la-miniserie-de-8-episodios-para-arrancar-este-sabado-y-terminar-el-domingo\/\"><\/p>\n<div class=\"mt-content\">\n<div class=\"mt-image-container\"><img decoding=\"async\" src=\"https:\/\/www.paparazzi.com.ar\/wp-content\/uploads\/2025\/12\/Que-ver-en-Netflix-la-miniserie-de-8-episodios-para-arrancar-este-sabado-y-terminar-el-domingo-359x226.jpg\" alt=\"Qu\u00e9 ver en Netflix: la miniserie de 8 episodios para arrancar este s\u00e1bado y terminar el domingo\" class=\"mt-image\" loading=\"lazy\" \/><\/div>\n<h5 class=\"mt-title\">Qu\u00e9 ver en Netflix: la miniserie de 8 episodios para arrancar este s\u00e1bado y terminar el domingo<\/h5>\n<\/div>\n<p><\/a><\/div>\n<p>Adem\u00e1s de Coronado y Casas, el elenco cuenta con figuras como <strong>Alexandra Jim\u00e9nez<\/strong>, <strong>Aura Garrido<\/strong> y <strong>Juana Acosta<\/strong>, quienes aportan profundidad a un reparto coral que sostiene la trama principal y los misterios secundarios.<\/p>\n<p>La producci\u00f3n fue rodada en varias locaciones de Espa\u00f1a, con una est\u00e9tica cuidada y un tono visual que refuerza el suspense y la ambig\u00fcedad de los personajes, algo que los fans del g\u00e9nero thriller aprecian. Aunque no fue estrenada recientemente, <strong>El inocente <\/strong>sigue siendo una de las miniseries espa\u00f1olas m\u00e1s vistas en<strong> Netflix<\/strong>, posicion\u00e1ndose como una opci\u00f3n imperdible para quienes buscan un thriller absorbente y bien resuelto sin temporadas abiertas.<\/p>\n<p>The post <a href=\"https:\/\/www.paparazzi.com.ar\/teve\/que-ver-en-netflix-la-miniserie-de-8-episodios-mas-elegida-con-jose-coronado-de-protagonista\/\">Qu\u00e9 ver en Netflix: la miniserie de 8 episodios m\u00e1s elegida con Jos\u00e9 Coronado de protagonista<\/a> appeared first on <a href=\"https:\/\/www.paparazzi.com.ar\">Revista Paparazzi<\/a>.<\/p>\n","protected":false},"excerpt":{"rendered":"<p>La miniserie \u201cEl inocente\u201d se convirti\u00f3 en uno de los<\/p>\n","protected":false},"author":0,"featured_media":9781,"comment_status":"","ping_status":"","sticky":false,"template":"","format":"standard","meta":{"footnotes":""},"categories":[65],"tags":[],"class_list":["post-9780","post","type-post","status-publish","format-standard","has-post-thumbnail","hentry","category-pais"],"yoast_head":"<!-- This site is optimized with the Yoast SEO plugin v27.4 - https:\/\/yoast.com\/product\/yoast-seo-wordpress\/ -->\n<title>Qu\u00e9 ver en Netflix: la miniserie de 8 episodios m\u00e1s elegida con Jos\u00e9 Coronado de protagonista - Cuarteto en la Web<\/title>\n<meta name=\"robots\" content=\"index, follow, max-snippet:-1, max-image-preview:large, max-video-preview:-1\" \/>\n<link rel=\"canonical\" href=\"https:\/\/cuartetoenlaweb.com.ar\/sitio\/que-ver-en-netflix-la-miniserie-de-8-episodios-mas-elegida-con-jose-coronado-de-protagonista\/\" \/>\n<meta property=\"og:locale\" content=\"es_ES\" \/>\n<meta property=\"og:type\" content=\"article\" \/>\n<meta property=\"og:title\" content=\"Qu\u00e9 ver en Netflix: la miniserie de 8 episodios m\u00e1s elegida con Jos\u00e9 Coronado de protagonista - Cuarteto en la Web\" \/>\n<meta property=\"og:description\" content=\"La miniserie \u201cEl inocente\u201d se convirti\u00f3 en uno de los\" \/>\n<meta property=\"og:url\" content=\"https:\/\/cuartetoenlaweb.com.ar\/sitio\/que-ver-en-netflix-la-miniserie-de-8-episodios-mas-elegida-con-jose-coronado-de-protagonista\/\" \/>\n<meta property=\"og:site_name\" content=\"Cuarteto en la Web\" \/>\n<meta property=\"article:published_time\" content=\"2025-12-31T05:00:03+00:00\" \/>\n<meta property=\"og:image\" content=\"https:\/\/cuartetoenlaweb.com.ar\/sitio\/wp-content\/uploads\/2025\/12\/La-fuerte-informacion-que-revelaron-sobre-la-esposa-de-Christian-Petersen-Sofia-Zelaschi-22Estuvo-todo-el-tiempo.22-359x226-1.jpg\" \/>\n\t<meta property=\"og:image:width\" content=\"359\" \/>\n\t<meta property=\"og:image:height\" content=\"226\" \/>\n\t<meta property=\"og:image:type\" content=\"image\/jpeg\" \/>\n<meta name=\"twitter:card\" content=\"summary_large_image\" \/>\n<meta name=\"twitter:label1\" content=\"Tiempo de lectura\" \/>\n\t<meta name=\"twitter:data1\" content=\"2 minutos\" \/>\n<script type=\"application\/ld+json\" class=\"yoast-schema-graph\">{\"@context\":\"https:\\\/\\\/schema.org\",\"@graph\":[{\"@type\":\"Article\",\"@id\":\"https:\\\/\\\/cuartetoenlaweb.com.ar\\\/sitio\\\/que-ver-en-netflix-la-miniserie-de-8-episodios-mas-elegida-con-jose-coronado-de-protagonista\\\/#article\",\"isPartOf\":{\"@id\":\"https:\\\/\\\/cuartetoenlaweb.com.ar\\\/sitio\\\/que-ver-en-netflix-la-miniserie-de-8-episodios-mas-elegida-con-jose-coronado-de-protagonista\\\/\"},\"author\":{\"name\":\"\",\"@id\":\"\"},\"headline\":\"Qu\u00e9 ver en Netflix: la miniserie de 8 episodios m\u00e1s elegida con Jos\u00e9 Coronado de protagonista\",\"datePublished\":\"2025-12-31T05:00:03+00:00\",\"mainEntityOfPage\":{\"@id\":\"https:\\\/\\\/cuartetoenlaweb.com.ar\\\/sitio\\\/que-ver-en-netflix-la-miniserie-de-8-episodios-mas-elegida-con-jose-coronado-de-protagonista\\\/\"},\"wordCount\":433,\"publisher\":{\"@id\":\"http:\\\/\\\/cuartetoenlaweb.com.ar\\\/sitio\\\/#organization\"},\"image\":{\"@id\":\"https:\\\/\\\/cuartetoenlaweb.com.ar\\\/sitio\\\/que-ver-en-netflix-la-miniserie-de-8-episodios-mas-elegida-con-jose-coronado-de-protagonista\\\/#primaryimage\"},\"thumbnailUrl\":\"https:\\\/\\\/cuartetoenlaweb.com.ar\\\/sitio\\\/wp-content\\\/uploads\\\/2025\\\/12\\\/La-fuerte-informacion-que-revelaron-sobre-la-esposa-de-Christian-Petersen-Sofia-Zelaschi-22Estuvo-todo-el-tiempo.22-359x226-1.jpg\",\"articleSection\":[\"PAIS\"],\"inLanguage\":\"es\"},{\"@type\":\"WebPage\",\"@id\":\"https:\\\/\\\/cuartetoenlaweb.com.ar\\\/sitio\\\/que-ver-en-netflix-la-miniserie-de-8-episodios-mas-elegida-con-jose-coronado-de-protagonista\\\/\",\"url\":\"https:\\\/\\\/cuartetoenlaweb.com.ar\\\/sitio\\\/que-ver-en-netflix-la-miniserie-de-8-episodios-mas-elegida-con-jose-coronado-de-protagonista\\\/\",\"name\":\"Qu\u00e9 ver en Netflix: la miniserie de 8 episodios m\u00e1s elegida con Jos\u00e9 Coronado de protagonista - Cuarteto en la Web\",\"isPartOf\":{\"@id\":\"http:\\\/\\\/cuartetoenlaweb.com.ar\\\/sitio\\\/#website\"},\"primaryImageOfPage\":{\"@id\":\"https:\\\/\\\/cuartetoenlaweb.com.ar\\\/sitio\\\/que-ver-en-netflix-la-miniserie-de-8-episodios-mas-elegida-con-jose-coronado-de-protagonista\\\/#primaryimage\"},\"image\":{\"@id\":\"https:\\\/\\\/cuartetoenlaweb.com.ar\\\/sitio\\\/que-ver-en-netflix-la-miniserie-de-8-episodios-mas-elegida-con-jose-coronado-de-protagonista\\\/#primaryimage\"},\"thumbnailUrl\":\"https:\\\/\\\/cuartetoenlaweb.com.ar\\\/sitio\\\/wp-content\\\/uploads\\\/2025\\\/12\\\/La-fuerte-informacion-que-revelaron-sobre-la-esposa-de-Christian-Petersen-Sofia-Zelaschi-22Estuvo-todo-el-tiempo.22-359x226-1.jpg\",\"datePublished\":\"2025-12-31T05:00:03+00:00\",\"breadcrumb\":{\"@id\":\"https:\\\/\\\/cuartetoenlaweb.com.ar\\\/sitio\\\/que-ver-en-netflix-la-miniserie-de-8-episodios-mas-elegida-con-jose-coronado-de-protagonista\\\/#breadcrumb\"},\"inLanguage\":\"es\",\"potentialAction\":[{\"@type\":\"ReadAction\",\"target\":[\"https:\\\/\\\/cuartetoenlaweb.com.ar\\\/sitio\\\/que-ver-en-netflix-la-miniserie-de-8-episodios-mas-elegida-con-jose-coronado-de-protagonista\\\/\"]}]},{\"@type\":\"ImageObject\",\"inLanguage\":\"es\",\"@id\":\"https:\\\/\\\/cuartetoenlaweb.com.ar\\\/sitio\\\/que-ver-en-netflix-la-miniserie-de-8-episodios-mas-elegida-con-jose-coronado-de-protagonista\\\/#primaryimage\",\"url\":\"https:\\\/\\\/cuartetoenlaweb.com.ar\\\/sitio\\\/wp-content\\\/uploads\\\/2025\\\/12\\\/La-fuerte-informacion-que-revelaron-sobre-la-esposa-de-Christian-Petersen-Sofia-Zelaschi-22Estuvo-todo-el-tiempo.22-359x226-1.jpg\",\"contentUrl\":\"https:\\\/\\\/cuartetoenlaweb.com.ar\\\/sitio\\\/wp-content\\\/uploads\\\/2025\\\/12\\\/La-fuerte-informacion-que-revelaron-sobre-la-esposa-de-Christian-Petersen-Sofia-Zelaschi-22Estuvo-todo-el-tiempo.22-359x226-1.jpg\",\"width\":359,\"height\":226},{\"@type\":\"BreadcrumbList\",\"@id\":\"https:\\\/\\\/cuartetoenlaweb.com.ar\\\/sitio\\\/que-ver-en-netflix-la-miniserie-de-8-episodios-mas-elegida-con-jose-coronado-de-protagonista\\\/#breadcrumb\",\"itemListElement\":[{\"@type\":\"ListItem\",\"position\":1,\"name\":\"Portada\",\"item\":\"http:\\\/\\\/cuartetoenlaweb.com.ar\\\/sitio\\\/\"},{\"@type\":\"ListItem\",\"position\":2,\"name\":\"Qu\u00e9 ver en Netflix: la miniserie de 8 episodios m\u00e1s elegida con Jos\u00e9 Coronado de protagonista\"}]},{\"@type\":\"WebSite\",\"@id\":\"http:\\\/\\\/cuartetoenlaweb.com.ar\\\/sitio\\\/#website\",\"url\":\"http:\\\/\\\/cuartetoenlaweb.com.ar\\\/sitio\\\/\",\"name\":\"Cuarteto en la Web\",\"description\":\"\",\"publisher\":{\"@id\":\"http:\\\/\\\/cuartetoenlaweb.com.ar\\\/sitio\\\/#organization\"},\"potentialAction\":[{\"@type\":\"SearchAction\",\"target\":{\"@type\":\"EntryPoint\",\"urlTemplate\":\"http:\\\/\\\/cuartetoenlaweb.com.ar\\\/sitio\\\/?s={search_term_string}\"},\"query-input\":{\"@type\":\"PropertyValueSpecification\",\"valueRequired\":true,\"valueName\":\"search_term_string\"}}],\"inLanguage\":\"es\"},{\"@type\":\"Organization\",\"@id\":\"http:\\\/\\\/cuartetoenlaweb.com.ar\\\/sitio\\\/#organization\",\"name\":\"Cuarteto en la Web\",\"url\":\"http:\\\/\\\/cuartetoenlaweb.com.ar\\\/sitio\\\/\",\"logo\":{\"@type\":\"ImageObject\",\"inLanguage\":\"es\",\"@id\":\"http:\\\/\\\/cuartetoenlaweb.com.ar\\\/sitio\\\/#\\\/schema\\\/logo\\\/image\\\/\",\"url\":\"https:\\\/\\\/cuartetoenlaweb.com.ar\\\/sitio\\\/wp-content\\\/uploads\\\/2025\\\/07\\\/cropped-cropped-logitoweb21.png\",\"contentUrl\":\"https:\\\/\\\/cuartetoenlaweb.com.ar\\\/sitio\\\/wp-content\\\/uploads\\\/2025\\\/07\\\/cropped-cropped-logitoweb21.png\",\"width\":199,\"height\":199,\"caption\":\"Cuarteto en la Web\"},\"image\":{\"@id\":\"http:\\\/\\\/cuartetoenlaweb.com.ar\\\/sitio\\\/#\\\/schema\\\/logo\\\/image\\\/\"}}]}<\/script>\n<!-- \/ Yoast SEO plugin. -->","yoast_head_json":{"title":"Qu\u00e9 ver en Netflix: la miniserie de 8 episodios m\u00e1s elegida con Jos\u00e9 Coronado de protagonista - Cuarteto en la Web","robots":{"index":"index","follow":"follow","max-snippet":"max-snippet:-1","max-image-preview":"max-image-preview:large","max-video-preview":"max-video-preview:-1"},"canonical":"https:\/\/cuartetoenlaweb.com.ar\/sitio\/que-ver-en-netflix-la-miniserie-de-8-episodios-mas-elegida-con-jose-coronado-de-protagonista\/","og_locale":"es_ES","og_type":"article","og_title":"Qu\u00e9 ver en Netflix: la miniserie de 8 episodios m\u00e1s elegida con Jos\u00e9 Coronado de protagonista - Cuarteto en la Web","og_description":"La miniserie \u201cEl inocente\u201d se convirti\u00f3 en uno de los","og_url":"https:\/\/cuartetoenlaweb.com.ar\/sitio\/que-ver-en-netflix-la-miniserie-de-8-episodios-mas-elegida-con-jose-coronado-de-protagonista\/","og_site_name":"Cuarteto en la Web","article_published_time":"2025-12-31T05:00:03+00:00","og_image":[{"width":359,"height":226,"url":"https:\/\/cuartetoenlaweb.com.ar\/sitio\/wp-content\/uploads\/2025\/12\/La-fuerte-informacion-que-revelaron-sobre-la-esposa-de-Christian-Petersen-Sofia-Zelaschi-22Estuvo-todo-el-tiempo.22-359x226-1.jpg","type":"image\/jpeg"}],"twitter_card":"summary_large_image","twitter_misc":{"Tiempo de lectura":"2 minutos"},"schema":{"@context":"https:\/\/schema.org","@graph":[{"@type":"Article","@id":"https:\/\/cuartetoenlaweb.com.ar\/sitio\/que-ver-en-netflix-la-miniserie-de-8-episodios-mas-elegida-con-jose-coronado-de-protagonista\/#article","isPartOf":{"@id":"https:\/\/cuartetoenlaweb.com.ar\/sitio\/que-ver-en-netflix-la-miniserie-de-8-episodios-mas-elegida-con-jose-coronado-de-protagonista\/"},"author":{"name":"","@id":""},"headline":"Qu\u00e9 ver en Netflix: la miniserie de 8 episodios m\u00e1s elegida con Jos\u00e9 Coronado de protagonista","datePublished":"2025-12-31T05:00:03+00:00","mainEntityOfPage":{"@id":"https:\/\/cuartetoenlaweb.com.ar\/sitio\/que-ver-en-netflix-la-miniserie-de-8-episodios-mas-elegida-con-jose-coronado-de-protagonista\/"},"wordCount":433,"publisher":{"@id":"http:\/\/cuartetoenlaweb.com.ar\/sitio\/#organization"},"image":{"@id":"https:\/\/cuartetoenlaweb.com.ar\/sitio\/que-ver-en-netflix-la-miniserie-de-8-episodios-mas-elegida-con-jose-coronado-de-protagonista\/#primaryimage"},"thumbnailUrl":"https:\/\/cuartetoenlaweb.com.ar\/sitio\/wp-content\/uploads\/2025\/12\/La-fuerte-informacion-que-revelaron-sobre-la-esposa-de-Christian-Petersen-Sofia-Zelaschi-22Estuvo-todo-el-tiempo.22-359x226-1.jpg","articleSection":["PAIS"],"inLanguage":"es"},{"@type":"WebPage","@id":"https:\/\/cuartetoenlaweb.com.ar\/sitio\/que-ver-en-netflix-la-miniserie-de-8-episodios-mas-elegida-con-jose-coronado-de-protagonista\/","url":"https:\/\/cuartetoenlaweb.com.ar\/sitio\/que-ver-en-netflix-la-miniserie-de-8-episodios-mas-elegida-con-jose-coronado-de-protagonista\/","name":"Qu\u00e9 ver en Netflix: la miniserie de 8 episodios m\u00e1s elegida con Jos\u00e9 Coronado de protagonista - Cuarteto en la Web","isPartOf":{"@id":"http:\/\/cuartetoenlaweb.com.ar\/sitio\/#website"},"primaryImageOfPage":{"@id":"https:\/\/cuartetoenlaweb.com.ar\/sitio\/que-ver-en-netflix-la-miniserie-de-8-episodios-mas-elegida-con-jose-coronado-de-protagonista\/#primaryimage"},"image":{"@id":"https:\/\/cuartetoenlaweb.com.ar\/sitio\/que-ver-en-netflix-la-miniserie-de-8-episodios-mas-elegida-con-jose-coronado-de-protagonista\/#primaryimage"},"thumbnailUrl":"https:\/\/cuartetoenlaweb.com.ar\/sitio\/wp-content\/uploads\/2025\/12\/La-fuerte-informacion-que-revelaron-sobre-la-esposa-de-Christian-Petersen-Sofia-Zelaschi-22Estuvo-todo-el-tiempo.22-359x226-1.jpg","datePublished":"2025-12-31T05:00:03+00:00","breadcrumb":{"@id":"https:\/\/cuartetoenlaweb.com.ar\/sitio\/que-ver-en-netflix-la-miniserie-de-8-episodios-mas-elegida-con-jose-coronado-de-protagonista\/#breadcrumb"},"inLanguage":"es","potentialAction":[{"@type":"ReadAction","target":["https:\/\/cuartetoenlaweb.com.ar\/sitio\/que-ver-en-netflix-la-miniserie-de-8-episodios-mas-elegida-con-jose-coronado-de-protagonista\/"]}]},{"@type":"ImageObject","inLanguage":"es","@id":"https:\/\/cuartetoenlaweb.com.ar\/sitio\/que-ver-en-netflix-la-miniserie-de-8-episodios-mas-elegida-con-jose-coronado-de-protagonista\/#primaryimage","url":"https:\/\/cuartetoenlaweb.com.ar\/sitio\/wp-content\/uploads\/2025\/12\/La-fuerte-informacion-que-revelaron-sobre-la-esposa-de-Christian-Petersen-Sofia-Zelaschi-22Estuvo-todo-el-tiempo.22-359x226-1.jpg","contentUrl":"https:\/\/cuartetoenlaweb.com.ar\/sitio\/wp-content\/uploads\/2025\/12\/La-fuerte-informacion-que-revelaron-sobre-la-esposa-de-Christian-Petersen-Sofia-Zelaschi-22Estuvo-todo-el-tiempo.22-359x226-1.jpg","width":359,"height":226},{"@type":"BreadcrumbList","@id":"https:\/\/cuartetoenlaweb.com.ar\/sitio\/que-ver-en-netflix-la-miniserie-de-8-episodios-mas-elegida-con-jose-coronado-de-protagonista\/#breadcrumb","itemListElement":[{"@type":"ListItem","position":1,"name":"Portada","item":"http:\/\/cuartetoenlaweb.com.ar\/sitio\/"},{"@type":"ListItem","position":2,"name":"Qu\u00e9 ver en Netflix: la miniserie de 8 episodios m\u00e1s elegida con Jos\u00e9 Coronado de protagonista"}]},{"@type":"WebSite","@id":"http:\/\/cuartetoenlaweb.com.ar\/sitio\/#website","url":"http:\/\/cuartetoenlaweb.com.ar\/sitio\/","name":"Cuarteto en la Web","description":"","publisher":{"@id":"http:\/\/cuartetoenlaweb.com.ar\/sitio\/#organization"},"potentialAction":[{"@type":"SearchAction","target":{"@type":"EntryPoint","urlTemplate":"http:\/\/cuartetoenlaweb.com.ar\/sitio\/?s={search_term_string}"},"query-input":{"@type":"PropertyValueSpecification","valueRequired":true,"valueName":"search_term_string"}}],"inLanguage":"es"},{"@type":"Organization","@id":"http:\/\/cuartetoenlaweb.com.ar\/sitio\/#organization","name":"Cuarteto en la Web","url":"http:\/\/cuartetoenlaweb.com.ar\/sitio\/","logo":{"@type":"ImageObject","inLanguage":"es","@id":"http:\/\/cuartetoenlaweb.com.ar\/sitio\/#\/schema\/logo\/image\/","url":"https:\/\/cuartetoenlaweb.com.ar\/sitio\/wp-content\/uploads\/2025\/07\/cropped-cropped-logitoweb21.png","contentUrl":"https:\/\/cuartetoenlaweb.com.ar\/sitio\/wp-content\/uploads\/2025\/07\/cropped-cropped-logitoweb21.png","width":199,"height":199,"caption":"Cuarteto en la Web"},"image":{"@id":"http:\/\/cuartetoenlaweb.com.ar\/sitio\/#\/schema\/logo\/image\/"}}]}},"_links":{"self":[{"href":"https:\/\/cuartetoenlaweb.com.ar\/sitio\/wp-json\/wp\/v2\/posts\/9780","targetHints":{"allow":["GET"]}}],"collection":[{"href":"https:\/\/cuartetoenlaweb.com.ar\/sitio\/wp-json\/wp\/v2\/posts"}],"about":[{"href":"https:\/\/cuartetoenlaweb.com.ar\/sitio\/wp-json\/wp\/v2\/types\/post"}],"replies":[{"embeddable":true,"href":"https:\/\/cuartetoenlaweb.com.ar\/sitio\/wp-json\/wp\/v2\/comments?post=9780"}],"version-history":[{"count":0,"href":"https:\/\/cuartetoenlaweb.com.ar\/sitio\/wp-json\/wp\/v2\/posts\/9780\/revisions"}],"wp:featuredmedia":[{"embeddable":true,"href":"https:\/\/cuartetoenlaweb.com.ar\/sitio\/wp-json\/wp\/v2\/media\/9781"}],"wp:attachment":[{"href":"https:\/\/cuartetoenlaweb.com.ar\/sitio\/wp-json\/wp\/v2\/media?parent=9780"}],"wp:term":[{"taxonomy":"category","embeddable":true,"href":"https:\/\/cuartetoenlaweb.com.ar\/sitio\/wp-json\/wp\/v2\/categories?post=9780"},{"taxonomy":"post_tag","embeddable":true,"href":"https:\/\/cuartetoenlaweb.com.ar\/sitio\/wp-json\/wp\/v2\/tags?post=9780"}],"curies":[{"name":"wp","href":"https:\/\/api.w.org\/{rel}","templated":true}]}}