
{"id":9778,"date":"2025-12-30T13:59:53","date_gmt":"2025-12-30T16:59:53","guid":{"rendered":"https:\/\/cuartetoenlaweb.com.ar\/sitio\/mauro-icardi-y-la-china-suarez-se-fueron-del-pais\/"},"modified":"2025-12-30T13:59:53","modified_gmt":"2025-12-30T16:59:53","slug":"mauro-icardi-y-la-china-suarez-se-fueron-del-pais","status":"publish","type":"post","link":"https:\/\/cuartetoenlaweb.com.ar\/sitio\/mauro-icardi-y-la-china-suarez-se-fueron-del-pais\/","title":{"rendered":"Mauro Icardi y la China Su\u00e1rez se fueron del pa\u00eds"},"content":{"rendered":"<p>Buenos Aires, 30 diciembre (NA) \u2013 Tras pasar Nochebuena y Navidad en Nordelta, Eugenia \u201cLa China\u201d Su\u00e1rez y Mauro Icardi emprendieron el regreso a Turqu\u00eda para pasar fin de a\u00f1o en Estambul. Antes de viajar, la pareja aprovech\u00f3 para hacer una breve escapada de descanso a un destino rural.<\/p>\n<p>Seg\u00fan pudo comprobar la Agencia Noticias Argentinas, luego de su corto paso por Buenos Aires, la actriz de 33 a\u00f1os y el futbolista de 32 fueron vistos en el Aeropuerto Internacional de Ezeiza durante la noche del lunes 29, listos para abordar el vuelo de m\u00e1s de 15 horas hacia su hogar en Turqu\u00eda. En principio, el delantero ten\u00eda previsto volver el s\u00e1bado 27 para reincorporarse al Galatasaray, pero un permiso especial le permiti\u00f3 extender su estad\u00eda unos d\u00edas m\u00e1s.<\/p>\n<p>En las im\u00e1genes que circularon, ambos se mostraron relajados y con looks c\u00f3modos, acordes al largo viaje: ella eligi\u00f3 un conjunto de jogging con buzo negro, mientras que \u00e9l visti\u00f3 una remera de mangas cortas y pantal\u00f3n de lino. Cada uno llevaba equipaje de mano de la marca Louis Vuitton y, fiel a sus costumbres, Icardi no solt\u00f3 su equipo de mate en ning\u00fan momento.<\/p>\n<p>La pareja lleg\u00f3 a Ezeiza en una camioneta negra y evit\u00f3 el check in tradicional, ya que hab\u00eda despachado la mayor parte de sus valijas con antelaci\u00f3n.<\/p>\n<p>Antes de volver a Turqu\u00eda, La China y Mauro sumaron una \u00faltima parada a su estad\u00eda en el pa\u00eds. Tras pasar las fiestas en la casa de Nordelta junto a los tres hijos de ella -Rufina, Magnolia y Amancio- y las dos hijas de \u00e9l, Francesca e Isabella, decidieron disfrutar de un fin de semana lejos de la ciudad.<\/p>\n<p>El destino elegido no fue ni la propiedad que comparten en San Jorge ni la casa de Pilar que la actriz vendi\u00f3 en junio de 2025. \u201cEn alg\u00fan lugar de Argentina\u201d, escribi\u00f3 Icardi en redes sociales, acompa\u00f1ando el mensaje con un carrete de fotos que despert\u00f3 la curiosidad de sus seguidores.<\/p>\n<p>Seg\u00fan trascendi\u00f3, se habr\u00edan alojado en la casa de su amigo Mancha La Torre, ubicada en Villa Ruiz, partido de San Antonio de Giles. A m\u00e1s de 90 kil\u00f3metros de la Ciudad de Buenos Aires, las postales mostraron una faceta mucho m\u00e1s tranquila y rural de la pareja: tardes en la galer\u00eda rodeados de verde, momentos de relax al aire libre y una noche compartida con amigos alrededor de una fogata, donde Mauro se luci\u00f3 a cargo del asado.<\/p>\n<p>A Turqu\u00eda no fue ninguno de los hijos que tienen, por lo que es probable que pasen un fin de a\u00f1o en intimidad. #AgenciaNA<\/p>\n","protected":false},"excerpt":{"rendered":"<p>Buenos Aires, 30 diciembre (NA) \u2013 Tras pasar Nochebuena y<\/p>\n","protected":false},"author":0,"featured_media":9779,"comment_status":"","ping_status":"","sticky":false,"template":"","format":"standard","meta":{"footnotes":""},"categories":[65],"tags":[],"class_list":["post-9778","post","type-post","status-publish","format-standard","has-post-thumbnail","hentry","category-pais"],"yoast_head":"<!-- This site is optimized with the Yoast SEO plugin v27.4 - https:\/\/yoast.com\/product\/yoast-seo-wordpress\/ -->\n<title>Mauro Icardi y la China Su\u00e1rez se fueron del pa\u00eds - Cuarteto en la Web<\/title>\n<meta name=\"robots\" content=\"index, follow, max-snippet:-1, max-image-preview:large, max-video-preview:-1\" \/>\n<link rel=\"canonical\" href=\"https:\/\/cuartetoenlaweb.com.ar\/sitio\/mauro-icardi-y-la-china-suarez-se-fueron-del-pais\/\" \/>\n<meta property=\"og:locale\" content=\"es_ES\" \/>\n<meta property=\"og:type\" content=\"article\" \/>\n<meta property=\"og:title\" content=\"Mauro Icardi y la China Su\u00e1rez se fueron del pa\u00eds - Cuarteto en la Web\" \/>\n<meta property=\"og:description\" content=\"Buenos Aires, 30 diciembre (NA) \u2013 Tras pasar Nochebuena y\" \/>\n<meta property=\"og:url\" content=\"https:\/\/cuartetoenlaweb.com.ar\/sitio\/mauro-icardi-y-la-china-suarez-se-fueron-del-pais\/\" \/>\n<meta property=\"og:site_name\" content=\"Cuarteto en la Web\" \/>\n<meta property=\"article:published_time\" content=\"2025-12-30T16:59:53+00:00\" \/>\n<meta property=\"og:image\" content=\"https:\/\/cuartetoenlaweb.com.ar\/sitio\/wp-content\/uploads\/2025\/12\/720-405.jpeg\" \/>\n\t<meta property=\"og:image:width\" content=\"691\" \/>\n\t<meta property=\"og:image:height\" content=\"720\" \/>\n\t<meta property=\"og:image:type\" content=\"image\/jpeg\" \/>\n<meta name=\"twitter:card\" content=\"summary_large_image\" \/>\n<meta name=\"twitter:label1\" content=\"Tiempo de lectura\" \/>\n\t<meta name=\"twitter:data1\" content=\"2 minutos\" \/>\n<script type=\"application\/ld+json\" class=\"yoast-schema-graph\">{\"@context\":\"https:\\\/\\\/schema.org\",\"@graph\":[{\"@type\":\"Article\",\"@id\":\"https:\\\/\\\/cuartetoenlaweb.com.ar\\\/sitio\\\/mauro-icardi-y-la-china-suarez-se-fueron-del-pais\\\/#article\",\"isPartOf\":{\"@id\":\"https:\\\/\\\/cuartetoenlaweb.com.ar\\\/sitio\\\/mauro-icardi-y-la-china-suarez-se-fueron-del-pais\\\/\"},\"author\":{\"name\":\"\",\"@id\":\"\"},\"headline\":\"Mauro Icardi y la China Su\u00e1rez se fueron del pa\u00eds\",\"datePublished\":\"2025-12-30T16:59:53+00:00\",\"mainEntityOfPage\":{\"@id\":\"https:\\\/\\\/cuartetoenlaweb.com.ar\\\/sitio\\\/mauro-icardi-y-la-china-suarez-se-fueron-del-pais\\\/\"},\"wordCount\":468,\"publisher\":{\"@id\":\"http:\\\/\\\/cuartetoenlaweb.com.ar\\\/sitio\\\/#organization\"},\"image\":{\"@id\":\"https:\\\/\\\/cuartetoenlaweb.com.ar\\\/sitio\\\/mauro-icardi-y-la-china-suarez-se-fueron-del-pais\\\/#primaryimage\"},\"thumbnailUrl\":\"https:\\\/\\\/cuartetoenlaweb.com.ar\\\/sitio\\\/wp-content\\\/uploads\\\/2025\\\/12\\\/720-405.jpeg\",\"articleSection\":[\"PAIS\"],\"inLanguage\":\"es\"},{\"@type\":\"WebPage\",\"@id\":\"https:\\\/\\\/cuartetoenlaweb.com.ar\\\/sitio\\\/mauro-icardi-y-la-china-suarez-se-fueron-del-pais\\\/\",\"url\":\"https:\\\/\\\/cuartetoenlaweb.com.ar\\\/sitio\\\/mauro-icardi-y-la-china-suarez-se-fueron-del-pais\\\/\",\"name\":\"Mauro Icardi y la China Su\u00e1rez se fueron del pa\u00eds - Cuarteto en la Web\",\"isPartOf\":{\"@id\":\"http:\\\/\\\/cuartetoenlaweb.com.ar\\\/sitio\\\/#website\"},\"primaryImageOfPage\":{\"@id\":\"https:\\\/\\\/cuartetoenlaweb.com.ar\\\/sitio\\\/mauro-icardi-y-la-china-suarez-se-fueron-del-pais\\\/#primaryimage\"},\"image\":{\"@id\":\"https:\\\/\\\/cuartetoenlaweb.com.ar\\\/sitio\\\/mauro-icardi-y-la-china-suarez-se-fueron-del-pais\\\/#primaryimage\"},\"thumbnailUrl\":\"https:\\\/\\\/cuartetoenlaweb.com.ar\\\/sitio\\\/wp-content\\\/uploads\\\/2025\\\/12\\\/720-405.jpeg\",\"datePublished\":\"2025-12-30T16:59:53+00:00\",\"breadcrumb\":{\"@id\":\"https:\\\/\\\/cuartetoenlaweb.com.ar\\\/sitio\\\/mauro-icardi-y-la-china-suarez-se-fueron-del-pais\\\/#breadcrumb\"},\"inLanguage\":\"es\",\"potentialAction\":[{\"@type\":\"ReadAction\",\"target\":[\"https:\\\/\\\/cuartetoenlaweb.com.ar\\\/sitio\\\/mauro-icardi-y-la-china-suarez-se-fueron-del-pais\\\/\"]}]},{\"@type\":\"ImageObject\",\"inLanguage\":\"es\",\"@id\":\"https:\\\/\\\/cuartetoenlaweb.com.ar\\\/sitio\\\/mauro-icardi-y-la-china-suarez-se-fueron-del-pais\\\/#primaryimage\",\"url\":\"https:\\\/\\\/cuartetoenlaweb.com.ar\\\/sitio\\\/wp-content\\\/uploads\\\/2025\\\/12\\\/720-405.jpeg\",\"contentUrl\":\"https:\\\/\\\/cuartetoenlaweb.com.ar\\\/sitio\\\/wp-content\\\/uploads\\\/2025\\\/12\\\/720-405.jpeg\",\"width\":691,\"height\":720},{\"@type\":\"BreadcrumbList\",\"@id\":\"https:\\\/\\\/cuartetoenlaweb.com.ar\\\/sitio\\\/mauro-icardi-y-la-china-suarez-se-fueron-del-pais\\\/#breadcrumb\",\"itemListElement\":[{\"@type\":\"ListItem\",\"position\":1,\"name\":\"Portada\",\"item\":\"http:\\\/\\\/cuartetoenlaweb.com.ar\\\/sitio\\\/\"},{\"@type\":\"ListItem\",\"position\":2,\"name\":\"Mauro Icardi y la China Su\u00e1rez se fueron del pa\u00eds\"}]},{\"@type\":\"WebSite\",\"@id\":\"http:\\\/\\\/cuartetoenlaweb.com.ar\\\/sitio\\\/#website\",\"url\":\"http:\\\/\\\/cuartetoenlaweb.com.ar\\\/sitio\\\/\",\"name\":\"Cuarteto en la Web\",\"description\":\"\",\"publisher\":{\"@id\":\"http:\\\/\\\/cuartetoenlaweb.com.ar\\\/sitio\\\/#organization\"},\"potentialAction\":[{\"@type\":\"SearchAction\",\"target\":{\"@type\":\"EntryPoint\",\"urlTemplate\":\"http:\\\/\\\/cuartetoenlaweb.com.ar\\\/sitio\\\/?s={search_term_string}\"},\"query-input\":{\"@type\":\"PropertyValueSpecification\",\"valueRequired\":true,\"valueName\":\"search_term_string\"}}],\"inLanguage\":\"es\"},{\"@type\":\"Organization\",\"@id\":\"http:\\\/\\\/cuartetoenlaweb.com.ar\\\/sitio\\\/#organization\",\"name\":\"Cuarteto en la Web\",\"url\":\"http:\\\/\\\/cuartetoenlaweb.com.ar\\\/sitio\\\/\",\"logo\":{\"@type\":\"ImageObject\",\"inLanguage\":\"es\",\"@id\":\"http:\\\/\\\/cuartetoenlaweb.com.ar\\\/sitio\\\/#\\\/schema\\\/logo\\\/image\\\/\",\"url\":\"https:\\\/\\\/cuartetoenlaweb.com.ar\\\/sitio\\\/wp-content\\\/uploads\\\/2025\\\/07\\\/cropped-cropped-logitoweb21.png\",\"contentUrl\":\"https:\\\/\\\/cuartetoenlaweb.com.ar\\\/sitio\\\/wp-content\\\/uploads\\\/2025\\\/07\\\/cropped-cropped-logitoweb21.png\",\"width\":199,\"height\":199,\"caption\":\"Cuarteto en la Web\"},\"image\":{\"@id\":\"http:\\\/\\\/cuartetoenlaweb.com.ar\\\/sitio\\\/#\\\/schema\\\/logo\\\/image\\\/\"}}]}<\/script>\n<!-- \/ Yoast SEO plugin. -->","yoast_head_json":{"title":"Mauro Icardi y la China Su\u00e1rez se fueron del pa\u00eds - Cuarteto en la Web","robots":{"index":"index","follow":"follow","max-snippet":"max-snippet:-1","max-image-preview":"max-image-preview:large","max-video-preview":"max-video-preview:-1"},"canonical":"https:\/\/cuartetoenlaweb.com.ar\/sitio\/mauro-icardi-y-la-china-suarez-se-fueron-del-pais\/","og_locale":"es_ES","og_type":"article","og_title":"Mauro Icardi y la China Su\u00e1rez se fueron del pa\u00eds - Cuarteto en la Web","og_description":"Buenos Aires, 30 diciembre (NA) \u2013 Tras pasar Nochebuena y","og_url":"https:\/\/cuartetoenlaweb.com.ar\/sitio\/mauro-icardi-y-la-china-suarez-se-fueron-del-pais\/","og_site_name":"Cuarteto en la Web","article_published_time":"2025-12-30T16:59:53+00:00","og_image":[{"width":691,"height":720,"url":"https:\/\/cuartetoenlaweb.com.ar\/sitio\/wp-content\/uploads\/2025\/12\/720-405.jpeg","type":"image\/jpeg"}],"twitter_card":"summary_large_image","twitter_misc":{"Tiempo de lectura":"2 minutos"},"schema":{"@context":"https:\/\/schema.org","@graph":[{"@type":"Article","@id":"https:\/\/cuartetoenlaweb.com.ar\/sitio\/mauro-icardi-y-la-china-suarez-se-fueron-del-pais\/#article","isPartOf":{"@id":"https:\/\/cuartetoenlaweb.com.ar\/sitio\/mauro-icardi-y-la-china-suarez-se-fueron-del-pais\/"},"author":{"name":"","@id":""},"headline":"Mauro Icardi y la China Su\u00e1rez se fueron del pa\u00eds","datePublished":"2025-12-30T16:59:53+00:00","mainEntityOfPage":{"@id":"https:\/\/cuartetoenlaweb.com.ar\/sitio\/mauro-icardi-y-la-china-suarez-se-fueron-del-pais\/"},"wordCount":468,"publisher":{"@id":"http:\/\/cuartetoenlaweb.com.ar\/sitio\/#organization"},"image":{"@id":"https:\/\/cuartetoenlaweb.com.ar\/sitio\/mauro-icardi-y-la-china-suarez-se-fueron-del-pais\/#primaryimage"},"thumbnailUrl":"https:\/\/cuartetoenlaweb.com.ar\/sitio\/wp-content\/uploads\/2025\/12\/720-405.jpeg","articleSection":["PAIS"],"inLanguage":"es"},{"@type":"WebPage","@id":"https:\/\/cuartetoenlaweb.com.ar\/sitio\/mauro-icardi-y-la-china-suarez-se-fueron-del-pais\/","url":"https:\/\/cuartetoenlaweb.com.ar\/sitio\/mauro-icardi-y-la-china-suarez-se-fueron-del-pais\/","name":"Mauro Icardi y la China Su\u00e1rez se fueron del pa\u00eds - Cuarteto en la Web","isPartOf":{"@id":"http:\/\/cuartetoenlaweb.com.ar\/sitio\/#website"},"primaryImageOfPage":{"@id":"https:\/\/cuartetoenlaweb.com.ar\/sitio\/mauro-icardi-y-la-china-suarez-se-fueron-del-pais\/#primaryimage"},"image":{"@id":"https:\/\/cuartetoenlaweb.com.ar\/sitio\/mauro-icardi-y-la-china-suarez-se-fueron-del-pais\/#primaryimage"},"thumbnailUrl":"https:\/\/cuartetoenlaweb.com.ar\/sitio\/wp-content\/uploads\/2025\/12\/720-405.jpeg","datePublished":"2025-12-30T16:59:53+00:00","breadcrumb":{"@id":"https:\/\/cuartetoenlaweb.com.ar\/sitio\/mauro-icardi-y-la-china-suarez-se-fueron-del-pais\/#breadcrumb"},"inLanguage":"es","potentialAction":[{"@type":"ReadAction","target":["https:\/\/cuartetoenlaweb.com.ar\/sitio\/mauro-icardi-y-la-china-suarez-se-fueron-del-pais\/"]}]},{"@type":"ImageObject","inLanguage":"es","@id":"https:\/\/cuartetoenlaweb.com.ar\/sitio\/mauro-icardi-y-la-china-suarez-se-fueron-del-pais\/#primaryimage","url":"https:\/\/cuartetoenlaweb.com.ar\/sitio\/wp-content\/uploads\/2025\/12\/720-405.jpeg","contentUrl":"https:\/\/cuartetoenlaweb.com.ar\/sitio\/wp-content\/uploads\/2025\/12\/720-405.jpeg","width":691,"height":720},{"@type":"BreadcrumbList","@id":"https:\/\/cuartetoenlaweb.com.ar\/sitio\/mauro-icardi-y-la-china-suarez-se-fueron-del-pais\/#breadcrumb","itemListElement":[{"@type":"ListItem","position":1,"name":"Portada","item":"http:\/\/cuartetoenlaweb.com.ar\/sitio\/"},{"@type":"ListItem","position":2,"name":"Mauro Icardi y la China Su\u00e1rez se fueron del pa\u00eds"}]},{"@type":"WebSite","@id":"http:\/\/cuartetoenlaweb.com.ar\/sitio\/#website","url":"http:\/\/cuartetoenlaweb.com.ar\/sitio\/","name":"Cuarteto en la Web","description":"","publisher":{"@id":"http:\/\/cuartetoenlaweb.com.ar\/sitio\/#organization"},"potentialAction":[{"@type":"SearchAction","target":{"@type":"EntryPoint","urlTemplate":"http:\/\/cuartetoenlaweb.com.ar\/sitio\/?s={search_term_string}"},"query-input":{"@type":"PropertyValueSpecification","valueRequired":true,"valueName":"search_term_string"}}],"inLanguage":"es"},{"@type":"Organization","@id":"http:\/\/cuartetoenlaweb.com.ar\/sitio\/#organization","name":"Cuarteto en la Web","url":"http:\/\/cuartetoenlaweb.com.ar\/sitio\/","logo":{"@type":"ImageObject","inLanguage":"es","@id":"http:\/\/cuartetoenlaweb.com.ar\/sitio\/#\/schema\/logo\/image\/","url":"https:\/\/cuartetoenlaweb.com.ar\/sitio\/wp-content\/uploads\/2025\/07\/cropped-cropped-logitoweb21.png","contentUrl":"https:\/\/cuartetoenlaweb.com.ar\/sitio\/wp-content\/uploads\/2025\/07\/cropped-cropped-logitoweb21.png","width":199,"height":199,"caption":"Cuarteto en la Web"},"image":{"@id":"http:\/\/cuartetoenlaweb.com.ar\/sitio\/#\/schema\/logo\/image\/"}}]}},"_links":{"self":[{"href":"https:\/\/cuartetoenlaweb.com.ar\/sitio\/wp-json\/wp\/v2\/posts\/9778","targetHints":{"allow":["GET"]}}],"collection":[{"href":"https:\/\/cuartetoenlaweb.com.ar\/sitio\/wp-json\/wp\/v2\/posts"}],"about":[{"href":"https:\/\/cuartetoenlaweb.com.ar\/sitio\/wp-json\/wp\/v2\/types\/post"}],"replies":[{"embeddable":true,"href":"https:\/\/cuartetoenlaweb.com.ar\/sitio\/wp-json\/wp\/v2\/comments?post=9778"}],"version-history":[{"count":0,"href":"https:\/\/cuartetoenlaweb.com.ar\/sitio\/wp-json\/wp\/v2\/posts\/9778\/revisions"}],"wp:featuredmedia":[{"embeddable":true,"href":"https:\/\/cuartetoenlaweb.com.ar\/sitio\/wp-json\/wp\/v2\/media\/9779"}],"wp:attachment":[{"href":"https:\/\/cuartetoenlaweb.com.ar\/sitio\/wp-json\/wp\/v2\/media?parent=9778"}],"wp:term":[{"taxonomy":"category","embeddable":true,"href":"https:\/\/cuartetoenlaweb.com.ar\/sitio\/wp-json\/wp\/v2\/categories?post=9778"},{"taxonomy":"post_tag","embeddable":true,"href":"https:\/\/cuartetoenlaweb.com.ar\/sitio\/wp-json\/wp\/v2\/tags?post=9778"}],"curies":[{"name":"wp","href":"https:\/\/api.w.org\/{rel}","templated":true}]}}