
{"id":9776,"date":"2025-12-30T13:59:51","date_gmt":"2025-12-30T16:59:51","guid":{"rendered":"https:\/\/cuartetoenlaweb.com.ar\/sitio\/operativos-por-la-ola-de-calor-en-la-ciudad-refugios-climaticos-y-equipos-de-emergencias\/"},"modified":"2025-12-30T13:59:51","modified_gmt":"2025-12-30T16:59:51","slug":"operativos-por-la-ola-de-calor-en-la-ciudad-refugios-climaticos-y-equipos-de-emergencias","status":"publish","type":"post","link":"https:\/\/cuartetoenlaweb.com.ar\/sitio\/operativos-por-la-ola-de-calor-en-la-ciudad-refugios-climaticos-y-equipos-de-emergencias\/","title":{"rendered":"Operativos por la ola de calor en la Ciudad: refugios clim\u00e1ticos y equipos de emergencias"},"content":{"rendered":"<p>Buenos Aires, 30 diciembre (NA) &#8212; La Ciudad de Buenos Aires despleg\u00f3 un operativo especial de prevenci\u00f3n frente a la ola de calor extrema que afecta al distrito y a varias provincias del pa\u00eds. Tras el Alerta Naranja emitido por el Servicio Meteorol\u00f3gico Nacional las autoridades porte\u00f1as informaron que se activ\u00f3 un plan de acci\u00f3n como, por ejemplo, refugios clim\u00e1ticos y equipos de emergencias en las calles.<\/p>\n<p>En todo el territorio porte\u00f1o funcionan m\u00e1s de 250 refugios clim\u00e1ticos acondicionados, donde los vecinos pueden refrescarse y tener un momento de descanso ante el calor. A su vez, se reforzaron todos los equipos de emergencias, como el SAME, incluidos los servicios a\u00e9reos y nocturnos, el cuerpo de Bomberos y Defensa Civil, seg\u00fan supo la Agencia Noticias Argentinas.<\/p>\n<p>\u201cQueremos contarles que la Ciudad tiene un plan de respuesta integrada que nos permite un abordaje profesional, planificado y coordinado, ejecutado por distintas \u00e1reas de Gobierno. Los eventos clim\u00e1ticos extremos se repiten cada vez con mayor frecuencia y la Ciudad est\u00e1 preparada para responder de manera organizada y concreta como nunca antes\u201d, sostuvo el Jefe de Gobierno, Jorge Macri, en una conferencia de prensa.<\/p>\n<p>Tambi\u00e9n destac\u00f3 que se activaron las guardias preventivas por cortes en el suministro el\u00e9ctrico en puntos cr\u00edticos que incluyen el uso de generadores propios, lo que permite, por ejemplo, dar un auxilio r\u00e1pido para destrabar un ascensor, asistir a una persona mayor, a un electrodependiente, o proveer luces de emergencia.<\/p>\n<p>\u201cTodo el sistema est\u00e1 listo para responder de manera profesional cada vez que haga falta. Con todos nuestros equipos, estamos para cuidar lo m\u00e1s valioso que tenemos: la vida y la salud de todos los porte\u00f1os\u201d, agreg\u00f3.<\/p>\n<p>Un punto expuesto es que la situaci\u00f3n est\u00e1 siendo monitoreada en forma permanente para \u201cofrecer la asistencia necesaria en diversos lugares y con distintas acciones, tanto para prevenir como para llegar r\u00e1pido en caso de emergencias\u201d.<\/p>\n<p>Durante la conferencia estuvo acompa\u00f1ado por el titular del SAME, Alberto Crescenti; la subsecretaria de Ambiente, Natalia Persini; el director general de Atenci\u00f3n Primaria del Ministerio de Salud, Diego Vacchino, y el subteniente del cuerpo de Bomberos, Walter Molina.<\/p>\n<p>\u201cLa fuerte ola de calor que atravesamos en estos d\u00edas afecta la vida y la salud de todos los porte\u00f1os. Especialmente a las personas que integran el grupo de riesgo, como chicos y mayores de 65 a\u00f1os. Queremos llevarles tranquilidad a todos\u201d, dijo el Jefe de Gobierno.<\/p>\n<p>Como parte del operativo de prevenci\u00f3n se ampliaron los servicios de atenci\u00f3n que ofrecen las 17 Estaciones Saludables en parques y plazas de la Ciudad, donde los vecinos pueden hidratarse y acceder a controles b\u00e1sicos con equipos especializados.<\/p>\n<p>Los refugios clim\u00e1ticos, que ante el alerta Naranja el Gobierno porte\u00f1o multiplic\u00f3 por tres \u2014de 82 a 250\u2014, son parte de un sistema planificado y distribuido estrat\u00e9gicamente en toda la Ciudad para que cada vecino tenga uno cerca de su casa y pueda asistir si lo necesita.<\/p>\n<p>Por intermedio de Boti (el WhatsApp de la Ciudad: 11-5050-0147), cada vecino puede consultar el refugio que tiene m\u00e1s cerca de su domicilio. El mapa de todos los refugios puede consultarse en: https:\/\/buenosaires.gob.ar\/adaptacion\/red-de-refugios-climaticos-de-la-ciudad-de-buenos-aires<\/p>\n<p>Algunos son espacios cerrados, como edificios p\u00fablicos, bibliotecas, museos, sedes comunales o centros de salud. Otros funcionan al aire libre y ofrecen mucha sombra y abundante vegetaci\u00f3n, y tambi\u00e9n son ideales para refrescarse, como el Jard\u00edn Bot\u00e1nico, los parques Sarmiento, Del Golf y Ol\u00edmpico, y la Reserva Ecol\u00f3gica.<\/p>\n<p>\u201cUn golpe de calor es una emergencia pura y entonces hay que desarrollar una pol\u00edtica de emergencia, y creo que Jorge Macri lo ha expuesto muy bien, esto es una pol\u00edtica de Estado\u201d, dijo el titular del SAME, Alberto Crescenti y sum\u00f3: \u201cDesde el 107 estamos para atenderlos con todos los sistemas de la Ciudad. Tenemos las Fiestas y el alcohol se lleva muy mal con el calor. Por eso, queremos que las Fiestas no las pasen con nosotros, sino con sus familias\u201d. #AgenciaNA<\/p>\n","protected":false},"excerpt":{"rendered":"<p>Buenos Aires, 30 diciembre (NA) &#8212; La Ciudad de Buenos<\/p>\n","protected":false},"author":0,"featured_media":9777,"comment_status":"","ping_status":"","sticky":false,"template":"","format":"standard","meta":{"footnotes":""},"categories":[65],"tags":[],"class_list":["post-9776","post","type-post","status-publish","format-standard","has-post-thumbnail","hentry","category-pais"],"yoast_head":"<!-- This site is optimized with the Yoast SEO plugin v27.4 - https:\/\/yoast.com\/product\/yoast-seo-wordpress\/ -->\n<title>Operativos por la ola de calor en la Ciudad: refugios clim\u00e1ticos y equipos de emergencias - Cuarteto en la Web<\/title>\n<meta name=\"robots\" content=\"index, follow, max-snippet:-1, max-image-preview:large, max-video-preview:-1\" \/>\n<link rel=\"canonical\" href=\"https:\/\/cuartetoenlaweb.com.ar\/sitio\/operativos-por-la-ola-de-calor-en-la-ciudad-refugios-climaticos-y-equipos-de-emergencias\/\" \/>\n<meta property=\"og:locale\" content=\"es_ES\" \/>\n<meta property=\"og:type\" content=\"article\" \/>\n<meta property=\"og:title\" content=\"Operativos por la ola de calor en la Ciudad: refugios clim\u00e1ticos y equipos de emergencias - Cuarteto en la Web\" \/>\n<meta property=\"og:description\" content=\"Buenos Aires, 30 diciembre (NA) &#8212; La Ciudad de Buenos\" \/>\n<meta property=\"og:url\" content=\"https:\/\/cuartetoenlaweb.com.ar\/sitio\/operativos-por-la-ola-de-calor-en-la-ciudad-refugios-climaticos-y-equipos-de-emergencias\/\" \/>\n<meta property=\"og:site_name\" content=\"Cuarteto en la Web\" \/>\n<meta property=\"article:published_time\" content=\"2025-12-30T16:59:51+00:00\" \/>\n<meta property=\"og:image\" content=\"https:\/\/cuartetoenlaweb.com.ar\/sitio\/wp-content\/uploads\/2025\/12\/720-404.jpeg\" \/>\n\t<meta property=\"og:image:width\" content=\"1079\" \/>\n\t<meta property=\"og:image:height\" content=\"720\" \/>\n\t<meta property=\"og:image:type\" content=\"image\/jpeg\" \/>\n<meta name=\"twitter:card\" content=\"summary_large_image\" \/>\n<meta name=\"twitter:label1\" content=\"Tiempo de lectura\" \/>\n\t<meta name=\"twitter:data1\" content=\"3 minutos\" \/>\n<script type=\"application\/ld+json\" class=\"yoast-schema-graph\">{\"@context\":\"https:\\\/\\\/schema.org\",\"@graph\":[{\"@type\":\"Article\",\"@id\":\"https:\\\/\\\/cuartetoenlaweb.com.ar\\\/sitio\\\/operativos-por-la-ola-de-calor-en-la-ciudad-refugios-climaticos-y-equipos-de-emergencias\\\/#article\",\"isPartOf\":{\"@id\":\"https:\\\/\\\/cuartetoenlaweb.com.ar\\\/sitio\\\/operativos-por-la-ola-de-calor-en-la-ciudad-refugios-climaticos-y-equipos-de-emergencias\\\/\"},\"author\":{\"name\":\"\",\"@id\":\"\"},\"headline\":\"Operativos por la ola de calor en la Ciudad: refugios clim\u00e1ticos y equipos de emergencias\",\"datePublished\":\"2025-12-30T16:59:51+00:00\",\"mainEntityOfPage\":{\"@id\":\"https:\\\/\\\/cuartetoenlaweb.com.ar\\\/sitio\\\/operativos-por-la-ola-de-calor-en-la-ciudad-refugios-climaticos-y-equipos-de-emergencias\\\/\"},\"wordCount\":704,\"publisher\":{\"@id\":\"http:\\\/\\\/cuartetoenlaweb.com.ar\\\/sitio\\\/#organization\"},\"image\":{\"@id\":\"https:\\\/\\\/cuartetoenlaweb.com.ar\\\/sitio\\\/operativos-por-la-ola-de-calor-en-la-ciudad-refugios-climaticos-y-equipos-de-emergencias\\\/#primaryimage\"},\"thumbnailUrl\":\"https:\\\/\\\/cuartetoenlaweb.com.ar\\\/sitio\\\/wp-content\\\/uploads\\\/2025\\\/12\\\/720-404.jpeg\",\"articleSection\":[\"PAIS\"],\"inLanguage\":\"es\"},{\"@type\":\"WebPage\",\"@id\":\"https:\\\/\\\/cuartetoenlaweb.com.ar\\\/sitio\\\/operativos-por-la-ola-de-calor-en-la-ciudad-refugios-climaticos-y-equipos-de-emergencias\\\/\",\"url\":\"https:\\\/\\\/cuartetoenlaweb.com.ar\\\/sitio\\\/operativos-por-la-ola-de-calor-en-la-ciudad-refugios-climaticos-y-equipos-de-emergencias\\\/\",\"name\":\"Operativos por la ola de calor en la Ciudad: refugios clim\u00e1ticos y equipos de emergencias - Cuarteto en la Web\",\"isPartOf\":{\"@id\":\"http:\\\/\\\/cuartetoenlaweb.com.ar\\\/sitio\\\/#website\"},\"primaryImageOfPage\":{\"@id\":\"https:\\\/\\\/cuartetoenlaweb.com.ar\\\/sitio\\\/operativos-por-la-ola-de-calor-en-la-ciudad-refugios-climaticos-y-equipos-de-emergencias\\\/#primaryimage\"},\"image\":{\"@id\":\"https:\\\/\\\/cuartetoenlaweb.com.ar\\\/sitio\\\/operativos-por-la-ola-de-calor-en-la-ciudad-refugios-climaticos-y-equipos-de-emergencias\\\/#primaryimage\"},\"thumbnailUrl\":\"https:\\\/\\\/cuartetoenlaweb.com.ar\\\/sitio\\\/wp-content\\\/uploads\\\/2025\\\/12\\\/720-404.jpeg\",\"datePublished\":\"2025-12-30T16:59:51+00:00\",\"breadcrumb\":{\"@id\":\"https:\\\/\\\/cuartetoenlaweb.com.ar\\\/sitio\\\/operativos-por-la-ola-de-calor-en-la-ciudad-refugios-climaticos-y-equipos-de-emergencias\\\/#breadcrumb\"},\"inLanguage\":\"es\",\"potentialAction\":[{\"@type\":\"ReadAction\",\"target\":[\"https:\\\/\\\/cuartetoenlaweb.com.ar\\\/sitio\\\/operativos-por-la-ola-de-calor-en-la-ciudad-refugios-climaticos-y-equipos-de-emergencias\\\/\"]}]},{\"@type\":\"ImageObject\",\"inLanguage\":\"es\",\"@id\":\"https:\\\/\\\/cuartetoenlaweb.com.ar\\\/sitio\\\/operativos-por-la-ola-de-calor-en-la-ciudad-refugios-climaticos-y-equipos-de-emergencias\\\/#primaryimage\",\"url\":\"https:\\\/\\\/cuartetoenlaweb.com.ar\\\/sitio\\\/wp-content\\\/uploads\\\/2025\\\/12\\\/720-404.jpeg\",\"contentUrl\":\"https:\\\/\\\/cuartetoenlaweb.com.ar\\\/sitio\\\/wp-content\\\/uploads\\\/2025\\\/12\\\/720-404.jpeg\",\"width\":1079,\"height\":720},{\"@type\":\"BreadcrumbList\",\"@id\":\"https:\\\/\\\/cuartetoenlaweb.com.ar\\\/sitio\\\/operativos-por-la-ola-de-calor-en-la-ciudad-refugios-climaticos-y-equipos-de-emergencias\\\/#breadcrumb\",\"itemListElement\":[{\"@type\":\"ListItem\",\"position\":1,\"name\":\"Portada\",\"item\":\"http:\\\/\\\/cuartetoenlaweb.com.ar\\\/sitio\\\/\"},{\"@type\":\"ListItem\",\"position\":2,\"name\":\"Operativos por la ola de calor en la Ciudad: refugios clim\u00e1ticos y equipos de emergencias\"}]},{\"@type\":\"WebSite\",\"@id\":\"http:\\\/\\\/cuartetoenlaweb.com.ar\\\/sitio\\\/#website\",\"url\":\"http:\\\/\\\/cuartetoenlaweb.com.ar\\\/sitio\\\/\",\"name\":\"Cuarteto en la Web\",\"description\":\"\",\"publisher\":{\"@id\":\"http:\\\/\\\/cuartetoenlaweb.com.ar\\\/sitio\\\/#organization\"},\"potentialAction\":[{\"@type\":\"SearchAction\",\"target\":{\"@type\":\"EntryPoint\",\"urlTemplate\":\"http:\\\/\\\/cuartetoenlaweb.com.ar\\\/sitio\\\/?s={search_term_string}\"},\"query-input\":{\"@type\":\"PropertyValueSpecification\",\"valueRequired\":true,\"valueName\":\"search_term_string\"}}],\"inLanguage\":\"es\"},{\"@type\":\"Organization\",\"@id\":\"http:\\\/\\\/cuartetoenlaweb.com.ar\\\/sitio\\\/#organization\",\"name\":\"Cuarteto en la Web\",\"url\":\"http:\\\/\\\/cuartetoenlaweb.com.ar\\\/sitio\\\/\",\"logo\":{\"@type\":\"ImageObject\",\"inLanguage\":\"es\",\"@id\":\"http:\\\/\\\/cuartetoenlaweb.com.ar\\\/sitio\\\/#\\\/schema\\\/logo\\\/image\\\/\",\"url\":\"https:\\\/\\\/cuartetoenlaweb.com.ar\\\/sitio\\\/wp-content\\\/uploads\\\/2025\\\/07\\\/cropped-cropped-logitoweb21.png\",\"contentUrl\":\"https:\\\/\\\/cuartetoenlaweb.com.ar\\\/sitio\\\/wp-content\\\/uploads\\\/2025\\\/07\\\/cropped-cropped-logitoweb21.png\",\"width\":199,\"height\":199,\"caption\":\"Cuarteto en la Web\"},\"image\":{\"@id\":\"http:\\\/\\\/cuartetoenlaweb.com.ar\\\/sitio\\\/#\\\/schema\\\/logo\\\/image\\\/\"}}]}<\/script>\n<!-- \/ Yoast SEO plugin. -->","yoast_head_json":{"title":"Operativos por la ola de calor en la Ciudad: refugios clim\u00e1ticos y equipos de emergencias - Cuarteto en la Web","robots":{"index":"index","follow":"follow","max-snippet":"max-snippet:-1","max-image-preview":"max-image-preview:large","max-video-preview":"max-video-preview:-1"},"canonical":"https:\/\/cuartetoenlaweb.com.ar\/sitio\/operativos-por-la-ola-de-calor-en-la-ciudad-refugios-climaticos-y-equipos-de-emergencias\/","og_locale":"es_ES","og_type":"article","og_title":"Operativos por la ola de calor en la Ciudad: refugios clim\u00e1ticos y equipos de emergencias - Cuarteto en la Web","og_description":"Buenos Aires, 30 diciembre (NA) &#8212; La Ciudad de Buenos","og_url":"https:\/\/cuartetoenlaweb.com.ar\/sitio\/operativos-por-la-ola-de-calor-en-la-ciudad-refugios-climaticos-y-equipos-de-emergencias\/","og_site_name":"Cuarteto en la Web","article_published_time":"2025-12-30T16:59:51+00:00","og_image":[{"width":1079,"height":720,"url":"https:\/\/cuartetoenlaweb.com.ar\/sitio\/wp-content\/uploads\/2025\/12\/720-404.jpeg","type":"image\/jpeg"}],"twitter_card":"summary_large_image","twitter_misc":{"Tiempo de lectura":"3 minutos"},"schema":{"@context":"https:\/\/schema.org","@graph":[{"@type":"Article","@id":"https:\/\/cuartetoenlaweb.com.ar\/sitio\/operativos-por-la-ola-de-calor-en-la-ciudad-refugios-climaticos-y-equipos-de-emergencias\/#article","isPartOf":{"@id":"https:\/\/cuartetoenlaweb.com.ar\/sitio\/operativos-por-la-ola-de-calor-en-la-ciudad-refugios-climaticos-y-equipos-de-emergencias\/"},"author":{"name":"","@id":""},"headline":"Operativos por la ola de calor en la Ciudad: refugios clim\u00e1ticos y equipos de emergencias","datePublished":"2025-12-30T16:59:51+00:00","mainEntityOfPage":{"@id":"https:\/\/cuartetoenlaweb.com.ar\/sitio\/operativos-por-la-ola-de-calor-en-la-ciudad-refugios-climaticos-y-equipos-de-emergencias\/"},"wordCount":704,"publisher":{"@id":"http:\/\/cuartetoenlaweb.com.ar\/sitio\/#organization"},"image":{"@id":"https:\/\/cuartetoenlaweb.com.ar\/sitio\/operativos-por-la-ola-de-calor-en-la-ciudad-refugios-climaticos-y-equipos-de-emergencias\/#primaryimage"},"thumbnailUrl":"https:\/\/cuartetoenlaweb.com.ar\/sitio\/wp-content\/uploads\/2025\/12\/720-404.jpeg","articleSection":["PAIS"],"inLanguage":"es"},{"@type":"WebPage","@id":"https:\/\/cuartetoenlaweb.com.ar\/sitio\/operativos-por-la-ola-de-calor-en-la-ciudad-refugios-climaticos-y-equipos-de-emergencias\/","url":"https:\/\/cuartetoenlaweb.com.ar\/sitio\/operativos-por-la-ola-de-calor-en-la-ciudad-refugios-climaticos-y-equipos-de-emergencias\/","name":"Operativos por la ola de calor en la Ciudad: refugios clim\u00e1ticos y equipos de emergencias - Cuarteto en la Web","isPartOf":{"@id":"http:\/\/cuartetoenlaweb.com.ar\/sitio\/#website"},"primaryImageOfPage":{"@id":"https:\/\/cuartetoenlaweb.com.ar\/sitio\/operativos-por-la-ola-de-calor-en-la-ciudad-refugios-climaticos-y-equipos-de-emergencias\/#primaryimage"},"image":{"@id":"https:\/\/cuartetoenlaweb.com.ar\/sitio\/operativos-por-la-ola-de-calor-en-la-ciudad-refugios-climaticos-y-equipos-de-emergencias\/#primaryimage"},"thumbnailUrl":"https:\/\/cuartetoenlaweb.com.ar\/sitio\/wp-content\/uploads\/2025\/12\/720-404.jpeg","datePublished":"2025-12-30T16:59:51+00:00","breadcrumb":{"@id":"https:\/\/cuartetoenlaweb.com.ar\/sitio\/operativos-por-la-ola-de-calor-en-la-ciudad-refugios-climaticos-y-equipos-de-emergencias\/#breadcrumb"},"inLanguage":"es","potentialAction":[{"@type":"ReadAction","target":["https:\/\/cuartetoenlaweb.com.ar\/sitio\/operativos-por-la-ola-de-calor-en-la-ciudad-refugios-climaticos-y-equipos-de-emergencias\/"]}]},{"@type":"ImageObject","inLanguage":"es","@id":"https:\/\/cuartetoenlaweb.com.ar\/sitio\/operativos-por-la-ola-de-calor-en-la-ciudad-refugios-climaticos-y-equipos-de-emergencias\/#primaryimage","url":"https:\/\/cuartetoenlaweb.com.ar\/sitio\/wp-content\/uploads\/2025\/12\/720-404.jpeg","contentUrl":"https:\/\/cuartetoenlaweb.com.ar\/sitio\/wp-content\/uploads\/2025\/12\/720-404.jpeg","width":1079,"height":720},{"@type":"BreadcrumbList","@id":"https:\/\/cuartetoenlaweb.com.ar\/sitio\/operativos-por-la-ola-de-calor-en-la-ciudad-refugios-climaticos-y-equipos-de-emergencias\/#breadcrumb","itemListElement":[{"@type":"ListItem","position":1,"name":"Portada","item":"http:\/\/cuartetoenlaweb.com.ar\/sitio\/"},{"@type":"ListItem","position":2,"name":"Operativos por la ola de calor en la Ciudad: refugios clim\u00e1ticos y equipos de emergencias"}]},{"@type":"WebSite","@id":"http:\/\/cuartetoenlaweb.com.ar\/sitio\/#website","url":"http:\/\/cuartetoenlaweb.com.ar\/sitio\/","name":"Cuarteto en la Web","description":"","publisher":{"@id":"http:\/\/cuartetoenlaweb.com.ar\/sitio\/#organization"},"potentialAction":[{"@type":"SearchAction","target":{"@type":"EntryPoint","urlTemplate":"http:\/\/cuartetoenlaweb.com.ar\/sitio\/?s={search_term_string}"},"query-input":{"@type":"PropertyValueSpecification","valueRequired":true,"valueName":"search_term_string"}}],"inLanguage":"es"},{"@type":"Organization","@id":"http:\/\/cuartetoenlaweb.com.ar\/sitio\/#organization","name":"Cuarteto en la Web","url":"http:\/\/cuartetoenlaweb.com.ar\/sitio\/","logo":{"@type":"ImageObject","inLanguage":"es","@id":"http:\/\/cuartetoenlaweb.com.ar\/sitio\/#\/schema\/logo\/image\/","url":"https:\/\/cuartetoenlaweb.com.ar\/sitio\/wp-content\/uploads\/2025\/07\/cropped-cropped-logitoweb21.png","contentUrl":"https:\/\/cuartetoenlaweb.com.ar\/sitio\/wp-content\/uploads\/2025\/07\/cropped-cropped-logitoweb21.png","width":199,"height":199,"caption":"Cuarteto en la Web"},"image":{"@id":"http:\/\/cuartetoenlaweb.com.ar\/sitio\/#\/schema\/logo\/image\/"}}]}},"_links":{"self":[{"href":"https:\/\/cuartetoenlaweb.com.ar\/sitio\/wp-json\/wp\/v2\/posts\/9776","targetHints":{"allow":["GET"]}}],"collection":[{"href":"https:\/\/cuartetoenlaweb.com.ar\/sitio\/wp-json\/wp\/v2\/posts"}],"about":[{"href":"https:\/\/cuartetoenlaweb.com.ar\/sitio\/wp-json\/wp\/v2\/types\/post"}],"replies":[{"embeddable":true,"href":"https:\/\/cuartetoenlaweb.com.ar\/sitio\/wp-json\/wp\/v2\/comments?post=9776"}],"version-history":[{"count":0,"href":"https:\/\/cuartetoenlaweb.com.ar\/sitio\/wp-json\/wp\/v2\/posts\/9776\/revisions"}],"wp:featuredmedia":[{"embeddable":true,"href":"https:\/\/cuartetoenlaweb.com.ar\/sitio\/wp-json\/wp\/v2\/media\/9777"}],"wp:attachment":[{"href":"https:\/\/cuartetoenlaweb.com.ar\/sitio\/wp-json\/wp\/v2\/media?parent=9776"}],"wp:term":[{"taxonomy":"category","embeddable":true,"href":"https:\/\/cuartetoenlaweb.com.ar\/sitio\/wp-json\/wp\/v2\/categories?post=9776"},{"taxonomy":"post_tag","embeddable":true,"href":"https:\/\/cuartetoenlaweb.com.ar\/sitio\/wp-json\/wp\/v2\/tags?post=9776"}],"curies":[{"name":"wp","href":"https:\/\/api.w.org\/{rel}","templated":true}]}}