
{"id":9774,"date":"2025-12-30T13:59:48","date_gmt":"2025-12-30T16:59:48","guid":{"rendered":"https:\/\/cuartetoenlaweb.com.ar\/sitio\/facundo-moyano-envuelto-en-una-nueva-polemica-sobre-su-relacion-con-solana-sanchez\/"},"modified":"2025-12-30T13:59:48","modified_gmt":"2025-12-30T16:59:48","slug":"facundo-moyano-envuelto-en-una-nueva-polemica-sobre-su-relacion-con-solana-sanchez","status":"publish","type":"post","link":"https:\/\/cuartetoenlaweb.com.ar\/sitio\/facundo-moyano-envuelto-en-una-nueva-polemica-sobre-su-relacion-con-solana-sanchez\/","title":{"rendered":"Facundo Moyano envuelto en una nueva pol\u00e9mica sobre su relaci\u00f3n con Solana S\u00e1nchez"},"content":{"rendered":"<p>Buenos Aires, 30 diciembre (NA) \u2013 Facundo Moyano volvi\u00f3 a quedar en el centro de la escena medi\u00e1tica luego de que se conocieran nuevos detalles sobre su reciente romance con Solana S\u00e1nchez, v\u00ednculo que habr\u00eda generado sorpresa y malestar dentro de su c\u00edrculo cercano.<\/p>\n<p>Seg\u00fan supo la Agencia Noticias Argentinas, la informaci\u00f3n fue ampliada en el programa Puro Show, donde los panelistas revelaron que, tras investigar el entorno del ex diputado, descubrieron que la nueva pareja de Moyano pertenec\u00eda a su mismo grupo social desde hace varios a\u00f1os.<\/p>\n<p>Seg\u00fan explicaron al aire, Moyano, Solana S\u00e1nchez y Federico Dacal, ex novio de la joven, compart\u00edan reuniones, cenas y celebraciones familiares.<\/p>\n<p>De acuerdo con lo relatado, Dacal y Moyano manten\u00edan una relaci\u00f3n de amistad y sus respectivas parejas tambi\u00e9n formaban parte del mismo c\u00edrculo.<\/p>\n<p>Incluso, se mostraron im\u00e1genes de encuentros sociales, como celebraciones de A\u00f1o Nuevo, donde compart\u00edan tiempo juntos junto a Eva Bargiela, ex pareja de Moyano.<\/p>\n<p>El dato que despert\u00f3 la investigaci\u00f3n fue que Bargiela continuaba siguiendo en redes sociales a Solana S\u00e1nchez, algo que llam\u00f3 la atenci\u00f3n de la producci\u00f3n del programa.<\/p>\n<p>A partir de all\u00ed, comenzaron a reconstruirse los v\u00ednculos previos entre todos los involucrados y se confirm\u00f3 que S\u00e1nchez hab\u00eda sido pareja de Dacal antes de iniciar su relaci\u00f3n con Moyano.<\/p>\n<p>Seg\u00fan contaron en el ciclo, la pareja actual viaj\u00f3 recientemente a Nueva York y se hosped\u00f3 en el exclusivo Baccarat Hotel New York, cuyas tarifas oscilan entre los 1.800 y los 3.500 d\u00f3lares por noche.<\/p>\n<p>Durante ese viaje, Solana habr\u00eda compartido una historia en Instagram donde aparec\u00eda Moyano, video que fue eliminado poco despu\u00e9s y que tampoco qued\u00f3 fijado entre sus destacados.<\/p>\n<p>Los panelistas se\u00f1alaron que el gesto de borrar el contenido y bloquear cuentas period\u00edsticas reforz\u00f3 la idea de que el v\u00ednculo va m\u00e1s all\u00e1 de una simple amistad.<\/p>\n<p>Adem\u00e1s, destacaron actitudes del propio Moyano en el video, interpretadas como una se\u00f1al de intimidad entre ambos.<\/p>\n<p>En paralelo, se revel\u00f3 que Moyano ya hab\u00eda frecuentado ese mismo hotel con parejas anteriores, incluida Eva Bargiela, lo que gener\u00f3 comentarios sobre una conducta reiterada.<\/p>\n<p>Tambi\u00e9n se record\u00f3 que el ex funcionario hab\u00eda sido vinculado en el pasado con otras figuras del espect\u00e1culo, como Majo Martino.<\/p>\n<p>Otro punto que gener\u00f3 controversia fue el supuesto malestar de Federico Dacal ante la noticia, ya que, si bien actualmente se encuentra de viaje en Jap\u00f3n y no realiz\u00f3 declaraciones p\u00fablicas, los panelistas aseguraron que intentaron contactarlo sin \u00e9xito.<\/p>\n<p>Seg\u00fan trascendi\u00f3, la situaci\u00f3n habr\u00eda sido sorpresiva para \u00e9l, teniendo en cuenta el v\u00ednculo previo con Moyano.<\/p>\n<p>Desde el entorno de Eva Bargiela, en tanto, indicaron que la modelo no se habr\u00eda sorprendido por la situaci\u00f3n, ya que, durante su relaci\u00f3n Moyano, habr\u00eda mostrado actitudes similares, incluyendo acercamientos a amigas de ella mientras a\u00fan estaban en pareja.<\/p>\n<p>Finalmente, tambi\u00e9n se mencion\u00f3 que este tipo de exposiciones p\u00fablicas no ser\u00edan bien recibidas por el entorno familiar del dirigente pol\u00edtico, que hist\u00f3ricamente habr\u00eda preferido un perfil m\u00e1s bajo, especialmente en contextos donde se exhiben viajes de lujo y gastos elevados.<\/p>\n<p>#AgenciaNA<\/p>\n","protected":false},"excerpt":{"rendered":"<p>Buenos Aires, 30 diciembre (NA) \u2013 Facundo Moyano volvi\u00f3 a<\/p>\n","protected":false},"author":0,"featured_media":9775,"comment_status":"","ping_status":"","sticky":false,"template":"","format":"standard","meta":{"footnotes":""},"categories":[65],"tags":[],"class_list":["post-9774","post","type-post","status-publish","format-standard","has-post-thumbnail","hentry","category-pais"],"yoast_head":"<!-- This site is optimized with the Yoast SEO plugin v27.4 - https:\/\/yoast.com\/product\/yoast-seo-wordpress\/ -->\n<title>Facundo Moyano envuelto en una nueva pol\u00e9mica sobre su relaci\u00f3n con Solana S\u00e1nchez - Cuarteto en la Web<\/title>\n<meta name=\"robots\" content=\"index, follow, max-snippet:-1, max-image-preview:large, max-video-preview:-1\" \/>\n<link rel=\"canonical\" href=\"https:\/\/cuartetoenlaweb.com.ar\/sitio\/facundo-moyano-envuelto-en-una-nueva-polemica-sobre-su-relacion-con-solana-sanchez\/\" \/>\n<meta property=\"og:locale\" content=\"es_ES\" \/>\n<meta property=\"og:type\" content=\"article\" \/>\n<meta property=\"og:title\" content=\"Facundo Moyano envuelto en una nueva pol\u00e9mica sobre su relaci\u00f3n con Solana S\u00e1nchez - Cuarteto en la Web\" \/>\n<meta property=\"og:description\" content=\"Buenos Aires, 30 diciembre (NA) \u2013 Facundo Moyano volvi\u00f3 a\" \/>\n<meta property=\"og:url\" content=\"https:\/\/cuartetoenlaweb.com.ar\/sitio\/facundo-moyano-envuelto-en-una-nueva-polemica-sobre-su-relacion-con-solana-sanchez\/\" \/>\n<meta property=\"og:site_name\" content=\"Cuarteto en la Web\" \/>\n<meta property=\"article:published_time\" content=\"2025-12-30T16:59:48+00:00\" \/>\n<meta property=\"og:image\" content=\"https:\/\/cuartetoenlaweb.com.ar\/sitio\/wp-content\/uploads\/2025\/12\/720-403.jpeg\" \/>\n\t<meta property=\"og:image:width\" content=\"1280\" \/>\n\t<meta property=\"og:image:height\" content=\"720\" \/>\n\t<meta property=\"og:image:type\" content=\"image\/jpeg\" \/>\n<meta name=\"twitter:card\" content=\"summary_large_image\" \/>\n<meta name=\"twitter:label1\" content=\"Tiempo de lectura\" \/>\n\t<meta name=\"twitter:data1\" content=\"3 minutos\" \/>\n<script type=\"application\/ld+json\" class=\"yoast-schema-graph\">{\"@context\":\"https:\\\/\\\/schema.org\",\"@graph\":[{\"@type\":\"Article\",\"@id\":\"https:\\\/\\\/cuartetoenlaweb.com.ar\\\/sitio\\\/facundo-moyano-envuelto-en-una-nueva-polemica-sobre-su-relacion-con-solana-sanchez\\\/#article\",\"isPartOf\":{\"@id\":\"https:\\\/\\\/cuartetoenlaweb.com.ar\\\/sitio\\\/facundo-moyano-envuelto-en-una-nueva-polemica-sobre-su-relacion-con-solana-sanchez\\\/\"},\"author\":{\"name\":\"\",\"@id\":\"\"},\"headline\":\"Facundo Moyano envuelto en una nueva pol\u00e9mica sobre su relaci\u00f3n con Solana S\u00e1nchez\",\"datePublished\":\"2025-12-30T16:59:48+00:00\",\"mainEntityOfPage\":{\"@id\":\"https:\\\/\\\/cuartetoenlaweb.com.ar\\\/sitio\\\/facundo-moyano-envuelto-en-una-nueva-polemica-sobre-su-relacion-con-solana-sanchez\\\/\"},\"wordCount\":578,\"publisher\":{\"@id\":\"http:\\\/\\\/cuartetoenlaweb.com.ar\\\/sitio\\\/#organization\"},\"image\":{\"@id\":\"https:\\\/\\\/cuartetoenlaweb.com.ar\\\/sitio\\\/facundo-moyano-envuelto-en-una-nueva-polemica-sobre-su-relacion-con-solana-sanchez\\\/#primaryimage\"},\"thumbnailUrl\":\"https:\\\/\\\/cuartetoenlaweb.com.ar\\\/sitio\\\/wp-content\\\/uploads\\\/2025\\\/12\\\/720-403.jpeg\",\"articleSection\":[\"PAIS\"],\"inLanguage\":\"es\"},{\"@type\":\"WebPage\",\"@id\":\"https:\\\/\\\/cuartetoenlaweb.com.ar\\\/sitio\\\/facundo-moyano-envuelto-en-una-nueva-polemica-sobre-su-relacion-con-solana-sanchez\\\/\",\"url\":\"https:\\\/\\\/cuartetoenlaweb.com.ar\\\/sitio\\\/facundo-moyano-envuelto-en-una-nueva-polemica-sobre-su-relacion-con-solana-sanchez\\\/\",\"name\":\"Facundo Moyano envuelto en una nueva pol\u00e9mica sobre su relaci\u00f3n con Solana S\u00e1nchez - Cuarteto en la Web\",\"isPartOf\":{\"@id\":\"http:\\\/\\\/cuartetoenlaweb.com.ar\\\/sitio\\\/#website\"},\"primaryImageOfPage\":{\"@id\":\"https:\\\/\\\/cuartetoenlaweb.com.ar\\\/sitio\\\/facundo-moyano-envuelto-en-una-nueva-polemica-sobre-su-relacion-con-solana-sanchez\\\/#primaryimage\"},\"image\":{\"@id\":\"https:\\\/\\\/cuartetoenlaweb.com.ar\\\/sitio\\\/facundo-moyano-envuelto-en-una-nueva-polemica-sobre-su-relacion-con-solana-sanchez\\\/#primaryimage\"},\"thumbnailUrl\":\"https:\\\/\\\/cuartetoenlaweb.com.ar\\\/sitio\\\/wp-content\\\/uploads\\\/2025\\\/12\\\/720-403.jpeg\",\"datePublished\":\"2025-12-30T16:59:48+00:00\",\"breadcrumb\":{\"@id\":\"https:\\\/\\\/cuartetoenlaweb.com.ar\\\/sitio\\\/facundo-moyano-envuelto-en-una-nueva-polemica-sobre-su-relacion-con-solana-sanchez\\\/#breadcrumb\"},\"inLanguage\":\"es\",\"potentialAction\":[{\"@type\":\"ReadAction\",\"target\":[\"https:\\\/\\\/cuartetoenlaweb.com.ar\\\/sitio\\\/facundo-moyano-envuelto-en-una-nueva-polemica-sobre-su-relacion-con-solana-sanchez\\\/\"]}]},{\"@type\":\"ImageObject\",\"inLanguage\":\"es\",\"@id\":\"https:\\\/\\\/cuartetoenlaweb.com.ar\\\/sitio\\\/facundo-moyano-envuelto-en-una-nueva-polemica-sobre-su-relacion-con-solana-sanchez\\\/#primaryimage\",\"url\":\"https:\\\/\\\/cuartetoenlaweb.com.ar\\\/sitio\\\/wp-content\\\/uploads\\\/2025\\\/12\\\/720-403.jpeg\",\"contentUrl\":\"https:\\\/\\\/cuartetoenlaweb.com.ar\\\/sitio\\\/wp-content\\\/uploads\\\/2025\\\/12\\\/720-403.jpeg\",\"width\":1280,\"height\":720},{\"@type\":\"BreadcrumbList\",\"@id\":\"https:\\\/\\\/cuartetoenlaweb.com.ar\\\/sitio\\\/facundo-moyano-envuelto-en-una-nueva-polemica-sobre-su-relacion-con-solana-sanchez\\\/#breadcrumb\",\"itemListElement\":[{\"@type\":\"ListItem\",\"position\":1,\"name\":\"Portada\",\"item\":\"http:\\\/\\\/cuartetoenlaweb.com.ar\\\/sitio\\\/\"},{\"@type\":\"ListItem\",\"position\":2,\"name\":\"Facundo Moyano envuelto en una nueva pol\u00e9mica sobre su relaci\u00f3n con Solana S\u00e1nchez\"}]},{\"@type\":\"WebSite\",\"@id\":\"http:\\\/\\\/cuartetoenlaweb.com.ar\\\/sitio\\\/#website\",\"url\":\"http:\\\/\\\/cuartetoenlaweb.com.ar\\\/sitio\\\/\",\"name\":\"Cuarteto en la Web\",\"description\":\"\",\"publisher\":{\"@id\":\"http:\\\/\\\/cuartetoenlaweb.com.ar\\\/sitio\\\/#organization\"},\"potentialAction\":[{\"@type\":\"SearchAction\",\"target\":{\"@type\":\"EntryPoint\",\"urlTemplate\":\"http:\\\/\\\/cuartetoenlaweb.com.ar\\\/sitio\\\/?s={search_term_string}\"},\"query-input\":{\"@type\":\"PropertyValueSpecification\",\"valueRequired\":true,\"valueName\":\"search_term_string\"}}],\"inLanguage\":\"es\"},{\"@type\":\"Organization\",\"@id\":\"http:\\\/\\\/cuartetoenlaweb.com.ar\\\/sitio\\\/#organization\",\"name\":\"Cuarteto en la Web\",\"url\":\"http:\\\/\\\/cuartetoenlaweb.com.ar\\\/sitio\\\/\",\"logo\":{\"@type\":\"ImageObject\",\"inLanguage\":\"es\",\"@id\":\"http:\\\/\\\/cuartetoenlaweb.com.ar\\\/sitio\\\/#\\\/schema\\\/logo\\\/image\\\/\",\"url\":\"https:\\\/\\\/cuartetoenlaweb.com.ar\\\/sitio\\\/wp-content\\\/uploads\\\/2025\\\/07\\\/cropped-cropped-logitoweb21.png\",\"contentUrl\":\"https:\\\/\\\/cuartetoenlaweb.com.ar\\\/sitio\\\/wp-content\\\/uploads\\\/2025\\\/07\\\/cropped-cropped-logitoweb21.png\",\"width\":199,\"height\":199,\"caption\":\"Cuarteto en la Web\"},\"image\":{\"@id\":\"http:\\\/\\\/cuartetoenlaweb.com.ar\\\/sitio\\\/#\\\/schema\\\/logo\\\/image\\\/\"}}]}<\/script>\n<!-- \/ Yoast SEO plugin. -->","yoast_head_json":{"title":"Facundo Moyano envuelto en una nueva pol\u00e9mica sobre su relaci\u00f3n con Solana S\u00e1nchez - Cuarteto en la Web","robots":{"index":"index","follow":"follow","max-snippet":"max-snippet:-1","max-image-preview":"max-image-preview:large","max-video-preview":"max-video-preview:-1"},"canonical":"https:\/\/cuartetoenlaweb.com.ar\/sitio\/facundo-moyano-envuelto-en-una-nueva-polemica-sobre-su-relacion-con-solana-sanchez\/","og_locale":"es_ES","og_type":"article","og_title":"Facundo Moyano envuelto en una nueva pol\u00e9mica sobre su relaci\u00f3n con Solana S\u00e1nchez - Cuarteto en la Web","og_description":"Buenos Aires, 30 diciembre (NA) \u2013 Facundo Moyano volvi\u00f3 a","og_url":"https:\/\/cuartetoenlaweb.com.ar\/sitio\/facundo-moyano-envuelto-en-una-nueva-polemica-sobre-su-relacion-con-solana-sanchez\/","og_site_name":"Cuarteto en la Web","article_published_time":"2025-12-30T16:59:48+00:00","og_image":[{"width":1280,"height":720,"url":"https:\/\/cuartetoenlaweb.com.ar\/sitio\/wp-content\/uploads\/2025\/12\/720-403.jpeg","type":"image\/jpeg"}],"twitter_card":"summary_large_image","twitter_misc":{"Tiempo de lectura":"3 minutos"},"schema":{"@context":"https:\/\/schema.org","@graph":[{"@type":"Article","@id":"https:\/\/cuartetoenlaweb.com.ar\/sitio\/facundo-moyano-envuelto-en-una-nueva-polemica-sobre-su-relacion-con-solana-sanchez\/#article","isPartOf":{"@id":"https:\/\/cuartetoenlaweb.com.ar\/sitio\/facundo-moyano-envuelto-en-una-nueva-polemica-sobre-su-relacion-con-solana-sanchez\/"},"author":{"name":"","@id":""},"headline":"Facundo Moyano envuelto en una nueva pol\u00e9mica sobre su relaci\u00f3n con Solana S\u00e1nchez","datePublished":"2025-12-30T16:59:48+00:00","mainEntityOfPage":{"@id":"https:\/\/cuartetoenlaweb.com.ar\/sitio\/facundo-moyano-envuelto-en-una-nueva-polemica-sobre-su-relacion-con-solana-sanchez\/"},"wordCount":578,"publisher":{"@id":"http:\/\/cuartetoenlaweb.com.ar\/sitio\/#organization"},"image":{"@id":"https:\/\/cuartetoenlaweb.com.ar\/sitio\/facundo-moyano-envuelto-en-una-nueva-polemica-sobre-su-relacion-con-solana-sanchez\/#primaryimage"},"thumbnailUrl":"https:\/\/cuartetoenlaweb.com.ar\/sitio\/wp-content\/uploads\/2025\/12\/720-403.jpeg","articleSection":["PAIS"],"inLanguage":"es"},{"@type":"WebPage","@id":"https:\/\/cuartetoenlaweb.com.ar\/sitio\/facundo-moyano-envuelto-en-una-nueva-polemica-sobre-su-relacion-con-solana-sanchez\/","url":"https:\/\/cuartetoenlaweb.com.ar\/sitio\/facundo-moyano-envuelto-en-una-nueva-polemica-sobre-su-relacion-con-solana-sanchez\/","name":"Facundo Moyano envuelto en una nueva pol\u00e9mica sobre su relaci\u00f3n con Solana S\u00e1nchez - Cuarteto en la Web","isPartOf":{"@id":"http:\/\/cuartetoenlaweb.com.ar\/sitio\/#website"},"primaryImageOfPage":{"@id":"https:\/\/cuartetoenlaweb.com.ar\/sitio\/facundo-moyano-envuelto-en-una-nueva-polemica-sobre-su-relacion-con-solana-sanchez\/#primaryimage"},"image":{"@id":"https:\/\/cuartetoenlaweb.com.ar\/sitio\/facundo-moyano-envuelto-en-una-nueva-polemica-sobre-su-relacion-con-solana-sanchez\/#primaryimage"},"thumbnailUrl":"https:\/\/cuartetoenlaweb.com.ar\/sitio\/wp-content\/uploads\/2025\/12\/720-403.jpeg","datePublished":"2025-12-30T16:59:48+00:00","breadcrumb":{"@id":"https:\/\/cuartetoenlaweb.com.ar\/sitio\/facundo-moyano-envuelto-en-una-nueva-polemica-sobre-su-relacion-con-solana-sanchez\/#breadcrumb"},"inLanguage":"es","potentialAction":[{"@type":"ReadAction","target":["https:\/\/cuartetoenlaweb.com.ar\/sitio\/facundo-moyano-envuelto-en-una-nueva-polemica-sobre-su-relacion-con-solana-sanchez\/"]}]},{"@type":"ImageObject","inLanguage":"es","@id":"https:\/\/cuartetoenlaweb.com.ar\/sitio\/facundo-moyano-envuelto-en-una-nueva-polemica-sobre-su-relacion-con-solana-sanchez\/#primaryimage","url":"https:\/\/cuartetoenlaweb.com.ar\/sitio\/wp-content\/uploads\/2025\/12\/720-403.jpeg","contentUrl":"https:\/\/cuartetoenlaweb.com.ar\/sitio\/wp-content\/uploads\/2025\/12\/720-403.jpeg","width":1280,"height":720},{"@type":"BreadcrumbList","@id":"https:\/\/cuartetoenlaweb.com.ar\/sitio\/facundo-moyano-envuelto-en-una-nueva-polemica-sobre-su-relacion-con-solana-sanchez\/#breadcrumb","itemListElement":[{"@type":"ListItem","position":1,"name":"Portada","item":"http:\/\/cuartetoenlaweb.com.ar\/sitio\/"},{"@type":"ListItem","position":2,"name":"Facundo Moyano envuelto en una nueva pol\u00e9mica sobre su relaci\u00f3n con Solana S\u00e1nchez"}]},{"@type":"WebSite","@id":"http:\/\/cuartetoenlaweb.com.ar\/sitio\/#website","url":"http:\/\/cuartetoenlaweb.com.ar\/sitio\/","name":"Cuarteto en la Web","description":"","publisher":{"@id":"http:\/\/cuartetoenlaweb.com.ar\/sitio\/#organization"},"potentialAction":[{"@type":"SearchAction","target":{"@type":"EntryPoint","urlTemplate":"http:\/\/cuartetoenlaweb.com.ar\/sitio\/?s={search_term_string}"},"query-input":{"@type":"PropertyValueSpecification","valueRequired":true,"valueName":"search_term_string"}}],"inLanguage":"es"},{"@type":"Organization","@id":"http:\/\/cuartetoenlaweb.com.ar\/sitio\/#organization","name":"Cuarteto en la Web","url":"http:\/\/cuartetoenlaweb.com.ar\/sitio\/","logo":{"@type":"ImageObject","inLanguage":"es","@id":"http:\/\/cuartetoenlaweb.com.ar\/sitio\/#\/schema\/logo\/image\/","url":"https:\/\/cuartetoenlaweb.com.ar\/sitio\/wp-content\/uploads\/2025\/07\/cropped-cropped-logitoweb21.png","contentUrl":"https:\/\/cuartetoenlaweb.com.ar\/sitio\/wp-content\/uploads\/2025\/07\/cropped-cropped-logitoweb21.png","width":199,"height":199,"caption":"Cuarteto en la Web"},"image":{"@id":"http:\/\/cuartetoenlaweb.com.ar\/sitio\/#\/schema\/logo\/image\/"}}]}},"_links":{"self":[{"href":"https:\/\/cuartetoenlaweb.com.ar\/sitio\/wp-json\/wp\/v2\/posts\/9774","targetHints":{"allow":["GET"]}}],"collection":[{"href":"https:\/\/cuartetoenlaweb.com.ar\/sitio\/wp-json\/wp\/v2\/posts"}],"about":[{"href":"https:\/\/cuartetoenlaweb.com.ar\/sitio\/wp-json\/wp\/v2\/types\/post"}],"replies":[{"embeddable":true,"href":"https:\/\/cuartetoenlaweb.com.ar\/sitio\/wp-json\/wp\/v2\/comments?post=9774"}],"version-history":[{"count":0,"href":"https:\/\/cuartetoenlaweb.com.ar\/sitio\/wp-json\/wp\/v2\/posts\/9774\/revisions"}],"wp:featuredmedia":[{"embeddable":true,"href":"https:\/\/cuartetoenlaweb.com.ar\/sitio\/wp-json\/wp\/v2\/media\/9775"}],"wp:attachment":[{"href":"https:\/\/cuartetoenlaweb.com.ar\/sitio\/wp-json\/wp\/v2\/media?parent=9774"}],"wp:term":[{"taxonomy":"category","embeddable":true,"href":"https:\/\/cuartetoenlaweb.com.ar\/sitio\/wp-json\/wp\/v2\/categories?post=9774"},{"taxonomy":"post_tag","embeddable":true,"href":"https:\/\/cuartetoenlaweb.com.ar\/sitio\/wp-json\/wp\/v2\/tags?post=9774"}],"curies":[{"name":"wp","href":"https:\/\/api.w.org\/{rel}","templated":true}]}}