
{"id":9772,"date":"2025-12-30T13:59:46","date_gmt":"2025-12-30T16:59:46","guid":{"rendered":"https:\/\/cuartetoenlaweb.com.ar\/sitio\/la-vitamina-d-y-el-detras-de-escena-del-sistema-inmune\/"},"modified":"2025-12-30T13:59:46","modified_gmt":"2025-12-30T16:59:46","slug":"la-vitamina-d-y-el-detras-de-escena-del-sistema-inmune","status":"publish","type":"post","link":"https:\/\/cuartetoenlaweb.com.ar\/sitio\/la-vitamina-d-y-el-detras-de-escena-del-sistema-inmune\/","title":{"rendered":"La vitamina D y el detr\u00e1s de escena del sistema inmune"},"content":{"rendered":"<p>Buenos Aires, 30 diciembre (NA) &#8212; Las vitaminas cumplen un rol fundamental para que el organismo crezca, funcione y se mantenga en equilibrio y, entre ellas, la vitamina D ocupa un lugar particular: aunque suele llam\u00e1rsele vitamina, en realidad es una prohormona que el cuerpo puede producir y activar.<\/p>\n<p>\u201cOriginalmente se la clasific\u00f3 como vitamina porque se obten\u00eda \u00fanicamente de fuentes externas, pero hoy se sabe que, con la exposici\u00f3n solar adecuada, la piel es capaz de sintetizar vitamina D3, que luego se transforma en su forma activa en el h\u00edgado y los ri\u00f1ones. En algunos alimentos, como el pescado, la vitamina D aparece en dos formas: D2 y D3, siendo esta \u00faltima la que se metaboliza con mayor eficacia\u201d, explic\u00f3 la Dra. Viviana Cantarutti.<\/p>\n<p>En un informe al que accedi\u00f3 la Agencia Noticias Argentinas se indic\u00f3 que la importancia de la vitamina D es amplia y va mucho m\u00e1s all\u00e1 de la salud \u00f3sea, ya que, permite absorber el calcio -fundamental para el desarrollo y la fortaleza de los huesos-, pero tambi\u00e9n interviene en la funci\u00f3n muscular, participa en la comunicaci\u00f3n entre los nervios y el resto del cuerpo y tiene un papel determinante en la respuesta inmunitaria.<\/p>\n<p>La vitamina D cumple un papel importante en nuestras defensas, ayuda a que el intestino funcione como una buena barrera frente a los g\u00e9rmenes, activa las primeras c\u00e9lulas que salen a defendernos cuando algo nos ataca y, al mismo tiempo, fortalece la respuesta m\u00e1s \u201cespecializada\u201d del sistema inmune.<\/p>\n<p>Adem\u00e1s, favorece la producci\u00f3n de sustancias que ayudan a eliminar pat\u00f3genos y se la estudi\u00f3 por su posible rol en la prevenci\u00f3n de infecciones respiratorias. Por todo esto, su acci\u00f3n es amplia y fundamental para mantenernos sanos.<\/p>\n<p>\u201cAunque la alimentaci\u00f3n suele asociarse a las vitaminas, la principal fuente de vitamina D es la luz solar. Cuando la piel recibe radiaci\u00f3n UVB, comienza el proceso de s\u00edntesis de vitamina D3 y, se estima que, alrededor del 80% de la vitamina D producida por el cuerpo proviene de este mecanismo. Sin embargo, el estilo de vida actual con muchas horas bajo techo, poca exposici\u00f3n al aire libre y h\u00e1bitos que limitan el contacto directo con el sol, dificulta esta producci\u00f3n natural\u201d, dijo la m\u00e9dica cl\u00ednica de Ospedyc.<\/p>\n<p>Adem\u00e1s, indic\u00f3: \u201cTambi\u00e9n influyen la contaminaci\u00f3n, la presencia de nubes que filtran los rayos UVB, la falta de exposici\u00f3n durante el invierno, la pigmentaci\u00f3n de la piel, la alimentaci\u00f3n pobre en alimentos ricos en esta vitamina y ciertos problemas de salud que afectan la capacidad de producirla o metabolizarla, as\u00ed como el uso de medicamentos como anticonvulsivantes o corticoides\u201d.<\/p>\n<p>Cuando la exposici\u00f3n solar es escasa, la dieta cobra relevancia. Los alimentos m\u00e1s ricos en vitamina D son los pescados grasos como el salm\u00f3n o el at\u00fan, la yema de huevo, los l\u00e1cteos y los productos fortificados. Aun as\u00ed, con frecuencia resulta insuficiente para cubrir las necesidades del organismo. En algunos casos, la suplementaci\u00f3n puede ser necesaria, pero su indicaci\u00f3n debe ser m\u00e9dica. Las dosis recomendadas dependen de la edad, el estado de salud y el nivel de d\u00e9ficit. Los excesos tambi\u00e9n pueden ser perjudiciales, provocando efectos adversos como hipercalcemia.<\/p>\n<p>\u201cAnte cualquier duda, se recomienda consultar con un profesional de salud, evitar la automedicaci\u00f3n y considerar un an\u00e1lisis de laboratorio\u201d, se\u00f1al\u00f3 la doctora y agreg\u00f3: \u201cComprender el rol de la vitamina D permite dimensionar su impacto en la salud general. Se trata de un nutriente que conecta m\u00faltiples aspectos de la vida cotidiana: la exposici\u00f3n al sol, la alimentaci\u00f3n, la actividad f\u00edsica, la funci\u00f3n intestinal, la inmunidad y las condiciones de salud preexistentes\u201d.<\/p>\n<p>#AgenciaNA<\/p>\n","protected":false},"excerpt":{"rendered":"<p>Buenos Aires, 30 diciembre (NA) &#8212; Las vitaminas cumplen un<\/p>\n","protected":false},"author":0,"featured_media":9773,"comment_status":"","ping_status":"","sticky":false,"template":"","format":"standard","meta":{"footnotes":""},"categories":[65],"tags":[],"class_list":["post-9772","post","type-post","status-publish","format-standard","has-post-thumbnail","hentry","category-pais"],"yoast_head":"<!-- This site is optimized with the Yoast SEO plugin v27.4 - https:\/\/yoast.com\/product\/yoast-seo-wordpress\/ -->\n<title>La vitamina D y el detr\u00e1s de escena del sistema inmune - Cuarteto en la Web<\/title>\n<meta name=\"robots\" content=\"index, follow, max-snippet:-1, max-image-preview:large, max-video-preview:-1\" \/>\n<link rel=\"canonical\" href=\"https:\/\/cuartetoenlaweb.com.ar\/sitio\/la-vitamina-d-y-el-detras-de-escena-del-sistema-inmune\/\" \/>\n<meta property=\"og:locale\" content=\"es_ES\" \/>\n<meta property=\"og:type\" content=\"article\" \/>\n<meta property=\"og:title\" content=\"La vitamina D y el detr\u00e1s de escena del sistema inmune - Cuarteto en la Web\" \/>\n<meta property=\"og:description\" content=\"Buenos Aires, 30 diciembre (NA) &#8212; Las vitaminas cumplen un\" \/>\n<meta property=\"og:url\" content=\"https:\/\/cuartetoenlaweb.com.ar\/sitio\/la-vitamina-d-y-el-detras-de-escena-del-sistema-inmune\/\" \/>\n<meta property=\"og:site_name\" content=\"Cuarteto en la Web\" \/>\n<meta property=\"article:published_time\" content=\"2025-12-30T16:59:46+00:00\" \/>\n<meta property=\"og:image\" content=\"https:\/\/cuartetoenlaweb.com.ar\/sitio\/wp-content\/uploads\/2025\/12\/720-402.jpeg\" \/>\n\t<meta property=\"og:image:width\" content=\"1080\" \/>\n\t<meta property=\"og:image:height\" content=\"720\" \/>\n\t<meta property=\"og:image:type\" content=\"image\/jpeg\" \/>\n<meta name=\"twitter:card\" content=\"summary_large_image\" \/>\n<meta name=\"twitter:label1\" content=\"Tiempo de lectura\" \/>\n\t<meta name=\"twitter:data1\" content=\"3 minutos\" \/>\n<script type=\"application\/ld+json\" class=\"yoast-schema-graph\">{\"@context\":\"https:\\\/\\\/schema.org\",\"@graph\":[{\"@type\":\"Article\",\"@id\":\"https:\\\/\\\/cuartetoenlaweb.com.ar\\\/sitio\\\/la-vitamina-d-y-el-detras-de-escena-del-sistema-inmune\\\/#article\",\"isPartOf\":{\"@id\":\"https:\\\/\\\/cuartetoenlaweb.com.ar\\\/sitio\\\/la-vitamina-d-y-el-detras-de-escena-del-sistema-inmune\\\/\"},\"author\":{\"name\":\"\",\"@id\":\"\"},\"headline\":\"La vitamina D y el detr\u00e1s de escena del sistema inmune\",\"datePublished\":\"2025-12-30T16:59:46+00:00\",\"mainEntityOfPage\":{\"@id\":\"https:\\\/\\\/cuartetoenlaweb.com.ar\\\/sitio\\\/la-vitamina-d-y-el-detras-de-escena-del-sistema-inmune\\\/\"},\"wordCount\":654,\"publisher\":{\"@id\":\"http:\\\/\\\/cuartetoenlaweb.com.ar\\\/sitio\\\/#organization\"},\"image\":{\"@id\":\"https:\\\/\\\/cuartetoenlaweb.com.ar\\\/sitio\\\/la-vitamina-d-y-el-detras-de-escena-del-sistema-inmune\\\/#primaryimage\"},\"thumbnailUrl\":\"https:\\\/\\\/cuartetoenlaweb.com.ar\\\/sitio\\\/wp-content\\\/uploads\\\/2025\\\/12\\\/720-402.jpeg\",\"articleSection\":[\"PAIS\"],\"inLanguage\":\"es\"},{\"@type\":\"WebPage\",\"@id\":\"https:\\\/\\\/cuartetoenlaweb.com.ar\\\/sitio\\\/la-vitamina-d-y-el-detras-de-escena-del-sistema-inmune\\\/\",\"url\":\"https:\\\/\\\/cuartetoenlaweb.com.ar\\\/sitio\\\/la-vitamina-d-y-el-detras-de-escena-del-sistema-inmune\\\/\",\"name\":\"La vitamina D y el detr\u00e1s de escena del sistema inmune - Cuarteto en la Web\",\"isPartOf\":{\"@id\":\"http:\\\/\\\/cuartetoenlaweb.com.ar\\\/sitio\\\/#website\"},\"primaryImageOfPage\":{\"@id\":\"https:\\\/\\\/cuartetoenlaweb.com.ar\\\/sitio\\\/la-vitamina-d-y-el-detras-de-escena-del-sistema-inmune\\\/#primaryimage\"},\"image\":{\"@id\":\"https:\\\/\\\/cuartetoenlaweb.com.ar\\\/sitio\\\/la-vitamina-d-y-el-detras-de-escena-del-sistema-inmune\\\/#primaryimage\"},\"thumbnailUrl\":\"https:\\\/\\\/cuartetoenlaweb.com.ar\\\/sitio\\\/wp-content\\\/uploads\\\/2025\\\/12\\\/720-402.jpeg\",\"datePublished\":\"2025-12-30T16:59:46+00:00\",\"breadcrumb\":{\"@id\":\"https:\\\/\\\/cuartetoenlaweb.com.ar\\\/sitio\\\/la-vitamina-d-y-el-detras-de-escena-del-sistema-inmune\\\/#breadcrumb\"},\"inLanguage\":\"es\",\"potentialAction\":[{\"@type\":\"ReadAction\",\"target\":[\"https:\\\/\\\/cuartetoenlaweb.com.ar\\\/sitio\\\/la-vitamina-d-y-el-detras-de-escena-del-sistema-inmune\\\/\"]}]},{\"@type\":\"ImageObject\",\"inLanguage\":\"es\",\"@id\":\"https:\\\/\\\/cuartetoenlaweb.com.ar\\\/sitio\\\/la-vitamina-d-y-el-detras-de-escena-del-sistema-inmune\\\/#primaryimage\",\"url\":\"https:\\\/\\\/cuartetoenlaweb.com.ar\\\/sitio\\\/wp-content\\\/uploads\\\/2025\\\/12\\\/720-402.jpeg\",\"contentUrl\":\"https:\\\/\\\/cuartetoenlaweb.com.ar\\\/sitio\\\/wp-content\\\/uploads\\\/2025\\\/12\\\/720-402.jpeg\",\"width\":1080,\"height\":720},{\"@type\":\"BreadcrumbList\",\"@id\":\"https:\\\/\\\/cuartetoenlaweb.com.ar\\\/sitio\\\/la-vitamina-d-y-el-detras-de-escena-del-sistema-inmune\\\/#breadcrumb\",\"itemListElement\":[{\"@type\":\"ListItem\",\"position\":1,\"name\":\"Portada\",\"item\":\"http:\\\/\\\/cuartetoenlaweb.com.ar\\\/sitio\\\/\"},{\"@type\":\"ListItem\",\"position\":2,\"name\":\"La vitamina D y el detr\u00e1s de escena del sistema inmune\"}]},{\"@type\":\"WebSite\",\"@id\":\"http:\\\/\\\/cuartetoenlaweb.com.ar\\\/sitio\\\/#website\",\"url\":\"http:\\\/\\\/cuartetoenlaweb.com.ar\\\/sitio\\\/\",\"name\":\"Cuarteto en la Web\",\"description\":\"\",\"publisher\":{\"@id\":\"http:\\\/\\\/cuartetoenlaweb.com.ar\\\/sitio\\\/#organization\"},\"potentialAction\":[{\"@type\":\"SearchAction\",\"target\":{\"@type\":\"EntryPoint\",\"urlTemplate\":\"http:\\\/\\\/cuartetoenlaweb.com.ar\\\/sitio\\\/?s={search_term_string}\"},\"query-input\":{\"@type\":\"PropertyValueSpecification\",\"valueRequired\":true,\"valueName\":\"search_term_string\"}}],\"inLanguage\":\"es\"},{\"@type\":\"Organization\",\"@id\":\"http:\\\/\\\/cuartetoenlaweb.com.ar\\\/sitio\\\/#organization\",\"name\":\"Cuarteto en la Web\",\"url\":\"http:\\\/\\\/cuartetoenlaweb.com.ar\\\/sitio\\\/\",\"logo\":{\"@type\":\"ImageObject\",\"inLanguage\":\"es\",\"@id\":\"http:\\\/\\\/cuartetoenlaweb.com.ar\\\/sitio\\\/#\\\/schema\\\/logo\\\/image\\\/\",\"url\":\"https:\\\/\\\/cuartetoenlaweb.com.ar\\\/sitio\\\/wp-content\\\/uploads\\\/2025\\\/07\\\/cropped-cropped-logitoweb21.png\",\"contentUrl\":\"https:\\\/\\\/cuartetoenlaweb.com.ar\\\/sitio\\\/wp-content\\\/uploads\\\/2025\\\/07\\\/cropped-cropped-logitoweb21.png\",\"width\":199,\"height\":199,\"caption\":\"Cuarteto en la Web\"},\"image\":{\"@id\":\"http:\\\/\\\/cuartetoenlaweb.com.ar\\\/sitio\\\/#\\\/schema\\\/logo\\\/image\\\/\"}}]}<\/script>\n<!-- \/ Yoast SEO plugin. -->","yoast_head_json":{"title":"La vitamina D y el detr\u00e1s de escena del sistema inmune - Cuarteto en la Web","robots":{"index":"index","follow":"follow","max-snippet":"max-snippet:-1","max-image-preview":"max-image-preview:large","max-video-preview":"max-video-preview:-1"},"canonical":"https:\/\/cuartetoenlaweb.com.ar\/sitio\/la-vitamina-d-y-el-detras-de-escena-del-sistema-inmune\/","og_locale":"es_ES","og_type":"article","og_title":"La vitamina D y el detr\u00e1s de escena del sistema inmune - Cuarteto en la Web","og_description":"Buenos Aires, 30 diciembre (NA) &#8212; Las vitaminas cumplen un","og_url":"https:\/\/cuartetoenlaweb.com.ar\/sitio\/la-vitamina-d-y-el-detras-de-escena-del-sistema-inmune\/","og_site_name":"Cuarteto en la Web","article_published_time":"2025-12-30T16:59:46+00:00","og_image":[{"width":1080,"height":720,"url":"https:\/\/cuartetoenlaweb.com.ar\/sitio\/wp-content\/uploads\/2025\/12\/720-402.jpeg","type":"image\/jpeg"}],"twitter_card":"summary_large_image","twitter_misc":{"Tiempo de lectura":"3 minutos"},"schema":{"@context":"https:\/\/schema.org","@graph":[{"@type":"Article","@id":"https:\/\/cuartetoenlaweb.com.ar\/sitio\/la-vitamina-d-y-el-detras-de-escena-del-sistema-inmune\/#article","isPartOf":{"@id":"https:\/\/cuartetoenlaweb.com.ar\/sitio\/la-vitamina-d-y-el-detras-de-escena-del-sistema-inmune\/"},"author":{"name":"","@id":""},"headline":"La vitamina D y el detr\u00e1s de escena del sistema inmune","datePublished":"2025-12-30T16:59:46+00:00","mainEntityOfPage":{"@id":"https:\/\/cuartetoenlaweb.com.ar\/sitio\/la-vitamina-d-y-el-detras-de-escena-del-sistema-inmune\/"},"wordCount":654,"publisher":{"@id":"http:\/\/cuartetoenlaweb.com.ar\/sitio\/#organization"},"image":{"@id":"https:\/\/cuartetoenlaweb.com.ar\/sitio\/la-vitamina-d-y-el-detras-de-escena-del-sistema-inmune\/#primaryimage"},"thumbnailUrl":"https:\/\/cuartetoenlaweb.com.ar\/sitio\/wp-content\/uploads\/2025\/12\/720-402.jpeg","articleSection":["PAIS"],"inLanguage":"es"},{"@type":"WebPage","@id":"https:\/\/cuartetoenlaweb.com.ar\/sitio\/la-vitamina-d-y-el-detras-de-escena-del-sistema-inmune\/","url":"https:\/\/cuartetoenlaweb.com.ar\/sitio\/la-vitamina-d-y-el-detras-de-escena-del-sistema-inmune\/","name":"La vitamina D y el detr\u00e1s de escena del sistema inmune - Cuarteto en la Web","isPartOf":{"@id":"http:\/\/cuartetoenlaweb.com.ar\/sitio\/#website"},"primaryImageOfPage":{"@id":"https:\/\/cuartetoenlaweb.com.ar\/sitio\/la-vitamina-d-y-el-detras-de-escena-del-sistema-inmune\/#primaryimage"},"image":{"@id":"https:\/\/cuartetoenlaweb.com.ar\/sitio\/la-vitamina-d-y-el-detras-de-escena-del-sistema-inmune\/#primaryimage"},"thumbnailUrl":"https:\/\/cuartetoenlaweb.com.ar\/sitio\/wp-content\/uploads\/2025\/12\/720-402.jpeg","datePublished":"2025-12-30T16:59:46+00:00","breadcrumb":{"@id":"https:\/\/cuartetoenlaweb.com.ar\/sitio\/la-vitamina-d-y-el-detras-de-escena-del-sistema-inmune\/#breadcrumb"},"inLanguage":"es","potentialAction":[{"@type":"ReadAction","target":["https:\/\/cuartetoenlaweb.com.ar\/sitio\/la-vitamina-d-y-el-detras-de-escena-del-sistema-inmune\/"]}]},{"@type":"ImageObject","inLanguage":"es","@id":"https:\/\/cuartetoenlaweb.com.ar\/sitio\/la-vitamina-d-y-el-detras-de-escena-del-sistema-inmune\/#primaryimage","url":"https:\/\/cuartetoenlaweb.com.ar\/sitio\/wp-content\/uploads\/2025\/12\/720-402.jpeg","contentUrl":"https:\/\/cuartetoenlaweb.com.ar\/sitio\/wp-content\/uploads\/2025\/12\/720-402.jpeg","width":1080,"height":720},{"@type":"BreadcrumbList","@id":"https:\/\/cuartetoenlaweb.com.ar\/sitio\/la-vitamina-d-y-el-detras-de-escena-del-sistema-inmune\/#breadcrumb","itemListElement":[{"@type":"ListItem","position":1,"name":"Portada","item":"http:\/\/cuartetoenlaweb.com.ar\/sitio\/"},{"@type":"ListItem","position":2,"name":"La vitamina D y el detr\u00e1s de escena del sistema inmune"}]},{"@type":"WebSite","@id":"http:\/\/cuartetoenlaweb.com.ar\/sitio\/#website","url":"http:\/\/cuartetoenlaweb.com.ar\/sitio\/","name":"Cuarteto en la Web","description":"","publisher":{"@id":"http:\/\/cuartetoenlaweb.com.ar\/sitio\/#organization"},"potentialAction":[{"@type":"SearchAction","target":{"@type":"EntryPoint","urlTemplate":"http:\/\/cuartetoenlaweb.com.ar\/sitio\/?s={search_term_string}"},"query-input":{"@type":"PropertyValueSpecification","valueRequired":true,"valueName":"search_term_string"}}],"inLanguage":"es"},{"@type":"Organization","@id":"http:\/\/cuartetoenlaweb.com.ar\/sitio\/#organization","name":"Cuarteto en la Web","url":"http:\/\/cuartetoenlaweb.com.ar\/sitio\/","logo":{"@type":"ImageObject","inLanguage":"es","@id":"http:\/\/cuartetoenlaweb.com.ar\/sitio\/#\/schema\/logo\/image\/","url":"https:\/\/cuartetoenlaweb.com.ar\/sitio\/wp-content\/uploads\/2025\/07\/cropped-cropped-logitoweb21.png","contentUrl":"https:\/\/cuartetoenlaweb.com.ar\/sitio\/wp-content\/uploads\/2025\/07\/cropped-cropped-logitoweb21.png","width":199,"height":199,"caption":"Cuarteto en la Web"},"image":{"@id":"http:\/\/cuartetoenlaweb.com.ar\/sitio\/#\/schema\/logo\/image\/"}}]}},"_links":{"self":[{"href":"https:\/\/cuartetoenlaweb.com.ar\/sitio\/wp-json\/wp\/v2\/posts\/9772","targetHints":{"allow":["GET"]}}],"collection":[{"href":"https:\/\/cuartetoenlaweb.com.ar\/sitio\/wp-json\/wp\/v2\/posts"}],"about":[{"href":"https:\/\/cuartetoenlaweb.com.ar\/sitio\/wp-json\/wp\/v2\/types\/post"}],"replies":[{"embeddable":true,"href":"https:\/\/cuartetoenlaweb.com.ar\/sitio\/wp-json\/wp\/v2\/comments?post=9772"}],"version-history":[{"count":0,"href":"https:\/\/cuartetoenlaweb.com.ar\/sitio\/wp-json\/wp\/v2\/posts\/9772\/revisions"}],"wp:featuredmedia":[{"embeddable":true,"href":"https:\/\/cuartetoenlaweb.com.ar\/sitio\/wp-json\/wp\/v2\/media\/9773"}],"wp:attachment":[{"href":"https:\/\/cuartetoenlaweb.com.ar\/sitio\/wp-json\/wp\/v2\/media?parent=9772"}],"wp:term":[{"taxonomy":"category","embeddable":true,"href":"https:\/\/cuartetoenlaweb.com.ar\/sitio\/wp-json\/wp\/v2\/categories?post=9772"},{"taxonomy":"post_tag","embeddable":true,"href":"https:\/\/cuartetoenlaweb.com.ar\/sitio\/wp-json\/wp\/v2\/tags?post=9772"}],"curies":[{"name":"wp","href":"https:\/\/api.w.org\/{rel}","templated":true}]}}