
{"id":9766,"date":"2025-12-30T13:59:42","date_gmt":"2025-12-30T16:59:42","guid":{"rendered":"https:\/\/cuartetoenlaweb.com.ar\/sitio\/empresario-y-11-anos-mayor-que-ella-quien-es-el-novio-de-romina-gaetani-denunciado-por-violencia-de-genero\/"},"modified":"2025-12-30T13:59:42","modified_gmt":"2025-12-30T16:59:42","slug":"empresario-y-11-anos-mayor-que-ella-quien-es-el-novio-de-romina-gaetani-denunciado-por-violencia-de-genero","status":"publish","type":"post","link":"https:\/\/cuartetoenlaweb.com.ar\/sitio\/empresario-y-11-anos-mayor-que-ella-quien-es-el-novio-de-romina-gaetani-denunciado-por-violencia-de-genero\/","title":{"rendered":"Empresario y 11 a\u00f1os mayor que ella: qui\u00e9n es el novio de Romina Gaetani denunciado por violencia de g\u00e9nero"},"content":{"rendered":"<p>El informe de la Polic\u00eda bonaerense, emitido en las \u00faltimas horas, es contundente: \u00abPersonal policial son comisionados, por sistema 911, al Tortugas Country Club, por un <strong>hecho de violencia de g\u00e9nero<\/strong>. Personal de seguridad (del lugar) manifestaban que una femenina <strong>hab\u00eda sido agredida por su pareja<\/strong>. Se la identific\u00f3 como <strong><a href=\"https:\/\/www.paparazzi.com.ar\/tag\/romina-gaetani\/\">Romina Gaetani<\/a><\/strong> quien relat\u00f3 que <strong>su pareja era agresivo por celos<\/strong>\u201d.<\/p>\n<p>Por las <strong>golpes que presentaba en los brazos y en la cadera<\/strong>, Gaetani fue trasladada de inmediato al Hospital Central de Pilar. Luego de ser atendida por los m\u00e9dicos, que constataron las lesiones, efectivos de una Unidad Fiscal de Investigaci\u00f3n (UFI)\u00a0de G\u00e9nero le tomaron declaraci\u00f3n: <a href=\"https:\/\/www.paparazzi.com.ar\/romances\/preocupacion-extrema-romina-gaetani-denuncio-a-su-ex-por-violencia-de-genero-y-fue-internada\/\">la actriz ratific\u00f3 la denuncia por violencia contra su novio, <strong>Luis Cavanagh<\/strong><\/a>.<\/p>\n<div class=\"mt-box \">\n<h4 class=\"mt-heading\">Mir\u00e1 Tambi\u00e9n<\/h4>\n<p><a href=\"https:\/\/www.paparazzi.com.ar\/romances\/el-romance-de-ano-quien-es-la-periodista-del-momento-que-esta-iniciando-una-relacion-con-juan-martin-del-potro\/\"><\/p>\n<div class=\"mt-content\">\n<div class=\"mt-image-container\"><img decoding=\"async\" src=\"https:\/\/www.paparazzi.com.ar\/wp-content\/uploads\/2025\/12\/El-romance-de-ano-quien-es-la-periodista-del-momento-que-esta-iniciando-una-relacion-con-Juan-Martin-del-Potro-359x226.jpg\" alt=\"El romance de a\u00f1o: qui\u00e9n es la periodista del momento que est\u00e1 iniciando una relaci\u00f3n con Juan Mart\u00edn del Potro\" class=\"mt-image\" loading=\"lazy\" \/><\/div>\n<h5 class=\"mt-title\">El romance de a\u00f1o: qui\u00e9n es la periodista del momento que est\u00e1 iniciando una relaci\u00f3n con Juan Mart\u00edn del Potro<\/h5>\n<\/div>\n<p><\/a><\/div>\n<p>M\u00e1s tarde, ya recuperada del cuadro de nerviosismo que hab\u00eda mostrado en su casa, Romina habr\u00eda recibido el alta. La Justicia abri\u00f3 una causa, y lo sucedido en aquel barrio privado de zona norte se encuentra bajo investigaci\u00f3n. <\/p>\n<h2 class=\"wp-block-heading\">LUIS CAVANAGH, EL EMPRESARIO DENUNCIADO POR ROMINA GAETANI<\/h2>\n<p>Gaetani present\u00f3 en sociedad Cavanagh en abril del 2024, al asistir juntos al estreno de una obra teatral. Hab\u00edan comenzado la relaci\u00f3n en las \u00faltimas semanas del a\u00f1o anterior, cuando coincidieron en Villa Carlos Paz -ella hac\u00eda temporada all\u00ed- en el cumplea\u00f1os de un amigo en com\u00fan. \u00abEstoy muy feliz y enamorada\u00bb, dijo ella esa noche, al conversar brevemente con la prensa. \u00c9l prefiri\u00f3 no responder preguntas.<\/p>\n<p>En junio de 2024 probaron la convivencia. En octubre de 2025 la ex <em>Soy Gitano<\/em> anunci\u00f3 que se hab\u00edan separado. El v\u00ednculo entre los dos estuvo <strong>marcado por las peleas y las reconciliaciones<\/strong>.<\/p>\n<figure class=\"wp-block-image size-full\"><img decoding=\"async\" src=\"https:\/\/www.paparazzi.com.ar\/wp-content\/uploads\/2024\/04\/Romina-Gaetani-super-enamorada-de-Luis-Cavanagh-scaled.jpg.webp\" loading=\"lazy\" alt=\"Romina Gaetani su\u0301per enamorada de Luis Cavanagh\" class=\"wp-image-349189\" \/><figcaption class=\"wp-element-caption\">Romina Gaetani su\u0301per enamorada de Luis Cavanagh<\/figcaption><\/figure>\n<p>En todo esto tiempo, poco se supo de\u00a0<strong>Luis Ram\u00f3n Cavanagh<\/strong>. Apenas que tiene 59 a\u00f1os, es empresario y est\u00e1 divorciado. Desde su aparici\u00f3n en los medios, de la mano de Gaetani, siempre matuvo un perfil bajo: evitaba el contacto con los periodistas y manten\u00eda privadas sus cuentas en las redes sociales.<\/p>\n<div class=\"mt-box \">\n<h4 class=\"mt-heading\">Mir\u00e1 Tambi\u00e9n<\/h4>\n<p><a href=\"https:\/\/www.paparazzi.com.ar\/romances\/bombazo-de-fin-de-ano-las-pruebas-de-que-wanda-nara-y-martin-migueles-estan-en-crisis-ella-lo-dejo\/\"><\/p>\n<div class=\"mt-content\">\n<div class=\"mt-image-container\"><img decoding=\"async\" src=\"https:\/\/www.paparazzi.com.ar\/wp-content\/uploads\/2025\/12\/Wanda-Migueles-2-359x226.jpg\" alt=\"\u00a1Bombazo de fin de a\u00f1o! Las pruebas de que Wanda Nara y Mart\u00edn Migueles est\u00e1n en crisis: &quot;Ella lo dej\u00f3...&quot;\" class=\"mt-image\" loading=\"lazy\" \/><\/div>\n<h5 class=\"mt-title\">\u00a1Bombazo de fin de a\u00f1o! Las pruebas de que Wanda Nara y Mart\u00edn Migueles est\u00e1n en crisis: \u00abElla lo dej\u00f3&#8230;\u00bb<\/h5>\n<\/div>\n<p><\/a><\/div>\n<p>The post <a href=\"https:\/\/www.paparazzi.com.ar\/teve\/quien-es-luis-cavanagh-el-novio-de-romina-gaetani-denunciado-por-violencia-de-genero\/\">Empresario y 11 a\u00f1os mayor que ella: qui\u00e9n es el novio de Romina Gaetani denunciado por violencia de g\u00e9nero<\/a> appeared first on <a href=\"https:\/\/www.paparazzi.com.ar\">Revista Paparazzi<\/a>.<\/p>\n","protected":false},"excerpt":{"rendered":"<p>El informe de la Polic\u00eda bonaerense, emitido en las \u00faltimas<\/p>\n","protected":false},"author":0,"featured_media":9767,"comment_status":"","ping_status":"","sticky":false,"template":"","format":"standard","meta":{"footnotes":""},"categories":[65],"tags":[],"class_list":["post-9766","post","type-post","status-publish","format-standard","has-post-thumbnail","hentry","category-pais"],"yoast_head":"<!-- This site is optimized with the Yoast SEO plugin v27.4 - https:\/\/yoast.com\/product\/yoast-seo-wordpress\/ -->\n<title>Empresario y 11 a\u00f1os mayor que ella: qui\u00e9n es el novio de Romina Gaetani denunciado por violencia de g\u00e9nero - Cuarteto en la Web<\/title>\n<meta name=\"robots\" content=\"index, follow, max-snippet:-1, max-image-preview:large, max-video-preview:-1\" \/>\n<link rel=\"canonical\" href=\"https:\/\/cuartetoenlaweb.com.ar\/sitio\/empresario-y-11-anos-mayor-que-ella-quien-es-el-novio-de-romina-gaetani-denunciado-por-violencia-de-genero\/\" \/>\n<meta property=\"og:locale\" content=\"es_ES\" \/>\n<meta property=\"og:type\" content=\"article\" \/>\n<meta property=\"og:title\" content=\"Empresario y 11 a\u00f1os mayor que ella: qui\u00e9n es el novio de Romina Gaetani denunciado por violencia de g\u00e9nero - Cuarteto en la Web\" \/>\n<meta property=\"og:description\" content=\"El informe de la Polic\u00eda bonaerense, emitido en las \u00faltimas\" \/>\n<meta property=\"og:url\" content=\"https:\/\/cuartetoenlaweb.com.ar\/sitio\/empresario-y-11-anos-mayor-que-ella-quien-es-el-novio-de-romina-gaetani-denunciado-por-violencia-de-genero\/\" \/>\n<meta property=\"og:site_name\" content=\"Cuarteto en la Web\" \/>\n<meta property=\"article:published_time\" content=\"2025-12-30T16:59:42+00:00\" \/>\n<meta property=\"og:image\" content=\"https:\/\/cuartetoenlaweb.com.ar\/sitio\/wp-content\/uploads\/2025\/12\/El-romance-de-ano-quien-es-la-periodista-del-momento-que-esta-iniciando-una-relacion-con-Juan-Martin-del-Potro-359x226-2.jpg\" \/>\n\t<meta property=\"og:image:width\" content=\"359\" \/>\n\t<meta property=\"og:image:height\" content=\"226\" \/>\n\t<meta property=\"og:image:type\" content=\"image\/jpeg\" \/>\n<meta name=\"twitter:card\" content=\"summary_large_image\" \/>\n<meta name=\"twitter:label1\" content=\"Tiempo de lectura\" \/>\n\t<meta name=\"twitter:data1\" content=\"2 minutos\" \/>\n<script type=\"application\/ld+json\" class=\"yoast-schema-graph\">{\"@context\":\"https:\\\/\\\/schema.org\",\"@graph\":[{\"@type\":\"Article\",\"@id\":\"https:\\\/\\\/cuartetoenlaweb.com.ar\\\/sitio\\\/empresario-y-11-anos-mayor-que-ella-quien-es-el-novio-de-romina-gaetani-denunciado-por-violencia-de-genero\\\/#article\",\"isPartOf\":{\"@id\":\"https:\\\/\\\/cuartetoenlaweb.com.ar\\\/sitio\\\/empresario-y-11-anos-mayor-que-ella-quien-es-el-novio-de-romina-gaetani-denunciado-por-violencia-de-genero\\\/\"},\"author\":{\"name\":\"\",\"@id\":\"\"},\"headline\":\"Empresario y 11 a\u00f1os mayor que ella: qui\u00e9n es el novio de Romina Gaetani denunciado por violencia de g\u00e9nero\",\"datePublished\":\"2025-12-30T16:59:42+00:00\",\"mainEntityOfPage\":{\"@id\":\"https:\\\/\\\/cuartetoenlaweb.com.ar\\\/sitio\\\/empresario-y-11-anos-mayor-que-ella-quien-es-el-novio-de-romina-gaetani-denunciado-por-violencia-de-genero\\\/\"},\"wordCount\":446,\"publisher\":{\"@id\":\"http:\\\/\\\/cuartetoenlaweb.com.ar\\\/sitio\\\/#organization\"},\"image\":{\"@id\":\"https:\\\/\\\/cuartetoenlaweb.com.ar\\\/sitio\\\/empresario-y-11-anos-mayor-que-ella-quien-es-el-novio-de-romina-gaetani-denunciado-por-violencia-de-genero\\\/#primaryimage\"},\"thumbnailUrl\":\"https:\\\/\\\/cuartetoenlaweb.com.ar\\\/sitio\\\/wp-content\\\/uploads\\\/2025\\\/12\\\/El-romance-de-ano-quien-es-la-periodista-del-momento-que-esta-iniciando-una-relacion-con-Juan-Martin-del-Potro-359x226-2.jpg\",\"articleSection\":[\"PAIS\"],\"inLanguage\":\"es\"},{\"@type\":\"WebPage\",\"@id\":\"https:\\\/\\\/cuartetoenlaweb.com.ar\\\/sitio\\\/empresario-y-11-anos-mayor-que-ella-quien-es-el-novio-de-romina-gaetani-denunciado-por-violencia-de-genero\\\/\",\"url\":\"https:\\\/\\\/cuartetoenlaweb.com.ar\\\/sitio\\\/empresario-y-11-anos-mayor-que-ella-quien-es-el-novio-de-romina-gaetani-denunciado-por-violencia-de-genero\\\/\",\"name\":\"Empresario y 11 a\u00f1os mayor que ella: qui\u00e9n es el novio de Romina Gaetani denunciado por violencia de g\u00e9nero - Cuarteto en la Web\",\"isPartOf\":{\"@id\":\"http:\\\/\\\/cuartetoenlaweb.com.ar\\\/sitio\\\/#website\"},\"primaryImageOfPage\":{\"@id\":\"https:\\\/\\\/cuartetoenlaweb.com.ar\\\/sitio\\\/empresario-y-11-anos-mayor-que-ella-quien-es-el-novio-de-romina-gaetani-denunciado-por-violencia-de-genero\\\/#primaryimage\"},\"image\":{\"@id\":\"https:\\\/\\\/cuartetoenlaweb.com.ar\\\/sitio\\\/empresario-y-11-anos-mayor-que-ella-quien-es-el-novio-de-romina-gaetani-denunciado-por-violencia-de-genero\\\/#primaryimage\"},\"thumbnailUrl\":\"https:\\\/\\\/cuartetoenlaweb.com.ar\\\/sitio\\\/wp-content\\\/uploads\\\/2025\\\/12\\\/El-romance-de-ano-quien-es-la-periodista-del-momento-que-esta-iniciando-una-relacion-con-Juan-Martin-del-Potro-359x226-2.jpg\",\"datePublished\":\"2025-12-30T16:59:42+00:00\",\"breadcrumb\":{\"@id\":\"https:\\\/\\\/cuartetoenlaweb.com.ar\\\/sitio\\\/empresario-y-11-anos-mayor-que-ella-quien-es-el-novio-de-romina-gaetani-denunciado-por-violencia-de-genero\\\/#breadcrumb\"},\"inLanguage\":\"es\",\"potentialAction\":[{\"@type\":\"ReadAction\",\"target\":[\"https:\\\/\\\/cuartetoenlaweb.com.ar\\\/sitio\\\/empresario-y-11-anos-mayor-que-ella-quien-es-el-novio-de-romina-gaetani-denunciado-por-violencia-de-genero\\\/\"]}]},{\"@type\":\"ImageObject\",\"inLanguage\":\"es\",\"@id\":\"https:\\\/\\\/cuartetoenlaweb.com.ar\\\/sitio\\\/empresario-y-11-anos-mayor-que-ella-quien-es-el-novio-de-romina-gaetani-denunciado-por-violencia-de-genero\\\/#primaryimage\",\"url\":\"https:\\\/\\\/cuartetoenlaweb.com.ar\\\/sitio\\\/wp-content\\\/uploads\\\/2025\\\/12\\\/El-romance-de-ano-quien-es-la-periodista-del-momento-que-esta-iniciando-una-relacion-con-Juan-Martin-del-Potro-359x226-2.jpg\",\"contentUrl\":\"https:\\\/\\\/cuartetoenlaweb.com.ar\\\/sitio\\\/wp-content\\\/uploads\\\/2025\\\/12\\\/El-romance-de-ano-quien-es-la-periodista-del-momento-que-esta-iniciando-una-relacion-con-Juan-Martin-del-Potro-359x226-2.jpg\",\"width\":359,\"height\":226},{\"@type\":\"BreadcrumbList\",\"@id\":\"https:\\\/\\\/cuartetoenlaweb.com.ar\\\/sitio\\\/empresario-y-11-anos-mayor-que-ella-quien-es-el-novio-de-romina-gaetani-denunciado-por-violencia-de-genero\\\/#breadcrumb\",\"itemListElement\":[{\"@type\":\"ListItem\",\"position\":1,\"name\":\"Portada\",\"item\":\"http:\\\/\\\/cuartetoenlaweb.com.ar\\\/sitio\\\/\"},{\"@type\":\"ListItem\",\"position\":2,\"name\":\"Empresario y 11 a\u00f1os mayor que ella: qui\u00e9n es el novio de Romina Gaetani denunciado por violencia de g\u00e9nero\"}]},{\"@type\":\"WebSite\",\"@id\":\"http:\\\/\\\/cuartetoenlaweb.com.ar\\\/sitio\\\/#website\",\"url\":\"http:\\\/\\\/cuartetoenlaweb.com.ar\\\/sitio\\\/\",\"name\":\"Cuarteto en la Web\",\"description\":\"\",\"publisher\":{\"@id\":\"http:\\\/\\\/cuartetoenlaweb.com.ar\\\/sitio\\\/#organization\"},\"potentialAction\":[{\"@type\":\"SearchAction\",\"target\":{\"@type\":\"EntryPoint\",\"urlTemplate\":\"http:\\\/\\\/cuartetoenlaweb.com.ar\\\/sitio\\\/?s={search_term_string}\"},\"query-input\":{\"@type\":\"PropertyValueSpecification\",\"valueRequired\":true,\"valueName\":\"search_term_string\"}}],\"inLanguage\":\"es\"},{\"@type\":\"Organization\",\"@id\":\"http:\\\/\\\/cuartetoenlaweb.com.ar\\\/sitio\\\/#organization\",\"name\":\"Cuarteto en la Web\",\"url\":\"http:\\\/\\\/cuartetoenlaweb.com.ar\\\/sitio\\\/\",\"logo\":{\"@type\":\"ImageObject\",\"inLanguage\":\"es\",\"@id\":\"http:\\\/\\\/cuartetoenlaweb.com.ar\\\/sitio\\\/#\\\/schema\\\/logo\\\/image\\\/\",\"url\":\"https:\\\/\\\/cuartetoenlaweb.com.ar\\\/sitio\\\/wp-content\\\/uploads\\\/2025\\\/07\\\/cropped-cropped-logitoweb21.png\",\"contentUrl\":\"https:\\\/\\\/cuartetoenlaweb.com.ar\\\/sitio\\\/wp-content\\\/uploads\\\/2025\\\/07\\\/cropped-cropped-logitoweb21.png\",\"width\":199,\"height\":199,\"caption\":\"Cuarteto en la Web\"},\"image\":{\"@id\":\"http:\\\/\\\/cuartetoenlaweb.com.ar\\\/sitio\\\/#\\\/schema\\\/logo\\\/image\\\/\"}}]}<\/script>\n<!-- \/ Yoast SEO plugin. -->","yoast_head_json":{"title":"Empresario y 11 a\u00f1os mayor que ella: qui\u00e9n es el novio de Romina Gaetani denunciado por violencia de g\u00e9nero - Cuarteto en la Web","robots":{"index":"index","follow":"follow","max-snippet":"max-snippet:-1","max-image-preview":"max-image-preview:large","max-video-preview":"max-video-preview:-1"},"canonical":"https:\/\/cuartetoenlaweb.com.ar\/sitio\/empresario-y-11-anos-mayor-que-ella-quien-es-el-novio-de-romina-gaetani-denunciado-por-violencia-de-genero\/","og_locale":"es_ES","og_type":"article","og_title":"Empresario y 11 a\u00f1os mayor que ella: qui\u00e9n es el novio de Romina Gaetani denunciado por violencia de g\u00e9nero - Cuarteto en la Web","og_description":"El informe de la Polic\u00eda bonaerense, emitido en las \u00faltimas","og_url":"https:\/\/cuartetoenlaweb.com.ar\/sitio\/empresario-y-11-anos-mayor-que-ella-quien-es-el-novio-de-romina-gaetani-denunciado-por-violencia-de-genero\/","og_site_name":"Cuarteto en la Web","article_published_time":"2025-12-30T16:59:42+00:00","og_image":[{"width":359,"height":226,"url":"https:\/\/cuartetoenlaweb.com.ar\/sitio\/wp-content\/uploads\/2025\/12\/El-romance-de-ano-quien-es-la-periodista-del-momento-que-esta-iniciando-una-relacion-con-Juan-Martin-del-Potro-359x226-2.jpg","type":"image\/jpeg"}],"twitter_card":"summary_large_image","twitter_misc":{"Tiempo de lectura":"2 minutos"},"schema":{"@context":"https:\/\/schema.org","@graph":[{"@type":"Article","@id":"https:\/\/cuartetoenlaweb.com.ar\/sitio\/empresario-y-11-anos-mayor-que-ella-quien-es-el-novio-de-romina-gaetani-denunciado-por-violencia-de-genero\/#article","isPartOf":{"@id":"https:\/\/cuartetoenlaweb.com.ar\/sitio\/empresario-y-11-anos-mayor-que-ella-quien-es-el-novio-de-romina-gaetani-denunciado-por-violencia-de-genero\/"},"author":{"name":"","@id":""},"headline":"Empresario y 11 a\u00f1os mayor que ella: qui\u00e9n es el novio de Romina Gaetani denunciado por violencia de g\u00e9nero","datePublished":"2025-12-30T16:59:42+00:00","mainEntityOfPage":{"@id":"https:\/\/cuartetoenlaweb.com.ar\/sitio\/empresario-y-11-anos-mayor-que-ella-quien-es-el-novio-de-romina-gaetani-denunciado-por-violencia-de-genero\/"},"wordCount":446,"publisher":{"@id":"http:\/\/cuartetoenlaweb.com.ar\/sitio\/#organization"},"image":{"@id":"https:\/\/cuartetoenlaweb.com.ar\/sitio\/empresario-y-11-anos-mayor-que-ella-quien-es-el-novio-de-romina-gaetani-denunciado-por-violencia-de-genero\/#primaryimage"},"thumbnailUrl":"https:\/\/cuartetoenlaweb.com.ar\/sitio\/wp-content\/uploads\/2025\/12\/El-romance-de-ano-quien-es-la-periodista-del-momento-que-esta-iniciando-una-relacion-con-Juan-Martin-del-Potro-359x226-2.jpg","articleSection":["PAIS"],"inLanguage":"es"},{"@type":"WebPage","@id":"https:\/\/cuartetoenlaweb.com.ar\/sitio\/empresario-y-11-anos-mayor-que-ella-quien-es-el-novio-de-romina-gaetani-denunciado-por-violencia-de-genero\/","url":"https:\/\/cuartetoenlaweb.com.ar\/sitio\/empresario-y-11-anos-mayor-que-ella-quien-es-el-novio-de-romina-gaetani-denunciado-por-violencia-de-genero\/","name":"Empresario y 11 a\u00f1os mayor que ella: qui\u00e9n es el novio de Romina Gaetani denunciado por violencia de g\u00e9nero - Cuarteto en la Web","isPartOf":{"@id":"http:\/\/cuartetoenlaweb.com.ar\/sitio\/#website"},"primaryImageOfPage":{"@id":"https:\/\/cuartetoenlaweb.com.ar\/sitio\/empresario-y-11-anos-mayor-que-ella-quien-es-el-novio-de-romina-gaetani-denunciado-por-violencia-de-genero\/#primaryimage"},"image":{"@id":"https:\/\/cuartetoenlaweb.com.ar\/sitio\/empresario-y-11-anos-mayor-que-ella-quien-es-el-novio-de-romina-gaetani-denunciado-por-violencia-de-genero\/#primaryimage"},"thumbnailUrl":"https:\/\/cuartetoenlaweb.com.ar\/sitio\/wp-content\/uploads\/2025\/12\/El-romance-de-ano-quien-es-la-periodista-del-momento-que-esta-iniciando-una-relacion-con-Juan-Martin-del-Potro-359x226-2.jpg","datePublished":"2025-12-30T16:59:42+00:00","breadcrumb":{"@id":"https:\/\/cuartetoenlaweb.com.ar\/sitio\/empresario-y-11-anos-mayor-que-ella-quien-es-el-novio-de-romina-gaetani-denunciado-por-violencia-de-genero\/#breadcrumb"},"inLanguage":"es","potentialAction":[{"@type":"ReadAction","target":["https:\/\/cuartetoenlaweb.com.ar\/sitio\/empresario-y-11-anos-mayor-que-ella-quien-es-el-novio-de-romina-gaetani-denunciado-por-violencia-de-genero\/"]}]},{"@type":"ImageObject","inLanguage":"es","@id":"https:\/\/cuartetoenlaweb.com.ar\/sitio\/empresario-y-11-anos-mayor-que-ella-quien-es-el-novio-de-romina-gaetani-denunciado-por-violencia-de-genero\/#primaryimage","url":"https:\/\/cuartetoenlaweb.com.ar\/sitio\/wp-content\/uploads\/2025\/12\/El-romance-de-ano-quien-es-la-periodista-del-momento-que-esta-iniciando-una-relacion-con-Juan-Martin-del-Potro-359x226-2.jpg","contentUrl":"https:\/\/cuartetoenlaweb.com.ar\/sitio\/wp-content\/uploads\/2025\/12\/El-romance-de-ano-quien-es-la-periodista-del-momento-que-esta-iniciando-una-relacion-con-Juan-Martin-del-Potro-359x226-2.jpg","width":359,"height":226},{"@type":"BreadcrumbList","@id":"https:\/\/cuartetoenlaweb.com.ar\/sitio\/empresario-y-11-anos-mayor-que-ella-quien-es-el-novio-de-romina-gaetani-denunciado-por-violencia-de-genero\/#breadcrumb","itemListElement":[{"@type":"ListItem","position":1,"name":"Portada","item":"http:\/\/cuartetoenlaweb.com.ar\/sitio\/"},{"@type":"ListItem","position":2,"name":"Empresario y 11 a\u00f1os mayor que ella: qui\u00e9n es el novio de Romina Gaetani denunciado por violencia de g\u00e9nero"}]},{"@type":"WebSite","@id":"http:\/\/cuartetoenlaweb.com.ar\/sitio\/#website","url":"http:\/\/cuartetoenlaweb.com.ar\/sitio\/","name":"Cuarteto en la Web","description":"","publisher":{"@id":"http:\/\/cuartetoenlaweb.com.ar\/sitio\/#organization"},"potentialAction":[{"@type":"SearchAction","target":{"@type":"EntryPoint","urlTemplate":"http:\/\/cuartetoenlaweb.com.ar\/sitio\/?s={search_term_string}"},"query-input":{"@type":"PropertyValueSpecification","valueRequired":true,"valueName":"search_term_string"}}],"inLanguage":"es"},{"@type":"Organization","@id":"http:\/\/cuartetoenlaweb.com.ar\/sitio\/#organization","name":"Cuarteto en la Web","url":"http:\/\/cuartetoenlaweb.com.ar\/sitio\/","logo":{"@type":"ImageObject","inLanguage":"es","@id":"http:\/\/cuartetoenlaweb.com.ar\/sitio\/#\/schema\/logo\/image\/","url":"https:\/\/cuartetoenlaweb.com.ar\/sitio\/wp-content\/uploads\/2025\/07\/cropped-cropped-logitoweb21.png","contentUrl":"https:\/\/cuartetoenlaweb.com.ar\/sitio\/wp-content\/uploads\/2025\/07\/cropped-cropped-logitoweb21.png","width":199,"height":199,"caption":"Cuarteto en la Web"},"image":{"@id":"http:\/\/cuartetoenlaweb.com.ar\/sitio\/#\/schema\/logo\/image\/"}}]}},"_links":{"self":[{"href":"https:\/\/cuartetoenlaweb.com.ar\/sitio\/wp-json\/wp\/v2\/posts\/9766","targetHints":{"allow":["GET"]}}],"collection":[{"href":"https:\/\/cuartetoenlaweb.com.ar\/sitio\/wp-json\/wp\/v2\/posts"}],"about":[{"href":"https:\/\/cuartetoenlaweb.com.ar\/sitio\/wp-json\/wp\/v2\/types\/post"}],"replies":[{"embeddable":true,"href":"https:\/\/cuartetoenlaweb.com.ar\/sitio\/wp-json\/wp\/v2\/comments?post=9766"}],"version-history":[{"count":0,"href":"https:\/\/cuartetoenlaweb.com.ar\/sitio\/wp-json\/wp\/v2\/posts\/9766\/revisions"}],"wp:featuredmedia":[{"embeddable":true,"href":"https:\/\/cuartetoenlaweb.com.ar\/sitio\/wp-json\/wp\/v2\/media\/9767"}],"wp:attachment":[{"href":"https:\/\/cuartetoenlaweb.com.ar\/sitio\/wp-json\/wp\/v2\/media?parent=9766"}],"wp:term":[{"taxonomy":"category","embeddable":true,"href":"https:\/\/cuartetoenlaweb.com.ar\/sitio\/wp-json\/wp\/v2\/categories?post=9766"},{"taxonomy":"post_tag","embeddable":true,"href":"https:\/\/cuartetoenlaweb.com.ar\/sitio\/wp-json\/wp\/v2\/tags?post=9766"}],"curies":[{"name":"wp","href":"https:\/\/api.w.org\/{rel}","templated":true}]}}