
{"id":9764,"date":"2025-12-30T13:59:41","date_gmt":"2025-12-30T16:59:41","guid":{"rendered":"https:\/\/cuartetoenlaweb.com.ar\/sitio\/la-pareja-de-influencers-top-que-anuncio-embarazo-y-dilema-la-fecha-de-parto-es-el-dia-de-la-final-del-mundial\/"},"modified":"2025-12-30T13:59:41","modified_gmt":"2025-12-30T16:59:41","slug":"la-pareja-de-influencers-top-que-anuncio-embarazo-y-dilema-la-fecha-de-parto-es-el-dia-de-la-final-del-mundial","status":"publish","type":"post","link":"https:\/\/cuartetoenlaweb.com.ar\/sitio\/la-pareja-de-influencers-top-que-anuncio-embarazo-y-dilema-la-fecha-de-parto-es-el-dia-de-la-final-del-mundial\/","title":{"rendered":"La pareja de influencers top que anunci\u00f3 embarazo y dilema: &quot;La fecha de parto es el d\u00eda de la final del Mundial&quot;"},"content":{"rendered":"<p>Cualquier muchacho que se filma cocinando unas verduras al vapor es considerado \u00abinfluencer de la alimentaci\u00f3n saludable\u00bb. Cualquier muchacha que se atreve a mostrar c\u00f3mo se clave una minifalda o c\u00f3mo se sube a un par de zapas es una influencer de la moda. Y as\u00ed sucesivamente. La era de los influencers al por mayor ha permitido, por ejemplo, que Jero Freixas sea considerado uno vinculado al f\u00fatbol aunque solo haya pateado una pelota en la plaza del barrio. <\/p>\n<p>No s\u00f3lo \u00e9l. Tambi\u00e9n su mujer, Jose De Cabo, ocupa ese trono: son los influencers n\u00famero uno en la combinaci\u00f3n del f\u00f3bal con el humor. Y ahora adem\u00e1s son noticia porque est\u00e1n esperando su tercer hijo. Ya tienen a Rita y a Ram\u00f3n, y ahora anunciaron que \u00abla familia volver\u00e1 a agrandarse\u00bb porque ella est\u00e1 embarazada de nuevo. Lo que se dice un \u00abgolazo de media cancha\u00bb.<\/p>\n<p>Lo contaron, l\u00f3gicamente, en sus redes sociales y a trav\u00e9s de un video, la v\u00eda que les permiti\u00f3 hacerse conocidos primero, ganar un buen dinero despu\u00e9s, viajar por aqu\u00ed y por all\u00e1 m\u00e1s tarde y finalmente darse el gusto de conocer a un mont\u00f3n de figuras vinculadas al mundo de la pelota. A todos, sin excepci\u00f3n, les cayeron de maravillas con su simpat\u00eda.<\/p>\n<div class=\"mt-box \">\n<h4 class=\"mt-heading\">Mir\u00e1 Tambi\u00e9n<\/h4>\n<p><a href=\"https:\/\/www.paparazzi.com.ar\/romances\/bombazo-de-fin-de-ano-las-pruebas-de-que-wanda-nara-y-martin-migueles-estan-en-crisis-ella-lo-dejo\/\"><\/p>\n<div class=\"mt-content\">\n<div class=\"mt-image-container\"><img decoding=\"async\" src=\"https:\/\/www.paparazzi.com.ar\/wp-content\/uploads\/2025\/12\/Wanda-Migueles-2-359x226.jpg\" alt=\"\u00a1Bombazo de fin de a\u00f1o! Las pruebas de que Wanda Nara y Mart\u00edn Migueles est\u00e1n en crisis: &quot;Ella lo dej\u00f3...&quot;\" class=\"mt-image\" loading=\"lazy\" \/><\/div>\n<h5 class=\"mt-title\">\u00a1Bombazo de fin de a\u00f1o! Las pruebas de que Wanda Nara y Mart\u00edn Migueles est\u00e1n en crisis: \u00abElla lo dej\u00f3&#8230;\u00bb<\/h5>\n<\/div>\n<p><\/a><\/div>\n<p>En las im\u00e1genes se lo ve a \u00e9l con su camiseta de Argentina y a ella tratando de contarle algo. \u00abQu\u00e9 a\u00f1o se viene no?\u00bb le dice de movida. \u00abUffff, 2026, qu\u00e9 te parece&#8230; El Mundial\u00bb, le responde \u00e9l.  Ella insiste: \u00abBueno, van a pasar otras cosas tambi\u00e9n, no? Que pueden estar buenas adem\u00e1s\u00bb. \u00abS\u00ed, pero el mundial supera todo\u00bb confirma Jero. Entonces ella le dice \u00abquiz\u00e1s algunas no\u00bb y le muestra un test de embarazo al que no se le ve el resultado pero evidentemente es positivo.<\/p>\n<h2 class=\"wp-block-heading\">LA PAREJA DE INFLUENCERS TOP QUE ANUNCIO EMBARAZO Y DILEMA AL MISMO TIEMPO<\/h2>\n<p>\u00abEs joda\u00bb tira Jero y ella le responde \u00abNo, c\u00f3mo va a ser joda, c\u00f3mo te voy a joder con esto\u00bb. La escena es tan divertida como tierna. \u00abEs algo bueno\u00bb se ataja Jose. \u00abEs buen\u00edsimo\u00bb intenta convencerla \u00e9l. Despu\u00e9s le pregunta si est\u00e1 segura, si se hizo bien \u00abel an\u00e1lisis\u00bb, si \u00abemboc\u00f3 bien con el pis\u00bb y posteriormente pone cara pensativa: \u00abestoy tratando de recordar cu\u00e1ndo&#8230;cu\u00e1ndo&#8230;cu\u00e1ndo fue&#8230;\u00bb.<\/p>\n<p>Y s\u00ed, porque all\u00ed empieza el dilema de la pareja. Que no va a ser qu\u00e9 nombre le ponen o ropa de qu\u00e9 color le compran. El problema que se le presentan es que sea nena o var\u00f3n y se llame Jimena, Cristina, Sergio o Tahiel es probable que la fecha de parto caiga el d\u00eda que se jugar\u00e1 la final del mundial, es decir el 19 de junio del a\u00f1o que empezar\u00e1 en menos de 48 horas. \u00bfY qu\u00e9 puede pasar si llega Argentina?<\/p>\n<div class=\"mt-box \">\n<h4 class=\"mt-heading\">Mir\u00e1 Tambi\u00e9n<\/h4>\n<p><a href=\"https:\/\/www.paparazzi.com.ar\/romances\/el-romance-de-ano-quien-es-la-periodista-del-momento-que-esta-iniciando-una-relacion-con-juan-martin-del-potro\/\"><\/p>\n<div class=\"mt-content\">\n<div class=\"mt-image-container\"><img decoding=\"async\" src=\"https:\/\/www.paparazzi.com.ar\/wp-content\/uploads\/2025\/12\/El-romance-de-ano-quien-es-la-periodista-del-momento-que-esta-iniciando-una-relacion-con-Juan-Martin-del-Potro-359x226.jpg\" alt=\"El romance de a\u00f1o: qui\u00e9n es la periodista del momento que est\u00e1 iniciando una relaci\u00f3n con Juan Mart\u00edn del Potro\" class=\"mt-image\" loading=\"lazy\" \/><\/div>\n<h5 class=\"mt-title\">El romance de a\u00f1o: qui\u00e9n es la periodista del momento que est\u00e1 iniciando una relaci\u00f3n con Juan Mart\u00edn del Potro<\/h5>\n<\/div>\n<p><\/a><\/div>\n<div class=\"mt-box \">\n<h4 class=\"mt-heading\">Mir\u00e1 Tambi\u00e9n<\/h4>\n<p><a href=\"https:\/\/www.paparazzi.com.ar\/teve\/que-ver-en-netflix-se-estreno-en-argentina-la-serie-coreana-que-ya-es-un-exito-en-el-mundo\/\"><\/p>\n<div class=\"mt-content\">\n<div class=\"mt-image-container\"><img decoding=\"async\" src=\"https:\/\/www.paparazzi.com.ar\/wp-content\/uploads\/2025\/12\/Cashman.-Netflix-359x226.jpg\" alt=\"Qu\u00e9 ver en Netflix: se estren\u00f3 en Argentina la serie coreana que ya es un \u00e9xito en el mundo\" class=\"mt-image\" loading=\"lazy\" \/><\/div>\n<h5 class=\"mt-title\">Qu\u00e9 ver en Netflix: se estren\u00f3 en Argentina la serie coreana que ya es un \u00e9xito en el mundo<\/h5>\n<\/div>\n<p><\/a><\/div>\n<p>The post <a href=\"https:\/\/www.paparazzi.com.ar\/romances\/influencers-top-anunciaron-embarazo-y-dilema\/\">La pareja de influencers top que anunci\u00f3 embarazo y dilema: &quot;La fecha de parto es el d\u00eda de la final del Mundial&quot;<\/a> appeared first on <a href=\"https:\/\/www.paparazzi.com.ar\">Revista Paparazzi<\/a>.<\/p>\n","protected":false},"excerpt":{"rendered":"<p>Cualquier muchacho que se filma cocinando unas verduras al vapor<\/p>\n","protected":false},"author":0,"featured_media":9765,"comment_status":"","ping_status":"","sticky":false,"template":"","format":"standard","meta":{"footnotes":""},"categories":[65],"tags":[],"class_list":["post-9764","post","type-post","status-publish","format-standard","has-post-thumbnail","hentry","category-pais"],"yoast_head":"<!-- This site is optimized with the Yoast SEO plugin v27.4 - https:\/\/yoast.com\/product\/yoast-seo-wordpress\/ -->\n<title>La pareja de influencers top que anunci\u00f3 embarazo y dilema: &quot;La fecha de parto es el d\u00eda de la final del Mundial&quot; - Cuarteto en la Web<\/title>\n<meta name=\"robots\" content=\"index, follow, max-snippet:-1, max-image-preview:large, max-video-preview:-1\" \/>\n<link rel=\"canonical\" href=\"https:\/\/cuartetoenlaweb.com.ar\/sitio\/la-pareja-de-influencers-top-que-anuncio-embarazo-y-dilema-la-fecha-de-parto-es-el-dia-de-la-final-del-mundial\/\" \/>\n<meta property=\"og:locale\" content=\"es_ES\" \/>\n<meta property=\"og:type\" content=\"article\" \/>\n<meta property=\"og:title\" content=\"La pareja de influencers top que anunci\u00f3 embarazo y dilema: &quot;La fecha de parto es el d\u00eda de la final del Mundial&quot; - Cuarteto en la Web\" \/>\n<meta property=\"og:description\" content=\"Cualquier muchacho que se filma cocinando unas verduras al vapor\" \/>\n<meta property=\"og:url\" content=\"https:\/\/cuartetoenlaweb.com.ar\/sitio\/la-pareja-de-influencers-top-que-anuncio-embarazo-y-dilema-la-fecha-de-parto-es-el-dia-de-la-final-del-mundial\/\" \/>\n<meta property=\"og:site_name\" content=\"Cuarteto en la Web\" \/>\n<meta property=\"article:published_time\" content=\"2025-12-30T16:59:41+00:00\" \/>\n<meta property=\"og:image\" content=\"https:\/\/cuartetoenlaweb.com.ar\/sitio\/wp-content\/uploads\/2025\/12\/Wanda-Migueles-2-359x226-1.jpg\" \/>\n\t<meta property=\"og:image:width\" content=\"359\" \/>\n\t<meta property=\"og:image:height\" content=\"226\" \/>\n\t<meta property=\"og:image:type\" content=\"image\/jpeg\" \/>\n<meta name=\"twitter:card\" content=\"summary_large_image\" \/>\n<meta name=\"twitter:label1\" content=\"Tiempo de lectura\" \/>\n\t<meta name=\"twitter:data1\" content=\"3 minutos\" \/>\n<script type=\"application\/ld+json\" class=\"yoast-schema-graph\">{\"@context\":\"https:\\\/\\\/schema.org\",\"@graph\":[{\"@type\":\"Article\",\"@id\":\"https:\\\/\\\/cuartetoenlaweb.com.ar\\\/sitio\\\/la-pareja-de-influencers-top-que-anuncio-embarazo-y-dilema-la-fecha-de-parto-es-el-dia-de-la-final-del-mundial\\\/#article\",\"isPartOf\":{\"@id\":\"https:\\\/\\\/cuartetoenlaweb.com.ar\\\/sitio\\\/la-pareja-de-influencers-top-que-anuncio-embarazo-y-dilema-la-fecha-de-parto-es-el-dia-de-la-final-del-mundial\\\/\"},\"author\":{\"name\":\"\",\"@id\":\"\"},\"headline\":\"La pareja de influencers top que anunci\u00f3 embarazo y dilema: &quot;La fecha de parto es el d\u00eda de la final del Mundial&quot;\",\"datePublished\":\"2025-12-30T16:59:41+00:00\",\"mainEntityOfPage\":{\"@id\":\"https:\\\/\\\/cuartetoenlaweb.com.ar\\\/sitio\\\/la-pareja-de-influencers-top-que-anuncio-embarazo-y-dilema-la-fecha-de-parto-es-el-dia-de-la-final-del-mundial\\\/\"},\"wordCount\":630,\"publisher\":{\"@id\":\"http:\\\/\\\/cuartetoenlaweb.com.ar\\\/sitio\\\/#organization\"},\"image\":{\"@id\":\"https:\\\/\\\/cuartetoenlaweb.com.ar\\\/sitio\\\/la-pareja-de-influencers-top-que-anuncio-embarazo-y-dilema-la-fecha-de-parto-es-el-dia-de-la-final-del-mundial\\\/#primaryimage\"},\"thumbnailUrl\":\"https:\\\/\\\/cuartetoenlaweb.com.ar\\\/sitio\\\/wp-content\\\/uploads\\\/2025\\\/12\\\/Wanda-Migueles-2-359x226-1.jpg\",\"articleSection\":[\"PAIS\"],\"inLanguage\":\"es\"},{\"@type\":\"WebPage\",\"@id\":\"https:\\\/\\\/cuartetoenlaweb.com.ar\\\/sitio\\\/la-pareja-de-influencers-top-que-anuncio-embarazo-y-dilema-la-fecha-de-parto-es-el-dia-de-la-final-del-mundial\\\/\",\"url\":\"https:\\\/\\\/cuartetoenlaweb.com.ar\\\/sitio\\\/la-pareja-de-influencers-top-que-anuncio-embarazo-y-dilema-la-fecha-de-parto-es-el-dia-de-la-final-del-mundial\\\/\",\"name\":\"La pareja de influencers top que anunci\u00f3 embarazo y dilema: &quot;La fecha de parto es el d\u00eda de la final del Mundial&quot; - Cuarteto en la Web\",\"isPartOf\":{\"@id\":\"http:\\\/\\\/cuartetoenlaweb.com.ar\\\/sitio\\\/#website\"},\"primaryImageOfPage\":{\"@id\":\"https:\\\/\\\/cuartetoenlaweb.com.ar\\\/sitio\\\/la-pareja-de-influencers-top-que-anuncio-embarazo-y-dilema-la-fecha-de-parto-es-el-dia-de-la-final-del-mundial\\\/#primaryimage\"},\"image\":{\"@id\":\"https:\\\/\\\/cuartetoenlaweb.com.ar\\\/sitio\\\/la-pareja-de-influencers-top-que-anuncio-embarazo-y-dilema-la-fecha-de-parto-es-el-dia-de-la-final-del-mundial\\\/#primaryimage\"},\"thumbnailUrl\":\"https:\\\/\\\/cuartetoenlaweb.com.ar\\\/sitio\\\/wp-content\\\/uploads\\\/2025\\\/12\\\/Wanda-Migueles-2-359x226-1.jpg\",\"datePublished\":\"2025-12-30T16:59:41+00:00\",\"breadcrumb\":{\"@id\":\"https:\\\/\\\/cuartetoenlaweb.com.ar\\\/sitio\\\/la-pareja-de-influencers-top-que-anuncio-embarazo-y-dilema-la-fecha-de-parto-es-el-dia-de-la-final-del-mundial\\\/#breadcrumb\"},\"inLanguage\":\"es\",\"potentialAction\":[{\"@type\":\"ReadAction\",\"target\":[\"https:\\\/\\\/cuartetoenlaweb.com.ar\\\/sitio\\\/la-pareja-de-influencers-top-que-anuncio-embarazo-y-dilema-la-fecha-de-parto-es-el-dia-de-la-final-del-mundial\\\/\"]}]},{\"@type\":\"ImageObject\",\"inLanguage\":\"es\",\"@id\":\"https:\\\/\\\/cuartetoenlaweb.com.ar\\\/sitio\\\/la-pareja-de-influencers-top-que-anuncio-embarazo-y-dilema-la-fecha-de-parto-es-el-dia-de-la-final-del-mundial\\\/#primaryimage\",\"url\":\"https:\\\/\\\/cuartetoenlaweb.com.ar\\\/sitio\\\/wp-content\\\/uploads\\\/2025\\\/12\\\/Wanda-Migueles-2-359x226-1.jpg\",\"contentUrl\":\"https:\\\/\\\/cuartetoenlaweb.com.ar\\\/sitio\\\/wp-content\\\/uploads\\\/2025\\\/12\\\/Wanda-Migueles-2-359x226-1.jpg\",\"width\":359,\"height\":226},{\"@type\":\"BreadcrumbList\",\"@id\":\"https:\\\/\\\/cuartetoenlaweb.com.ar\\\/sitio\\\/la-pareja-de-influencers-top-que-anuncio-embarazo-y-dilema-la-fecha-de-parto-es-el-dia-de-la-final-del-mundial\\\/#breadcrumb\",\"itemListElement\":[{\"@type\":\"ListItem\",\"position\":1,\"name\":\"Portada\",\"item\":\"http:\\\/\\\/cuartetoenlaweb.com.ar\\\/sitio\\\/\"},{\"@type\":\"ListItem\",\"position\":2,\"name\":\"La pareja de influencers top que anunci\u00f3 embarazo y dilema: &quot;La fecha de parto es el d\u00eda de la final del Mundial&quot;\"}]},{\"@type\":\"WebSite\",\"@id\":\"http:\\\/\\\/cuartetoenlaweb.com.ar\\\/sitio\\\/#website\",\"url\":\"http:\\\/\\\/cuartetoenlaweb.com.ar\\\/sitio\\\/\",\"name\":\"Cuarteto en la Web\",\"description\":\"\",\"publisher\":{\"@id\":\"http:\\\/\\\/cuartetoenlaweb.com.ar\\\/sitio\\\/#organization\"},\"potentialAction\":[{\"@type\":\"SearchAction\",\"target\":{\"@type\":\"EntryPoint\",\"urlTemplate\":\"http:\\\/\\\/cuartetoenlaweb.com.ar\\\/sitio\\\/?s={search_term_string}\"},\"query-input\":{\"@type\":\"PropertyValueSpecification\",\"valueRequired\":true,\"valueName\":\"search_term_string\"}}],\"inLanguage\":\"es\"},{\"@type\":\"Organization\",\"@id\":\"http:\\\/\\\/cuartetoenlaweb.com.ar\\\/sitio\\\/#organization\",\"name\":\"Cuarteto en la Web\",\"url\":\"http:\\\/\\\/cuartetoenlaweb.com.ar\\\/sitio\\\/\",\"logo\":{\"@type\":\"ImageObject\",\"inLanguage\":\"es\",\"@id\":\"http:\\\/\\\/cuartetoenlaweb.com.ar\\\/sitio\\\/#\\\/schema\\\/logo\\\/image\\\/\",\"url\":\"https:\\\/\\\/cuartetoenlaweb.com.ar\\\/sitio\\\/wp-content\\\/uploads\\\/2025\\\/07\\\/cropped-cropped-logitoweb21.png\",\"contentUrl\":\"https:\\\/\\\/cuartetoenlaweb.com.ar\\\/sitio\\\/wp-content\\\/uploads\\\/2025\\\/07\\\/cropped-cropped-logitoweb21.png\",\"width\":199,\"height\":199,\"caption\":\"Cuarteto en la Web\"},\"image\":{\"@id\":\"http:\\\/\\\/cuartetoenlaweb.com.ar\\\/sitio\\\/#\\\/schema\\\/logo\\\/image\\\/\"}}]}<\/script>\n<!-- \/ Yoast SEO plugin. -->","yoast_head_json":{"title":"La pareja de influencers top que anunci\u00f3 embarazo y dilema: &quot;La fecha de parto es el d\u00eda de la final del Mundial&quot; - Cuarteto en la Web","robots":{"index":"index","follow":"follow","max-snippet":"max-snippet:-1","max-image-preview":"max-image-preview:large","max-video-preview":"max-video-preview:-1"},"canonical":"https:\/\/cuartetoenlaweb.com.ar\/sitio\/la-pareja-de-influencers-top-que-anuncio-embarazo-y-dilema-la-fecha-de-parto-es-el-dia-de-la-final-del-mundial\/","og_locale":"es_ES","og_type":"article","og_title":"La pareja de influencers top que anunci\u00f3 embarazo y dilema: &quot;La fecha de parto es el d\u00eda de la final del Mundial&quot; - Cuarteto en la Web","og_description":"Cualquier muchacho que se filma cocinando unas verduras al vapor","og_url":"https:\/\/cuartetoenlaweb.com.ar\/sitio\/la-pareja-de-influencers-top-que-anuncio-embarazo-y-dilema-la-fecha-de-parto-es-el-dia-de-la-final-del-mundial\/","og_site_name":"Cuarteto en la Web","article_published_time":"2025-12-30T16:59:41+00:00","og_image":[{"width":359,"height":226,"url":"https:\/\/cuartetoenlaweb.com.ar\/sitio\/wp-content\/uploads\/2025\/12\/Wanda-Migueles-2-359x226-1.jpg","type":"image\/jpeg"}],"twitter_card":"summary_large_image","twitter_misc":{"Tiempo de lectura":"3 minutos"},"schema":{"@context":"https:\/\/schema.org","@graph":[{"@type":"Article","@id":"https:\/\/cuartetoenlaweb.com.ar\/sitio\/la-pareja-de-influencers-top-que-anuncio-embarazo-y-dilema-la-fecha-de-parto-es-el-dia-de-la-final-del-mundial\/#article","isPartOf":{"@id":"https:\/\/cuartetoenlaweb.com.ar\/sitio\/la-pareja-de-influencers-top-que-anuncio-embarazo-y-dilema-la-fecha-de-parto-es-el-dia-de-la-final-del-mundial\/"},"author":{"name":"","@id":""},"headline":"La pareja de influencers top que anunci\u00f3 embarazo y dilema: &quot;La fecha de parto es el d\u00eda de la final del Mundial&quot;","datePublished":"2025-12-30T16:59:41+00:00","mainEntityOfPage":{"@id":"https:\/\/cuartetoenlaweb.com.ar\/sitio\/la-pareja-de-influencers-top-que-anuncio-embarazo-y-dilema-la-fecha-de-parto-es-el-dia-de-la-final-del-mundial\/"},"wordCount":630,"publisher":{"@id":"http:\/\/cuartetoenlaweb.com.ar\/sitio\/#organization"},"image":{"@id":"https:\/\/cuartetoenlaweb.com.ar\/sitio\/la-pareja-de-influencers-top-que-anuncio-embarazo-y-dilema-la-fecha-de-parto-es-el-dia-de-la-final-del-mundial\/#primaryimage"},"thumbnailUrl":"https:\/\/cuartetoenlaweb.com.ar\/sitio\/wp-content\/uploads\/2025\/12\/Wanda-Migueles-2-359x226-1.jpg","articleSection":["PAIS"],"inLanguage":"es"},{"@type":"WebPage","@id":"https:\/\/cuartetoenlaweb.com.ar\/sitio\/la-pareja-de-influencers-top-que-anuncio-embarazo-y-dilema-la-fecha-de-parto-es-el-dia-de-la-final-del-mundial\/","url":"https:\/\/cuartetoenlaweb.com.ar\/sitio\/la-pareja-de-influencers-top-que-anuncio-embarazo-y-dilema-la-fecha-de-parto-es-el-dia-de-la-final-del-mundial\/","name":"La pareja de influencers top que anunci\u00f3 embarazo y dilema: &quot;La fecha de parto es el d\u00eda de la final del Mundial&quot; - Cuarteto en la Web","isPartOf":{"@id":"http:\/\/cuartetoenlaweb.com.ar\/sitio\/#website"},"primaryImageOfPage":{"@id":"https:\/\/cuartetoenlaweb.com.ar\/sitio\/la-pareja-de-influencers-top-que-anuncio-embarazo-y-dilema-la-fecha-de-parto-es-el-dia-de-la-final-del-mundial\/#primaryimage"},"image":{"@id":"https:\/\/cuartetoenlaweb.com.ar\/sitio\/la-pareja-de-influencers-top-que-anuncio-embarazo-y-dilema-la-fecha-de-parto-es-el-dia-de-la-final-del-mundial\/#primaryimage"},"thumbnailUrl":"https:\/\/cuartetoenlaweb.com.ar\/sitio\/wp-content\/uploads\/2025\/12\/Wanda-Migueles-2-359x226-1.jpg","datePublished":"2025-12-30T16:59:41+00:00","breadcrumb":{"@id":"https:\/\/cuartetoenlaweb.com.ar\/sitio\/la-pareja-de-influencers-top-que-anuncio-embarazo-y-dilema-la-fecha-de-parto-es-el-dia-de-la-final-del-mundial\/#breadcrumb"},"inLanguage":"es","potentialAction":[{"@type":"ReadAction","target":["https:\/\/cuartetoenlaweb.com.ar\/sitio\/la-pareja-de-influencers-top-que-anuncio-embarazo-y-dilema-la-fecha-de-parto-es-el-dia-de-la-final-del-mundial\/"]}]},{"@type":"ImageObject","inLanguage":"es","@id":"https:\/\/cuartetoenlaweb.com.ar\/sitio\/la-pareja-de-influencers-top-que-anuncio-embarazo-y-dilema-la-fecha-de-parto-es-el-dia-de-la-final-del-mundial\/#primaryimage","url":"https:\/\/cuartetoenlaweb.com.ar\/sitio\/wp-content\/uploads\/2025\/12\/Wanda-Migueles-2-359x226-1.jpg","contentUrl":"https:\/\/cuartetoenlaweb.com.ar\/sitio\/wp-content\/uploads\/2025\/12\/Wanda-Migueles-2-359x226-1.jpg","width":359,"height":226},{"@type":"BreadcrumbList","@id":"https:\/\/cuartetoenlaweb.com.ar\/sitio\/la-pareja-de-influencers-top-que-anuncio-embarazo-y-dilema-la-fecha-de-parto-es-el-dia-de-la-final-del-mundial\/#breadcrumb","itemListElement":[{"@type":"ListItem","position":1,"name":"Portada","item":"http:\/\/cuartetoenlaweb.com.ar\/sitio\/"},{"@type":"ListItem","position":2,"name":"La pareja de influencers top que anunci\u00f3 embarazo y dilema: &quot;La fecha de parto es el d\u00eda de la final del Mundial&quot;"}]},{"@type":"WebSite","@id":"http:\/\/cuartetoenlaweb.com.ar\/sitio\/#website","url":"http:\/\/cuartetoenlaweb.com.ar\/sitio\/","name":"Cuarteto en la Web","description":"","publisher":{"@id":"http:\/\/cuartetoenlaweb.com.ar\/sitio\/#organization"},"potentialAction":[{"@type":"SearchAction","target":{"@type":"EntryPoint","urlTemplate":"http:\/\/cuartetoenlaweb.com.ar\/sitio\/?s={search_term_string}"},"query-input":{"@type":"PropertyValueSpecification","valueRequired":true,"valueName":"search_term_string"}}],"inLanguage":"es"},{"@type":"Organization","@id":"http:\/\/cuartetoenlaweb.com.ar\/sitio\/#organization","name":"Cuarteto en la Web","url":"http:\/\/cuartetoenlaweb.com.ar\/sitio\/","logo":{"@type":"ImageObject","inLanguage":"es","@id":"http:\/\/cuartetoenlaweb.com.ar\/sitio\/#\/schema\/logo\/image\/","url":"https:\/\/cuartetoenlaweb.com.ar\/sitio\/wp-content\/uploads\/2025\/07\/cropped-cropped-logitoweb21.png","contentUrl":"https:\/\/cuartetoenlaweb.com.ar\/sitio\/wp-content\/uploads\/2025\/07\/cropped-cropped-logitoweb21.png","width":199,"height":199,"caption":"Cuarteto en la Web"},"image":{"@id":"http:\/\/cuartetoenlaweb.com.ar\/sitio\/#\/schema\/logo\/image\/"}}]}},"_links":{"self":[{"href":"https:\/\/cuartetoenlaweb.com.ar\/sitio\/wp-json\/wp\/v2\/posts\/9764","targetHints":{"allow":["GET"]}}],"collection":[{"href":"https:\/\/cuartetoenlaweb.com.ar\/sitio\/wp-json\/wp\/v2\/posts"}],"about":[{"href":"https:\/\/cuartetoenlaweb.com.ar\/sitio\/wp-json\/wp\/v2\/types\/post"}],"replies":[{"embeddable":true,"href":"https:\/\/cuartetoenlaweb.com.ar\/sitio\/wp-json\/wp\/v2\/comments?post=9764"}],"version-history":[{"count":0,"href":"https:\/\/cuartetoenlaweb.com.ar\/sitio\/wp-json\/wp\/v2\/posts\/9764\/revisions"}],"wp:featuredmedia":[{"embeddable":true,"href":"https:\/\/cuartetoenlaweb.com.ar\/sitio\/wp-json\/wp\/v2\/media\/9765"}],"wp:attachment":[{"href":"https:\/\/cuartetoenlaweb.com.ar\/sitio\/wp-json\/wp\/v2\/media?parent=9764"}],"wp:term":[{"taxonomy":"category","embeddable":true,"href":"https:\/\/cuartetoenlaweb.com.ar\/sitio\/wp-json\/wp\/v2\/categories?post=9764"},{"taxonomy":"post_tag","embeddable":true,"href":"https:\/\/cuartetoenlaweb.com.ar\/sitio\/wp-json\/wp\/v2\/tags?post=9764"}],"curies":[{"name":"wp","href":"https:\/\/api.w.org\/{rel}","templated":true}]}}