
{"id":9757,"date":"2025-12-30T01:59:14","date_gmt":"2025-12-30T04:59:14","guid":{"rendered":"https:\/\/cuartetoenlaweb.com.ar\/sitio\/luisa-delfino-renovo-con-radio-rivadavia-el-clasico-te-escucho-tendra-una-nueva-temporada\/"},"modified":"2025-12-30T01:59:14","modified_gmt":"2025-12-30T04:59:14","slug":"luisa-delfino-renovo-con-radio-rivadavia-el-clasico-te-escucho-tendra-una-nueva-temporada","status":"publish","type":"post","link":"https:\/\/cuartetoenlaweb.com.ar\/sitio\/luisa-delfino-renovo-con-radio-rivadavia-el-clasico-te-escucho-tendra-una-nueva-temporada\/","title":{"rendered":"Luisa Delfino renov\u00f3 con radio Rivadavia: el cl\u00e1sico &quot;Te escucho&quot; tendr\u00e1 una nueva temporada"},"content":{"rendered":"<p>Buenos Aires, 30 diciembre (NA) \u2013 La conductora Luisa Delfino firm\u00f3 el contrato que asegura una nueva temporada de su hist\u00f3rico programa, \u00abTe escucho\u00bb, en el aire de Radio Rivadavia.<\/p>\n<p>De esta manera, la periodista y escritora seguir\u00e1 liderando las noches de los fines de semana, brindando ese espacio de contenci\u00f3n, di\u00e1logo y escucha que se ha convertido en una marca registrada de su carrera y en un refugio para miles de oyentes en todo el pa\u00eds, supo la Agencia Noticias Argentinas.<\/p>\n<p>Seg\u00fan se inform\u00f3 tras la firma del acuerdo, el programa mantendr\u00e1 su estructura habitual para no alterar el rito de sus seguidores: s\u00e1bados y domingos de 22:00 a 01:00.<\/p>\n<p>UN CL\u00c1SICO QUE NO PIERDE VIGENCIA<\/p>\n<p>\u00abTe escucho\u00bb lleva d\u00e9cadas en el aire, habiendo pasado por distintas emisoras antes de encontrar su casa actual en Rivadavia. El programa se destaca por abordar tem\u00e1ticas vinculadas a la salud mental, la soledad, las adicciones y las historias de vida, siempre con el tono emp\u00e1tico y profesional que caracteriza a Delfino.<\/p>\n<p>En un contexto donde la inmediatez y el ruido informativo dominan el dial, la renovaci\u00f3n de Luisa Delfino apuesta a la pausa y a la conexi\u00f3n profunda con la audiencia, consolidando el liderazgo de Rivadavia en la franja nocturna del fin de semana. #AgenciaNA<\/p>\n","protected":false},"excerpt":{"rendered":"<p>Buenos Aires, 30 diciembre (NA) \u2013 La conductora Luisa Delfino<\/p>\n","protected":false},"author":0,"featured_media":9758,"comment_status":"","ping_status":"","sticky":false,"template":"","format":"standard","meta":{"footnotes":""},"categories":[65],"tags":[],"class_list":["post-9757","post","type-post","status-publish","format-standard","has-post-thumbnail","hentry","category-pais"],"yoast_head":"<!-- This site is optimized with the Yoast SEO plugin v27.4 - https:\/\/yoast.com\/product\/yoast-seo-wordpress\/ -->\n<title>Luisa Delfino renov\u00f3 con radio Rivadavia: el cl\u00e1sico &quot;Te escucho&quot; tendr\u00e1 una nueva temporada - Cuarteto en la Web<\/title>\n<meta name=\"robots\" content=\"index, follow, max-snippet:-1, max-image-preview:large, max-video-preview:-1\" \/>\n<link rel=\"canonical\" href=\"https:\/\/cuartetoenlaweb.com.ar\/sitio\/luisa-delfino-renovo-con-radio-rivadavia-el-clasico-te-escucho-tendra-una-nueva-temporada\/\" \/>\n<meta property=\"og:locale\" content=\"es_ES\" \/>\n<meta property=\"og:type\" content=\"article\" \/>\n<meta property=\"og:title\" content=\"Luisa Delfino renov\u00f3 con radio Rivadavia: el cl\u00e1sico &quot;Te escucho&quot; tendr\u00e1 una nueva temporada - Cuarteto en la Web\" \/>\n<meta property=\"og:description\" content=\"Buenos Aires, 30 diciembre (NA) \u2013 La conductora Luisa Delfino\" \/>\n<meta property=\"og:url\" content=\"https:\/\/cuartetoenlaweb.com.ar\/sitio\/luisa-delfino-renovo-con-radio-rivadavia-el-clasico-te-escucho-tendra-una-nueva-temporada\/\" \/>\n<meta property=\"og:site_name\" content=\"Cuarteto en la Web\" \/>\n<meta property=\"article:published_time\" content=\"2025-12-30T04:59:14+00:00\" \/>\n<meta property=\"og:image\" content=\"https:\/\/cuartetoenlaweb.com.ar\/sitio\/wp-content\/uploads\/2025\/12\/720-400.jpeg\" \/>\n\t<meta property=\"og:image:width\" content=\"540\" \/>\n\t<meta property=\"og:image:height\" content=\"720\" \/>\n\t<meta property=\"og:image:type\" content=\"image\/jpeg\" \/>\n<meta name=\"twitter:card\" content=\"summary_large_image\" \/>\n<meta name=\"twitter:label1\" content=\"Tiempo de lectura\" \/>\n\t<meta name=\"twitter:data1\" content=\"1 minuto\" \/>\n<script type=\"application\/ld+json\" class=\"yoast-schema-graph\">{\"@context\":\"https:\\\/\\\/schema.org\",\"@graph\":[{\"@type\":\"Article\",\"@id\":\"https:\\\/\\\/cuartetoenlaweb.com.ar\\\/sitio\\\/luisa-delfino-renovo-con-radio-rivadavia-el-clasico-te-escucho-tendra-una-nueva-temporada\\\/#article\",\"isPartOf\":{\"@id\":\"https:\\\/\\\/cuartetoenlaweb.com.ar\\\/sitio\\\/luisa-delfino-renovo-con-radio-rivadavia-el-clasico-te-escucho-tendra-una-nueva-temporada\\\/\"},\"author\":{\"name\":\"\",\"@id\":\"\"},\"headline\":\"Luisa Delfino renov\u00f3 con radio Rivadavia: el cl\u00e1sico &quot;Te escucho&quot; tendr\u00e1 una nueva temporada\",\"datePublished\":\"2025-12-30T04:59:14+00:00\",\"mainEntityOfPage\":{\"@id\":\"https:\\\/\\\/cuartetoenlaweb.com.ar\\\/sitio\\\/luisa-delfino-renovo-con-radio-rivadavia-el-clasico-te-escucho-tendra-una-nueva-temporada\\\/\"},\"wordCount\":238,\"publisher\":{\"@id\":\"https:\\\/\\\/cuartetoenlaweb.com.ar\\\/sitio\\\/#organization\"},\"image\":{\"@id\":\"https:\\\/\\\/cuartetoenlaweb.com.ar\\\/sitio\\\/luisa-delfino-renovo-con-radio-rivadavia-el-clasico-te-escucho-tendra-una-nueva-temporada\\\/#primaryimage\"},\"thumbnailUrl\":\"https:\\\/\\\/cuartetoenlaweb.com.ar\\\/sitio\\\/wp-content\\\/uploads\\\/2025\\\/12\\\/720-400.jpeg\",\"articleSection\":[\"PAIS\"],\"inLanguage\":\"es\"},{\"@type\":\"WebPage\",\"@id\":\"https:\\\/\\\/cuartetoenlaweb.com.ar\\\/sitio\\\/luisa-delfino-renovo-con-radio-rivadavia-el-clasico-te-escucho-tendra-una-nueva-temporada\\\/\",\"url\":\"https:\\\/\\\/cuartetoenlaweb.com.ar\\\/sitio\\\/luisa-delfino-renovo-con-radio-rivadavia-el-clasico-te-escucho-tendra-una-nueva-temporada\\\/\",\"name\":\"Luisa Delfino renov\u00f3 con radio Rivadavia: el cl\u00e1sico &quot;Te escucho&quot; tendr\u00e1 una nueva temporada - Cuarteto en la Web\",\"isPartOf\":{\"@id\":\"https:\\\/\\\/cuartetoenlaweb.com.ar\\\/sitio\\\/#website\"},\"primaryImageOfPage\":{\"@id\":\"https:\\\/\\\/cuartetoenlaweb.com.ar\\\/sitio\\\/luisa-delfino-renovo-con-radio-rivadavia-el-clasico-te-escucho-tendra-una-nueva-temporada\\\/#primaryimage\"},\"image\":{\"@id\":\"https:\\\/\\\/cuartetoenlaweb.com.ar\\\/sitio\\\/luisa-delfino-renovo-con-radio-rivadavia-el-clasico-te-escucho-tendra-una-nueva-temporada\\\/#primaryimage\"},\"thumbnailUrl\":\"https:\\\/\\\/cuartetoenlaweb.com.ar\\\/sitio\\\/wp-content\\\/uploads\\\/2025\\\/12\\\/720-400.jpeg\",\"datePublished\":\"2025-12-30T04:59:14+00:00\",\"breadcrumb\":{\"@id\":\"https:\\\/\\\/cuartetoenlaweb.com.ar\\\/sitio\\\/luisa-delfino-renovo-con-radio-rivadavia-el-clasico-te-escucho-tendra-una-nueva-temporada\\\/#breadcrumb\"},\"inLanguage\":\"es\",\"potentialAction\":[{\"@type\":\"ReadAction\",\"target\":[\"https:\\\/\\\/cuartetoenlaweb.com.ar\\\/sitio\\\/luisa-delfino-renovo-con-radio-rivadavia-el-clasico-te-escucho-tendra-una-nueva-temporada\\\/\"]}]},{\"@type\":\"ImageObject\",\"inLanguage\":\"es\",\"@id\":\"https:\\\/\\\/cuartetoenlaweb.com.ar\\\/sitio\\\/luisa-delfino-renovo-con-radio-rivadavia-el-clasico-te-escucho-tendra-una-nueva-temporada\\\/#primaryimage\",\"url\":\"https:\\\/\\\/cuartetoenlaweb.com.ar\\\/sitio\\\/wp-content\\\/uploads\\\/2025\\\/12\\\/720-400.jpeg\",\"contentUrl\":\"https:\\\/\\\/cuartetoenlaweb.com.ar\\\/sitio\\\/wp-content\\\/uploads\\\/2025\\\/12\\\/720-400.jpeg\",\"width\":540,\"height\":720},{\"@type\":\"BreadcrumbList\",\"@id\":\"https:\\\/\\\/cuartetoenlaweb.com.ar\\\/sitio\\\/luisa-delfino-renovo-con-radio-rivadavia-el-clasico-te-escucho-tendra-una-nueva-temporada\\\/#breadcrumb\",\"itemListElement\":[{\"@type\":\"ListItem\",\"position\":1,\"name\":\"Portada\",\"item\":\"https:\\\/\\\/cuartetoenlaweb.com.ar\\\/sitio\\\/\"},{\"@type\":\"ListItem\",\"position\":2,\"name\":\"Luisa Delfino renov\u00f3 con radio Rivadavia: el cl\u00e1sico &quot;Te escucho&quot; tendr\u00e1 una nueva temporada\"}]},{\"@type\":\"WebSite\",\"@id\":\"https:\\\/\\\/cuartetoenlaweb.com.ar\\\/sitio\\\/#website\",\"url\":\"https:\\\/\\\/cuartetoenlaweb.com.ar\\\/sitio\\\/\",\"name\":\"Cuarteto en la Web\",\"description\":\"\",\"publisher\":{\"@id\":\"https:\\\/\\\/cuartetoenlaweb.com.ar\\\/sitio\\\/#organization\"},\"potentialAction\":[{\"@type\":\"SearchAction\",\"target\":{\"@type\":\"EntryPoint\",\"urlTemplate\":\"https:\\\/\\\/cuartetoenlaweb.com.ar\\\/sitio\\\/?s={search_term_string}\"},\"query-input\":{\"@type\":\"PropertyValueSpecification\",\"valueRequired\":true,\"valueName\":\"search_term_string\"}}],\"inLanguage\":\"es\"},{\"@type\":\"Organization\",\"@id\":\"https:\\\/\\\/cuartetoenlaweb.com.ar\\\/sitio\\\/#organization\",\"name\":\"Cuarteto en la Web\",\"url\":\"https:\\\/\\\/cuartetoenlaweb.com.ar\\\/sitio\\\/\",\"logo\":{\"@type\":\"ImageObject\",\"inLanguage\":\"es\",\"@id\":\"https:\\\/\\\/cuartetoenlaweb.com.ar\\\/sitio\\\/#\\\/schema\\\/logo\\\/image\\\/\",\"url\":\"https:\\\/\\\/cuartetoenlaweb.com.ar\\\/sitio\\\/wp-content\\\/uploads\\\/2025\\\/07\\\/cropped-cropped-logitoweb21.png\",\"contentUrl\":\"https:\\\/\\\/cuartetoenlaweb.com.ar\\\/sitio\\\/wp-content\\\/uploads\\\/2025\\\/07\\\/cropped-cropped-logitoweb21.png\",\"width\":199,\"height\":199,\"caption\":\"Cuarteto en la Web\"},\"image\":{\"@id\":\"https:\\\/\\\/cuartetoenlaweb.com.ar\\\/sitio\\\/#\\\/schema\\\/logo\\\/image\\\/\"}}]}<\/script>\n<!-- \/ Yoast SEO plugin. -->","yoast_head_json":{"title":"Luisa Delfino renov\u00f3 con radio Rivadavia: el cl\u00e1sico &quot;Te escucho&quot; tendr\u00e1 una nueva temporada - Cuarteto en la Web","robots":{"index":"index","follow":"follow","max-snippet":"max-snippet:-1","max-image-preview":"max-image-preview:large","max-video-preview":"max-video-preview:-1"},"canonical":"https:\/\/cuartetoenlaweb.com.ar\/sitio\/luisa-delfino-renovo-con-radio-rivadavia-el-clasico-te-escucho-tendra-una-nueva-temporada\/","og_locale":"es_ES","og_type":"article","og_title":"Luisa Delfino renov\u00f3 con radio Rivadavia: el cl\u00e1sico &quot;Te escucho&quot; tendr\u00e1 una nueva temporada - Cuarteto en la Web","og_description":"Buenos Aires, 30 diciembre (NA) \u2013 La conductora Luisa Delfino","og_url":"https:\/\/cuartetoenlaweb.com.ar\/sitio\/luisa-delfino-renovo-con-radio-rivadavia-el-clasico-te-escucho-tendra-una-nueva-temporada\/","og_site_name":"Cuarteto en la Web","article_published_time":"2025-12-30T04:59:14+00:00","og_image":[{"width":540,"height":720,"url":"https:\/\/cuartetoenlaweb.com.ar\/sitio\/wp-content\/uploads\/2025\/12\/720-400.jpeg","type":"image\/jpeg"}],"twitter_card":"summary_large_image","twitter_misc":{"Tiempo de lectura":"1 minuto"},"schema":{"@context":"https:\/\/schema.org","@graph":[{"@type":"Article","@id":"https:\/\/cuartetoenlaweb.com.ar\/sitio\/luisa-delfino-renovo-con-radio-rivadavia-el-clasico-te-escucho-tendra-una-nueva-temporada\/#article","isPartOf":{"@id":"https:\/\/cuartetoenlaweb.com.ar\/sitio\/luisa-delfino-renovo-con-radio-rivadavia-el-clasico-te-escucho-tendra-una-nueva-temporada\/"},"author":{"name":"","@id":""},"headline":"Luisa Delfino renov\u00f3 con radio Rivadavia: el cl\u00e1sico &quot;Te escucho&quot; tendr\u00e1 una nueva temporada","datePublished":"2025-12-30T04:59:14+00:00","mainEntityOfPage":{"@id":"https:\/\/cuartetoenlaweb.com.ar\/sitio\/luisa-delfino-renovo-con-radio-rivadavia-el-clasico-te-escucho-tendra-una-nueva-temporada\/"},"wordCount":238,"publisher":{"@id":"https:\/\/cuartetoenlaweb.com.ar\/sitio\/#organization"},"image":{"@id":"https:\/\/cuartetoenlaweb.com.ar\/sitio\/luisa-delfino-renovo-con-radio-rivadavia-el-clasico-te-escucho-tendra-una-nueva-temporada\/#primaryimage"},"thumbnailUrl":"https:\/\/cuartetoenlaweb.com.ar\/sitio\/wp-content\/uploads\/2025\/12\/720-400.jpeg","articleSection":["PAIS"],"inLanguage":"es"},{"@type":"WebPage","@id":"https:\/\/cuartetoenlaweb.com.ar\/sitio\/luisa-delfino-renovo-con-radio-rivadavia-el-clasico-te-escucho-tendra-una-nueva-temporada\/","url":"https:\/\/cuartetoenlaweb.com.ar\/sitio\/luisa-delfino-renovo-con-radio-rivadavia-el-clasico-te-escucho-tendra-una-nueva-temporada\/","name":"Luisa Delfino renov\u00f3 con radio Rivadavia: el cl\u00e1sico &quot;Te escucho&quot; tendr\u00e1 una nueva temporada - Cuarteto en la Web","isPartOf":{"@id":"https:\/\/cuartetoenlaweb.com.ar\/sitio\/#website"},"primaryImageOfPage":{"@id":"https:\/\/cuartetoenlaweb.com.ar\/sitio\/luisa-delfino-renovo-con-radio-rivadavia-el-clasico-te-escucho-tendra-una-nueva-temporada\/#primaryimage"},"image":{"@id":"https:\/\/cuartetoenlaweb.com.ar\/sitio\/luisa-delfino-renovo-con-radio-rivadavia-el-clasico-te-escucho-tendra-una-nueva-temporada\/#primaryimage"},"thumbnailUrl":"https:\/\/cuartetoenlaweb.com.ar\/sitio\/wp-content\/uploads\/2025\/12\/720-400.jpeg","datePublished":"2025-12-30T04:59:14+00:00","breadcrumb":{"@id":"https:\/\/cuartetoenlaweb.com.ar\/sitio\/luisa-delfino-renovo-con-radio-rivadavia-el-clasico-te-escucho-tendra-una-nueva-temporada\/#breadcrumb"},"inLanguage":"es","potentialAction":[{"@type":"ReadAction","target":["https:\/\/cuartetoenlaweb.com.ar\/sitio\/luisa-delfino-renovo-con-radio-rivadavia-el-clasico-te-escucho-tendra-una-nueva-temporada\/"]}]},{"@type":"ImageObject","inLanguage":"es","@id":"https:\/\/cuartetoenlaweb.com.ar\/sitio\/luisa-delfino-renovo-con-radio-rivadavia-el-clasico-te-escucho-tendra-una-nueva-temporada\/#primaryimage","url":"https:\/\/cuartetoenlaweb.com.ar\/sitio\/wp-content\/uploads\/2025\/12\/720-400.jpeg","contentUrl":"https:\/\/cuartetoenlaweb.com.ar\/sitio\/wp-content\/uploads\/2025\/12\/720-400.jpeg","width":540,"height":720},{"@type":"BreadcrumbList","@id":"https:\/\/cuartetoenlaweb.com.ar\/sitio\/luisa-delfino-renovo-con-radio-rivadavia-el-clasico-te-escucho-tendra-una-nueva-temporada\/#breadcrumb","itemListElement":[{"@type":"ListItem","position":1,"name":"Portada","item":"https:\/\/cuartetoenlaweb.com.ar\/sitio\/"},{"@type":"ListItem","position":2,"name":"Luisa Delfino renov\u00f3 con radio Rivadavia: el cl\u00e1sico &quot;Te escucho&quot; tendr\u00e1 una nueva temporada"}]},{"@type":"WebSite","@id":"https:\/\/cuartetoenlaweb.com.ar\/sitio\/#website","url":"https:\/\/cuartetoenlaweb.com.ar\/sitio\/","name":"Cuarteto en la Web","description":"","publisher":{"@id":"https:\/\/cuartetoenlaweb.com.ar\/sitio\/#organization"},"potentialAction":[{"@type":"SearchAction","target":{"@type":"EntryPoint","urlTemplate":"https:\/\/cuartetoenlaweb.com.ar\/sitio\/?s={search_term_string}"},"query-input":{"@type":"PropertyValueSpecification","valueRequired":true,"valueName":"search_term_string"}}],"inLanguage":"es"},{"@type":"Organization","@id":"https:\/\/cuartetoenlaweb.com.ar\/sitio\/#organization","name":"Cuarteto en la Web","url":"https:\/\/cuartetoenlaweb.com.ar\/sitio\/","logo":{"@type":"ImageObject","inLanguage":"es","@id":"https:\/\/cuartetoenlaweb.com.ar\/sitio\/#\/schema\/logo\/image\/","url":"https:\/\/cuartetoenlaweb.com.ar\/sitio\/wp-content\/uploads\/2025\/07\/cropped-cropped-logitoweb21.png","contentUrl":"https:\/\/cuartetoenlaweb.com.ar\/sitio\/wp-content\/uploads\/2025\/07\/cropped-cropped-logitoweb21.png","width":199,"height":199,"caption":"Cuarteto en la Web"},"image":{"@id":"https:\/\/cuartetoenlaweb.com.ar\/sitio\/#\/schema\/logo\/image\/"}}]}},"_links":{"self":[{"href":"https:\/\/cuartetoenlaweb.com.ar\/sitio\/wp-json\/wp\/v2\/posts\/9757","targetHints":{"allow":["GET"]}}],"collection":[{"href":"https:\/\/cuartetoenlaweb.com.ar\/sitio\/wp-json\/wp\/v2\/posts"}],"about":[{"href":"https:\/\/cuartetoenlaweb.com.ar\/sitio\/wp-json\/wp\/v2\/types\/post"}],"replies":[{"embeddable":true,"href":"https:\/\/cuartetoenlaweb.com.ar\/sitio\/wp-json\/wp\/v2\/comments?post=9757"}],"version-history":[{"count":0,"href":"https:\/\/cuartetoenlaweb.com.ar\/sitio\/wp-json\/wp\/v2\/posts\/9757\/revisions"}],"wp:featuredmedia":[{"embeddable":true,"href":"https:\/\/cuartetoenlaweb.com.ar\/sitio\/wp-json\/wp\/v2\/media\/9758"}],"wp:attachment":[{"href":"https:\/\/cuartetoenlaweb.com.ar\/sitio\/wp-json\/wp\/v2\/media?parent=9757"}],"wp:term":[{"taxonomy":"category","embeddable":true,"href":"https:\/\/cuartetoenlaweb.com.ar\/sitio\/wp-json\/wp\/v2\/categories?post=9757"},{"taxonomy":"post_tag","embeddable":true,"href":"https:\/\/cuartetoenlaweb.com.ar\/sitio\/wp-json\/wp\/v2\/tags?post=9757"}],"curies":[{"name":"wp","href":"https:\/\/api.w.org\/{rel}","templated":true}]}}