
{"id":9745,"date":"2025-12-30T01:59:05","date_gmt":"2025-12-30T04:59:05","guid":{"rendered":"https:\/\/cuartetoenlaweb.com.ar\/sitio\/no-va-mas-gabriela-sabatini-hablo-y-borro-de-su-vida-a-su-hermano-ova-sabatini\/"},"modified":"2025-12-30T01:59:05","modified_gmt":"2025-12-30T04:59:05","slug":"no-va-mas-gabriela-sabatini-hablo-y-borro-de-su-vida-a-su-hermano-ova-sabatini","status":"publish","type":"post","link":"https:\/\/cuartetoenlaweb.com.ar\/sitio\/no-va-mas-gabriela-sabatini-hablo-y-borro-de-su-vida-a-su-hermano-ova-sabatini\/","title":{"rendered":"No va m\u00e1s: Gabriela Sabatini habl\u00f3 y borr\u00f3 de su vida a su hermano Ova Sabatini"},"content":{"rendered":"<p><strong>Gabriela Sabatini <\/strong>volvi\u00f3 a quedar en el ojo del esc\u00e1ndalo. Y una vez, el motivo tiene que ver con el fuerte distanciamiento con su hermano <strong>Osvaldo Sabatini<\/strong>. A pesar de que hasta hace muy poquito se crey\u00f3 una posible reconciliaci\u00f3n, todo indica que no hay se\u00f1ales de que el v\u00ednculo pueda arreglarse. Algo se quebr\u00f3 puertas adentro y el quiebre termin\u00f3 por dividir a toda la familia.<\/p>\n<p>Cabe destacar que hace unos d\u00edas, <strong><a href=\"https:\/\/www.paparazzi.com.ar\/teve\/yanina-latorre-revelo-la-verdad-de-la-feroz-pelea-de-gaby-sabatini-y-su-hermano-ova-la-usaron\/\">Gabriela<\/a><\/strong> lleg\u00f3 a Buenos Aires para pasar las fiestas navide\u00f1as y se hablaba de una posible reconciliaci\u00f3n con su hermano <strong>Ova<\/strong>, de quien est\u00e1 distanciada hace a\u00f1os. Sin embargo, la extenista se mostr\u00f3 inc\u00f3moda cuando le preguntaron por el actor y evit\u00f3 responder, algo que dej\u00f3 en evidencia que la relaci\u00f3n est\u00e1 lejos de recomponerse.<\/p>\n<p>Esto no es algo nuevo. De hecho, tiempo atr\u00e1s <strong><a href=\"https:\/\/www.paparazzi.com.ar\/teve\/gabriela-sabatini-reaccion-embarazo-oriana-sabatini\/\">Gabriela<\/a><\/strong> no estuvo presente en la boda de <strong>Oriana Sabatini<\/strong>, su sobrina. Esta ausencia confirm\u00f3 que el distanciamiento no es solo con su <strong>Ova<\/strong>, sino que tambi\u00e9n incluye a<strong> Catherine Fulop <\/strong>y sus hijas -Oriana y Tiziana-. Un corte profundo, sostenido en el tiempo y sin gestos p\u00fablicos de acercamiento.<\/p>\n<div class=\"mt-box \">\n<h4 class=\"mt-heading\">Mir\u00e1 Tambi\u00e9n<\/h4>\n<p><a href=\"https:\/\/www.paparazzi.com.ar\/videos\/exclusivo-la-sensible-revelacion-de-luis-ventura-sobre-sus-noches-duermo-con-los-seres-queridos-que-ya-partieron\/\"><\/p>\n<div class=\"mt-content\">\n<div class=\"mt-image-container\"><img decoding=\"async\" src=\"https:\/\/www.paparazzi.com.ar\/wp-content\/uploads\/2025\/11\/Ventura-1-359x226.jpg\" alt=\"\u00a1Exclusivo! La sensible revelaci\u00f3n de Luis Ventura sobre sus noches: &quot;Duermo con los seres queridos que ya partieron&quot;\" class=\"mt-image\" loading=\"lazy\" \/><\/div>\n<h5 class=\"mt-title\">\u00a1Exclusivo! La sensible revelaci\u00f3n de Luis Ventura sobre sus noches: \u00abDuermo con los seres queridos que ya partieron\u00bb<\/h5>\n<\/div>\n<p><\/a><\/div>\n<p>Durante meses se habl\u00f3 de conflictos econ\u00f3micos relacionados a la herencia de su madre. Sin embargo, Luis Bremer revel\u00f3 otro costado del esc\u00e1ndalo de los <strong><em><a href=\"https:\/\/www.paparazzi.com.ar\/teve\/catherine-fulop-blanqueo-el-drama-familiar-que-viven-por-la-pelea-con-gabriela-sabatini-ova-esta-tan-triste-y-no-se-lo-merece\/\">Sabatini<\/a><\/em><\/strong>: <em>\u201cAc\u00e1 no hay problemas econ\u00f3micos. Tenemos el testamento y el acuerdo entre Gabriela Sabatini y Osvaldo Sabatini que dice: &#8216;Hemos arribado a un acuerdo de partici\u00f3n privada parcial de los bienes hereditario&#8217;. Fue un acuerdo de partes donde Gabriela y Osvaldo se ponen de acuerdo respecto de los bienes\u201d<\/em>, explic\u00f3. Seg\u00fan ese documento, <strong>Gabriela<\/strong> recibi\u00f3 un inmueble, mientras que <strong>Ova<\/strong> se qued\u00f3 con dos autos.<\/p>\n<h2 class=\"wp-block-heading\">EL NINGUNEO DE GABRIELA SABATINI A OVA SABATINI AL HABLAR DE SUS OR\u00cdGENES Y LA FAMILIA<\/h2>\n<p>En medio del esc\u00e1ndalo, <strong>Gabriela<\/strong> tuvo una reciente y extensa charla con Agust\u00edn Creevy, donde habl\u00f3 de su ejemplar carrera como tenista. Habl\u00f3 de sacrificios, presiones y emociones fuertes. <em>\u201cPara m\u00ed Stefi (Graff) sac\u00f3 lo mejor de m\u00ed\u201d<\/em>, reconoci\u00f3. Y describi\u00f3 lo que significaba competir en la elite: <em>\u201cLa adrenalina que una siente es dif\u00edcil encontrarla en otro lado\u201d<\/em>.<\/p>\n<p>Pero <strong>Gabriela<\/strong> tambi\u00e9n habl\u00f3 de sus miedos y frustraciones: <em>\u201cPerd\u00eda semifinales porque no quer\u00eda enfrentar esa situaci\u00f3n\u201d<\/em>, dijo sobre el peso emocional de jugar finales. Y record\u00f3 su adolescencia marcada por el sacrificio:<em> \u201cMi madre me ven\u00eda a sacar del colegio para llevarme a los torneos a jugar. Si no me iba bien ten\u00eda que seguir con el colegio\u201d<\/em>.<\/p>\n<div class=\"mt-box \">\n<h4 class=\"mt-heading\">Mir\u00e1 Tambi\u00e9n<\/h4>\n<p><a href=\"https:\/\/www.paparazzi.com.ar\/teve\/yanina-latorre-revelo-la-verdad-de-la-feroz-pelea-de-gaby-sabatini-y-su-hermano-ova-la-usaron\/\"><\/p>\n<div class=\"mt-content\">\n<div class=\"mt-image-container\"><img decoding=\"async\" src=\"https:\/\/www.paparazzi.com.ar\/wp-content\/uploads\/2025\/12\/Yanina-Latorre-Gaby-Sabatini-359x226.jpg\" alt=\"Yanina Latorre revel\u00f3 la verdad de la feroz pelea de Gaby Sabatini y su hermano Ova: \u201cLa usaron\u201d\" class=\"mt-image\" loading=\"lazy\" \/><\/div>\n<h5 class=\"mt-title\">Yanina Latorre revel\u00f3 la verdad de la feroz pelea de Gaby Sabatini y su hermano Ova: \u201cLa usaron\u201d<\/h5>\n<\/div>\n<p><\/a><\/div>\n<p>Sin embargo, hubo un detalle no pas\u00f3 desapercibido: al hablar de su carrera y de sus or\u00edgenes, <strong>Gabriela<\/strong> solo mencion\u00f3 a sus padres, Osvaldo y Betty. Nunca nombr\u00f3 a su hermano <strong>Ova<\/strong>. Un silencio que, lejos de ser casual, parece resumir una historia familiar rota, donde las palabras que faltan dicen tanto como las que se pronuncian.<\/p>\n<div class=\"mt-box \">\n<h4 class=\"mt-heading\">Mir\u00e1 Tambi\u00e9n<\/h4>\n<p><a href=\"https:\/\/www.paparazzi.com.ar\/teve\/gabriela-sabatini-reaccion-embarazo-oriana-sabatini\/\"><\/p>\n<div class=\"mt-content\">\n<div class=\"mt-image-container\"><img decoding=\"async\" src=\"https:\/\/www.paparazzi.com.ar\/wp-content\/uploads\/2025\/12\/gabriela-sabatini-oriana-359x226.jpg\" alt=\"La sorpresiva reacci\u00f3n de Gabriela Sabatini cuando le mencionaron el embarazo de su sobrina Oriana\" class=\"mt-image\" loading=\"lazy\" \/><\/div>\n<h5 class=\"mt-title\">La sorpresiva reacci\u00f3n de Gabriela Sabatini cuando le mencionaron el embarazo de su sobrina Oriana<\/h5>\n<\/div>\n<p><\/a><\/div>\n<div class=\"mt-box \">\n<h4 class=\"mt-heading\">Mir\u00e1 Tambi\u00e9n<\/h4>\n<p><a href=\"https:\/\/www.paparazzi.com.ar\/teve\/catherine-fulop-blanqueo-el-drama-familiar-que-viven-por-la-pelea-con-gabriela-sabatini-ova-esta-tan-triste-y-no-se-lo-merece\/\"><\/p>\n<div class=\"mt-content\">\n<div class=\"mt-image-container\"><img decoding=\"async\" src=\"https:\/\/www.paparazzi.com.ar\/wp-content\/uploads\/2025\/12\/Sabatini-1-359x226.jpg\" alt=\"Catherine Fulop blanque\u00f3 el drama familiar que viven por la pelea con Gabriela Sabatini: &quot;Ova est\u00e1 tan triste, y no se lo merece&quot;\" class=\"mt-image\" loading=\"lazy\" \/><\/div>\n<h5 class=\"mt-title\">Catherine Fulop blanque\u00f3 el drama familiar que viven por la pelea con Gabriela Sabatini: \u00abOva est\u00e1 tan triste, y no se lo merece\u00bb<\/h5>\n<\/div>\n<p><\/a><\/div>\n<p>The post <a href=\"https:\/\/www.paparazzi.com.ar\/teve\/no-va-mas-gabriela-sabatini-hablo-y-borro-de-su-vida-a-su-hermano-ova-sabatini\/\">No va m\u00e1s: Gabriela Sabatini habl\u00f3 y borr\u00f3 de su vida a su hermano Ova Sabatini<\/a> appeared first on <a href=\"https:\/\/www.paparazzi.com.ar\">Revista Paparazzi<\/a>.<\/p>\n","protected":false},"excerpt":{"rendered":"<p>Gabriela Sabatini volvi\u00f3 a quedar en el ojo del esc\u00e1ndalo.<\/p>\n","protected":false},"author":0,"featured_media":9746,"comment_status":"","ping_status":"","sticky":false,"template":"","format":"standard","meta":{"footnotes":""},"categories":[65],"tags":[],"class_list":["post-9745","post","type-post","status-publish","format-standard","has-post-thumbnail","hentry","category-pais"],"yoast_head":"<!-- This site is optimized with the Yoast SEO plugin v27.5 - https:\/\/yoast.com\/product\/yoast-seo-wordpress\/ -->\n<title>No va m\u00e1s: Gabriela Sabatini habl\u00f3 y borr\u00f3 de su vida a su hermano Ova Sabatini - Cuarteto en la Web<\/title>\n<meta name=\"robots\" content=\"index, follow, max-snippet:-1, max-image-preview:large, max-video-preview:-1\" \/>\n<link rel=\"canonical\" href=\"https:\/\/cuartetoenlaweb.com.ar\/sitio\/no-va-mas-gabriela-sabatini-hablo-y-borro-de-su-vida-a-su-hermano-ova-sabatini\/\" \/>\n<meta property=\"og:locale\" content=\"es_ES\" \/>\n<meta property=\"og:type\" content=\"article\" \/>\n<meta property=\"og:title\" content=\"No va m\u00e1s: Gabriela Sabatini habl\u00f3 y borr\u00f3 de su vida a su hermano Ova Sabatini - Cuarteto en la Web\" \/>\n<meta property=\"og:description\" content=\"Gabriela Sabatini volvi\u00f3 a quedar en el ojo del esc\u00e1ndalo.\" \/>\n<meta property=\"og:url\" content=\"https:\/\/cuartetoenlaweb.com.ar\/sitio\/no-va-mas-gabriela-sabatini-hablo-y-borro-de-su-vida-a-su-hermano-ova-sabatini\/\" \/>\n<meta property=\"og:site_name\" content=\"Cuarteto en la Web\" \/>\n<meta property=\"article:published_time\" content=\"2025-12-30T04:59:05+00:00\" \/>\n<meta property=\"og:image\" content=\"https:\/\/cuartetoenlaweb.com.ar\/sitio\/wp-content\/uploads\/2025\/12\/Ventura-1-359x226-60.jpg\" \/>\n\t<meta property=\"og:image:width\" content=\"359\" \/>\n\t<meta property=\"og:image:height\" content=\"226\" \/>\n\t<meta property=\"og:image:type\" content=\"image\/jpeg\" \/>\n<meta name=\"twitter:card\" content=\"summary_large_image\" \/>\n<meta name=\"twitter:label1\" content=\"Tiempo de lectura\" \/>\n\t<meta name=\"twitter:data1\" content=\"3 minutos\" \/>\n<script type=\"application\/ld+json\" class=\"yoast-schema-graph\">{\"@context\":\"https:\\\/\\\/schema.org\",\"@graph\":[{\"@type\":\"Article\",\"@id\":\"https:\\\/\\\/cuartetoenlaweb.com.ar\\\/sitio\\\/no-va-mas-gabriela-sabatini-hablo-y-borro-de-su-vida-a-su-hermano-ova-sabatini\\\/#article\",\"isPartOf\":{\"@id\":\"https:\\\/\\\/cuartetoenlaweb.com.ar\\\/sitio\\\/no-va-mas-gabriela-sabatini-hablo-y-borro-de-su-vida-a-su-hermano-ova-sabatini\\\/\"},\"author\":{\"name\":\"\",\"@id\":\"\"},\"headline\":\"No va m\u00e1s: Gabriela Sabatini habl\u00f3 y borr\u00f3 de su vida a su hermano Ova Sabatini\",\"datePublished\":\"2025-12-30T04:59:05+00:00\",\"mainEntityOfPage\":{\"@id\":\"https:\\\/\\\/cuartetoenlaweb.com.ar\\\/sitio\\\/no-va-mas-gabriela-sabatini-hablo-y-borro-de-su-vida-a-su-hermano-ova-sabatini\\\/\"},\"wordCount\":627,\"publisher\":{\"@id\":\"http:\\\/\\\/cuartetoenlaweb.com.ar\\\/sitio\\\/#organization\"},\"image\":{\"@id\":\"https:\\\/\\\/cuartetoenlaweb.com.ar\\\/sitio\\\/no-va-mas-gabriela-sabatini-hablo-y-borro-de-su-vida-a-su-hermano-ova-sabatini\\\/#primaryimage\"},\"thumbnailUrl\":\"https:\\\/\\\/cuartetoenlaweb.com.ar\\\/sitio\\\/wp-content\\\/uploads\\\/2025\\\/12\\\/Ventura-1-359x226-60.jpg\",\"articleSection\":[\"PAIS\"],\"inLanguage\":\"es\"},{\"@type\":\"WebPage\",\"@id\":\"https:\\\/\\\/cuartetoenlaweb.com.ar\\\/sitio\\\/no-va-mas-gabriela-sabatini-hablo-y-borro-de-su-vida-a-su-hermano-ova-sabatini\\\/\",\"url\":\"https:\\\/\\\/cuartetoenlaweb.com.ar\\\/sitio\\\/no-va-mas-gabriela-sabatini-hablo-y-borro-de-su-vida-a-su-hermano-ova-sabatini\\\/\",\"name\":\"No va m\u00e1s: Gabriela Sabatini habl\u00f3 y borr\u00f3 de su vida a su hermano Ova Sabatini - Cuarteto en la Web\",\"isPartOf\":{\"@id\":\"http:\\\/\\\/cuartetoenlaweb.com.ar\\\/sitio\\\/#website\"},\"primaryImageOfPage\":{\"@id\":\"https:\\\/\\\/cuartetoenlaweb.com.ar\\\/sitio\\\/no-va-mas-gabriela-sabatini-hablo-y-borro-de-su-vida-a-su-hermano-ova-sabatini\\\/#primaryimage\"},\"image\":{\"@id\":\"https:\\\/\\\/cuartetoenlaweb.com.ar\\\/sitio\\\/no-va-mas-gabriela-sabatini-hablo-y-borro-de-su-vida-a-su-hermano-ova-sabatini\\\/#primaryimage\"},\"thumbnailUrl\":\"https:\\\/\\\/cuartetoenlaweb.com.ar\\\/sitio\\\/wp-content\\\/uploads\\\/2025\\\/12\\\/Ventura-1-359x226-60.jpg\",\"datePublished\":\"2025-12-30T04:59:05+00:00\",\"breadcrumb\":{\"@id\":\"https:\\\/\\\/cuartetoenlaweb.com.ar\\\/sitio\\\/no-va-mas-gabriela-sabatini-hablo-y-borro-de-su-vida-a-su-hermano-ova-sabatini\\\/#breadcrumb\"},\"inLanguage\":\"es\",\"potentialAction\":[{\"@type\":\"ReadAction\",\"target\":[\"https:\\\/\\\/cuartetoenlaweb.com.ar\\\/sitio\\\/no-va-mas-gabriela-sabatini-hablo-y-borro-de-su-vida-a-su-hermano-ova-sabatini\\\/\"]}]},{\"@type\":\"ImageObject\",\"inLanguage\":\"es\",\"@id\":\"https:\\\/\\\/cuartetoenlaweb.com.ar\\\/sitio\\\/no-va-mas-gabriela-sabatini-hablo-y-borro-de-su-vida-a-su-hermano-ova-sabatini\\\/#primaryimage\",\"url\":\"https:\\\/\\\/cuartetoenlaweb.com.ar\\\/sitio\\\/wp-content\\\/uploads\\\/2025\\\/12\\\/Ventura-1-359x226-60.jpg\",\"contentUrl\":\"https:\\\/\\\/cuartetoenlaweb.com.ar\\\/sitio\\\/wp-content\\\/uploads\\\/2025\\\/12\\\/Ventura-1-359x226-60.jpg\",\"width\":359,\"height\":226},{\"@type\":\"BreadcrumbList\",\"@id\":\"https:\\\/\\\/cuartetoenlaweb.com.ar\\\/sitio\\\/no-va-mas-gabriela-sabatini-hablo-y-borro-de-su-vida-a-su-hermano-ova-sabatini\\\/#breadcrumb\",\"itemListElement\":[{\"@type\":\"ListItem\",\"position\":1,\"name\":\"Portada\",\"item\":\"http:\\\/\\\/cuartetoenlaweb.com.ar\\\/sitio\\\/\"},{\"@type\":\"ListItem\",\"position\":2,\"name\":\"No va m\u00e1s: Gabriela Sabatini habl\u00f3 y borr\u00f3 de su vida a su hermano Ova Sabatini\"}]},{\"@type\":\"WebSite\",\"@id\":\"http:\\\/\\\/cuartetoenlaweb.com.ar\\\/sitio\\\/#website\",\"url\":\"http:\\\/\\\/cuartetoenlaweb.com.ar\\\/sitio\\\/\",\"name\":\"Cuarteto en la Web\",\"description\":\"\",\"publisher\":{\"@id\":\"http:\\\/\\\/cuartetoenlaweb.com.ar\\\/sitio\\\/#organization\"},\"potentialAction\":[{\"@type\":\"SearchAction\",\"target\":{\"@type\":\"EntryPoint\",\"urlTemplate\":\"http:\\\/\\\/cuartetoenlaweb.com.ar\\\/sitio\\\/?s={search_term_string}\"},\"query-input\":{\"@type\":\"PropertyValueSpecification\",\"valueRequired\":true,\"valueName\":\"search_term_string\"}}],\"inLanguage\":\"es\"},{\"@type\":\"Organization\",\"@id\":\"http:\\\/\\\/cuartetoenlaweb.com.ar\\\/sitio\\\/#organization\",\"name\":\"Cuarteto en la Web\",\"url\":\"http:\\\/\\\/cuartetoenlaweb.com.ar\\\/sitio\\\/\",\"logo\":{\"@type\":\"ImageObject\",\"inLanguage\":\"es\",\"@id\":\"http:\\\/\\\/cuartetoenlaweb.com.ar\\\/sitio\\\/#\\\/schema\\\/logo\\\/image\\\/\",\"url\":\"https:\\\/\\\/cuartetoenlaweb.com.ar\\\/sitio\\\/wp-content\\\/uploads\\\/2025\\\/07\\\/cropped-cropped-logitoweb21.png\",\"contentUrl\":\"https:\\\/\\\/cuartetoenlaweb.com.ar\\\/sitio\\\/wp-content\\\/uploads\\\/2025\\\/07\\\/cropped-cropped-logitoweb21.png\",\"width\":199,\"height\":199,\"caption\":\"Cuarteto en la Web\"},\"image\":{\"@id\":\"http:\\\/\\\/cuartetoenlaweb.com.ar\\\/sitio\\\/#\\\/schema\\\/logo\\\/image\\\/\"}}]}<\/script>\n<!-- \/ Yoast SEO plugin. -->","yoast_head_json":{"title":"No va m\u00e1s: Gabriela Sabatini habl\u00f3 y borr\u00f3 de su vida a su hermano Ova Sabatini - Cuarteto en la Web","robots":{"index":"index","follow":"follow","max-snippet":"max-snippet:-1","max-image-preview":"max-image-preview:large","max-video-preview":"max-video-preview:-1"},"canonical":"https:\/\/cuartetoenlaweb.com.ar\/sitio\/no-va-mas-gabriela-sabatini-hablo-y-borro-de-su-vida-a-su-hermano-ova-sabatini\/","og_locale":"es_ES","og_type":"article","og_title":"No va m\u00e1s: Gabriela Sabatini habl\u00f3 y borr\u00f3 de su vida a su hermano Ova Sabatini - Cuarteto en la Web","og_description":"Gabriela Sabatini volvi\u00f3 a quedar en el ojo del esc\u00e1ndalo.","og_url":"https:\/\/cuartetoenlaweb.com.ar\/sitio\/no-va-mas-gabriela-sabatini-hablo-y-borro-de-su-vida-a-su-hermano-ova-sabatini\/","og_site_name":"Cuarteto en la Web","article_published_time":"2025-12-30T04:59:05+00:00","og_image":[{"width":359,"height":226,"url":"https:\/\/cuartetoenlaweb.com.ar\/sitio\/wp-content\/uploads\/2025\/12\/Ventura-1-359x226-60.jpg","type":"image\/jpeg"}],"twitter_card":"summary_large_image","twitter_misc":{"Tiempo de lectura":"3 minutos"},"schema":{"@context":"https:\/\/schema.org","@graph":[{"@type":"Article","@id":"https:\/\/cuartetoenlaweb.com.ar\/sitio\/no-va-mas-gabriela-sabatini-hablo-y-borro-de-su-vida-a-su-hermano-ova-sabatini\/#article","isPartOf":{"@id":"https:\/\/cuartetoenlaweb.com.ar\/sitio\/no-va-mas-gabriela-sabatini-hablo-y-borro-de-su-vida-a-su-hermano-ova-sabatini\/"},"author":{"name":"","@id":""},"headline":"No va m\u00e1s: Gabriela Sabatini habl\u00f3 y borr\u00f3 de su vida a su hermano Ova Sabatini","datePublished":"2025-12-30T04:59:05+00:00","mainEntityOfPage":{"@id":"https:\/\/cuartetoenlaweb.com.ar\/sitio\/no-va-mas-gabriela-sabatini-hablo-y-borro-de-su-vida-a-su-hermano-ova-sabatini\/"},"wordCount":627,"publisher":{"@id":"http:\/\/cuartetoenlaweb.com.ar\/sitio\/#organization"},"image":{"@id":"https:\/\/cuartetoenlaweb.com.ar\/sitio\/no-va-mas-gabriela-sabatini-hablo-y-borro-de-su-vida-a-su-hermano-ova-sabatini\/#primaryimage"},"thumbnailUrl":"https:\/\/cuartetoenlaweb.com.ar\/sitio\/wp-content\/uploads\/2025\/12\/Ventura-1-359x226-60.jpg","articleSection":["PAIS"],"inLanguage":"es"},{"@type":"WebPage","@id":"https:\/\/cuartetoenlaweb.com.ar\/sitio\/no-va-mas-gabriela-sabatini-hablo-y-borro-de-su-vida-a-su-hermano-ova-sabatini\/","url":"https:\/\/cuartetoenlaweb.com.ar\/sitio\/no-va-mas-gabriela-sabatini-hablo-y-borro-de-su-vida-a-su-hermano-ova-sabatini\/","name":"No va m\u00e1s: Gabriela Sabatini habl\u00f3 y borr\u00f3 de su vida a su hermano Ova Sabatini - Cuarteto en la Web","isPartOf":{"@id":"http:\/\/cuartetoenlaweb.com.ar\/sitio\/#website"},"primaryImageOfPage":{"@id":"https:\/\/cuartetoenlaweb.com.ar\/sitio\/no-va-mas-gabriela-sabatini-hablo-y-borro-de-su-vida-a-su-hermano-ova-sabatini\/#primaryimage"},"image":{"@id":"https:\/\/cuartetoenlaweb.com.ar\/sitio\/no-va-mas-gabriela-sabatini-hablo-y-borro-de-su-vida-a-su-hermano-ova-sabatini\/#primaryimage"},"thumbnailUrl":"https:\/\/cuartetoenlaweb.com.ar\/sitio\/wp-content\/uploads\/2025\/12\/Ventura-1-359x226-60.jpg","datePublished":"2025-12-30T04:59:05+00:00","breadcrumb":{"@id":"https:\/\/cuartetoenlaweb.com.ar\/sitio\/no-va-mas-gabriela-sabatini-hablo-y-borro-de-su-vida-a-su-hermano-ova-sabatini\/#breadcrumb"},"inLanguage":"es","potentialAction":[{"@type":"ReadAction","target":["https:\/\/cuartetoenlaweb.com.ar\/sitio\/no-va-mas-gabriela-sabatini-hablo-y-borro-de-su-vida-a-su-hermano-ova-sabatini\/"]}]},{"@type":"ImageObject","inLanguage":"es","@id":"https:\/\/cuartetoenlaweb.com.ar\/sitio\/no-va-mas-gabriela-sabatini-hablo-y-borro-de-su-vida-a-su-hermano-ova-sabatini\/#primaryimage","url":"https:\/\/cuartetoenlaweb.com.ar\/sitio\/wp-content\/uploads\/2025\/12\/Ventura-1-359x226-60.jpg","contentUrl":"https:\/\/cuartetoenlaweb.com.ar\/sitio\/wp-content\/uploads\/2025\/12\/Ventura-1-359x226-60.jpg","width":359,"height":226},{"@type":"BreadcrumbList","@id":"https:\/\/cuartetoenlaweb.com.ar\/sitio\/no-va-mas-gabriela-sabatini-hablo-y-borro-de-su-vida-a-su-hermano-ova-sabatini\/#breadcrumb","itemListElement":[{"@type":"ListItem","position":1,"name":"Portada","item":"http:\/\/cuartetoenlaweb.com.ar\/sitio\/"},{"@type":"ListItem","position":2,"name":"No va m\u00e1s: Gabriela Sabatini habl\u00f3 y borr\u00f3 de su vida a su hermano Ova Sabatini"}]},{"@type":"WebSite","@id":"http:\/\/cuartetoenlaweb.com.ar\/sitio\/#website","url":"http:\/\/cuartetoenlaweb.com.ar\/sitio\/","name":"Cuarteto en la Web","description":"","publisher":{"@id":"http:\/\/cuartetoenlaweb.com.ar\/sitio\/#organization"},"potentialAction":[{"@type":"SearchAction","target":{"@type":"EntryPoint","urlTemplate":"http:\/\/cuartetoenlaweb.com.ar\/sitio\/?s={search_term_string}"},"query-input":{"@type":"PropertyValueSpecification","valueRequired":true,"valueName":"search_term_string"}}],"inLanguage":"es"},{"@type":"Organization","@id":"http:\/\/cuartetoenlaweb.com.ar\/sitio\/#organization","name":"Cuarteto en la Web","url":"http:\/\/cuartetoenlaweb.com.ar\/sitio\/","logo":{"@type":"ImageObject","inLanguage":"es","@id":"http:\/\/cuartetoenlaweb.com.ar\/sitio\/#\/schema\/logo\/image\/","url":"https:\/\/cuartetoenlaweb.com.ar\/sitio\/wp-content\/uploads\/2025\/07\/cropped-cropped-logitoweb21.png","contentUrl":"https:\/\/cuartetoenlaweb.com.ar\/sitio\/wp-content\/uploads\/2025\/07\/cropped-cropped-logitoweb21.png","width":199,"height":199,"caption":"Cuarteto en la Web"},"image":{"@id":"http:\/\/cuartetoenlaweb.com.ar\/sitio\/#\/schema\/logo\/image\/"}}]}},"_links":{"self":[{"href":"https:\/\/cuartetoenlaweb.com.ar\/sitio\/wp-json\/wp\/v2\/posts\/9745","targetHints":{"allow":["GET"]}}],"collection":[{"href":"https:\/\/cuartetoenlaweb.com.ar\/sitio\/wp-json\/wp\/v2\/posts"}],"about":[{"href":"https:\/\/cuartetoenlaweb.com.ar\/sitio\/wp-json\/wp\/v2\/types\/post"}],"replies":[{"embeddable":true,"href":"https:\/\/cuartetoenlaweb.com.ar\/sitio\/wp-json\/wp\/v2\/comments?post=9745"}],"version-history":[{"count":0,"href":"https:\/\/cuartetoenlaweb.com.ar\/sitio\/wp-json\/wp\/v2\/posts\/9745\/revisions"}],"wp:featuredmedia":[{"embeddable":true,"href":"https:\/\/cuartetoenlaweb.com.ar\/sitio\/wp-json\/wp\/v2\/media\/9746"}],"wp:attachment":[{"href":"https:\/\/cuartetoenlaweb.com.ar\/sitio\/wp-json\/wp\/v2\/media?parent=9745"}],"wp:term":[{"taxonomy":"category","embeddable":true,"href":"https:\/\/cuartetoenlaweb.com.ar\/sitio\/wp-json\/wp\/v2\/categories?post=9745"},{"taxonomy":"post_tag","embeddable":true,"href":"https:\/\/cuartetoenlaweb.com.ar\/sitio\/wp-json\/wp\/v2\/tags?post=9745"}],"curies":[{"name":"wp","href":"https:\/\/api.w.org\/{rel}","templated":true}]}}