
{"id":9743,"date":"2025-12-30T01:59:05","date_gmt":"2025-12-30T04:59:05","guid":{"rendered":"https:\/\/cuartetoenlaweb.com.ar\/sitio\/las-particulares-novedades-de-la-nueva-casa-de-gran-hermano-generacion-dorada\/"},"modified":"2025-12-30T01:59:05","modified_gmt":"2025-12-30T04:59:05","slug":"las-particulares-novedades-de-la-nueva-casa-de-gran-hermano-generacion-dorada","status":"publish","type":"post","link":"https:\/\/cuartetoenlaweb.com.ar\/sitio\/las-particulares-novedades-de-la-nueva-casa-de-gran-hermano-generacion-dorada\/","title":{"rendered":"Las particulares novedades de la nueva casa de Gran Hermano Generaci\u00f3n Dorada"},"content":{"rendered":"<p>La casa m\u00e1s famosa del pa\u00eds vuelve a ser noticia. A pocas semanas del inicio de <em><a href=\"https:\/\/www.paparazzi.com.ar\/?s=Gran+Hermano+Generaci%C3%B3n+Dorada\">Gran Hermano Generaci\u00f3n Dorada<\/a><\/em>, <strong><a href=\"https:\/\/www.paparazzi.com.ar\/?s=Santiago+del+Moro\">Santiago del Moro<\/a><\/strong> sorprendi\u00f3 al mostrar las primeras im\u00e1genes de la vivienda completamente remodelada y un detalle inesperado no tard\u00f3 en generar revuelo: la desaparici\u00f3n de la tradicional piscina y su reemplazo por un misterioso pozo en el jard\u00edn.<\/p>\n<p>Las im\u00e1genes compartidas por el conductor en redes sociales despertaron una ola de comentarios, teor\u00edas y especulaciones entre los fan\u00e1ticos del reality, que siguen de cerca cada movimiento previo al estreno previsto para febrero de 2026. <\/p>\n<p>La casa, que hist\u00f3ricamente funcion\u00f3 como un personaje m\u00e1s dentro del juego, presenta cambios estructurales que anticipan una edici\u00f3n distinta a todo lo visto hasta ahora. Uno de los aspectos que m\u00e1s llam\u00f3 la atenci\u00f3n fue el radical cambio en el exterior. <\/p>\n<div class=\"mt-box \">\n<h4 class=\"mt-heading\">Mir\u00e1 Tambi\u00e9n<\/h4>\n<p><a href=\"https:\/\/www.paparazzi.com.ar\/videos\/exclusivo-zoe-bogach-se-puso-en-la-piel-de-luisana-lopilato-y-recordo-a-mia-colucci-de-rebelde-way-yo-dejaria-todo-por-maluma\/\"><\/p>\n<div class=\"mt-content\">\n<div class=\"mt-image-container\"><img decoding=\"async\" src=\"https:\/\/www.paparazzi.com.ar\/wp-content\/uploads\/2025\/12\/PORTADA-WEB-YO-QUIERO-SER-zoe-gh-mia-colucci-359x226.jpg\" alt=\"\u00a1Exclusivo! Zoe Bogach se puso en la piel de Luisana Lopilato y record\u00f3 a M\u00eda Colucci de Rebelde Way: \u201cYo dejar\u00eda todo por Maluma\u201d\" class=\"mt-image\" loading=\"lazy\" \/><\/div>\n<h5 class=\"mt-title\">\u00a1Exclusivo! Zoe Bogach se puso en la piel de Luisana Lopilato y record\u00f3 a M\u00eda Colucci de Rebelde Way: \u201cYo dejar\u00eda todo por Maluma\u201d<\/h5>\n<\/div>\n<p><\/a><\/div>\n<p>Donde durante a\u00f1os hubo una pileta \u2014escenario de romances, peleas, estrategias y momentos ic\u00f3nicos\u2014 ahora se observa un pozo de grandes dimensiones. Lejos de pasar inadvertido, el nuevo elemento se convirti\u00f3 r\u00e1pidamente en tendencia y aliment\u00f3 el misterio sobre las nuevas din\u00e1micas que podr\u00edan implementarse en la pr\u00f3xima temporada.<\/p>\n<p>Desde la producci\u00f3n mantienen el hermetismo, pero el propio Del Moro dej\u00f3 entrever que nada es casual. <em>\u201cSe vienen cambios que van a dar que hablar\u201d<\/em>, hab\u00eda adelantado semanas atr\u00e1s, generando a\u00fan m\u00e1s expectativa. Para muchos seguidores, el pozo podr\u00eda estar vinculado a desaf\u00edos f\u00edsicos, pruebas de resistencia o incluso a una nueva l\u00f3gica de juego que modifique la convivencia dentro de la casa.<\/p>\n<div class=\"mt-box \">\n<h4 class=\"mt-heading\">Mir\u00e1 Tambi\u00e9n<\/h4>\n<p><a href=\"https:\/\/www.paparazzi.com.ar\/teve\/quien-es-la-polemica-ex-gh-que-se-propuso-entrar-a-gran-hermano-generacion-dorada\/\"><\/p>\n<div class=\"mt-content\">\n<div class=\"mt-image-container\"><img decoding=\"async\" src=\"https:\/\/www.paparazzi.com.ar\/wp-content\/uploads\/2025\/10\/enigmatico-gran-hermano-359x226.jpg\" alt=\"Qui\u00e9n es la pol\u00e9mica ex GH que se propuso entrar a Gran Hermano Generaci\u00f3n Dorada\" class=\"mt-image\" loading=\"lazy\" \/><\/div>\n<h5 class=\"mt-title\">Qui\u00e9n es la pol\u00e9mica ex GH que se propuso entrar a Gran Hermano Generaci\u00f3n Dorada<\/h5>\n<\/div>\n<p><\/a><\/div>\n<p>El redise\u00f1o no solo impacta en el jard\u00edn. Seg\u00fan trascendi\u00f3, los espacios interiores tambi\u00e9n fueron adaptados para esta edici\u00f3n especial, que reunir\u00e1 a participantes de distintas generaciones, incluyendo nuevos postulantes, exparticipantes y figuras con experiencia previa en realities. <\/p>\n<p>La idea de una <em>Generaci\u00f3n Dorada<\/em> apunta a elevar la exigencia, la competitividad y el nivel de estrategia dentro del programa. En paralelo a las obras, el casting nacional ya est\u00e1 en marcha y se vive con intensidad. Aspirantes de todo el pa\u00eds buscan un lugar en la casa mientras analizan cada pista que surge sobre el nuevo formato. <\/p>\n<div class=\"mt-box \">\n<h4 class=\"mt-heading\">Mir\u00e1 Tambi\u00e9n<\/h4>\n<p><a href=\"https:\/\/www.paparazzi.com.ar\/teve\/quienes-son-las-dos-mega-famosas-que-fueron-llamadas-para-estar-en-gran-hermano-generacion-dorada\/\"><\/p>\n<div class=\"mt-content\">\n<div class=\"mt-image-container\"><img decoding=\"async\" src=\"https:\/\/www.paparazzi.com.ar\/wp-content\/uploads\/2025\/05\/Santiago-del-Moro-Gran-Hermano.jpg.webp\" alt=\"Qui\u00e9nes son las dos mega famosas que fueron llamadas para estar en Gran Hermano Generaci\u00f3n Dorada\" class=\"mt-image\" loading=\"lazy\" \/><\/div>\n<h5 class=\"mt-title\">Qui\u00e9nes son las dos mega famosas que fueron llamadas para estar en Gran Hermano Generaci\u00f3n Dorada<\/h5>\n<\/div>\n<p><\/a><\/div>\n<p>El cambio arquitect\u00f3nico funciona, adem\u00e1s, como una se\u00f1al clara: esta edici\u00f3n no ser\u00e1 una m\u00e1s. Las redes sociales se transformaron en un espacio de debate constante. Algunos celebran la innovaci\u00f3n y destacan que el programa necesita reinventarse para mantenerse vigente, mientras que otros expresan nostalgia por los elementos cl\u00e1sicos que marcaron la historia de <em>Gran Hermano<\/em>. <\/p>\n<p>Sin embargo, todos coinciden en algo: el misterio del pozo logr\u00f3 su cometido y volvi\u00f3 a poner al reality en el centro de la conversaci\u00f3n. Con una casa renovada, reglas que prometen sorprender y un elenco a\u00fan desconocido, <em>Gran Hermano Generaci\u00f3n Dorada<\/em> comienza a construir expectativa incluso antes de que se enciendan las c\u00e1maras. Y si algo dej\u00f3 claro esta primera revelaci\u00f3n es que, esta vez, nada estar\u00e1 donde sol\u00eda estar.<\/p>\n<figure class=\"wp-block-image size-large\"><img decoding=\"async\" src=\"https:\/\/www.paparazzi.com.ar\/wp-content\/uploads\/2025\/12\/image-102-591x1024.png.webp\" loading=\"lazy\" alt=\"\" class=\"wp-image-458159\" \/><\/figure>\n<figure class=\"wp-block-image size-large\"><img decoding=\"async\" src=\"https:\/\/www.paparazzi.com.ar\/wp-content\/uploads\/2025\/12\/image-103-643x1024.png.webp\" loading=\"lazy\" alt=\"\" class=\"wp-image-458160\" \/><\/figure>\n<div class=\"mt-box \">\n<h4 class=\"mt-heading\">Mir\u00e1 Tambi\u00e9n<\/h4>\n<p><a href=\"https:\/\/www.paparazzi.com.ar\/teve\/el-inesperado-dato-que-dio-santiago-del-moro-sobre-gran-hermano-generacion-dorada-hay-una-figura-que\/\"><\/p>\n<div class=\"mt-content\">\n<div class=\"mt-image-container\"><img decoding=\"async\" src=\"https:\/\/www.paparazzi.com.ar\/wp-content\/uploads\/2024\/06\/santiago-del-moro-gran-hermano.jpg.webp\" alt=\"El inesperado dato que dio Santiago del Moro sobre Gran Hermano Generaci\u00f3n Dorada: \u201cHay una figura que\u2026\u201d\" class=\"mt-image\" loading=\"lazy\" \/><\/div>\n<h5 class=\"mt-title\">El inesperado dato que dio Santiago del Moro sobre Gran Hermano Generaci\u00f3n Dorada: \u201cHay una figura que\u2026\u201d<\/h5>\n<\/div>\n<p><\/a><\/div>\n<div class=\"mt-box \">\n<h4 class=\"mt-heading\">Mir\u00e1 Tambi\u00e9n<\/h4>\n<p><a href=\"https:\/\/www.paparazzi.com.ar\/teve\/se-filtro-que-mes-del-2026-estrenara-gran-hermano-generacion-dorada\/\"><\/p>\n<div class=\"mt-content\">\n<div class=\"mt-image-container\"><img decoding=\"async\" src=\"https:\/\/www.paparazzi.com.ar\/wp-content\/uploads\/2025\/05\/Santiago-del-Moro-Gran-Hermano.jpg.webp\" alt=\"Se filtr\u00f3 qu\u00e9 mes del 2026 estrenar\u00e1 Gran Hermano Generaci\u00f3n Dorada\" class=\"mt-image\" loading=\"lazy\" \/><\/div>\n<h5 class=\"mt-title\">Se filtr\u00f3 qu\u00e9 mes del 2026 estrenar\u00e1 Gran Hermano Generaci\u00f3n Dorada<\/h5>\n<\/div>\n<p><\/a><\/div>\n<p>The post <a href=\"https:\/\/www.paparazzi.com.ar\/teve\/las-particulares-novedades-de-la-nueva-casa-de-gran-hermano-generacion-dorada\/\">Las particulares novedades de la nueva casa de Gran Hermano Generaci\u00f3n Dorada<\/a> appeared first on <a href=\"https:\/\/www.paparazzi.com.ar\">Revista Paparazzi<\/a>.<\/p>\n","protected":false},"excerpt":{"rendered":"<p>La casa m\u00e1s famosa del pa\u00eds vuelve a ser noticia.<\/p>\n","protected":false},"author":0,"featured_media":9744,"comment_status":"","ping_status":"","sticky":false,"template":"","format":"standard","meta":{"footnotes":""},"categories":[65],"tags":[],"class_list":["post-9743","post","type-post","status-publish","format-standard","has-post-thumbnail","hentry","category-pais"],"yoast_head":"<!-- This site is optimized with the Yoast SEO plugin v27.5 - https:\/\/yoast.com\/product\/yoast-seo-wordpress\/ -->\n<title>Las particulares novedades de la nueva casa de Gran Hermano Generaci\u00f3n Dorada - Cuarteto en la Web<\/title>\n<meta name=\"robots\" content=\"index, follow, max-snippet:-1, max-image-preview:large, max-video-preview:-1\" \/>\n<link rel=\"canonical\" href=\"https:\/\/cuartetoenlaweb.com.ar\/sitio\/las-particulares-novedades-de-la-nueva-casa-de-gran-hermano-generacion-dorada\/\" \/>\n<meta property=\"og:locale\" content=\"es_ES\" \/>\n<meta property=\"og:type\" content=\"article\" \/>\n<meta property=\"og:title\" content=\"Las particulares novedades de la nueva casa de Gran Hermano Generaci\u00f3n Dorada - Cuarteto en la Web\" \/>\n<meta property=\"og:description\" content=\"La casa m\u00e1s famosa del pa\u00eds vuelve a ser noticia.\" \/>\n<meta property=\"og:url\" content=\"https:\/\/cuartetoenlaweb.com.ar\/sitio\/las-particulares-novedades-de-la-nueva-casa-de-gran-hermano-generacion-dorada\/\" \/>\n<meta property=\"og:site_name\" content=\"Cuarteto en la Web\" \/>\n<meta property=\"article:published_time\" content=\"2025-12-30T04:59:05+00:00\" \/>\n<meta property=\"og:image\" content=\"https:\/\/cuartetoenlaweb.com.ar\/sitio\/wp-content\/uploads\/2025\/12\/PORTADA-WEB-YO-QUIERO-SER-zoe-gh-mia-colucci-359x226-1.jpg\" \/>\n\t<meta property=\"og:image:width\" content=\"359\" \/>\n\t<meta property=\"og:image:height\" content=\"226\" \/>\n\t<meta property=\"og:image:type\" content=\"image\/jpeg\" \/>\n<meta name=\"twitter:card\" content=\"summary_large_image\" \/>\n<meta name=\"twitter:label1\" content=\"Tiempo de lectura\" \/>\n\t<meta name=\"twitter:data1\" content=\"3 minutos\" \/>\n<script type=\"application\/ld+json\" class=\"yoast-schema-graph\">{\"@context\":\"https:\\\/\\\/schema.org\",\"@graph\":[{\"@type\":\"Article\",\"@id\":\"https:\\\/\\\/cuartetoenlaweb.com.ar\\\/sitio\\\/las-particulares-novedades-de-la-nueva-casa-de-gran-hermano-generacion-dorada\\\/#article\",\"isPartOf\":{\"@id\":\"https:\\\/\\\/cuartetoenlaweb.com.ar\\\/sitio\\\/las-particulares-novedades-de-la-nueva-casa-de-gran-hermano-generacion-dorada\\\/\"},\"author\":{\"name\":\"\",\"@id\":\"\"},\"headline\":\"Las particulares novedades de la nueva casa de Gran Hermano Generaci\u00f3n Dorada\",\"datePublished\":\"2025-12-30T04:59:05+00:00\",\"mainEntityOfPage\":{\"@id\":\"https:\\\/\\\/cuartetoenlaweb.com.ar\\\/sitio\\\/las-particulares-novedades-de-la-nueva-casa-de-gran-hermano-generacion-dorada\\\/\"},\"wordCount\":661,\"publisher\":{\"@id\":\"http:\\\/\\\/cuartetoenlaweb.com.ar\\\/sitio\\\/#organization\"},\"image\":{\"@id\":\"https:\\\/\\\/cuartetoenlaweb.com.ar\\\/sitio\\\/las-particulares-novedades-de-la-nueva-casa-de-gran-hermano-generacion-dorada\\\/#primaryimage\"},\"thumbnailUrl\":\"https:\\\/\\\/cuartetoenlaweb.com.ar\\\/sitio\\\/wp-content\\\/uploads\\\/2025\\\/12\\\/PORTADA-WEB-YO-QUIERO-SER-zoe-gh-mia-colucci-359x226-1.jpg\",\"articleSection\":[\"PAIS\"],\"inLanguage\":\"es\"},{\"@type\":\"WebPage\",\"@id\":\"https:\\\/\\\/cuartetoenlaweb.com.ar\\\/sitio\\\/las-particulares-novedades-de-la-nueva-casa-de-gran-hermano-generacion-dorada\\\/\",\"url\":\"https:\\\/\\\/cuartetoenlaweb.com.ar\\\/sitio\\\/las-particulares-novedades-de-la-nueva-casa-de-gran-hermano-generacion-dorada\\\/\",\"name\":\"Las particulares novedades de la nueva casa de Gran Hermano Generaci\u00f3n Dorada - Cuarteto en la Web\",\"isPartOf\":{\"@id\":\"http:\\\/\\\/cuartetoenlaweb.com.ar\\\/sitio\\\/#website\"},\"primaryImageOfPage\":{\"@id\":\"https:\\\/\\\/cuartetoenlaweb.com.ar\\\/sitio\\\/las-particulares-novedades-de-la-nueva-casa-de-gran-hermano-generacion-dorada\\\/#primaryimage\"},\"image\":{\"@id\":\"https:\\\/\\\/cuartetoenlaweb.com.ar\\\/sitio\\\/las-particulares-novedades-de-la-nueva-casa-de-gran-hermano-generacion-dorada\\\/#primaryimage\"},\"thumbnailUrl\":\"https:\\\/\\\/cuartetoenlaweb.com.ar\\\/sitio\\\/wp-content\\\/uploads\\\/2025\\\/12\\\/PORTADA-WEB-YO-QUIERO-SER-zoe-gh-mia-colucci-359x226-1.jpg\",\"datePublished\":\"2025-12-30T04:59:05+00:00\",\"breadcrumb\":{\"@id\":\"https:\\\/\\\/cuartetoenlaweb.com.ar\\\/sitio\\\/las-particulares-novedades-de-la-nueva-casa-de-gran-hermano-generacion-dorada\\\/#breadcrumb\"},\"inLanguage\":\"es\",\"potentialAction\":[{\"@type\":\"ReadAction\",\"target\":[\"https:\\\/\\\/cuartetoenlaweb.com.ar\\\/sitio\\\/las-particulares-novedades-de-la-nueva-casa-de-gran-hermano-generacion-dorada\\\/\"]}]},{\"@type\":\"ImageObject\",\"inLanguage\":\"es\",\"@id\":\"https:\\\/\\\/cuartetoenlaweb.com.ar\\\/sitio\\\/las-particulares-novedades-de-la-nueva-casa-de-gran-hermano-generacion-dorada\\\/#primaryimage\",\"url\":\"https:\\\/\\\/cuartetoenlaweb.com.ar\\\/sitio\\\/wp-content\\\/uploads\\\/2025\\\/12\\\/PORTADA-WEB-YO-QUIERO-SER-zoe-gh-mia-colucci-359x226-1.jpg\",\"contentUrl\":\"https:\\\/\\\/cuartetoenlaweb.com.ar\\\/sitio\\\/wp-content\\\/uploads\\\/2025\\\/12\\\/PORTADA-WEB-YO-QUIERO-SER-zoe-gh-mia-colucci-359x226-1.jpg\",\"width\":359,\"height\":226},{\"@type\":\"BreadcrumbList\",\"@id\":\"https:\\\/\\\/cuartetoenlaweb.com.ar\\\/sitio\\\/las-particulares-novedades-de-la-nueva-casa-de-gran-hermano-generacion-dorada\\\/#breadcrumb\",\"itemListElement\":[{\"@type\":\"ListItem\",\"position\":1,\"name\":\"Portada\",\"item\":\"http:\\\/\\\/cuartetoenlaweb.com.ar\\\/sitio\\\/\"},{\"@type\":\"ListItem\",\"position\":2,\"name\":\"Las particulares novedades de la nueva casa de Gran Hermano Generaci\u00f3n Dorada\"}]},{\"@type\":\"WebSite\",\"@id\":\"http:\\\/\\\/cuartetoenlaweb.com.ar\\\/sitio\\\/#website\",\"url\":\"http:\\\/\\\/cuartetoenlaweb.com.ar\\\/sitio\\\/\",\"name\":\"Cuarteto en la Web\",\"description\":\"\",\"publisher\":{\"@id\":\"http:\\\/\\\/cuartetoenlaweb.com.ar\\\/sitio\\\/#organization\"},\"potentialAction\":[{\"@type\":\"SearchAction\",\"target\":{\"@type\":\"EntryPoint\",\"urlTemplate\":\"http:\\\/\\\/cuartetoenlaweb.com.ar\\\/sitio\\\/?s={search_term_string}\"},\"query-input\":{\"@type\":\"PropertyValueSpecification\",\"valueRequired\":true,\"valueName\":\"search_term_string\"}}],\"inLanguage\":\"es\"},{\"@type\":\"Organization\",\"@id\":\"http:\\\/\\\/cuartetoenlaweb.com.ar\\\/sitio\\\/#organization\",\"name\":\"Cuarteto en la Web\",\"url\":\"http:\\\/\\\/cuartetoenlaweb.com.ar\\\/sitio\\\/\",\"logo\":{\"@type\":\"ImageObject\",\"inLanguage\":\"es\",\"@id\":\"http:\\\/\\\/cuartetoenlaweb.com.ar\\\/sitio\\\/#\\\/schema\\\/logo\\\/image\\\/\",\"url\":\"https:\\\/\\\/cuartetoenlaweb.com.ar\\\/sitio\\\/wp-content\\\/uploads\\\/2025\\\/07\\\/cropped-cropped-logitoweb21.png\",\"contentUrl\":\"https:\\\/\\\/cuartetoenlaweb.com.ar\\\/sitio\\\/wp-content\\\/uploads\\\/2025\\\/07\\\/cropped-cropped-logitoweb21.png\",\"width\":199,\"height\":199,\"caption\":\"Cuarteto en la Web\"},\"image\":{\"@id\":\"http:\\\/\\\/cuartetoenlaweb.com.ar\\\/sitio\\\/#\\\/schema\\\/logo\\\/image\\\/\"}}]}<\/script>\n<!-- \/ Yoast SEO plugin. -->","yoast_head_json":{"title":"Las particulares novedades de la nueva casa de Gran Hermano Generaci\u00f3n Dorada - Cuarteto en la Web","robots":{"index":"index","follow":"follow","max-snippet":"max-snippet:-1","max-image-preview":"max-image-preview:large","max-video-preview":"max-video-preview:-1"},"canonical":"https:\/\/cuartetoenlaweb.com.ar\/sitio\/las-particulares-novedades-de-la-nueva-casa-de-gran-hermano-generacion-dorada\/","og_locale":"es_ES","og_type":"article","og_title":"Las particulares novedades de la nueva casa de Gran Hermano Generaci\u00f3n Dorada - Cuarteto en la Web","og_description":"La casa m\u00e1s famosa del pa\u00eds vuelve a ser noticia.","og_url":"https:\/\/cuartetoenlaweb.com.ar\/sitio\/las-particulares-novedades-de-la-nueva-casa-de-gran-hermano-generacion-dorada\/","og_site_name":"Cuarteto en la Web","article_published_time":"2025-12-30T04:59:05+00:00","og_image":[{"width":359,"height":226,"url":"https:\/\/cuartetoenlaweb.com.ar\/sitio\/wp-content\/uploads\/2025\/12\/PORTADA-WEB-YO-QUIERO-SER-zoe-gh-mia-colucci-359x226-1.jpg","type":"image\/jpeg"}],"twitter_card":"summary_large_image","twitter_misc":{"Tiempo de lectura":"3 minutos"},"schema":{"@context":"https:\/\/schema.org","@graph":[{"@type":"Article","@id":"https:\/\/cuartetoenlaweb.com.ar\/sitio\/las-particulares-novedades-de-la-nueva-casa-de-gran-hermano-generacion-dorada\/#article","isPartOf":{"@id":"https:\/\/cuartetoenlaweb.com.ar\/sitio\/las-particulares-novedades-de-la-nueva-casa-de-gran-hermano-generacion-dorada\/"},"author":{"name":"","@id":""},"headline":"Las particulares novedades de la nueva casa de Gran Hermano Generaci\u00f3n Dorada","datePublished":"2025-12-30T04:59:05+00:00","mainEntityOfPage":{"@id":"https:\/\/cuartetoenlaweb.com.ar\/sitio\/las-particulares-novedades-de-la-nueva-casa-de-gran-hermano-generacion-dorada\/"},"wordCount":661,"publisher":{"@id":"http:\/\/cuartetoenlaweb.com.ar\/sitio\/#organization"},"image":{"@id":"https:\/\/cuartetoenlaweb.com.ar\/sitio\/las-particulares-novedades-de-la-nueva-casa-de-gran-hermano-generacion-dorada\/#primaryimage"},"thumbnailUrl":"https:\/\/cuartetoenlaweb.com.ar\/sitio\/wp-content\/uploads\/2025\/12\/PORTADA-WEB-YO-QUIERO-SER-zoe-gh-mia-colucci-359x226-1.jpg","articleSection":["PAIS"],"inLanguage":"es"},{"@type":"WebPage","@id":"https:\/\/cuartetoenlaweb.com.ar\/sitio\/las-particulares-novedades-de-la-nueva-casa-de-gran-hermano-generacion-dorada\/","url":"https:\/\/cuartetoenlaweb.com.ar\/sitio\/las-particulares-novedades-de-la-nueva-casa-de-gran-hermano-generacion-dorada\/","name":"Las particulares novedades de la nueva casa de Gran Hermano Generaci\u00f3n Dorada - Cuarteto en la Web","isPartOf":{"@id":"http:\/\/cuartetoenlaweb.com.ar\/sitio\/#website"},"primaryImageOfPage":{"@id":"https:\/\/cuartetoenlaweb.com.ar\/sitio\/las-particulares-novedades-de-la-nueva-casa-de-gran-hermano-generacion-dorada\/#primaryimage"},"image":{"@id":"https:\/\/cuartetoenlaweb.com.ar\/sitio\/las-particulares-novedades-de-la-nueva-casa-de-gran-hermano-generacion-dorada\/#primaryimage"},"thumbnailUrl":"https:\/\/cuartetoenlaweb.com.ar\/sitio\/wp-content\/uploads\/2025\/12\/PORTADA-WEB-YO-QUIERO-SER-zoe-gh-mia-colucci-359x226-1.jpg","datePublished":"2025-12-30T04:59:05+00:00","breadcrumb":{"@id":"https:\/\/cuartetoenlaweb.com.ar\/sitio\/las-particulares-novedades-de-la-nueva-casa-de-gran-hermano-generacion-dorada\/#breadcrumb"},"inLanguage":"es","potentialAction":[{"@type":"ReadAction","target":["https:\/\/cuartetoenlaweb.com.ar\/sitio\/las-particulares-novedades-de-la-nueva-casa-de-gran-hermano-generacion-dorada\/"]}]},{"@type":"ImageObject","inLanguage":"es","@id":"https:\/\/cuartetoenlaweb.com.ar\/sitio\/las-particulares-novedades-de-la-nueva-casa-de-gran-hermano-generacion-dorada\/#primaryimage","url":"https:\/\/cuartetoenlaweb.com.ar\/sitio\/wp-content\/uploads\/2025\/12\/PORTADA-WEB-YO-QUIERO-SER-zoe-gh-mia-colucci-359x226-1.jpg","contentUrl":"https:\/\/cuartetoenlaweb.com.ar\/sitio\/wp-content\/uploads\/2025\/12\/PORTADA-WEB-YO-QUIERO-SER-zoe-gh-mia-colucci-359x226-1.jpg","width":359,"height":226},{"@type":"BreadcrumbList","@id":"https:\/\/cuartetoenlaweb.com.ar\/sitio\/las-particulares-novedades-de-la-nueva-casa-de-gran-hermano-generacion-dorada\/#breadcrumb","itemListElement":[{"@type":"ListItem","position":1,"name":"Portada","item":"http:\/\/cuartetoenlaweb.com.ar\/sitio\/"},{"@type":"ListItem","position":2,"name":"Las particulares novedades de la nueva casa de Gran Hermano Generaci\u00f3n Dorada"}]},{"@type":"WebSite","@id":"http:\/\/cuartetoenlaweb.com.ar\/sitio\/#website","url":"http:\/\/cuartetoenlaweb.com.ar\/sitio\/","name":"Cuarteto en la Web","description":"","publisher":{"@id":"http:\/\/cuartetoenlaweb.com.ar\/sitio\/#organization"},"potentialAction":[{"@type":"SearchAction","target":{"@type":"EntryPoint","urlTemplate":"http:\/\/cuartetoenlaweb.com.ar\/sitio\/?s={search_term_string}"},"query-input":{"@type":"PropertyValueSpecification","valueRequired":true,"valueName":"search_term_string"}}],"inLanguage":"es"},{"@type":"Organization","@id":"http:\/\/cuartetoenlaweb.com.ar\/sitio\/#organization","name":"Cuarteto en la Web","url":"http:\/\/cuartetoenlaweb.com.ar\/sitio\/","logo":{"@type":"ImageObject","inLanguage":"es","@id":"http:\/\/cuartetoenlaweb.com.ar\/sitio\/#\/schema\/logo\/image\/","url":"https:\/\/cuartetoenlaweb.com.ar\/sitio\/wp-content\/uploads\/2025\/07\/cropped-cropped-logitoweb21.png","contentUrl":"https:\/\/cuartetoenlaweb.com.ar\/sitio\/wp-content\/uploads\/2025\/07\/cropped-cropped-logitoweb21.png","width":199,"height":199,"caption":"Cuarteto en la Web"},"image":{"@id":"http:\/\/cuartetoenlaweb.com.ar\/sitio\/#\/schema\/logo\/image\/"}}]}},"_links":{"self":[{"href":"https:\/\/cuartetoenlaweb.com.ar\/sitio\/wp-json\/wp\/v2\/posts\/9743","targetHints":{"allow":["GET"]}}],"collection":[{"href":"https:\/\/cuartetoenlaweb.com.ar\/sitio\/wp-json\/wp\/v2\/posts"}],"about":[{"href":"https:\/\/cuartetoenlaweb.com.ar\/sitio\/wp-json\/wp\/v2\/types\/post"}],"replies":[{"embeddable":true,"href":"https:\/\/cuartetoenlaweb.com.ar\/sitio\/wp-json\/wp\/v2\/comments?post=9743"}],"version-history":[{"count":0,"href":"https:\/\/cuartetoenlaweb.com.ar\/sitio\/wp-json\/wp\/v2\/posts\/9743\/revisions"}],"wp:featuredmedia":[{"embeddable":true,"href":"https:\/\/cuartetoenlaweb.com.ar\/sitio\/wp-json\/wp\/v2\/media\/9744"}],"wp:attachment":[{"href":"https:\/\/cuartetoenlaweb.com.ar\/sitio\/wp-json\/wp\/v2\/media?parent=9743"}],"wp:term":[{"taxonomy":"category","embeddable":true,"href":"https:\/\/cuartetoenlaweb.com.ar\/sitio\/wp-json\/wp\/v2\/categories?post=9743"},{"taxonomy":"post_tag","embeddable":true,"href":"https:\/\/cuartetoenlaweb.com.ar\/sitio\/wp-json\/wp\/v2\/tags?post=9743"}],"curies":[{"name":"wp","href":"https:\/\/api.w.org\/{rel}","templated":true}]}}