
{"id":9725,"date":"2025-12-29T13:54:06","date_gmt":"2025-12-29T16:54:06","guid":{"rendered":"https:\/\/cuartetoenlaweb.com.ar\/sitio\/dolor-en-el-espectaculo-murio-a-los-57-anos-una-de-las-estrellas-de-la-serie-blanco-y-negro\/"},"modified":"2025-12-29T13:54:06","modified_gmt":"2025-12-29T16:54:06","slug":"dolor-en-el-espectaculo-murio-a-los-57-anos-una-de-las-estrellas-de-la-serie-blanco-y-negro","status":"publish","type":"post","link":"https:\/\/cuartetoenlaweb.com.ar\/sitio\/dolor-en-el-espectaculo-murio-a-los-57-anos-una-de-las-estrellas-de-la-serie-blanco-y-negro\/","title":{"rendered":"Dolor en el espect\u00e1culo: muri\u00f3 a los 57 a\u00f1os una de las estrellas de la serie Blanco y negro"},"content":{"rendered":"<p>Estuvo en apenas cuatro cap\u00edtulos de la serie <em><strong>Blanco y negro<\/strong><\/em>, pero le alcanz\u00f3 para ganarse el coraz\u00f3n del p\u00fablico que segu\u00eda la exitosa <a href=\"https:\/\/www.paparazzi.com.ar\/teve\/que-ver-en-netflix-la-miniserie-de-8-episodios-para-arrancar-este-sabado-y-terminar-el-domingo\/\">serie<\/a> de <strong>Gary Coleman<\/strong>, que se emiti\u00f3 entre 1978 y 1986, Melanie Watson. Por eso son miles los que hoy lloran a la actriz <strong>Melanie Watson<\/strong>, quien <strong>muri\u00f3 a los 57 a\u00f1os luego de varios d\u00edas de internaci\u00f3n<\/strong> en un hospital de Colorado, Estados Unidos.<\/p>\n<p>Watson sufr\u00eda osteog\u00e9nesis imperfecta, tambi\u00e9n conocida como la <strong>enfermedad de los huesos de cristal<\/strong> (un trastorno gen\u00e9tico que afecta la producci\u00f3n de col\u00e1geno, debilitando la estructura \u00f3sea), y por eso deb\u00eda usar silla de ruedas. En las \u00faltimas semanas, seg\u00fan inform\u00f3 su hermano al sitio <strong><em>TMZ<\/em><\/strong>, la actriz debi\u00f3 ser atendida por un hemorragia interna, vinculada con su cuadro.<\/p>\n<figure class=\"wp-block-image size-large\"><img decoding=\"async\" src=\"https:\/\/www.paparazzi.com.ar\/wp-content\/uploads\/2025\/12\/Melanie-Watson-y-Gary-Coleman-en-Blanco-y-negro.-Foto_-captura-1024x646.jpg.webp\" loading=\"lazy\" alt=\"\" class=\"wp-image-458070\" \/><\/figure>\n<p>Con el correr de los d\u00edas su salud empeor\u00f3, hasta culminar en este tr\u00e1gico final. Melanie fallici\u00f3 el 26 de diciembre, aunque la noticia reci\u00e9n trascendi\u00f3 en estas horas, para desconsuelo de sus fans.<\/p>\n<div class=\"mt-box \">\n<h4 class=\"mt-heading\">Mir\u00e1 Tambi\u00e9n<\/h4>\n<p><a href=\"https:\/\/www.paparazzi.com.ar\/romances\/destapan-la-grave-mentira-de-mauro-icardi-tras-entregar-sus-hijas-a-wanda-nara-las-fotos-del-escandalo\/\"><\/p>\n<div class=\"mt-content\">\n<div class=\"mt-image-container\"><img decoding=\"async\" src=\"https:\/\/www.paparazzi.com.ar\/wp-content\/uploads\/2025\/12\/mauro-icardi-3-359x226.jpg\" alt=\"Destapan la grave mentira de Mauro Icardi tras entregar sus hijas a Wanda Nara: las fotos del esc\u00e1ndalo\" class=\"mt-image\" loading=\"lazy\" \/><\/div>\n<h5 class=\"mt-title\">Destapan la grave mentira de Mauro Icardi tras entregar sus hijas a Wanda Nara: las fotos del esc\u00e1ndalo<\/h5>\n<\/div>\n<p><\/a><\/div>\n<h2 class=\"wp-block-heading\">EL PASO DE LA ACTRIZ MELANIE WATSON POR LA SERIE BLANCO Y NEGRO<\/h2>\n<p>En <em>Blanco y negro<\/em> (<em>Different Strokes<\/em>, en ingl\u00e9s), <strong>Melanie fue <em>Kathy Gordon<\/em><\/strong>, la <strong>mejor amiga del adorable <em>Arnold<\/em><\/strong><em> <\/em>(Coleman). Su aparici\u00f3n en la tercera temporada de 1981 marcar\u00eda un quiebre en la pantalla chica: <strong>la sitcom m\u00e1s famosa del momento se animaba a tratar la problem\u00e1tica de la discapacidad<\/strong>.<\/p>\n<p>En el segundo episodio en el que actu\u00f3 -que llev\u00f3 el nombre de su personaje-, la trama giraba en torno a las dificultades que <em>Kathy<\/em> enfrentaba en la escuela por su condici\u00f3n. En las siguientes temporadas Watson tendr\u00eda una participaci\u00f3n destacada en otros dos cap\u00edtulos.<\/p>\n<p>Nacida el 20 de julio de 1968 en California, a lo largo de su vida luch\u00f3 con entereza contra una enfermedad por la que <strong>un simple abrazo pod\u00eda provocarle una fractura<\/strong>. Fund\u00f3 una organizaci\u00f3n que se dedica a adiestrar perros de refugio para asistir a personas con discapacidad. En su vida personal, estuvo casada durante dos a\u00f1os.<\/p>\n<p>Su rol en la <em>Blanco y negro<\/em> ser\u00eda no solo la \u00fanica incursi\u00f3n de Melanie en <a href=\"https:\/\/www.paparazzi.com.ar\/tag\/hollywood\/\">Hollywood<\/a>, sino en el mundo art\u00edstico. Con el tiempo <strong>se arrepentir\u00eda<\/strong>: en una entrevista con <em>IndieWire,<\/em> en 2020, termin\u00f3 confesando que en aquel momento no era consciente de la trascendencia de su aparici\u00f3n en la sitcom. \u00abNo me di cuenta del regalo que fue ser la primera (actirz con discapacidad) en estar ah\u00ed. Si tuviera que hacerlo todo de nuevo, <strong>me habr\u00eda quedado en el negocio<\/strong>\u00ab, lament\u00f3.<\/p>\n<p>Los cap\u00edtulos de la recordada serie de Gary Coleman, Todd Bridges y Dana Plato (cuyos destinos tambi\u00e9n fueron tr\u00e1gicos), se repiten al d\u00eda de hoy. Cada tanto, all\u00ed se la puede observar a Melanie Watson en un papel que cambi\u00f3 muchas cosas. Aunque todav\u00eda hoy, hay lecciones que debemos aprender.<\/p>\n<div class=\"mt-box \">\n<h4 class=\"mt-heading\">Mir\u00e1 Tambi\u00e9n<\/h4>\n<p><a href=\"https:\/\/www.paparazzi.com.ar\/internacionales\/los-grandes-amores-de-brigitte-bardot-la-estrella-del-cine-que-murio-a-sus-91-anos\/\"><\/p>\n<div class=\"mt-content\">\n<div class=\"mt-image-container\"><img decoding=\"async\" src=\"https:\/\/www.paparazzi.com.ar\/wp-content\/uploads\/2025\/12\/Brigitte-Bardot-359x226.jpg\" alt=\"Los grandes amores de Brigitte Bardot, la estrella del cine que muri\u00f3 a sus 91 a\u00f1os\" class=\"mt-image\" loading=\"lazy\" \/><\/div>\n<h5 class=\"mt-title\">Los grandes amores de Brigitte Bardot, la estrella del cine que muri\u00f3 a sus 91 a\u00f1os<\/h5>\n<\/div>\n<p><\/a><\/div>\n<div class=\"mt-box \">\n<h4 class=\"mt-heading\">Mir\u00e1 Tambi\u00e9n<\/h4>\n<p><a href=\"https:\/\/www.paparazzi.com.ar\/internacionales\/irreconocible-fue-un-nino-prodigio-de-hollywood-pero-ahora-vive-en-la-calle-y-come-de-la-basura-mi-destino-es-el-desague\/\"><\/p>\n<div class=\"mt-content\">\n<div class=\"mt-image-container\"><img decoding=\"async\" src=\"https:\/\/www.paparazzi.com.ar\/wp-content\/uploads\/2025\/12\/Tylor-Chase-Nickelodeon-359x226.jpg\" alt=\"\u00a1Fotos impactantes! Fue un ni\u00f1o prodigio de Hollywood, pero ahora vive en la calle y come de la basura: &quot;Mi destino es el desag\u00fce&quot;\" class=\"mt-image\" loading=\"lazy\" \/><\/div>\n<h5 class=\"mt-title\">\u00a1Fotos impactantes! Fue un ni\u00f1o prodigio de Hollywood, pero ahora vive en la calle y come de la basura: \u00abMi destino es el desag\u00fce\u00bb<\/h5>\n<\/div>\n<p><\/a><\/div>\n<p>The post <a href=\"https:\/\/www.paparazzi.com.ar\/internacionales\/dolor-en-el-espectaculo-murio-a-los-57-anos-una-de-las-estrellas-de-la-serie-blanco-y-negro\/\">Dolor en el espect\u00e1culo: muri\u00f3 a los 57 a\u00f1os una de las estrellas de la serie Blanco y negro<\/a> appeared first on <a href=\"https:\/\/www.paparazzi.com.ar\">Revista Paparazzi<\/a>.<\/p>\n","protected":false},"excerpt":{"rendered":"<p>Estuvo en apenas cuatro cap\u00edtulos de la serie Blanco y<\/p>\n","protected":false},"author":0,"featured_media":9726,"comment_status":"","ping_status":"","sticky":false,"template":"","format":"standard","meta":{"footnotes":""},"categories":[65],"tags":[],"class_list":["post-9725","post","type-post","status-publish","format-standard","has-post-thumbnail","hentry","category-pais"],"yoast_head":"<!-- This site is optimized with the Yoast SEO plugin v27.5 - https:\/\/yoast.com\/product\/yoast-seo-wordpress\/ -->\n<title>Dolor en el espect\u00e1culo: muri\u00f3 a los 57 a\u00f1os una de las estrellas de la serie Blanco y negro - Cuarteto en la Web<\/title>\n<meta name=\"robots\" content=\"index, follow, max-snippet:-1, max-image-preview:large, max-video-preview:-1\" \/>\n<link rel=\"canonical\" href=\"https:\/\/cuartetoenlaweb.com.ar\/sitio\/dolor-en-el-espectaculo-murio-a-los-57-anos-una-de-las-estrellas-de-la-serie-blanco-y-negro\/\" \/>\n<meta property=\"og:locale\" content=\"es_ES\" \/>\n<meta property=\"og:type\" content=\"article\" \/>\n<meta property=\"og:title\" content=\"Dolor en el espect\u00e1culo: muri\u00f3 a los 57 a\u00f1os una de las estrellas de la serie Blanco y negro - Cuarteto en la Web\" \/>\n<meta property=\"og:description\" content=\"Estuvo en apenas cuatro cap\u00edtulos de la serie Blanco y\" \/>\n<meta property=\"og:url\" content=\"https:\/\/cuartetoenlaweb.com.ar\/sitio\/dolor-en-el-espectaculo-murio-a-los-57-anos-una-de-las-estrellas-de-la-serie-blanco-y-negro\/\" \/>\n<meta property=\"og:site_name\" content=\"Cuarteto en la Web\" \/>\n<meta property=\"article:published_time\" content=\"2025-12-29T16:54:06+00:00\" \/>\n<meta property=\"og:image\" content=\"https:\/\/cuartetoenlaweb.com.ar\/sitio\/wp-content\/uploads\/2025\/12\/Melanie-Watson-y-Gary-Coleman-en-Blanco-y-negro.-Foto_-captura-1024x646.jpg.webp\" \/>\n\t<meta property=\"og:image:width\" content=\"1024\" \/>\n\t<meta property=\"og:image:height\" content=\"646\" \/>\n\t<meta property=\"og:image:type\" content=\"image\/webp\" \/>\n<meta name=\"twitter:card\" content=\"summary_large_image\" \/>\n<meta name=\"twitter:label1\" content=\"Tiempo de lectura\" \/>\n\t<meta name=\"twitter:data1\" content=\"3 minutos\" \/>\n<script type=\"application\/ld+json\" class=\"yoast-schema-graph\">{\"@context\":\"https:\\\/\\\/schema.org\",\"@graph\":[{\"@type\":\"Article\",\"@id\":\"https:\\\/\\\/cuartetoenlaweb.com.ar\\\/sitio\\\/dolor-en-el-espectaculo-murio-a-los-57-anos-una-de-las-estrellas-de-la-serie-blanco-y-negro\\\/#article\",\"isPartOf\":{\"@id\":\"https:\\\/\\\/cuartetoenlaweb.com.ar\\\/sitio\\\/dolor-en-el-espectaculo-murio-a-los-57-anos-una-de-las-estrellas-de-la-serie-blanco-y-negro\\\/\"},\"author\":{\"name\":\"\",\"@id\":\"\"},\"headline\":\"Dolor en el espect\u00e1culo: muri\u00f3 a los 57 a\u00f1os una de las estrellas de la serie Blanco y negro\",\"datePublished\":\"2025-12-29T16:54:06+00:00\",\"mainEntityOfPage\":{\"@id\":\"https:\\\/\\\/cuartetoenlaweb.com.ar\\\/sitio\\\/dolor-en-el-espectaculo-murio-a-los-57-anos-una-de-las-estrellas-de-la-serie-blanco-y-negro\\\/\"},\"wordCount\":609,\"publisher\":{\"@id\":\"http:\\\/\\\/cuartetoenlaweb.com.ar\\\/sitio\\\/#organization\"},\"image\":{\"@id\":\"https:\\\/\\\/cuartetoenlaweb.com.ar\\\/sitio\\\/dolor-en-el-espectaculo-murio-a-los-57-anos-una-de-las-estrellas-de-la-serie-blanco-y-negro\\\/#primaryimage\"},\"thumbnailUrl\":\"https:\\\/\\\/cuartetoenlaweb.com.ar\\\/sitio\\\/wp-content\\\/uploads\\\/2025\\\/12\\\/Melanie-Watson-y-Gary-Coleman-en-Blanco-y-negro.-Foto_-captura-1024x646.jpg.webp\",\"articleSection\":[\"PAIS\"],\"inLanguage\":\"es\"},{\"@type\":\"WebPage\",\"@id\":\"https:\\\/\\\/cuartetoenlaweb.com.ar\\\/sitio\\\/dolor-en-el-espectaculo-murio-a-los-57-anos-una-de-las-estrellas-de-la-serie-blanco-y-negro\\\/\",\"url\":\"https:\\\/\\\/cuartetoenlaweb.com.ar\\\/sitio\\\/dolor-en-el-espectaculo-murio-a-los-57-anos-una-de-las-estrellas-de-la-serie-blanco-y-negro\\\/\",\"name\":\"Dolor en el espect\u00e1culo: muri\u00f3 a los 57 a\u00f1os una de las estrellas de la serie Blanco y negro - Cuarteto en la Web\",\"isPartOf\":{\"@id\":\"http:\\\/\\\/cuartetoenlaweb.com.ar\\\/sitio\\\/#website\"},\"primaryImageOfPage\":{\"@id\":\"https:\\\/\\\/cuartetoenlaweb.com.ar\\\/sitio\\\/dolor-en-el-espectaculo-murio-a-los-57-anos-una-de-las-estrellas-de-la-serie-blanco-y-negro\\\/#primaryimage\"},\"image\":{\"@id\":\"https:\\\/\\\/cuartetoenlaweb.com.ar\\\/sitio\\\/dolor-en-el-espectaculo-murio-a-los-57-anos-una-de-las-estrellas-de-la-serie-blanco-y-negro\\\/#primaryimage\"},\"thumbnailUrl\":\"https:\\\/\\\/cuartetoenlaweb.com.ar\\\/sitio\\\/wp-content\\\/uploads\\\/2025\\\/12\\\/Melanie-Watson-y-Gary-Coleman-en-Blanco-y-negro.-Foto_-captura-1024x646.jpg.webp\",\"datePublished\":\"2025-12-29T16:54:06+00:00\",\"breadcrumb\":{\"@id\":\"https:\\\/\\\/cuartetoenlaweb.com.ar\\\/sitio\\\/dolor-en-el-espectaculo-murio-a-los-57-anos-una-de-las-estrellas-de-la-serie-blanco-y-negro\\\/#breadcrumb\"},\"inLanguage\":\"es\",\"potentialAction\":[{\"@type\":\"ReadAction\",\"target\":[\"https:\\\/\\\/cuartetoenlaweb.com.ar\\\/sitio\\\/dolor-en-el-espectaculo-murio-a-los-57-anos-una-de-las-estrellas-de-la-serie-blanco-y-negro\\\/\"]}]},{\"@type\":\"ImageObject\",\"inLanguage\":\"es\",\"@id\":\"https:\\\/\\\/cuartetoenlaweb.com.ar\\\/sitio\\\/dolor-en-el-espectaculo-murio-a-los-57-anos-una-de-las-estrellas-de-la-serie-blanco-y-negro\\\/#primaryimage\",\"url\":\"https:\\\/\\\/cuartetoenlaweb.com.ar\\\/sitio\\\/wp-content\\\/uploads\\\/2025\\\/12\\\/Melanie-Watson-y-Gary-Coleman-en-Blanco-y-negro.-Foto_-captura-1024x646.jpg.webp\",\"contentUrl\":\"https:\\\/\\\/cuartetoenlaweb.com.ar\\\/sitio\\\/wp-content\\\/uploads\\\/2025\\\/12\\\/Melanie-Watson-y-Gary-Coleman-en-Blanco-y-negro.-Foto_-captura-1024x646.jpg.webp\",\"width\":1024,\"height\":646},{\"@type\":\"BreadcrumbList\",\"@id\":\"https:\\\/\\\/cuartetoenlaweb.com.ar\\\/sitio\\\/dolor-en-el-espectaculo-murio-a-los-57-anos-una-de-las-estrellas-de-la-serie-blanco-y-negro\\\/#breadcrumb\",\"itemListElement\":[{\"@type\":\"ListItem\",\"position\":1,\"name\":\"Portada\",\"item\":\"http:\\\/\\\/cuartetoenlaweb.com.ar\\\/sitio\\\/\"},{\"@type\":\"ListItem\",\"position\":2,\"name\":\"Dolor en el espect\u00e1culo: muri\u00f3 a los 57 a\u00f1os una de las estrellas de la serie Blanco y negro\"}]},{\"@type\":\"WebSite\",\"@id\":\"http:\\\/\\\/cuartetoenlaweb.com.ar\\\/sitio\\\/#website\",\"url\":\"http:\\\/\\\/cuartetoenlaweb.com.ar\\\/sitio\\\/\",\"name\":\"Cuarteto en la Web\",\"description\":\"\",\"publisher\":{\"@id\":\"http:\\\/\\\/cuartetoenlaweb.com.ar\\\/sitio\\\/#organization\"},\"potentialAction\":[{\"@type\":\"SearchAction\",\"target\":{\"@type\":\"EntryPoint\",\"urlTemplate\":\"http:\\\/\\\/cuartetoenlaweb.com.ar\\\/sitio\\\/?s={search_term_string}\"},\"query-input\":{\"@type\":\"PropertyValueSpecification\",\"valueRequired\":true,\"valueName\":\"search_term_string\"}}],\"inLanguage\":\"es\"},{\"@type\":\"Organization\",\"@id\":\"http:\\\/\\\/cuartetoenlaweb.com.ar\\\/sitio\\\/#organization\",\"name\":\"Cuarteto en la Web\",\"url\":\"http:\\\/\\\/cuartetoenlaweb.com.ar\\\/sitio\\\/\",\"logo\":{\"@type\":\"ImageObject\",\"inLanguage\":\"es\",\"@id\":\"http:\\\/\\\/cuartetoenlaweb.com.ar\\\/sitio\\\/#\\\/schema\\\/logo\\\/image\\\/\",\"url\":\"https:\\\/\\\/cuartetoenlaweb.com.ar\\\/sitio\\\/wp-content\\\/uploads\\\/2025\\\/07\\\/cropped-cropped-logitoweb21.png\",\"contentUrl\":\"https:\\\/\\\/cuartetoenlaweb.com.ar\\\/sitio\\\/wp-content\\\/uploads\\\/2025\\\/07\\\/cropped-cropped-logitoweb21.png\",\"width\":199,\"height\":199,\"caption\":\"Cuarteto en la Web\"},\"image\":{\"@id\":\"http:\\\/\\\/cuartetoenlaweb.com.ar\\\/sitio\\\/#\\\/schema\\\/logo\\\/image\\\/\"}}]}<\/script>\n<!-- \/ Yoast SEO plugin. -->","yoast_head_json":{"title":"Dolor en el espect\u00e1culo: muri\u00f3 a los 57 a\u00f1os una de las estrellas de la serie Blanco y negro - Cuarteto en la Web","robots":{"index":"index","follow":"follow","max-snippet":"max-snippet:-1","max-image-preview":"max-image-preview:large","max-video-preview":"max-video-preview:-1"},"canonical":"https:\/\/cuartetoenlaweb.com.ar\/sitio\/dolor-en-el-espectaculo-murio-a-los-57-anos-una-de-las-estrellas-de-la-serie-blanco-y-negro\/","og_locale":"es_ES","og_type":"article","og_title":"Dolor en el espect\u00e1culo: muri\u00f3 a los 57 a\u00f1os una de las estrellas de la serie Blanco y negro - Cuarteto en la Web","og_description":"Estuvo en apenas cuatro cap\u00edtulos de la serie Blanco y","og_url":"https:\/\/cuartetoenlaweb.com.ar\/sitio\/dolor-en-el-espectaculo-murio-a-los-57-anos-una-de-las-estrellas-de-la-serie-blanco-y-negro\/","og_site_name":"Cuarteto en la Web","article_published_time":"2025-12-29T16:54:06+00:00","og_image":[{"width":1024,"height":646,"url":"https:\/\/cuartetoenlaweb.com.ar\/sitio\/wp-content\/uploads\/2025\/12\/Melanie-Watson-y-Gary-Coleman-en-Blanco-y-negro.-Foto_-captura-1024x646.jpg.webp","type":"image\/webp"}],"twitter_card":"summary_large_image","twitter_misc":{"Tiempo de lectura":"3 minutos"},"schema":{"@context":"https:\/\/schema.org","@graph":[{"@type":"Article","@id":"https:\/\/cuartetoenlaweb.com.ar\/sitio\/dolor-en-el-espectaculo-murio-a-los-57-anos-una-de-las-estrellas-de-la-serie-blanco-y-negro\/#article","isPartOf":{"@id":"https:\/\/cuartetoenlaweb.com.ar\/sitio\/dolor-en-el-espectaculo-murio-a-los-57-anos-una-de-las-estrellas-de-la-serie-blanco-y-negro\/"},"author":{"name":"","@id":""},"headline":"Dolor en el espect\u00e1culo: muri\u00f3 a los 57 a\u00f1os una de las estrellas de la serie Blanco y negro","datePublished":"2025-12-29T16:54:06+00:00","mainEntityOfPage":{"@id":"https:\/\/cuartetoenlaweb.com.ar\/sitio\/dolor-en-el-espectaculo-murio-a-los-57-anos-una-de-las-estrellas-de-la-serie-blanco-y-negro\/"},"wordCount":609,"publisher":{"@id":"http:\/\/cuartetoenlaweb.com.ar\/sitio\/#organization"},"image":{"@id":"https:\/\/cuartetoenlaweb.com.ar\/sitio\/dolor-en-el-espectaculo-murio-a-los-57-anos-una-de-las-estrellas-de-la-serie-blanco-y-negro\/#primaryimage"},"thumbnailUrl":"https:\/\/cuartetoenlaweb.com.ar\/sitio\/wp-content\/uploads\/2025\/12\/Melanie-Watson-y-Gary-Coleman-en-Blanco-y-negro.-Foto_-captura-1024x646.jpg.webp","articleSection":["PAIS"],"inLanguage":"es"},{"@type":"WebPage","@id":"https:\/\/cuartetoenlaweb.com.ar\/sitio\/dolor-en-el-espectaculo-murio-a-los-57-anos-una-de-las-estrellas-de-la-serie-blanco-y-negro\/","url":"https:\/\/cuartetoenlaweb.com.ar\/sitio\/dolor-en-el-espectaculo-murio-a-los-57-anos-una-de-las-estrellas-de-la-serie-blanco-y-negro\/","name":"Dolor en el espect\u00e1culo: muri\u00f3 a los 57 a\u00f1os una de las estrellas de la serie Blanco y negro - Cuarteto en la Web","isPartOf":{"@id":"http:\/\/cuartetoenlaweb.com.ar\/sitio\/#website"},"primaryImageOfPage":{"@id":"https:\/\/cuartetoenlaweb.com.ar\/sitio\/dolor-en-el-espectaculo-murio-a-los-57-anos-una-de-las-estrellas-de-la-serie-blanco-y-negro\/#primaryimage"},"image":{"@id":"https:\/\/cuartetoenlaweb.com.ar\/sitio\/dolor-en-el-espectaculo-murio-a-los-57-anos-una-de-las-estrellas-de-la-serie-blanco-y-negro\/#primaryimage"},"thumbnailUrl":"https:\/\/cuartetoenlaweb.com.ar\/sitio\/wp-content\/uploads\/2025\/12\/Melanie-Watson-y-Gary-Coleman-en-Blanco-y-negro.-Foto_-captura-1024x646.jpg.webp","datePublished":"2025-12-29T16:54:06+00:00","breadcrumb":{"@id":"https:\/\/cuartetoenlaweb.com.ar\/sitio\/dolor-en-el-espectaculo-murio-a-los-57-anos-una-de-las-estrellas-de-la-serie-blanco-y-negro\/#breadcrumb"},"inLanguage":"es","potentialAction":[{"@type":"ReadAction","target":["https:\/\/cuartetoenlaweb.com.ar\/sitio\/dolor-en-el-espectaculo-murio-a-los-57-anos-una-de-las-estrellas-de-la-serie-blanco-y-negro\/"]}]},{"@type":"ImageObject","inLanguage":"es","@id":"https:\/\/cuartetoenlaweb.com.ar\/sitio\/dolor-en-el-espectaculo-murio-a-los-57-anos-una-de-las-estrellas-de-la-serie-blanco-y-negro\/#primaryimage","url":"https:\/\/cuartetoenlaweb.com.ar\/sitio\/wp-content\/uploads\/2025\/12\/Melanie-Watson-y-Gary-Coleman-en-Blanco-y-negro.-Foto_-captura-1024x646.jpg.webp","contentUrl":"https:\/\/cuartetoenlaweb.com.ar\/sitio\/wp-content\/uploads\/2025\/12\/Melanie-Watson-y-Gary-Coleman-en-Blanco-y-negro.-Foto_-captura-1024x646.jpg.webp","width":1024,"height":646},{"@type":"BreadcrumbList","@id":"https:\/\/cuartetoenlaweb.com.ar\/sitio\/dolor-en-el-espectaculo-murio-a-los-57-anos-una-de-las-estrellas-de-la-serie-blanco-y-negro\/#breadcrumb","itemListElement":[{"@type":"ListItem","position":1,"name":"Portada","item":"http:\/\/cuartetoenlaweb.com.ar\/sitio\/"},{"@type":"ListItem","position":2,"name":"Dolor en el espect\u00e1culo: muri\u00f3 a los 57 a\u00f1os una de las estrellas de la serie Blanco y negro"}]},{"@type":"WebSite","@id":"http:\/\/cuartetoenlaweb.com.ar\/sitio\/#website","url":"http:\/\/cuartetoenlaweb.com.ar\/sitio\/","name":"Cuarteto en la Web","description":"","publisher":{"@id":"http:\/\/cuartetoenlaweb.com.ar\/sitio\/#organization"},"potentialAction":[{"@type":"SearchAction","target":{"@type":"EntryPoint","urlTemplate":"http:\/\/cuartetoenlaweb.com.ar\/sitio\/?s={search_term_string}"},"query-input":{"@type":"PropertyValueSpecification","valueRequired":true,"valueName":"search_term_string"}}],"inLanguage":"es"},{"@type":"Organization","@id":"http:\/\/cuartetoenlaweb.com.ar\/sitio\/#organization","name":"Cuarteto en la Web","url":"http:\/\/cuartetoenlaweb.com.ar\/sitio\/","logo":{"@type":"ImageObject","inLanguage":"es","@id":"http:\/\/cuartetoenlaweb.com.ar\/sitio\/#\/schema\/logo\/image\/","url":"https:\/\/cuartetoenlaweb.com.ar\/sitio\/wp-content\/uploads\/2025\/07\/cropped-cropped-logitoweb21.png","contentUrl":"https:\/\/cuartetoenlaweb.com.ar\/sitio\/wp-content\/uploads\/2025\/07\/cropped-cropped-logitoweb21.png","width":199,"height":199,"caption":"Cuarteto en la Web"},"image":{"@id":"http:\/\/cuartetoenlaweb.com.ar\/sitio\/#\/schema\/logo\/image\/"}}]}},"_links":{"self":[{"href":"https:\/\/cuartetoenlaweb.com.ar\/sitio\/wp-json\/wp\/v2\/posts\/9725","targetHints":{"allow":["GET"]}}],"collection":[{"href":"https:\/\/cuartetoenlaweb.com.ar\/sitio\/wp-json\/wp\/v2\/posts"}],"about":[{"href":"https:\/\/cuartetoenlaweb.com.ar\/sitio\/wp-json\/wp\/v2\/types\/post"}],"replies":[{"embeddable":true,"href":"https:\/\/cuartetoenlaweb.com.ar\/sitio\/wp-json\/wp\/v2\/comments?post=9725"}],"version-history":[{"count":0,"href":"https:\/\/cuartetoenlaweb.com.ar\/sitio\/wp-json\/wp\/v2\/posts\/9725\/revisions"}],"wp:featuredmedia":[{"embeddable":true,"href":"https:\/\/cuartetoenlaweb.com.ar\/sitio\/wp-json\/wp\/v2\/media\/9726"}],"wp:attachment":[{"href":"https:\/\/cuartetoenlaweb.com.ar\/sitio\/wp-json\/wp\/v2\/media?parent=9725"}],"wp:term":[{"taxonomy":"category","embeddable":true,"href":"https:\/\/cuartetoenlaweb.com.ar\/sitio\/wp-json\/wp\/v2\/categories?post=9725"},{"taxonomy":"post_tag","embeddable":true,"href":"https:\/\/cuartetoenlaweb.com.ar\/sitio\/wp-json\/wp\/v2\/tags?post=9725"}],"curies":[{"name":"wp","href":"https:\/\/api.w.org\/{rel}","templated":true}]}}