
{"id":7429,"date":"2025-11-27T16:59:45","date_gmt":"2025-11-27T19:59:45","guid":{"rendered":"https:\/\/cuartetoenlaweb.com.ar\/sitio\/jesica-cirio-revelo-el-problema-de-salud-que-le-diagnosticaron-a-sus-40-anos-me-lo-descubrieron\/"},"modified":"2025-11-27T16:59:45","modified_gmt":"2025-11-27T19:59:45","slug":"jesica-cirio-revelo-el-problema-de-salud-que-le-diagnosticaron-a-sus-40-anos-me-lo-descubrieron","status":"publish","type":"post","link":"https:\/\/cuartetoenlaweb.com.ar\/sitio\/jesica-cirio-revelo-el-problema-de-salud-que-le-diagnosticaron-a-sus-40-anos-me-lo-descubrieron\/","title":{"rendered":"J\u00e9sica Cirio revel\u00f3 el problema de salud que le diagnosticaron a sus 40 a\u00f1os: &quot;Me lo descubrieron&quot;"},"content":{"rendered":"<p><strong><a href=\"https:\/\/www.paparazzi.com.ar\/romances\/inquietante-version-sobre-jesica-cirio-su-actual-novio-y-su-ex-elias-piccirillo-no-salen-de-puerto-madero-y-ella-paga\/\">J\u00e9sica Cirio<\/a><\/strong> decidi\u00f3 en estos \u00faltimos d\u00edas reaparecer en los medios y romper el silencio. Tras lo fueron a\u00f1os muy dif\u00edciles para la modelo, a partir de diferentes pol\u00e9micas que la dejaron envuelta, habl\u00f3 y llam\u00f3 mucho la atenci\u00f3n al hablar de su salud.<\/p>\n<p>La medi\u00e1tica reconoci\u00f3 que, como consecuencia del estr\u00e9s que vivi\u00f3 por diferentes temas vinculados a su vida privada, comenz\u00f3 a tener problemas card\u00edacos. En su caso puntual, cont\u00f3 durante una entrevista con <em>Desayuno Americano<\/em> que padece de una arritmia.<\/p>\n<p>\u201c<em>Me descubrieron algunas arritmias como consecuencia del estr\u00e9s y todo lo que pas\u00f3. Es por eso que lo que m\u00e1s quiero hoy es resguardarme<\/em>\u201d, comenz\u00f3 diciendo J\u00e9sica, quien eligi\u00f3 la absoluta privacidad para transitar todo esto.<\/p>\n<div class=\"mt-box \">\n<h4 class=\"mt-heading\">Mir\u00e1 Tambi\u00e9n<\/h4>\n<p><a href=\"https:\/\/www.paparazzi.com.ar\/romances\/exclusivo-la-china-suarez-aparecio-junto-a-mauro-icardi-en-el-lanzamiento-de-su-serie-queria-que-sufran-todos\/\"><\/p>\n<div class=\"mt-content\">\n<div class=\"mt-image-container\"><img decoding=\"async\" src=\"https:\/\/www.paparazzi.com.ar\/wp-content\/uploads\/2025\/11\/china-suarez-icardi-359x226.jpg\" alt=\"\u00a1Exclusivo! La China Su\u00e1rez, m\u00e1s picante que nunca junto a Icardi en el lanzamiento de su serie: \u201cQuer\u00eda que sufran todos\u201d\" class=\"mt-image\" loading=\"lazy\" \/><\/div>\n<h5 class=\"mt-title\">\u00a1Exclusivo! La China Su\u00e1rez, m\u00e1s picante que nunca junto a Icardi en el lanzamiento de su serie: \u201cQuer\u00eda que sufran todos\u201d<\/h5>\n<\/div>\n<p><\/a><\/div>\n<p>A sus 40 a\u00f1os, <a href=\"https:\/\/www.paparazzi.com.ar\/romances\/la-foto-que-confirma-todo-jesica-cirio-y-su-nuevo-novio-nicolas-trombino-mas-juntos-que-nunca\/\">Cirio<\/a> es una persona muy joven y por eso es que tambi\u00e9n eligi\u00f3 la psicolog\u00eda para pasar este inesperado momento: \u201c<em>Yo trabajo desde los 11 a\u00f1os y ahora decido bajar el perfil, es algo que tambi\u00e9n habl\u00e9 mucho con mi terapeuta<\/em>\u00ab.<\/p>\n<h2 class=\"wp-block-heading\">QU\u00c9 OCURRE CON LA SALUD DE J\u00c9SICA CIRIO<\/h2>\n<p>Para J\u00e9sica su absoluta prioridad contin\u00faa siendo <strong>Chloe<\/strong>, su hija, con quien hoy est\u00e1 transitando la hermosa etapa de su crecimiento. Entiendo las se\u00f1ales que su cuerpo le dio, la modelo se encuentra trabajando y mucho para que el estr\u00e9s no afecte su vida.<\/p>\n<div class=\"mt-box \">\n<h4 class=\"mt-heading\">Mir\u00e1 Tambi\u00e9n<\/h4>\n<p><a href=\"https:\/\/www.paparazzi.com.ar\/romances\/jesica-cirio-envuelta-en-otro-escandalo-por-culpa-de-su-novio-debe-34-millones-de-un-departamento-cuyo-dueno-esta-muerto\/\"><\/p>\n<div class=\"mt-content\">\n<div class=\"mt-image-container\"><img decoding=\"async\" src=\"https:\/\/www.paparazzi.com.ar\/wp-content\/uploads\/2025\/11\/Cirio-expensas-novio-1-359x226.jpg\" alt=\"J\u00e9sica Cirio envuelta en otro esc\u00e1ndalo por culpa de su novio: &quot;Debe 34 millones de un departamento cuyo due\u00f1o est\u00e1 muerto&quot;\" class=\"mt-image\" loading=\"lazy\" \/><\/div>\n<h5 class=\"mt-title\">J\u00e9sica Cirio envuelta en otro esc\u00e1ndalo por culpa de su novio: \u00abDebe 34 millones de un departamento cuyo due\u00f1o est\u00e1 muerto\u00bb<\/h5>\n<\/div>\n<p><\/a><\/div>\n<p>\u201c<em>Trato de estar atenta a mi salud. Independientemente de que me cuido, como sano y hago ejercicio y me hago controles. Fue un a\u00f1o muy dif\u00edcil pero me considero una persona fuerte por lo que intento poner atenci\u00f3n en mi vida, mi salud y de refugiarme en las personas que quiero<\/em>\u00ab, sentenci\u00f3 <a href=\"https:\/\/www.paparazzi.com.ar\/romances\/la-lista-de-las-lujosas-exigencias-de-jesica-cirio-para-su-proximo-novio\/\">J\u00e9sica<\/a>.<\/p>\n<p>Hace apenas unos d\u00edas aparecieron fotos de ella en Punta del Este, y a donde se la vincula con un nuevo amor. Hasta el momento no hubo ninguna confirmaci\u00f3n y Cirio dej\u00f3 en claro que su salud hoy est\u00e1 por encima de todo.<\/p>\n<div class=\"mt-box \">\n<h4 class=\"mt-heading\">Mir\u00e1 Tambi\u00e9n<\/h4>\n<p><a href=\"https:\/\/www.paparazzi.com.ar\/romances\/se-arrepintio-marianela-mirra-suspendio-su-casamiento-con-jose-alperovich-los-polemicos-motivos\/\"><\/p>\n<div class=\"mt-content\">\n<div class=\"mt-image-container\"><img decoding=\"async\" src=\"https:\/\/www.paparazzi.com.ar\/wp-content\/uploads\/2025\/11\/\u00bfSe-arrepintio-Marianela-Mirra-suspendio-su-casamiento-con-Jose-Alperovich-los-polemicos-motivos-359x226.jpeg\" alt=\"\u00bfSe arrepinti\u00f3? Marianela Mirra suspendi\u00f3 su casamiento con Jos\u00e9 Alperovich: los pol\u00e9micos motivos\" class=\"mt-image\" loading=\"lazy\" \/><\/div>\n<h5 class=\"mt-title\">\u00bfSe arrepinti\u00f3? Marianela Mirra suspendi\u00f3 su casamiento con Jos\u00e9 Alperovich: los pol\u00e9micos motivos<\/h5>\n<\/div>\n<p><\/a><\/div>\n<div class=\"mt-box \">\n<h4 class=\"mt-heading\">Mir\u00e1 Tambi\u00e9n<\/h4>\n<p><a href=\"https:\/\/www.paparazzi.com.ar\/romances\/el-hermoso-anuncio-de-rocio-oliva-sobre-su-maternidad-a-los-35-anos-estoy\/\"><\/p>\n<div class=\"mt-content\">\n<div class=\"mt-image-container\"><img decoding=\"async\" src=\"https:\/\/www.paparazzi.com.ar\/wp-content\/uploads\/2025\/11\/El-hermoso-anuncio-de-Rocio-Oliva-sobre-su-maternidad-a-los-35-anos-22Estoy.22-359x226.jpg\" alt=\"El hermoso anuncio de Roc\u00edo Oliva sobre su maternidad a los 35 a\u00f1os: &quot;Estoy...&quot;\" class=\"mt-image\" loading=\"lazy\" \/><\/div>\n<h5 class=\"mt-title\">El hermoso anuncio de Roc\u00edo Oliva sobre su maternidad a los 35 a\u00f1os: \u00abEstoy&#8230;\u00bb<\/h5>\n<\/div>\n<p><\/a><\/div>\n<p>The post <a href=\"https:\/\/www.paparazzi.com.ar\/teve\/jesica-cirio-revelo-el-problema-de-salud-que-le-diagnosticaron-a-sus-40-anos-me-lo-descubrieron\/\">J\u00e9sica Cirio revel\u00f3 el problema de salud que le diagnosticaron a sus 40 a\u00f1os: &quot;Me lo descubrieron&quot;<\/a> appeared first on <a href=\"https:\/\/www.paparazzi.com.ar\">Revista Paparazzi<\/a>.<\/p>\n","protected":false},"excerpt":{"rendered":"<p>J\u00e9sica Cirio decidi\u00f3 en estos \u00faltimos d\u00edas reaparecer en los<\/p>\n","protected":false},"author":0,"featured_media":7430,"comment_status":"","ping_status":"","sticky":false,"template":"","format":"standard","meta":{"footnotes":""},"categories":[12],"tags":[],"class_list":["post-7429","post","type-post","status-publish","format-standard","has-post-thumbnail","hentry","category-espectaculo"],"yoast_head":"<!-- This site is optimized with the Yoast SEO plugin v27.5 - https:\/\/yoast.com\/product\/yoast-seo-wordpress\/ -->\n<title>J\u00e9sica Cirio revel\u00f3 el problema de salud que le diagnosticaron a sus 40 a\u00f1os: &quot;Me lo descubrieron&quot; - Cuarteto en la Web<\/title>\n<meta name=\"robots\" content=\"index, follow, max-snippet:-1, max-image-preview:large, max-video-preview:-1\" \/>\n<link rel=\"canonical\" href=\"https:\/\/cuartetoenlaweb.com.ar\/sitio\/jesica-cirio-revelo-el-problema-de-salud-que-le-diagnosticaron-a-sus-40-anos-me-lo-descubrieron\/\" \/>\n<meta property=\"og:locale\" content=\"es_ES\" \/>\n<meta property=\"og:type\" content=\"article\" \/>\n<meta property=\"og:title\" content=\"J\u00e9sica Cirio revel\u00f3 el problema de salud que le diagnosticaron a sus 40 a\u00f1os: &quot;Me lo descubrieron&quot; - Cuarteto en la Web\" \/>\n<meta property=\"og:description\" content=\"J\u00e9sica Cirio decidi\u00f3 en estos \u00faltimos d\u00edas reaparecer en los\" \/>\n<meta property=\"og:url\" content=\"https:\/\/cuartetoenlaweb.com.ar\/sitio\/jesica-cirio-revelo-el-problema-de-salud-que-le-diagnosticaron-a-sus-40-anos-me-lo-descubrieron\/\" \/>\n<meta property=\"og:site_name\" content=\"Cuarteto en la Web\" \/>\n<meta property=\"article:published_time\" content=\"2025-11-27T19:59:45+00:00\" \/>\n<meta property=\"og:image\" content=\"https:\/\/cuartetoenlaweb.com.ar\/sitio\/wp-content\/uploads\/2025\/11\/china-suarez-icardi-359x226-33.jpg\" \/>\n\t<meta property=\"og:image:width\" content=\"359\" \/>\n\t<meta property=\"og:image:height\" content=\"226\" \/>\n\t<meta property=\"og:image:type\" content=\"image\/jpeg\" \/>\n<meta name=\"twitter:card\" content=\"summary_large_image\" \/>\n<meta name=\"twitter:label1\" content=\"Tiempo de lectura\" \/>\n\t<meta name=\"twitter:data1\" content=\"2 minutos\" \/>\n<script type=\"application\/ld+json\" class=\"yoast-schema-graph\">{\"@context\":\"https:\\\/\\\/schema.org\",\"@graph\":[{\"@type\":\"Article\",\"@id\":\"https:\\\/\\\/cuartetoenlaweb.com.ar\\\/sitio\\\/jesica-cirio-revelo-el-problema-de-salud-que-le-diagnosticaron-a-sus-40-anos-me-lo-descubrieron\\\/#article\",\"isPartOf\":{\"@id\":\"https:\\\/\\\/cuartetoenlaweb.com.ar\\\/sitio\\\/jesica-cirio-revelo-el-problema-de-salud-que-le-diagnosticaron-a-sus-40-anos-me-lo-descubrieron\\\/\"},\"author\":{\"name\":\"\",\"@id\":\"\"},\"headline\":\"J\u00e9sica Cirio revel\u00f3 el problema de salud que le diagnosticaron a sus 40 a\u00f1os: &quot;Me lo descubrieron&quot;\",\"datePublished\":\"2025-11-27T19:59:45+00:00\",\"mainEntityOfPage\":{\"@id\":\"https:\\\/\\\/cuartetoenlaweb.com.ar\\\/sitio\\\/jesica-cirio-revelo-el-problema-de-salud-que-le-diagnosticaron-a-sus-40-anos-me-lo-descubrieron\\\/\"},\"wordCount\":473,\"publisher\":{\"@id\":\"http:\\\/\\\/cuartetoenlaweb.com.ar\\\/sitio\\\/#organization\"},\"image\":{\"@id\":\"https:\\\/\\\/cuartetoenlaweb.com.ar\\\/sitio\\\/jesica-cirio-revelo-el-problema-de-salud-que-le-diagnosticaron-a-sus-40-anos-me-lo-descubrieron\\\/#primaryimage\"},\"thumbnailUrl\":\"https:\\\/\\\/cuartetoenlaweb.com.ar\\\/sitio\\\/wp-content\\\/uploads\\\/2025\\\/11\\\/china-suarez-icardi-359x226-33.jpg\",\"articleSection\":[\"ESPECT\u00c1CULO\"],\"inLanguage\":\"es\"},{\"@type\":\"WebPage\",\"@id\":\"https:\\\/\\\/cuartetoenlaweb.com.ar\\\/sitio\\\/jesica-cirio-revelo-el-problema-de-salud-que-le-diagnosticaron-a-sus-40-anos-me-lo-descubrieron\\\/\",\"url\":\"https:\\\/\\\/cuartetoenlaweb.com.ar\\\/sitio\\\/jesica-cirio-revelo-el-problema-de-salud-que-le-diagnosticaron-a-sus-40-anos-me-lo-descubrieron\\\/\",\"name\":\"J\u00e9sica Cirio revel\u00f3 el problema de salud que le diagnosticaron a sus 40 a\u00f1os: &quot;Me lo descubrieron&quot; - Cuarteto en la Web\",\"isPartOf\":{\"@id\":\"http:\\\/\\\/cuartetoenlaweb.com.ar\\\/sitio\\\/#website\"},\"primaryImageOfPage\":{\"@id\":\"https:\\\/\\\/cuartetoenlaweb.com.ar\\\/sitio\\\/jesica-cirio-revelo-el-problema-de-salud-que-le-diagnosticaron-a-sus-40-anos-me-lo-descubrieron\\\/#primaryimage\"},\"image\":{\"@id\":\"https:\\\/\\\/cuartetoenlaweb.com.ar\\\/sitio\\\/jesica-cirio-revelo-el-problema-de-salud-que-le-diagnosticaron-a-sus-40-anos-me-lo-descubrieron\\\/#primaryimage\"},\"thumbnailUrl\":\"https:\\\/\\\/cuartetoenlaweb.com.ar\\\/sitio\\\/wp-content\\\/uploads\\\/2025\\\/11\\\/china-suarez-icardi-359x226-33.jpg\",\"datePublished\":\"2025-11-27T19:59:45+00:00\",\"breadcrumb\":{\"@id\":\"https:\\\/\\\/cuartetoenlaweb.com.ar\\\/sitio\\\/jesica-cirio-revelo-el-problema-de-salud-que-le-diagnosticaron-a-sus-40-anos-me-lo-descubrieron\\\/#breadcrumb\"},\"inLanguage\":\"es\",\"potentialAction\":[{\"@type\":\"ReadAction\",\"target\":[\"https:\\\/\\\/cuartetoenlaweb.com.ar\\\/sitio\\\/jesica-cirio-revelo-el-problema-de-salud-que-le-diagnosticaron-a-sus-40-anos-me-lo-descubrieron\\\/\"]}]},{\"@type\":\"ImageObject\",\"inLanguage\":\"es\",\"@id\":\"https:\\\/\\\/cuartetoenlaweb.com.ar\\\/sitio\\\/jesica-cirio-revelo-el-problema-de-salud-que-le-diagnosticaron-a-sus-40-anos-me-lo-descubrieron\\\/#primaryimage\",\"url\":\"https:\\\/\\\/cuartetoenlaweb.com.ar\\\/sitio\\\/wp-content\\\/uploads\\\/2025\\\/11\\\/china-suarez-icardi-359x226-33.jpg\",\"contentUrl\":\"https:\\\/\\\/cuartetoenlaweb.com.ar\\\/sitio\\\/wp-content\\\/uploads\\\/2025\\\/11\\\/china-suarez-icardi-359x226-33.jpg\",\"width\":359,\"height\":226},{\"@type\":\"BreadcrumbList\",\"@id\":\"https:\\\/\\\/cuartetoenlaweb.com.ar\\\/sitio\\\/jesica-cirio-revelo-el-problema-de-salud-que-le-diagnosticaron-a-sus-40-anos-me-lo-descubrieron\\\/#breadcrumb\",\"itemListElement\":[{\"@type\":\"ListItem\",\"position\":1,\"name\":\"Portada\",\"item\":\"http:\\\/\\\/cuartetoenlaweb.com.ar\\\/sitio\\\/\"},{\"@type\":\"ListItem\",\"position\":2,\"name\":\"J\u00e9sica Cirio revel\u00f3 el problema de salud que le diagnosticaron a sus 40 a\u00f1os: &quot;Me lo descubrieron&quot;\"}]},{\"@type\":\"WebSite\",\"@id\":\"http:\\\/\\\/cuartetoenlaweb.com.ar\\\/sitio\\\/#website\",\"url\":\"http:\\\/\\\/cuartetoenlaweb.com.ar\\\/sitio\\\/\",\"name\":\"Cuarteto en la Web\",\"description\":\"\",\"publisher\":{\"@id\":\"http:\\\/\\\/cuartetoenlaweb.com.ar\\\/sitio\\\/#organization\"},\"potentialAction\":[{\"@type\":\"SearchAction\",\"target\":{\"@type\":\"EntryPoint\",\"urlTemplate\":\"http:\\\/\\\/cuartetoenlaweb.com.ar\\\/sitio\\\/?s={search_term_string}\"},\"query-input\":{\"@type\":\"PropertyValueSpecification\",\"valueRequired\":true,\"valueName\":\"search_term_string\"}}],\"inLanguage\":\"es\"},{\"@type\":\"Organization\",\"@id\":\"http:\\\/\\\/cuartetoenlaweb.com.ar\\\/sitio\\\/#organization\",\"name\":\"Cuarteto en la Web\",\"url\":\"http:\\\/\\\/cuartetoenlaweb.com.ar\\\/sitio\\\/\",\"logo\":{\"@type\":\"ImageObject\",\"inLanguage\":\"es\",\"@id\":\"http:\\\/\\\/cuartetoenlaweb.com.ar\\\/sitio\\\/#\\\/schema\\\/logo\\\/image\\\/\",\"url\":\"https:\\\/\\\/cuartetoenlaweb.com.ar\\\/sitio\\\/wp-content\\\/uploads\\\/2025\\\/07\\\/cropped-cropped-logitoweb21.png\",\"contentUrl\":\"https:\\\/\\\/cuartetoenlaweb.com.ar\\\/sitio\\\/wp-content\\\/uploads\\\/2025\\\/07\\\/cropped-cropped-logitoweb21.png\",\"width\":199,\"height\":199,\"caption\":\"Cuarteto en la Web\"},\"image\":{\"@id\":\"http:\\\/\\\/cuartetoenlaweb.com.ar\\\/sitio\\\/#\\\/schema\\\/logo\\\/image\\\/\"}}]}<\/script>\n<!-- \/ Yoast SEO plugin. -->","yoast_head_json":{"title":"J\u00e9sica Cirio revel\u00f3 el problema de salud que le diagnosticaron a sus 40 a\u00f1os: &quot;Me lo descubrieron&quot; - Cuarteto en la Web","robots":{"index":"index","follow":"follow","max-snippet":"max-snippet:-1","max-image-preview":"max-image-preview:large","max-video-preview":"max-video-preview:-1"},"canonical":"https:\/\/cuartetoenlaweb.com.ar\/sitio\/jesica-cirio-revelo-el-problema-de-salud-que-le-diagnosticaron-a-sus-40-anos-me-lo-descubrieron\/","og_locale":"es_ES","og_type":"article","og_title":"J\u00e9sica Cirio revel\u00f3 el problema de salud que le diagnosticaron a sus 40 a\u00f1os: &quot;Me lo descubrieron&quot; - Cuarteto en la Web","og_description":"J\u00e9sica Cirio decidi\u00f3 en estos \u00faltimos d\u00edas reaparecer en los","og_url":"https:\/\/cuartetoenlaweb.com.ar\/sitio\/jesica-cirio-revelo-el-problema-de-salud-que-le-diagnosticaron-a-sus-40-anos-me-lo-descubrieron\/","og_site_name":"Cuarteto en la Web","article_published_time":"2025-11-27T19:59:45+00:00","og_image":[{"width":359,"height":226,"url":"https:\/\/cuartetoenlaweb.com.ar\/sitio\/wp-content\/uploads\/2025\/11\/china-suarez-icardi-359x226-33.jpg","type":"image\/jpeg"}],"twitter_card":"summary_large_image","twitter_misc":{"Tiempo de lectura":"2 minutos"},"schema":{"@context":"https:\/\/schema.org","@graph":[{"@type":"Article","@id":"https:\/\/cuartetoenlaweb.com.ar\/sitio\/jesica-cirio-revelo-el-problema-de-salud-que-le-diagnosticaron-a-sus-40-anos-me-lo-descubrieron\/#article","isPartOf":{"@id":"https:\/\/cuartetoenlaweb.com.ar\/sitio\/jesica-cirio-revelo-el-problema-de-salud-que-le-diagnosticaron-a-sus-40-anos-me-lo-descubrieron\/"},"author":{"name":"","@id":""},"headline":"J\u00e9sica Cirio revel\u00f3 el problema de salud que le diagnosticaron a sus 40 a\u00f1os: &quot;Me lo descubrieron&quot;","datePublished":"2025-11-27T19:59:45+00:00","mainEntityOfPage":{"@id":"https:\/\/cuartetoenlaweb.com.ar\/sitio\/jesica-cirio-revelo-el-problema-de-salud-que-le-diagnosticaron-a-sus-40-anos-me-lo-descubrieron\/"},"wordCount":473,"publisher":{"@id":"http:\/\/cuartetoenlaweb.com.ar\/sitio\/#organization"},"image":{"@id":"https:\/\/cuartetoenlaweb.com.ar\/sitio\/jesica-cirio-revelo-el-problema-de-salud-que-le-diagnosticaron-a-sus-40-anos-me-lo-descubrieron\/#primaryimage"},"thumbnailUrl":"https:\/\/cuartetoenlaweb.com.ar\/sitio\/wp-content\/uploads\/2025\/11\/china-suarez-icardi-359x226-33.jpg","articleSection":["ESPECT\u00c1CULO"],"inLanguage":"es"},{"@type":"WebPage","@id":"https:\/\/cuartetoenlaweb.com.ar\/sitio\/jesica-cirio-revelo-el-problema-de-salud-que-le-diagnosticaron-a-sus-40-anos-me-lo-descubrieron\/","url":"https:\/\/cuartetoenlaweb.com.ar\/sitio\/jesica-cirio-revelo-el-problema-de-salud-que-le-diagnosticaron-a-sus-40-anos-me-lo-descubrieron\/","name":"J\u00e9sica Cirio revel\u00f3 el problema de salud que le diagnosticaron a sus 40 a\u00f1os: &quot;Me lo descubrieron&quot; - Cuarteto en la Web","isPartOf":{"@id":"http:\/\/cuartetoenlaweb.com.ar\/sitio\/#website"},"primaryImageOfPage":{"@id":"https:\/\/cuartetoenlaweb.com.ar\/sitio\/jesica-cirio-revelo-el-problema-de-salud-que-le-diagnosticaron-a-sus-40-anos-me-lo-descubrieron\/#primaryimage"},"image":{"@id":"https:\/\/cuartetoenlaweb.com.ar\/sitio\/jesica-cirio-revelo-el-problema-de-salud-que-le-diagnosticaron-a-sus-40-anos-me-lo-descubrieron\/#primaryimage"},"thumbnailUrl":"https:\/\/cuartetoenlaweb.com.ar\/sitio\/wp-content\/uploads\/2025\/11\/china-suarez-icardi-359x226-33.jpg","datePublished":"2025-11-27T19:59:45+00:00","breadcrumb":{"@id":"https:\/\/cuartetoenlaweb.com.ar\/sitio\/jesica-cirio-revelo-el-problema-de-salud-que-le-diagnosticaron-a-sus-40-anos-me-lo-descubrieron\/#breadcrumb"},"inLanguage":"es","potentialAction":[{"@type":"ReadAction","target":["https:\/\/cuartetoenlaweb.com.ar\/sitio\/jesica-cirio-revelo-el-problema-de-salud-que-le-diagnosticaron-a-sus-40-anos-me-lo-descubrieron\/"]}]},{"@type":"ImageObject","inLanguage":"es","@id":"https:\/\/cuartetoenlaweb.com.ar\/sitio\/jesica-cirio-revelo-el-problema-de-salud-que-le-diagnosticaron-a-sus-40-anos-me-lo-descubrieron\/#primaryimage","url":"https:\/\/cuartetoenlaweb.com.ar\/sitio\/wp-content\/uploads\/2025\/11\/china-suarez-icardi-359x226-33.jpg","contentUrl":"https:\/\/cuartetoenlaweb.com.ar\/sitio\/wp-content\/uploads\/2025\/11\/china-suarez-icardi-359x226-33.jpg","width":359,"height":226},{"@type":"BreadcrumbList","@id":"https:\/\/cuartetoenlaweb.com.ar\/sitio\/jesica-cirio-revelo-el-problema-de-salud-que-le-diagnosticaron-a-sus-40-anos-me-lo-descubrieron\/#breadcrumb","itemListElement":[{"@type":"ListItem","position":1,"name":"Portada","item":"http:\/\/cuartetoenlaweb.com.ar\/sitio\/"},{"@type":"ListItem","position":2,"name":"J\u00e9sica Cirio revel\u00f3 el problema de salud que le diagnosticaron a sus 40 a\u00f1os: &quot;Me lo descubrieron&quot;"}]},{"@type":"WebSite","@id":"http:\/\/cuartetoenlaweb.com.ar\/sitio\/#website","url":"http:\/\/cuartetoenlaweb.com.ar\/sitio\/","name":"Cuarteto en la Web","description":"","publisher":{"@id":"http:\/\/cuartetoenlaweb.com.ar\/sitio\/#organization"},"potentialAction":[{"@type":"SearchAction","target":{"@type":"EntryPoint","urlTemplate":"http:\/\/cuartetoenlaweb.com.ar\/sitio\/?s={search_term_string}"},"query-input":{"@type":"PropertyValueSpecification","valueRequired":true,"valueName":"search_term_string"}}],"inLanguage":"es"},{"@type":"Organization","@id":"http:\/\/cuartetoenlaweb.com.ar\/sitio\/#organization","name":"Cuarteto en la Web","url":"http:\/\/cuartetoenlaweb.com.ar\/sitio\/","logo":{"@type":"ImageObject","inLanguage":"es","@id":"http:\/\/cuartetoenlaweb.com.ar\/sitio\/#\/schema\/logo\/image\/","url":"https:\/\/cuartetoenlaweb.com.ar\/sitio\/wp-content\/uploads\/2025\/07\/cropped-cropped-logitoweb21.png","contentUrl":"https:\/\/cuartetoenlaweb.com.ar\/sitio\/wp-content\/uploads\/2025\/07\/cropped-cropped-logitoweb21.png","width":199,"height":199,"caption":"Cuarteto en la Web"},"image":{"@id":"http:\/\/cuartetoenlaweb.com.ar\/sitio\/#\/schema\/logo\/image\/"}}]}},"_links":{"self":[{"href":"https:\/\/cuartetoenlaweb.com.ar\/sitio\/wp-json\/wp\/v2\/posts\/7429","targetHints":{"allow":["GET"]}}],"collection":[{"href":"https:\/\/cuartetoenlaweb.com.ar\/sitio\/wp-json\/wp\/v2\/posts"}],"about":[{"href":"https:\/\/cuartetoenlaweb.com.ar\/sitio\/wp-json\/wp\/v2\/types\/post"}],"replies":[{"embeddable":true,"href":"https:\/\/cuartetoenlaweb.com.ar\/sitio\/wp-json\/wp\/v2\/comments?post=7429"}],"version-history":[{"count":0,"href":"https:\/\/cuartetoenlaweb.com.ar\/sitio\/wp-json\/wp\/v2\/posts\/7429\/revisions"}],"wp:featuredmedia":[{"embeddable":true,"href":"https:\/\/cuartetoenlaweb.com.ar\/sitio\/wp-json\/wp\/v2\/media\/7430"}],"wp:attachment":[{"href":"https:\/\/cuartetoenlaweb.com.ar\/sitio\/wp-json\/wp\/v2\/media?parent=7429"}],"wp:term":[{"taxonomy":"category","embeddable":true,"href":"https:\/\/cuartetoenlaweb.com.ar\/sitio\/wp-json\/wp\/v2\/categories?post=7429"},{"taxonomy":"post_tag","embeddable":true,"href":"https:\/\/cuartetoenlaweb.com.ar\/sitio\/wp-json\/wp\/v2\/tags?post=7429"}],"curies":[{"name":"wp","href":"https:\/\/api.w.org\/{rel}","templated":true}]}}