
{"id":7423,"date":"2025-11-27T15:59:59","date_gmt":"2025-11-27T18:59:59","guid":{"rendered":"https:\/\/cuartetoenlaweb.com.ar\/sitio\/berazategui-se-prepara-para-la-era-balor-tras-la-muerte-de-juan-jose-mussi\/"},"modified":"2025-11-27T15:59:59","modified_gmt":"2025-11-27T18:59:59","slug":"berazategui-se-prepara-para-la-era-balor-tras-la-muerte-de-juan-jose-mussi","status":"publish","type":"post","link":"https:\/\/cuartetoenlaweb.com.ar\/sitio\/berazategui-se-prepara-para-la-era-balor-tras-la-muerte-de-juan-jose-mussi\/","title":{"rendered":"Berazategui se prepara para la era Balor tras la muerte de Juan Jos\u00e9 Mussi"},"content":{"rendered":"<p>Buenos Aires, 27 de noviembre (NA)\u2013 El municipio de Berazategui atraviesa d\u00edas de duelo y transici\u00f3n pol\u00edtica tras la muerte del intendente Juan Jos\u00e9 Mussi, uno de los dirigentes m\u00e1s emblem\u00e1ticos del peronismo bonaerense. El jefe comunal falleci\u00f3 el 24 de noviembre, a los 84 a\u00f1os, luego de pasar alrededor de dos semanas internado en el Hospital de Alta Complejidad El Cruce, en Florencio Varela, por complicaciones respiratorias.<\/p>\n<p>Seg\u00fan supo la Agencia Noticias Argentinas, el martes se realiz\u00f3 una despedida multitudinaria en el Centro Municipal de Actividades Roberto De Vicenzo, donde miles de vecinos, militantes y funcionarios se acercaron a darle el \u00faltimo adi\u00f3s. Por all\u00ed pasaron figuras de peso del oficialismo, entre ellas el gobernador Axel Kicillof y dirigentes nacionales del peronismo, mientras que la ex presidenta Cristina Fern\u00e1ndez de Kirchner y otros referentes enviaron mensajes de despedida en redes sociales.<\/p>\n<p>M\u00e9dico cl\u00ednico formado en la Universidad Nacional de La Plata, Mussi fue seis veces intendente de Berazategui, ministro de Salud bonaerense, diputado provincial, secretario de Asuntos Pol\u00edticos del Ministerio del Interior y secretario de Ambiente y Desarrollo Sustentable de la Naci\u00f3n durante el gobierno de Cristina Kirchner, consolidando una trayectoria de m\u00e1s de cuatro d\u00e9cadas en la funci\u00f3n p\u00fablica.<\/p>\n<p>Tras su fallecimiento, la l\u00ednea sucesoria ubica al concejal Carlos Ra\u00fal \u201cTurco\u201d Balor \u2013primer candidato de la lista que acompa\u00f1\u00f3 a Mussi en 2023 y actual secretario de Obras P\u00fablicas\u2013 como el dirigente llamado a completar el mandato hasta 2027, una vez que preste juramento ante el Concejo Deliberante. El recambio abre una nueva etapa en uno de los bastiones hist\u00f3ricos del PJ en el conurbano sur, donde el nombre Mussi estuvo ligado durante d\u00e9cadas al armado local y regional.<\/p>\n<p>En paralelo, el peronismo de Berazategui ya comenz\u00f3 a discutir el reordenamiento de cargos y el rol que asumir\u00e1 la familia Mussi dentro del nuevo esquema de poder, en un distrito que llega a la transici\u00f3n con obras en marcha y la mirada puesta en la reconstrucci\u00f3n econ\u00f3mica poscrisis.<\/p>\n<p>#AgenciaNA<\/p>\n","protected":false},"excerpt":{"rendered":"<p>Buenos Aires, 27 de noviembre (NA)\u2013 El municipio de Berazategui<\/p>\n","protected":false},"author":0,"featured_media":7424,"comment_status":"","ping_status":"","sticky":false,"template":"","format":"standard","meta":{"footnotes":""},"categories":[65],"tags":[],"class_list":["post-7423","post","type-post","status-publish","format-standard","has-post-thumbnail","hentry","category-pais"],"yoast_head":"<!-- This site is optimized with the Yoast SEO plugin v27.5 - https:\/\/yoast.com\/product\/yoast-seo-wordpress\/ -->\n<title>Berazategui se prepara para la era Balor tras la muerte de Juan Jos\u00e9 Mussi - Cuarteto en la Web<\/title>\n<meta name=\"robots\" content=\"index, follow, max-snippet:-1, max-image-preview:large, max-video-preview:-1\" \/>\n<link rel=\"canonical\" href=\"https:\/\/cuartetoenlaweb.com.ar\/sitio\/berazategui-se-prepara-para-la-era-balor-tras-la-muerte-de-juan-jose-mussi\/\" \/>\n<meta property=\"og:locale\" content=\"es_ES\" \/>\n<meta property=\"og:type\" content=\"article\" \/>\n<meta property=\"og:title\" content=\"Berazategui se prepara para la era Balor tras la muerte de Juan Jos\u00e9 Mussi - Cuarteto en la Web\" \/>\n<meta property=\"og:description\" content=\"Buenos Aires, 27 de noviembre (NA)\u2013 El municipio de Berazategui\" \/>\n<meta property=\"og:url\" content=\"https:\/\/cuartetoenlaweb.com.ar\/sitio\/berazategui-se-prepara-para-la-era-balor-tras-la-muerte-de-juan-jose-mussi\/\" \/>\n<meta property=\"og:site_name\" content=\"Cuarteto en la Web\" \/>\n<meta property=\"article:published_time\" content=\"2025-11-27T18:59:59+00:00\" \/>\n<meta property=\"og:image\" content=\"https:\/\/cuartetoenlaweb.com.ar\/sitio\/wp-content\/uploads\/2025\/11\/720-2072.jpeg\" \/>\n\t<meta property=\"og:image:width\" content=\"1280\" \/>\n\t<meta property=\"og:image:height\" content=\"720\" \/>\n\t<meta property=\"og:image:type\" content=\"image\/jpeg\" \/>\n<meta name=\"twitter:card\" content=\"summary_large_image\" \/>\n<meta name=\"twitter:label1\" content=\"Tiempo de lectura\" \/>\n\t<meta name=\"twitter:data1\" content=\"2 minutos\" \/>\n<script type=\"application\/ld+json\" class=\"yoast-schema-graph\">{\"@context\":\"https:\\\/\\\/schema.org\",\"@graph\":[{\"@type\":\"Article\",\"@id\":\"https:\\\/\\\/cuartetoenlaweb.com.ar\\\/sitio\\\/berazategui-se-prepara-para-la-era-balor-tras-la-muerte-de-juan-jose-mussi\\\/#article\",\"isPartOf\":{\"@id\":\"https:\\\/\\\/cuartetoenlaweb.com.ar\\\/sitio\\\/berazategui-se-prepara-para-la-era-balor-tras-la-muerte-de-juan-jose-mussi\\\/\"},\"author\":{\"name\":\"\",\"@id\":\"\"},\"headline\":\"Berazategui se prepara para la era Balor tras la muerte de Juan Jos\u00e9 Mussi\",\"datePublished\":\"2025-11-27T18:59:59+00:00\",\"mainEntityOfPage\":{\"@id\":\"https:\\\/\\\/cuartetoenlaweb.com.ar\\\/sitio\\\/berazategui-se-prepara-para-la-era-balor-tras-la-muerte-de-juan-jose-mussi\\\/\"},\"wordCount\":365,\"publisher\":{\"@id\":\"http:\\\/\\\/cuartetoenlaweb.com.ar\\\/sitio\\\/#organization\"},\"image\":{\"@id\":\"https:\\\/\\\/cuartetoenlaweb.com.ar\\\/sitio\\\/berazategui-se-prepara-para-la-era-balor-tras-la-muerte-de-juan-jose-mussi\\\/#primaryimage\"},\"thumbnailUrl\":\"https:\\\/\\\/cuartetoenlaweb.com.ar\\\/sitio\\\/wp-content\\\/uploads\\\/2025\\\/11\\\/720-2072.jpeg\",\"articleSection\":[\"PAIS\"],\"inLanguage\":\"es\"},{\"@type\":\"WebPage\",\"@id\":\"https:\\\/\\\/cuartetoenlaweb.com.ar\\\/sitio\\\/berazategui-se-prepara-para-la-era-balor-tras-la-muerte-de-juan-jose-mussi\\\/\",\"url\":\"https:\\\/\\\/cuartetoenlaweb.com.ar\\\/sitio\\\/berazategui-se-prepara-para-la-era-balor-tras-la-muerte-de-juan-jose-mussi\\\/\",\"name\":\"Berazategui se prepara para la era Balor tras la muerte de Juan Jos\u00e9 Mussi - Cuarteto en la Web\",\"isPartOf\":{\"@id\":\"http:\\\/\\\/cuartetoenlaweb.com.ar\\\/sitio\\\/#website\"},\"primaryImageOfPage\":{\"@id\":\"https:\\\/\\\/cuartetoenlaweb.com.ar\\\/sitio\\\/berazategui-se-prepara-para-la-era-balor-tras-la-muerte-de-juan-jose-mussi\\\/#primaryimage\"},\"image\":{\"@id\":\"https:\\\/\\\/cuartetoenlaweb.com.ar\\\/sitio\\\/berazategui-se-prepara-para-la-era-balor-tras-la-muerte-de-juan-jose-mussi\\\/#primaryimage\"},\"thumbnailUrl\":\"https:\\\/\\\/cuartetoenlaweb.com.ar\\\/sitio\\\/wp-content\\\/uploads\\\/2025\\\/11\\\/720-2072.jpeg\",\"datePublished\":\"2025-11-27T18:59:59+00:00\",\"breadcrumb\":{\"@id\":\"https:\\\/\\\/cuartetoenlaweb.com.ar\\\/sitio\\\/berazategui-se-prepara-para-la-era-balor-tras-la-muerte-de-juan-jose-mussi\\\/#breadcrumb\"},\"inLanguage\":\"es\",\"potentialAction\":[{\"@type\":\"ReadAction\",\"target\":[\"https:\\\/\\\/cuartetoenlaweb.com.ar\\\/sitio\\\/berazategui-se-prepara-para-la-era-balor-tras-la-muerte-de-juan-jose-mussi\\\/\"]}]},{\"@type\":\"ImageObject\",\"inLanguage\":\"es\",\"@id\":\"https:\\\/\\\/cuartetoenlaweb.com.ar\\\/sitio\\\/berazategui-se-prepara-para-la-era-balor-tras-la-muerte-de-juan-jose-mussi\\\/#primaryimage\",\"url\":\"https:\\\/\\\/cuartetoenlaweb.com.ar\\\/sitio\\\/wp-content\\\/uploads\\\/2025\\\/11\\\/720-2072.jpeg\",\"contentUrl\":\"https:\\\/\\\/cuartetoenlaweb.com.ar\\\/sitio\\\/wp-content\\\/uploads\\\/2025\\\/11\\\/720-2072.jpeg\",\"width\":1280,\"height\":720},{\"@type\":\"BreadcrumbList\",\"@id\":\"https:\\\/\\\/cuartetoenlaweb.com.ar\\\/sitio\\\/berazategui-se-prepara-para-la-era-balor-tras-la-muerte-de-juan-jose-mussi\\\/#breadcrumb\",\"itemListElement\":[{\"@type\":\"ListItem\",\"position\":1,\"name\":\"Portada\",\"item\":\"http:\\\/\\\/cuartetoenlaweb.com.ar\\\/sitio\\\/\"},{\"@type\":\"ListItem\",\"position\":2,\"name\":\"Berazategui se prepara para la era Balor tras la muerte de Juan Jos\u00e9 Mussi\"}]},{\"@type\":\"WebSite\",\"@id\":\"http:\\\/\\\/cuartetoenlaweb.com.ar\\\/sitio\\\/#website\",\"url\":\"http:\\\/\\\/cuartetoenlaweb.com.ar\\\/sitio\\\/\",\"name\":\"Cuarteto en la Web\",\"description\":\"\",\"publisher\":{\"@id\":\"http:\\\/\\\/cuartetoenlaweb.com.ar\\\/sitio\\\/#organization\"},\"potentialAction\":[{\"@type\":\"SearchAction\",\"target\":{\"@type\":\"EntryPoint\",\"urlTemplate\":\"http:\\\/\\\/cuartetoenlaweb.com.ar\\\/sitio\\\/?s={search_term_string}\"},\"query-input\":{\"@type\":\"PropertyValueSpecification\",\"valueRequired\":true,\"valueName\":\"search_term_string\"}}],\"inLanguage\":\"es\"},{\"@type\":\"Organization\",\"@id\":\"http:\\\/\\\/cuartetoenlaweb.com.ar\\\/sitio\\\/#organization\",\"name\":\"Cuarteto en la Web\",\"url\":\"http:\\\/\\\/cuartetoenlaweb.com.ar\\\/sitio\\\/\",\"logo\":{\"@type\":\"ImageObject\",\"inLanguage\":\"es\",\"@id\":\"http:\\\/\\\/cuartetoenlaweb.com.ar\\\/sitio\\\/#\\\/schema\\\/logo\\\/image\\\/\",\"url\":\"https:\\\/\\\/cuartetoenlaweb.com.ar\\\/sitio\\\/wp-content\\\/uploads\\\/2025\\\/07\\\/cropped-cropped-logitoweb21.png\",\"contentUrl\":\"https:\\\/\\\/cuartetoenlaweb.com.ar\\\/sitio\\\/wp-content\\\/uploads\\\/2025\\\/07\\\/cropped-cropped-logitoweb21.png\",\"width\":199,\"height\":199,\"caption\":\"Cuarteto en la Web\"},\"image\":{\"@id\":\"http:\\\/\\\/cuartetoenlaweb.com.ar\\\/sitio\\\/#\\\/schema\\\/logo\\\/image\\\/\"}}]}<\/script>\n<!-- \/ Yoast SEO plugin. -->","yoast_head_json":{"title":"Berazategui se prepara para la era Balor tras la muerte de Juan Jos\u00e9 Mussi - Cuarteto en la Web","robots":{"index":"index","follow":"follow","max-snippet":"max-snippet:-1","max-image-preview":"max-image-preview:large","max-video-preview":"max-video-preview:-1"},"canonical":"https:\/\/cuartetoenlaweb.com.ar\/sitio\/berazategui-se-prepara-para-la-era-balor-tras-la-muerte-de-juan-jose-mussi\/","og_locale":"es_ES","og_type":"article","og_title":"Berazategui se prepara para la era Balor tras la muerte de Juan Jos\u00e9 Mussi - Cuarteto en la Web","og_description":"Buenos Aires, 27 de noviembre (NA)\u2013 El municipio de Berazategui","og_url":"https:\/\/cuartetoenlaweb.com.ar\/sitio\/berazategui-se-prepara-para-la-era-balor-tras-la-muerte-de-juan-jose-mussi\/","og_site_name":"Cuarteto en la Web","article_published_time":"2025-11-27T18:59:59+00:00","og_image":[{"width":1280,"height":720,"url":"https:\/\/cuartetoenlaweb.com.ar\/sitio\/wp-content\/uploads\/2025\/11\/720-2072.jpeg","type":"image\/jpeg"}],"twitter_card":"summary_large_image","twitter_misc":{"Tiempo de lectura":"2 minutos"},"schema":{"@context":"https:\/\/schema.org","@graph":[{"@type":"Article","@id":"https:\/\/cuartetoenlaweb.com.ar\/sitio\/berazategui-se-prepara-para-la-era-balor-tras-la-muerte-de-juan-jose-mussi\/#article","isPartOf":{"@id":"https:\/\/cuartetoenlaweb.com.ar\/sitio\/berazategui-se-prepara-para-la-era-balor-tras-la-muerte-de-juan-jose-mussi\/"},"author":{"name":"","@id":""},"headline":"Berazategui se prepara para la era Balor tras la muerte de Juan Jos\u00e9 Mussi","datePublished":"2025-11-27T18:59:59+00:00","mainEntityOfPage":{"@id":"https:\/\/cuartetoenlaweb.com.ar\/sitio\/berazategui-se-prepara-para-la-era-balor-tras-la-muerte-de-juan-jose-mussi\/"},"wordCount":365,"publisher":{"@id":"http:\/\/cuartetoenlaweb.com.ar\/sitio\/#organization"},"image":{"@id":"https:\/\/cuartetoenlaweb.com.ar\/sitio\/berazategui-se-prepara-para-la-era-balor-tras-la-muerte-de-juan-jose-mussi\/#primaryimage"},"thumbnailUrl":"https:\/\/cuartetoenlaweb.com.ar\/sitio\/wp-content\/uploads\/2025\/11\/720-2072.jpeg","articleSection":["PAIS"],"inLanguage":"es"},{"@type":"WebPage","@id":"https:\/\/cuartetoenlaweb.com.ar\/sitio\/berazategui-se-prepara-para-la-era-balor-tras-la-muerte-de-juan-jose-mussi\/","url":"https:\/\/cuartetoenlaweb.com.ar\/sitio\/berazategui-se-prepara-para-la-era-balor-tras-la-muerte-de-juan-jose-mussi\/","name":"Berazategui se prepara para la era Balor tras la muerte de Juan Jos\u00e9 Mussi - Cuarteto en la Web","isPartOf":{"@id":"http:\/\/cuartetoenlaweb.com.ar\/sitio\/#website"},"primaryImageOfPage":{"@id":"https:\/\/cuartetoenlaweb.com.ar\/sitio\/berazategui-se-prepara-para-la-era-balor-tras-la-muerte-de-juan-jose-mussi\/#primaryimage"},"image":{"@id":"https:\/\/cuartetoenlaweb.com.ar\/sitio\/berazategui-se-prepara-para-la-era-balor-tras-la-muerte-de-juan-jose-mussi\/#primaryimage"},"thumbnailUrl":"https:\/\/cuartetoenlaweb.com.ar\/sitio\/wp-content\/uploads\/2025\/11\/720-2072.jpeg","datePublished":"2025-11-27T18:59:59+00:00","breadcrumb":{"@id":"https:\/\/cuartetoenlaweb.com.ar\/sitio\/berazategui-se-prepara-para-la-era-balor-tras-la-muerte-de-juan-jose-mussi\/#breadcrumb"},"inLanguage":"es","potentialAction":[{"@type":"ReadAction","target":["https:\/\/cuartetoenlaweb.com.ar\/sitio\/berazategui-se-prepara-para-la-era-balor-tras-la-muerte-de-juan-jose-mussi\/"]}]},{"@type":"ImageObject","inLanguage":"es","@id":"https:\/\/cuartetoenlaweb.com.ar\/sitio\/berazategui-se-prepara-para-la-era-balor-tras-la-muerte-de-juan-jose-mussi\/#primaryimage","url":"https:\/\/cuartetoenlaweb.com.ar\/sitio\/wp-content\/uploads\/2025\/11\/720-2072.jpeg","contentUrl":"https:\/\/cuartetoenlaweb.com.ar\/sitio\/wp-content\/uploads\/2025\/11\/720-2072.jpeg","width":1280,"height":720},{"@type":"BreadcrumbList","@id":"https:\/\/cuartetoenlaweb.com.ar\/sitio\/berazategui-se-prepara-para-la-era-balor-tras-la-muerte-de-juan-jose-mussi\/#breadcrumb","itemListElement":[{"@type":"ListItem","position":1,"name":"Portada","item":"http:\/\/cuartetoenlaweb.com.ar\/sitio\/"},{"@type":"ListItem","position":2,"name":"Berazategui se prepara para la era Balor tras la muerte de Juan Jos\u00e9 Mussi"}]},{"@type":"WebSite","@id":"http:\/\/cuartetoenlaweb.com.ar\/sitio\/#website","url":"http:\/\/cuartetoenlaweb.com.ar\/sitio\/","name":"Cuarteto en la Web","description":"","publisher":{"@id":"http:\/\/cuartetoenlaweb.com.ar\/sitio\/#organization"},"potentialAction":[{"@type":"SearchAction","target":{"@type":"EntryPoint","urlTemplate":"http:\/\/cuartetoenlaweb.com.ar\/sitio\/?s={search_term_string}"},"query-input":{"@type":"PropertyValueSpecification","valueRequired":true,"valueName":"search_term_string"}}],"inLanguage":"es"},{"@type":"Organization","@id":"http:\/\/cuartetoenlaweb.com.ar\/sitio\/#organization","name":"Cuarteto en la Web","url":"http:\/\/cuartetoenlaweb.com.ar\/sitio\/","logo":{"@type":"ImageObject","inLanguage":"es","@id":"http:\/\/cuartetoenlaweb.com.ar\/sitio\/#\/schema\/logo\/image\/","url":"https:\/\/cuartetoenlaweb.com.ar\/sitio\/wp-content\/uploads\/2025\/07\/cropped-cropped-logitoweb21.png","contentUrl":"https:\/\/cuartetoenlaweb.com.ar\/sitio\/wp-content\/uploads\/2025\/07\/cropped-cropped-logitoweb21.png","width":199,"height":199,"caption":"Cuarteto en la Web"},"image":{"@id":"http:\/\/cuartetoenlaweb.com.ar\/sitio\/#\/schema\/logo\/image\/"}}]}},"_links":{"self":[{"href":"https:\/\/cuartetoenlaweb.com.ar\/sitio\/wp-json\/wp\/v2\/posts\/7423","targetHints":{"allow":["GET"]}}],"collection":[{"href":"https:\/\/cuartetoenlaweb.com.ar\/sitio\/wp-json\/wp\/v2\/posts"}],"about":[{"href":"https:\/\/cuartetoenlaweb.com.ar\/sitio\/wp-json\/wp\/v2\/types\/post"}],"replies":[{"embeddable":true,"href":"https:\/\/cuartetoenlaweb.com.ar\/sitio\/wp-json\/wp\/v2\/comments?post=7423"}],"version-history":[{"count":0,"href":"https:\/\/cuartetoenlaweb.com.ar\/sitio\/wp-json\/wp\/v2\/posts\/7423\/revisions"}],"wp:featuredmedia":[{"embeddable":true,"href":"https:\/\/cuartetoenlaweb.com.ar\/sitio\/wp-json\/wp\/v2\/media\/7424"}],"wp:attachment":[{"href":"https:\/\/cuartetoenlaweb.com.ar\/sitio\/wp-json\/wp\/v2\/media?parent=7423"}],"wp:term":[{"taxonomy":"category","embeddable":true,"href":"https:\/\/cuartetoenlaweb.com.ar\/sitio\/wp-json\/wp\/v2\/categories?post=7423"},{"taxonomy":"post_tag","embeddable":true,"href":"https:\/\/cuartetoenlaweb.com.ar\/sitio\/wp-json\/wp\/v2\/tags?post=7423"}],"curies":[{"name":"wp","href":"https:\/\/api.w.org\/{rel}","templated":true}]}}