
{"id":7421,"date":"2025-11-27T15:59:56","date_gmt":"2025-11-27T18:59:56","guid":{"rendered":"https:\/\/cuartetoenlaweb.com.ar\/sitio\/san-fernando-cede-un-predio-de-6-000-m%c2%b2-para-nueva-sede-de-universidad-del-delta\/"},"modified":"2025-11-27T15:59:56","modified_gmt":"2025-11-27T18:59:56","slug":"san-fernando-cede-un-predio-de-6-000-m%c2%b2-para-nueva-sede-de-universidad-del-delta","status":"publish","type":"post","link":"https:\/\/cuartetoenlaweb.com.ar\/sitio\/san-fernando-cede-un-predio-de-6-000-m%c2%b2-para-nueva-sede-de-universidad-del-delta\/","title":{"rendered":"San Fernando cede un predio de 6.000 m\u00b2 para nueva sede de Universidad del Delta"},"content":{"rendered":"<p>Buenos Aires, 27 de noviembre (NA)\u2013 El Ejecutivo de San Fernando enviar\u00e1 al Concejo Deliberante un proyecto para ceder a la Universidad del Delta un predio municipal ubicado sobre la colectora Juan C. Reguera y la calle Maip\u00fa, lindero al cuartel de Bomberos y a las oficinas de Tr\u00e1nsito. En ese terreno, de unos 6.000 m\u00b2, la casa de estudios planea levantar un nuevo edificio para expandir su funcionamiento en el distrito.<\/p>\n<p>Seg\u00fan supo la Agencia Noticias Argentinas, mientras se construya la nueva sede, la universidad continuar\u00e1 operando en su actual edificio de Virreyes, sobre la avenida Avellaneda. El modelo que se eval\u00faa es un esquema de dos sedes \u2013la existente y la que se proyecta\u2013, cuya distribuci\u00f3n final depender\u00e1 de la cantidad de estudiantes y de la evoluci\u00f3n de la matr\u00edcula en los pr\u00f3ximos a\u00f1os, seg\u00fan indicaron fuentes acad\u00e9micas.<\/p>\n<p>La Universidad del Delta es una instituci\u00f3n p\u00fablica que abarca los municipios de San Fernando, Tigre y Escobar y est\u00e1 orientada a \u00e1reas estrat\u00e9gicas como ecosustentabilidad, turismo, medio ambiente, industria naval, seguridad inform\u00e1tica y biotecnolog\u00eda. Cuenta con cinco institutos \u2013de Tecnolog\u00eda y Producci\u00f3n; de Gobernanza y Asuntos Globales; de Salud y Bienestar; de Innovaci\u00f3n y Educaci\u00f3n; y de Desarrollo Sostenible y Turismo\u2013 y ya abri\u00f3 la inscripci\u00f3n para sus carreras gratuitas 2026.<\/p>\n<p>Para el municipio, la cesi\u00f3n del predio se inscribe en una pol\u00edtica de fortalecimiento de la oferta educativa territorial, en un contexto de fuerte demanda de formaci\u00f3n superior en el corredor norte y de proyectos provinciales y nacionales destinados a consolidar la red de universidades en el conurbano bonaerense.<\/p>\n<p>De aprobarse el convenio, San Fernando sumar\u00e1 un nuevo polo acad\u00e9mico en una zona donde ya conviven equipamientos de seguridad, tr\u00e1nsito y servicios municipales, con impacto directo en el movimiento estudiantil y en el desarrollo urban\u00edstico del \u00e1rea.<\/p>\n<p>#AgenciaNA<\/p>\n","protected":false},"excerpt":{"rendered":"<p>Buenos Aires, 27 de noviembre (NA)\u2013 El Ejecutivo de San<\/p>\n","protected":false},"author":0,"featured_media":7422,"comment_status":"","ping_status":"","sticky":false,"template":"","format":"standard","meta":{"footnotes":""},"categories":[65],"tags":[],"class_list":["post-7421","post","type-post","status-publish","format-standard","has-post-thumbnail","hentry","category-pais"],"yoast_head":"<!-- This site is optimized with the Yoast SEO plugin v27.5 - https:\/\/yoast.com\/product\/yoast-seo-wordpress\/ -->\n<title>San Fernando cede un predio de 6.000 m\u00b2 para nueva sede de Universidad del Delta - Cuarteto en la Web<\/title>\n<meta name=\"robots\" content=\"index, follow, max-snippet:-1, max-image-preview:large, max-video-preview:-1\" \/>\n<link rel=\"canonical\" href=\"https:\/\/cuartetoenlaweb.com.ar\/sitio\/san-fernando-cede-un-predio-de-6-000-m\u00b2-para-nueva-sede-de-universidad-del-delta\/\" \/>\n<meta property=\"og:locale\" content=\"es_ES\" \/>\n<meta property=\"og:type\" content=\"article\" \/>\n<meta property=\"og:title\" content=\"San Fernando cede un predio de 6.000 m\u00b2 para nueva sede de Universidad del Delta - Cuarteto en la Web\" \/>\n<meta property=\"og:description\" content=\"Buenos Aires, 27 de noviembre (NA)\u2013 El Ejecutivo de San\" \/>\n<meta property=\"og:url\" content=\"https:\/\/cuartetoenlaweb.com.ar\/sitio\/san-fernando-cede-un-predio-de-6-000-m\u00b2-para-nueva-sede-de-universidad-del-delta\/\" \/>\n<meta property=\"og:site_name\" content=\"Cuarteto en la Web\" \/>\n<meta property=\"article:published_time\" content=\"2025-11-27T18:59:56+00:00\" \/>\n<meta property=\"og:image\" content=\"https:\/\/cuartetoenlaweb.com.ar\/sitio\/wp-content\/uploads\/2025\/11\/720-2071.jpeg\" \/>\n\t<meta property=\"og:image:width\" content=\"1280\" \/>\n\t<meta property=\"og:image:height\" content=\"720\" \/>\n\t<meta property=\"og:image:type\" content=\"image\/jpeg\" \/>\n<meta name=\"twitter:card\" content=\"summary_large_image\" \/>\n<meta name=\"twitter:label1\" content=\"Tiempo de lectura\" \/>\n\t<meta name=\"twitter:data1\" content=\"2 minutos\" \/>\n<script type=\"application\/ld+json\" class=\"yoast-schema-graph\">{\"@context\":\"https:\\\/\\\/schema.org\",\"@graph\":[{\"@type\":\"Article\",\"@id\":\"https:\\\/\\\/cuartetoenlaweb.com.ar\\\/sitio\\\/san-fernando-cede-un-predio-de-6-000-m%c2%b2-para-nueva-sede-de-universidad-del-delta\\\/#article\",\"isPartOf\":{\"@id\":\"https:\\\/\\\/cuartetoenlaweb.com.ar\\\/sitio\\\/san-fernando-cede-un-predio-de-6-000-m%c2%b2-para-nueva-sede-de-universidad-del-delta\\\/\"},\"author\":{\"name\":\"\",\"@id\":\"\"},\"headline\":\"San Fernando cede un predio de 6.000 m\u00b2 para nueva sede de Universidad del Delta\",\"datePublished\":\"2025-11-27T18:59:56+00:00\",\"mainEntityOfPage\":{\"@id\":\"https:\\\/\\\/cuartetoenlaweb.com.ar\\\/sitio\\\/san-fernando-cede-un-predio-de-6-000-m%c2%b2-para-nueva-sede-de-universidad-del-delta\\\/\"},\"wordCount\":337,\"publisher\":{\"@id\":\"http:\\\/\\\/cuartetoenlaweb.com.ar\\\/sitio\\\/#organization\"},\"image\":{\"@id\":\"https:\\\/\\\/cuartetoenlaweb.com.ar\\\/sitio\\\/san-fernando-cede-un-predio-de-6-000-m%c2%b2-para-nueva-sede-de-universidad-del-delta\\\/#primaryimage\"},\"thumbnailUrl\":\"https:\\\/\\\/cuartetoenlaweb.com.ar\\\/sitio\\\/wp-content\\\/uploads\\\/2025\\\/11\\\/720-2071.jpeg\",\"articleSection\":[\"PAIS\"],\"inLanguage\":\"es\"},{\"@type\":\"WebPage\",\"@id\":\"https:\\\/\\\/cuartetoenlaweb.com.ar\\\/sitio\\\/san-fernando-cede-un-predio-de-6-000-m%c2%b2-para-nueva-sede-de-universidad-del-delta\\\/\",\"url\":\"https:\\\/\\\/cuartetoenlaweb.com.ar\\\/sitio\\\/san-fernando-cede-un-predio-de-6-000-m%c2%b2-para-nueva-sede-de-universidad-del-delta\\\/\",\"name\":\"San Fernando cede un predio de 6.000 m\u00b2 para nueva sede de Universidad del Delta - Cuarteto en la Web\",\"isPartOf\":{\"@id\":\"http:\\\/\\\/cuartetoenlaweb.com.ar\\\/sitio\\\/#website\"},\"primaryImageOfPage\":{\"@id\":\"https:\\\/\\\/cuartetoenlaweb.com.ar\\\/sitio\\\/san-fernando-cede-un-predio-de-6-000-m%c2%b2-para-nueva-sede-de-universidad-del-delta\\\/#primaryimage\"},\"image\":{\"@id\":\"https:\\\/\\\/cuartetoenlaweb.com.ar\\\/sitio\\\/san-fernando-cede-un-predio-de-6-000-m%c2%b2-para-nueva-sede-de-universidad-del-delta\\\/#primaryimage\"},\"thumbnailUrl\":\"https:\\\/\\\/cuartetoenlaweb.com.ar\\\/sitio\\\/wp-content\\\/uploads\\\/2025\\\/11\\\/720-2071.jpeg\",\"datePublished\":\"2025-11-27T18:59:56+00:00\",\"breadcrumb\":{\"@id\":\"https:\\\/\\\/cuartetoenlaweb.com.ar\\\/sitio\\\/san-fernando-cede-un-predio-de-6-000-m%c2%b2-para-nueva-sede-de-universidad-del-delta\\\/#breadcrumb\"},\"inLanguage\":\"es\",\"potentialAction\":[{\"@type\":\"ReadAction\",\"target\":[\"https:\\\/\\\/cuartetoenlaweb.com.ar\\\/sitio\\\/san-fernando-cede-un-predio-de-6-000-m%c2%b2-para-nueva-sede-de-universidad-del-delta\\\/\"]}]},{\"@type\":\"ImageObject\",\"inLanguage\":\"es\",\"@id\":\"https:\\\/\\\/cuartetoenlaweb.com.ar\\\/sitio\\\/san-fernando-cede-un-predio-de-6-000-m%c2%b2-para-nueva-sede-de-universidad-del-delta\\\/#primaryimage\",\"url\":\"https:\\\/\\\/cuartetoenlaweb.com.ar\\\/sitio\\\/wp-content\\\/uploads\\\/2025\\\/11\\\/720-2071.jpeg\",\"contentUrl\":\"https:\\\/\\\/cuartetoenlaweb.com.ar\\\/sitio\\\/wp-content\\\/uploads\\\/2025\\\/11\\\/720-2071.jpeg\",\"width\":1280,\"height\":720},{\"@type\":\"BreadcrumbList\",\"@id\":\"https:\\\/\\\/cuartetoenlaweb.com.ar\\\/sitio\\\/san-fernando-cede-un-predio-de-6-000-m%c2%b2-para-nueva-sede-de-universidad-del-delta\\\/#breadcrumb\",\"itemListElement\":[{\"@type\":\"ListItem\",\"position\":1,\"name\":\"Portada\",\"item\":\"http:\\\/\\\/cuartetoenlaweb.com.ar\\\/sitio\\\/\"},{\"@type\":\"ListItem\",\"position\":2,\"name\":\"San Fernando cede un predio de 6.000 m\u00b2 para nueva sede de Universidad del Delta\"}]},{\"@type\":\"WebSite\",\"@id\":\"http:\\\/\\\/cuartetoenlaweb.com.ar\\\/sitio\\\/#website\",\"url\":\"http:\\\/\\\/cuartetoenlaweb.com.ar\\\/sitio\\\/\",\"name\":\"Cuarteto en la Web\",\"description\":\"\",\"publisher\":{\"@id\":\"http:\\\/\\\/cuartetoenlaweb.com.ar\\\/sitio\\\/#organization\"},\"potentialAction\":[{\"@type\":\"SearchAction\",\"target\":{\"@type\":\"EntryPoint\",\"urlTemplate\":\"http:\\\/\\\/cuartetoenlaweb.com.ar\\\/sitio\\\/?s={search_term_string}\"},\"query-input\":{\"@type\":\"PropertyValueSpecification\",\"valueRequired\":true,\"valueName\":\"search_term_string\"}}],\"inLanguage\":\"es\"},{\"@type\":\"Organization\",\"@id\":\"http:\\\/\\\/cuartetoenlaweb.com.ar\\\/sitio\\\/#organization\",\"name\":\"Cuarteto en la Web\",\"url\":\"http:\\\/\\\/cuartetoenlaweb.com.ar\\\/sitio\\\/\",\"logo\":{\"@type\":\"ImageObject\",\"inLanguage\":\"es\",\"@id\":\"http:\\\/\\\/cuartetoenlaweb.com.ar\\\/sitio\\\/#\\\/schema\\\/logo\\\/image\\\/\",\"url\":\"https:\\\/\\\/cuartetoenlaweb.com.ar\\\/sitio\\\/wp-content\\\/uploads\\\/2025\\\/07\\\/cropped-cropped-logitoweb21.png\",\"contentUrl\":\"https:\\\/\\\/cuartetoenlaweb.com.ar\\\/sitio\\\/wp-content\\\/uploads\\\/2025\\\/07\\\/cropped-cropped-logitoweb21.png\",\"width\":199,\"height\":199,\"caption\":\"Cuarteto en la Web\"},\"image\":{\"@id\":\"http:\\\/\\\/cuartetoenlaweb.com.ar\\\/sitio\\\/#\\\/schema\\\/logo\\\/image\\\/\"}}]}<\/script>\n<!-- \/ Yoast SEO plugin. -->","yoast_head_json":{"title":"San Fernando cede un predio de 6.000 m\u00b2 para nueva sede de Universidad del Delta - Cuarteto en la Web","robots":{"index":"index","follow":"follow","max-snippet":"max-snippet:-1","max-image-preview":"max-image-preview:large","max-video-preview":"max-video-preview:-1"},"canonical":"https:\/\/cuartetoenlaweb.com.ar\/sitio\/san-fernando-cede-un-predio-de-6-000-m\u00b2-para-nueva-sede-de-universidad-del-delta\/","og_locale":"es_ES","og_type":"article","og_title":"San Fernando cede un predio de 6.000 m\u00b2 para nueva sede de Universidad del Delta - Cuarteto en la Web","og_description":"Buenos Aires, 27 de noviembre (NA)\u2013 El Ejecutivo de San","og_url":"https:\/\/cuartetoenlaweb.com.ar\/sitio\/san-fernando-cede-un-predio-de-6-000-m\u00b2-para-nueva-sede-de-universidad-del-delta\/","og_site_name":"Cuarteto en la Web","article_published_time":"2025-11-27T18:59:56+00:00","og_image":[{"width":1280,"height":720,"url":"https:\/\/cuartetoenlaweb.com.ar\/sitio\/wp-content\/uploads\/2025\/11\/720-2071.jpeg","type":"image\/jpeg"}],"twitter_card":"summary_large_image","twitter_misc":{"Tiempo de lectura":"2 minutos"},"schema":{"@context":"https:\/\/schema.org","@graph":[{"@type":"Article","@id":"https:\/\/cuartetoenlaweb.com.ar\/sitio\/san-fernando-cede-un-predio-de-6-000-m%c2%b2-para-nueva-sede-de-universidad-del-delta\/#article","isPartOf":{"@id":"https:\/\/cuartetoenlaweb.com.ar\/sitio\/san-fernando-cede-un-predio-de-6-000-m%c2%b2-para-nueva-sede-de-universidad-del-delta\/"},"author":{"name":"","@id":""},"headline":"San Fernando cede un predio de 6.000 m\u00b2 para nueva sede de Universidad del Delta","datePublished":"2025-11-27T18:59:56+00:00","mainEntityOfPage":{"@id":"https:\/\/cuartetoenlaweb.com.ar\/sitio\/san-fernando-cede-un-predio-de-6-000-m%c2%b2-para-nueva-sede-de-universidad-del-delta\/"},"wordCount":337,"publisher":{"@id":"http:\/\/cuartetoenlaweb.com.ar\/sitio\/#organization"},"image":{"@id":"https:\/\/cuartetoenlaweb.com.ar\/sitio\/san-fernando-cede-un-predio-de-6-000-m%c2%b2-para-nueva-sede-de-universidad-del-delta\/#primaryimage"},"thumbnailUrl":"https:\/\/cuartetoenlaweb.com.ar\/sitio\/wp-content\/uploads\/2025\/11\/720-2071.jpeg","articleSection":["PAIS"],"inLanguage":"es"},{"@type":"WebPage","@id":"https:\/\/cuartetoenlaweb.com.ar\/sitio\/san-fernando-cede-un-predio-de-6-000-m%c2%b2-para-nueva-sede-de-universidad-del-delta\/","url":"https:\/\/cuartetoenlaweb.com.ar\/sitio\/san-fernando-cede-un-predio-de-6-000-m%c2%b2-para-nueva-sede-de-universidad-del-delta\/","name":"San Fernando cede un predio de 6.000 m\u00b2 para nueva sede de Universidad del Delta - Cuarteto en la Web","isPartOf":{"@id":"http:\/\/cuartetoenlaweb.com.ar\/sitio\/#website"},"primaryImageOfPage":{"@id":"https:\/\/cuartetoenlaweb.com.ar\/sitio\/san-fernando-cede-un-predio-de-6-000-m%c2%b2-para-nueva-sede-de-universidad-del-delta\/#primaryimage"},"image":{"@id":"https:\/\/cuartetoenlaweb.com.ar\/sitio\/san-fernando-cede-un-predio-de-6-000-m%c2%b2-para-nueva-sede-de-universidad-del-delta\/#primaryimage"},"thumbnailUrl":"https:\/\/cuartetoenlaweb.com.ar\/sitio\/wp-content\/uploads\/2025\/11\/720-2071.jpeg","datePublished":"2025-11-27T18:59:56+00:00","breadcrumb":{"@id":"https:\/\/cuartetoenlaweb.com.ar\/sitio\/san-fernando-cede-un-predio-de-6-000-m%c2%b2-para-nueva-sede-de-universidad-del-delta\/#breadcrumb"},"inLanguage":"es","potentialAction":[{"@type":"ReadAction","target":["https:\/\/cuartetoenlaweb.com.ar\/sitio\/san-fernando-cede-un-predio-de-6-000-m%c2%b2-para-nueva-sede-de-universidad-del-delta\/"]}]},{"@type":"ImageObject","inLanguage":"es","@id":"https:\/\/cuartetoenlaweb.com.ar\/sitio\/san-fernando-cede-un-predio-de-6-000-m%c2%b2-para-nueva-sede-de-universidad-del-delta\/#primaryimage","url":"https:\/\/cuartetoenlaweb.com.ar\/sitio\/wp-content\/uploads\/2025\/11\/720-2071.jpeg","contentUrl":"https:\/\/cuartetoenlaweb.com.ar\/sitio\/wp-content\/uploads\/2025\/11\/720-2071.jpeg","width":1280,"height":720},{"@type":"BreadcrumbList","@id":"https:\/\/cuartetoenlaweb.com.ar\/sitio\/san-fernando-cede-un-predio-de-6-000-m%c2%b2-para-nueva-sede-de-universidad-del-delta\/#breadcrumb","itemListElement":[{"@type":"ListItem","position":1,"name":"Portada","item":"http:\/\/cuartetoenlaweb.com.ar\/sitio\/"},{"@type":"ListItem","position":2,"name":"San Fernando cede un predio de 6.000 m\u00b2 para nueva sede de Universidad del Delta"}]},{"@type":"WebSite","@id":"http:\/\/cuartetoenlaweb.com.ar\/sitio\/#website","url":"http:\/\/cuartetoenlaweb.com.ar\/sitio\/","name":"Cuarteto en la Web","description":"","publisher":{"@id":"http:\/\/cuartetoenlaweb.com.ar\/sitio\/#organization"},"potentialAction":[{"@type":"SearchAction","target":{"@type":"EntryPoint","urlTemplate":"http:\/\/cuartetoenlaweb.com.ar\/sitio\/?s={search_term_string}"},"query-input":{"@type":"PropertyValueSpecification","valueRequired":true,"valueName":"search_term_string"}}],"inLanguage":"es"},{"@type":"Organization","@id":"http:\/\/cuartetoenlaweb.com.ar\/sitio\/#organization","name":"Cuarteto en la Web","url":"http:\/\/cuartetoenlaweb.com.ar\/sitio\/","logo":{"@type":"ImageObject","inLanguage":"es","@id":"http:\/\/cuartetoenlaweb.com.ar\/sitio\/#\/schema\/logo\/image\/","url":"https:\/\/cuartetoenlaweb.com.ar\/sitio\/wp-content\/uploads\/2025\/07\/cropped-cropped-logitoweb21.png","contentUrl":"https:\/\/cuartetoenlaweb.com.ar\/sitio\/wp-content\/uploads\/2025\/07\/cropped-cropped-logitoweb21.png","width":199,"height":199,"caption":"Cuarteto en la Web"},"image":{"@id":"http:\/\/cuartetoenlaweb.com.ar\/sitio\/#\/schema\/logo\/image\/"}}]}},"_links":{"self":[{"href":"https:\/\/cuartetoenlaweb.com.ar\/sitio\/wp-json\/wp\/v2\/posts\/7421","targetHints":{"allow":["GET"]}}],"collection":[{"href":"https:\/\/cuartetoenlaweb.com.ar\/sitio\/wp-json\/wp\/v2\/posts"}],"about":[{"href":"https:\/\/cuartetoenlaweb.com.ar\/sitio\/wp-json\/wp\/v2\/types\/post"}],"replies":[{"embeddable":true,"href":"https:\/\/cuartetoenlaweb.com.ar\/sitio\/wp-json\/wp\/v2\/comments?post=7421"}],"version-history":[{"count":0,"href":"https:\/\/cuartetoenlaweb.com.ar\/sitio\/wp-json\/wp\/v2\/posts\/7421\/revisions"}],"wp:featuredmedia":[{"embeddable":true,"href":"https:\/\/cuartetoenlaweb.com.ar\/sitio\/wp-json\/wp\/v2\/media\/7422"}],"wp:attachment":[{"href":"https:\/\/cuartetoenlaweb.com.ar\/sitio\/wp-json\/wp\/v2\/media?parent=7421"}],"wp:term":[{"taxonomy":"category","embeddable":true,"href":"https:\/\/cuartetoenlaweb.com.ar\/sitio\/wp-json\/wp\/v2\/categories?post=7421"},{"taxonomy":"post_tag","embeddable":true,"href":"https:\/\/cuartetoenlaweb.com.ar\/sitio\/wp-json\/wp\/v2\/tags?post=7421"}],"curies":[{"name":"wp","href":"https:\/\/api.w.org\/{rel}","templated":true}]}}