
{"id":7419,"date":"2025-11-27T15:59:54","date_gmt":"2025-11-27T18:59:54","guid":{"rendered":"https:\/\/cuartetoenlaweb.com.ar\/sitio\/moreno-lanzo-un-mes-de-actividades-para-poner-en-agenda-derechos-de-las-nineces\/"},"modified":"2025-11-27T15:59:54","modified_gmt":"2025-11-27T18:59:54","slug":"moreno-lanzo-un-mes-de-actividades-para-poner-en-agenda-derechos-de-las-nineces","status":"publish","type":"post","link":"https:\/\/cuartetoenlaweb.com.ar\/sitio\/moreno-lanzo-un-mes-de-actividades-para-poner-en-agenda-derechos-de-las-nineces\/","title":{"rendered":"Moreno lanz\u00f3 un mes de actividades para poner en agenda derechos de las ni\u00f1eces"},"content":{"rendered":"<p>Buenos Aires, 27 de noviembre (NA)\u2013 La gesti\u00f3n municipal de Moreno impulsa en noviembre una campa\u00f1a espec\u00edfica para reforzar el enfoque de derechos en la ni\u00f1ez y la adolescencia. A trav\u00e9s de la Secretar\u00eda de Desarrollo Comunitario, el distrito puso en marcha el programa \u201cNoviembre: Ni\u00f1eces con derechos, comunidad con futuro\u201d, a 36 a\u00f1os de la aprobaci\u00f3n de la Convenci\u00f3n sobre los Derechos del Ni\u00f1o, con actividades desplegadas en barrios, escuelas y dispositivos comunitarios.<\/p>\n<p>Seg\u00fan supo la Agencia Noticias Argentinas, las jornadas, articuladas con la Subsecretar\u00eda de Promoci\u00f3n y Protecci\u00f3n Integral de los Derechos de las Ni\u00f1eces y Adolescencias, incluyen talleres l\u00fadicos y recreativos, muestras fotogr\u00e1ficas, conversatorios y espacios de di\u00e1logo con familias y organizaciones sociales. Entre las propuestas figuran \u201cAcomp\u00e1\u00f1ame a jugar\u201d, la muestra \u201cQue lo transitorio no se transforme en permanente\u201d, el conversatorio \u201cDerechos que protegen, derechos que abrazan\u201d y el taller \u201cPensar la adopci\u00f3n\u201d.<\/p>\n<p>El cronograma contempla adem\u00e1s dispositivos pensados para j\u00f3venes, como el espacio \u201cMi voz, mi derecho\u201d y el conversatorio \u201cComunidades que cuidan\u201d. El mes cerrar\u00e1 con una jornada central bajo el mismo lema del programa, una muestra art\u00edstica titulada \u201cOtra forma de contar mi historia\u201d y un encuentro recreativo denominado \u201cDonde termina la palabra, comienza el juego\u201d, orientado a promover el juego y la expresi\u00f3n como herramientas de construcci\u00f3n de ciudadan\u00eda.<\/p>\n<p>Desde el Ejecutivo local sostienen que la campa\u00f1a busca acercar las pol\u00edticas p\u00fablicas a los territorios, visibilizar los dispositivos municipales de protecci\u00f3n integral y fortalecer redes comunitarias capaces de detectar y acompa\u00f1ar situaciones de vulneraci\u00f3n de derechos, en articulaci\u00f3n con el sistema de salud, educaci\u00f3n y justicia.<\/p>\n<p>La iniciativa se complementa con otras l\u00edneas de trabajo que el municipio viene desarrollando en materia de econom\u00eda popular, cultura y deportes, en una comuna que apuesta a los espacios barriales como eje de contenci\u00f3n e integraci\u00f3n social.<\/p>\n<p>#AgenciaNA<\/p>\n","protected":false},"excerpt":{"rendered":"<p>Buenos Aires, 27 de noviembre (NA)\u2013 La gesti\u00f3n municipal de<\/p>\n","protected":false},"author":0,"featured_media":7420,"comment_status":"","ping_status":"","sticky":false,"template":"","format":"standard","meta":{"footnotes":""},"categories":[65],"tags":[],"class_list":["post-7419","post","type-post","status-publish","format-standard","has-post-thumbnail","hentry","category-pais"],"yoast_head":"<!-- This site is optimized with the Yoast SEO plugin v27.5 - https:\/\/yoast.com\/product\/yoast-seo-wordpress\/ -->\n<title>Moreno lanz\u00f3 un mes de actividades para poner en agenda derechos de las ni\u00f1eces - Cuarteto en la Web<\/title>\n<meta name=\"robots\" content=\"index, follow, max-snippet:-1, max-image-preview:large, max-video-preview:-1\" \/>\n<link rel=\"canonical\" href=\"https:\/\/cuartetoenlaweb.com.ar\/sitio\/moreno-lanzo-un-mes-de-actividades-para-poner-en-agenda-derechos-de-las-nineces\/\" \/>\n<meta property=\"og:locale\" content=\"es_ES\" \/>\n<meta property=\"og:type\" content=\"article\" \/>\n<meta property=\"og:title\" content=\"Moreno lanz\u00f3 un mes de actividades para poner en agenda derechos de las ni\u00f1eces - Cuarteto en la Web\" \/>\n<meta property=\"og:description\" content=\"Buenos Aires, 27 de noviembre (NA)\u2013 La gesti\u00f3n municipal de\" \/>\n<meta property=\"og:url\" content=\"https:\/\/cuartetoenlaweb.com.ar\/sitio\/moreno-lanzo-un-mes-de-actividades-para-poner-en-agenda-derechos-de-las-nineces\/\" \/>\n<meta property=\"og:site_name\" content=\"Cuarteto en la Web\" \/>\n<meta property=\"article:published_time\" content=\"2025-11-27T18:59:54+00:00\" \/>\n<meta property=\"og:image\" content=\"https:\/\/cuartetoenlaweb.com.ar\/sitio\/wp-content\/uploads\/2025\/11\/720-2070.jpeg\" \/>\n\t<meta property=\"og:image:width\" content=\"1279\" \/>\n\t<meta property=\"og:image:height\" content=\"720\" \/>\n\t<meta property=\"og:image:type\" content=\"image\/jpeg\" \/>\n<meta name=\"twitter:card\" content=\"summary_large_image\" \/>\n<meta name=\"twitter:label1\" content=\"Tiempo de lectura\" \/>\n\t<meta name=\"twitter:data1\" content=\"2 minutos\" \/>\n<script type=\"application\/ld+json\" class=\"yoast-schema-graph\">{\"@context\":\"https:\\\/\\\/schema.org\",\"@graph\":[{\"@type\":\"Article\",\"@id\":\"https:\\\/\\\/cuartetoenlaweb.com.ar\\\/sitio\\\/moreno-lanzo-un-mes-de-actividades-para-poner-en-agenda-derechos-de-las-nineces\\\/#article\",\"isPartOf\":{\"@id\":\"https:\\\/\\\/cuartetoenlaweb.com.ar\\\/sitio\\\/moreno-lanzo-un-mes-de-actividades-para-poner-en-agenda-derechos-de-las-nineces\\\/\"},\"author\":{\"name\":\"\",\"@id\":\"\"},\"headline\":\"Moreno lanz\u00f3 un mes de actividades para poner en agenda derechos de las ni\u00f1eces\",\"datePublished\":\"2025-11-27T18:59:54+00:00\",\"mainEntityOfPage\":{\"@id\":\"https:\\\/\\\/cuartetoenlaweb.com.ar\\\/sitio\\\/moreno-lanzo-un-mes-de-actividades-para-poner-en-agenda-derechos-de-las-nineces\\\/\"},\"wordCount\":355,\"publisher\":{\"@id\":\"http:\\\/\\\/cuartetoenlaweb.com.ar\\\/sitio\\\/#organization\"},\"image\":{\"@id\":\"https:\\\/\\\/cuartetoenlaweb.com.ar\\\/sitio\\\/moreno-lanzo-un-mes-de-actividades-para-poner-en-agenda-derechos-de-las-nineces\\\/#primaryimage\"},\"thumbnailUrl\":\"https:\\\/\\\/cuartetoenlaweb.com.ar\\\/sitio\\\/wp-content\\\/uploads\\\/2025\\\/11\\\/720-2070.jpeg\",\"articleSection\":[\"PAIS\"],\"inLanguage\":\"es\"},{\"@type\":\"WebPage\",\"@id\":\"https:\\\/\\\/cuartetoenlaweb.com.ar\\\/sitio\\\/moreno-lanzo-un-mes-de-actividades-para-poner-en-agenda-derechos-de-las-nineces\\\/\",\"url\":\"https:\\\/\\\/cuartetoenlaweb.com.ar\\\/sitio\\\/moreno-lanzo-un-mes-de-actividades-para-poner-en-agenda-derechos-de-las-nineces\\\/\",\"name\":\"Moreno lanz\u00f3 un mes de actividades para poner en agenda derechos de las ni\u00f1eces - Cuarteto en la Web\",\"isPartOf\":{\"@id\":\"http:\\\/\\\/cuartetoenlaweb.com.ar\\\/sitio\\\/#website\"},\"primaryImageOfPage\":{\"@id\":\"https:\\\/\\\/cuartetoenlaweb.com.ar\\\/sitio\\\/moreno-lanzo-un-mes-de-actividades-para-poner-en-agenda-derechos-de-las-nineces\\\/#primaryimage\"},\"image\":{\"@id\":\"https:\\\/\\\/cuartetoenlaweb.com.ar\\\/sitio\\\/moreno-lanzo-un-mes-de-actividades-para-poner-en-agenda-derechos-de-las-nineces\\\/#primaryimage\"},\"thumbnailUrl\":\"https:\\\/\\\/cuartetoenlaweb.com.ar\\\/sitio\\\/wp-content\\\/uploads\\\/2025\\\/11\\\/720-2070.jpeg\",\"datePublished\":\"2025-11-27T18:59:54+00:00\",\"breadcrumb\":{\"@id\":\"https:\\\/\\\/cuartetoenlaweb.com.ar\\\/sitio\\\/moreno-lanzo-un-mes-de-actividades-para-poner-en-agenda-derechos-de-las-nineces\\\/#breadcrumb\"},\"inLanguage\":\"es\",\"potentialAction\":[{\"@type\":\"ReadAction\",\"target\":[\"https:\\\/\\\/cuartetoenlaweb.com.ar\\\/sitio\\\/moreno-lanzo-un-mes-de-actividades-para-poner-en-agenda-derechos-de-las-nineces\\\/\"]}]},{\"@type\":\"ImageObject\",\"inLanguage\":\"es\",\"@id\":\"https:\\\/\\\/cuartetoenlaweb.com.ar\\\/sitio\\\/moreno-lanzo-un-mes-de-actividades-para-poner-en-agenda-derechos-de-las-nineces\\\/#primaryimage\",\"url\":\"https:\\\/\\\/cuartetoenlaweb.com.ar\\\/sitio\\\/wp-content\\\/uploads\\\/2025\\\/11\\\/720-2070.jpeg\",\"contentUrl\":\"https:\\\/\\\/cuartetoenlaweb.com.ar\\\/sitio\\\/wp-content\\\/uploads\\\/2025\\\/11\\\/720-2070.jpeg\",\"width\":1279,\"height\":720},{\"@type\":\"BreadcrumbList\",\"@id\":\"https:\\\/\\\/cuartetoenlaweb.com.ar\\\/sitio\\\/moreno-lanzo-un-mes-de-actividades-para-poner-en-agenda-derechos-de-las-nineces\\\/#breadcrumb\",\"itemListElement\":[{\"@type\":\"ListItem\",\"position\":1,\"name\":\"Portada\",\"item\":\"http:\\\/\\\/cuartetoenlaweb.com.ar\\\/sitio\\\/\"},{\"@type\":\"ListItem\",\"position\":2,\"name\":\"Moreno lanz\u00f3 un mes de actividades para poner en agenda derechos de las ni\u00f1eces\"}]},{\"@type\":\"WebSite\",\"@id\":\"http:\\\/\\\/cuartetoenlaweb.com.ar\\\/sitio\\\/#website\",\"url\":\"http:\\\/\\\/cuartetoenlaweb.com.ar\\\/sitio\\\/\",\"name\":\"Cuarteto en la Web\",\"description\":\"\",\"publisher\":{\"@id\":\"http:\\\/\\\/cuartetoenlaweb.com.ar\\\/sitio\\\/#organization\"},\"potentialAction\":[{\"@type\":\"SearchAction\",\"target\":{\"@type\":\"EntryPoint\",\"urlTemplate\":\"http:\\\/\\\/cuartetoenlaweb.com.ar\\\/sitio\\\/?s={search_term_string}\"},\"query-input\":{\"@type\":\"PropertyValueSpecification\",\"valueRequired\":true,\"valueName\":\"search_term_string\"}}],\"inLanguage\":\"es\"},{\"@type\":\"Organization\",\"@id\":\"http:\\\/\\\/cuartetoenlaweb.com.ar\\\/sitio\\\/#organization\",\"name\":\"Cuarteto en la Web\",\"url\":\"http:\\\/\\\/cuartetoenlaweb.com.ar\\\/sitio\\\/\",\"logo\":{\"@type\":\"ImageObject\",\"inLanguage\":\"es\",\"@id\":\"http:\\\/\\\/cuartetoenlaweb.com.ar\\\/sitio\\\/#\\\/schema\\\/logo\\\/image\\\/\",\"url\":\"https:\\\/\\\/cuartetoenlaweb.com.ar\\\/sitio\\\/wp-content\\\/uploads\\\/2025\\\/07\\\/cropped-cropped-logitoweb21.png\",\"contentUrl\":\"https:\\\/\\\/cuartetoenlaweb.com.ar\\\/sitio\\\/wp-content\\\/uploads\\\/2025\\\/07\\\/cropped-cropped-logitoweb21.png\",\"width\":199,\"height\":199,\"caption\":\"Cuarteto en la Web\"},\"image\":{\"@id\":\"http:\\\/\\\/cuartetoenlaweb.com.ar\\\/sitio\\\/#\\\/schema\\\/logo\\\/image\\\/\"}}]}<\/script>\n<!-- \/ Yoast SEO plugin. -->","yoast_head_json":{"title":"Moreno lanz\u00f3 un mes de actividades para poner en agenda derechos de las ni\u00f1eces - Cuarteto en la Web","robots":{"index":"index","follow":"follow","max-snippet":"max-snippet:-1","max-image-preview":"max-image-preview:large","max-video-preview":"max-video-preview:-1"},"canonical":"https:\/\/cuartetoenlaweb.com.ar\/sitio\/moreno-lanzo-un-mes-de-actividades-para-poner-en-agenda-derechos-de-las-nineces\/","og_locale":"es_ES","og_type":"article","og_title":"Moreno lanz\u00f3 un mes de actividades para poner en agenda derechos de las ni\u00f1eces - Cuarteto en la Web","og_description":"Buenos Aires, 27 de noviembre (NA)\u2013 La gesti\u00f3n municipal de","og_url":"https:\/\/cuartetoenlaweb.com.ar\/sitio\/moreno-lanzo-un-mes-de-actividades-para-poner-en-agenda-derechos-de-las-nineces\/","og_site_name":"Cuarteto en la Web","article_published_time":"2025-11-27T18:59:54+00:00","og_image":[{"width":1279,"height":720,"url":"https:\/\/cuartetoenlaweb.com.ar\/sitio\/wp-content\/uploads\/2025\/11\/720-2070.jpeg","type":"image\/jpeg"}],"twitter_card":"summary_large_image","twitter_misc":{"Tiempo de lectura":"2 minutos"},"schema":{"@context":"https:\/\/schema.org","@graph":[{"@type":"Article","@id":"https:\/\/cuartetoenlaweb.com.ar\/sitio\/moreno-lanzo-un-mes-de-actividades-para-poner-en-agenda-derechos-de-las-nineces\/#article","isPartOf":{"@id":"https:\/\/cuartetoenlaweb.com.ar\/sitio\/moreno-lanzo-un-mes-de-actividades-para-poner-en-agenda-derechos-de-las-nineces\/"},"author":{"name":"","@id":""},"headline":"Moreno lanz\u00f3 un mes de actividades para poner en agenda derechos de las ni\u00f1eces","datePublished":"2025-11-27T18:59:54+00:00","mainEntityOfPage":{"@id":"https:\/\/cuartetoenlaweb.com.ar\/sitio\/moreno-lanzo-un-mes-de-actividades-para-poner-en-agenda-derechos-de-las-nineces\/"},"wordCount":355,"publisher":{"@id":"http:\/\/cuartetoenlaweb.com.ar\/sitio\/#organization"},"image":{"@id":"https:\/\/cuartetoenlaweb.com.ar\/sitio\/moreno-lanzo-un-mes-de-actividades-para-poner-en-agenda-derechos-de-las-nineces\/#primaryimage"},"thumbnailUrl":"https:\/\/cuartetoenlaweb.com.ar\/sitio\/wp-content\/uploads\/2025\/11\/720-2070.jpeg","articleSection":["PAIS"],"inLanguage":"es"},{"@type":"WebPage","@id":"https:\/\/cuartetoenlaweb.com.ar\/sitio\/moreno-lanzo-un-mes-de-actividades-para-poner-en-agenda-derechos-de-las-nineces\/","url":"https:\/\/cuartetoenlaweb.com.ar\/sitio\/moreno-lanzo-un-mes-de-actividades-para-poner-en-agenda-derechos-de-las-nineces\/","name":"Moreno lanz\u00f3 un mes de actividades para poner en agenda derechos de las ni\u00f1eces - Cuarteto en la Web","isPartOf":{"@id":"http:\/\/cuartetoenlaweb.com.ar\/sitio\/#website"},"primaryImageOfPage":{"@id":"https:\/\/cuartetoenlaweb.com.ar\/sitio\/moreno-lanzo-un-mes-de-actividades-para-poner-en-agenda-derechos-de-las-nineces\/#primaryimage"},"image":{"@id":"https:\/\/cuartetoenlaweb.com.ar\/sitio\/moreno-lanzo-un-mes-de-actividades-para-poner-en-agenda-derechos-de-las-nineces\/#primaryimage"},"thumbnailUrl":"https:\/\/cuartetoenlaweb.com.ar\/sitio\/wp-content\/uploads\/2025\/11\/720-2070.jpeg","datePublished":"2025-11-27T18:59:54+00:00","breadcrumb":{"@id":"https:\/\/cuartetoenlaweb.com.ar\/sitio\/moreno-lanzo-un-mes-de-actividades-para-poner-en-agenda-derechos-de-las-nineces\/#breadcrumb"},"inLanguage":"es","potentialAction":[{"@type":"ReadAction","target":["https:\/\/cuartetoenlaweb.com.ar\/sitio\/moreno-lanzo-un-mes-de-actividades-para-poner-en-agenda-derechos-de-las-nineces\/"]}]},{"@type":"ImageObject","inLanguage":"es","@id":"https:\/\/cuartetoenlaweb.com.ar\/sitio\/moreno-lanzo-un-mes-de-actividades-para-poner-en-agenda-derechos-de-las-nineces\/#primaryimage","url":"https:\/\/cuartetoenlaweb.com.ar\/sitio\/wp-content\/uploads\/2025\/11\/720-2070.jpeg","contentUrl":"https:\/\/cuartetoenlaweb.com.ar\/sitio\/wp-content\/uploads\/2025\/11\/720-2070.jpeg","width":1279,"height":720},{"@type":"BreadcrumbList","@id":"https:\/\/cuartetoenlaweb.com.ar\/sitio\/moreno-lanzo-un-mes-de-actividades-para-poner-en-agenda-derechos-de-las-nineces\/#breadcrumb","itemListElement":[{"@type":"ListItem","position":1,"name":"Portada","item":"http:\/\/cuartetoenlaweb.com.ar\/sitio\/"},{"@type":"ListItem","position":2,"name":"Moreno lanz\u00f3 un mes de actividades para poner en agenda derechos de las ni\u00f1eces"}]},{"@type":"WebSite","@id":"http:\/\/cuartetoenlaweb.com.ar\/sitio\/#website","url":"http:\/\/cuartetoenlaweb.com.ar\/sitio\/","name":"Cuarteto en la Web","description":"","publisher":{"@id":"http:\/\/cuartetoenlaweb.com.ar\/sitio\/#organization"},"potentialAction":[{"@type":"SearchAction","target":{"@type":"EntryPoint","urlTemplate":"http:\/\/cuartetoenlaweb.com.ar\/sitio\/?s={search_term_string}"},"query-input":{"@type":"PropertyValueSpecification","valueRequired":true,"valueName":"search_term_string"}}],"inLanguage":"es"},{"@type":"Organization","@id":"http:\/\/cuartetoenlaweb.com.ar\/sitio\/#organization","name":"Cuarteto en la Web","url":"http:\/\/cuartetoenlaweb.com.ar\/sitio\/","logo":{"@type":"ImageObject","inLanguage":"es","@id":"http:\/\/cuartetoenlaweb.com.ar\/sitio\/#\/schema\/logo\/image\/","url":"https:\/\/cuartetoenlaweb.com.ar\/sitio\/wp-content\/uploads\/2025\/07\/cropped-cropped-logitoweb21.png","contentUrl":"https:\/\/cuartetoenlaweb.com.ar\/sitio\/wp-content\/uploads\/2025\/07\/cropped-cropped-logitoweb21.png","width":199,"height":199,"caption":"Cuarteto en la Web"},"image":{"@id":"http:\/\/cuartetoenlaweb.com.ar\/sitio\/#\/schema\/logo\/image\/"}}]}},"_links":{"self":[{"href":"https:\/\/cuartetoenlaweb.com.ar\/sitio\/wp-json\/wp\/v2\/posts\/7419","targetHints":{"allow":["GET"]}}],"collection":[{"href":"https:\/\/cuartetoenlaweb.com.ar\/sitio\/wp-json\/wp\/v2\/posts"}],"about":[{"href":"https:\/\/cuartetoenlaweb.com.ar\/sitio\/wp-json\/wp\/v2\/types\/post"}],"replies":[{"embeddable":true,"href":"https:\/\/cuartetoenlaweb.com.ar\/sitio\/wp-json\/wp\/v2\/comments?post=7419"}],"version-history":[{"count":0,"href":"https:\/\/cuartetoenlaweb.com.ar\/sitio\/wp-json\/wp\/v2\/posts\/7419\/revisions"}],"wp:featuredmedia":[{"embeddable":true,"href":"https:\/\/cuartetoenlaweb.com.ar\/sitio\/wp-json\/wp\/v2\/media\/7420"}],"wp:attachment":[{"href":"https:\/\/cuartetoenlaweb.com.ar\/sitio\/wp-json\/wp\/v2\/media?parent=7419"}],"wp:term":[{"taxonomy":"category","embeddable":true,"href":"https:\/\/cuartetoenlaweb.com.ar\/sitio\/wp-json\/wp\/v2\/categories?post=7419"},{"taxonomy":"post_tag","embeddable":true,"href":"https:\/\/cuartetoenlaweb.com.ar\/sitio\/wp-json\/wp\/v2\/tags?post=7419"}],"curies":[{"name":"wp","href":"https:\/\/api.w.org\/{rel}","templated":true}]}}