
{"id":7409,"date":"2025-11-27T15:00:01","date_gmt":"2025-11-27T18:00:01","guid":{"rendered":"https:\/\/cuartetoenlaweb.com.ar\/sitio\/tras-la-denuncia-de-smith-rinaldi-pidio-disculpas-y-admitio-que-estuvo-mal\/"},"modified":"2025-11-27T15:00:01","modified_gmt":"2025-11-27T18:00:01","slug":"tras-la-denuncia-de-smith-rinaldi-pidio-disculpas-y-admitio-que-estuvo-mal","status":"publish","type":"post","link":"https:\/\/cuartetoenlaweb.com.ar\/sitio\/tras-la-denuncia-de-smith-rinaldi-pidio-disculpas-y-admitio-que-estuvo-mal\/","title":{"rendered":"Tras la denuncia de Smith, Rinaldi pidi\u00f3 disculpas y admiti\u00f3 que \u201cestuvo mal\u201d"},"content":{"rendered":"<p>Buenos Aires, 27 noviembre (NA) \u2013 El enfrentamiento entre Pilar Smith y Daniel G\u00f3mez Rinaldi sum\u00f3 un nuevo cap\u00edtulo, luego de que la conductora lo acusara de \u201cinjuriarla\u201d y confirmara que le envi\u00f3 una carta documento, el periodista habl\u00f3 p\u00fablicamente y ofreci\u00f3 disculpas.<\/p>\n<p>Sin embargo, tambi\u00e9n sostuvo parte de sus dichos y dej\u00f3 en claro que el conflicto todav\u00eda no est\u00e1 cerrado, seg\u00fan supo la Agencia Noticias Argentinas. <\/p>\n<p>En Intrusos, Pilar Smith relat\u00f3 que qued\u00f3 completamente desconcertada por las expresiones de G\u00f3mez Rinaldi, que surgieron luego de sus comentarios sobre los Mart\u00edn Fierro Latino.<\/p>\n<p>La conductora afirm\u00f3 que siempre tuvo buena relaci\u00f3n con \u00e9l, que sus cr\u00edticas fueron estrictamente televisivas y que los dichos de Rinaldi cruzaron una l\u00ednea personal y laboral.<\/p>\n<p>Por ese motivo, confirm\u00f3 que, junto a su abogada, decidi\u00f3 enviar una carta documento: \u201cEsto no se puede permitir. No se habla del cuerpo de nadie. Ni del m\u00edo ni del de ninguna persona\u201d.<\/p>\n<p>Pilar tambi\u00e9n pidi\u00f3 disculpas a Dani Ambrosino por una chicana previa, para diferenciar lo que considera humor televisivo del episodio que motiv\u00f3 la denuncia.<\/p>\n<p>Horas despu\u00e9s, y ya en medio de la repercusi\u00f3n, Daniel G\u00f3mez Rinaldi habl\u00f3 frente a c\u00e1mara y se refiri\u00f3 directamente al tema. Lo primero que hizo fue asumir su error: \u201cLe pido disculpas a Pilar. No digo esa frase de \u2018si se sinti\u00f3 ofendida\u2019. No. Le pido disculpas porque estuve mal\u201d.<\/p>\n<p>Reconoci\u00f3 que estaba muy enojado por las cr\u00edticas que Smith hizo sobre la transmisi\u00f3n de los Mart\u00edn Fierro Latino, ceremonia en la que \u00e9l particip\u00f3 como parte de APTRA: \u201cMe molestaron much\u00edsimo las cr\u00edticas. Esa misma noche me enoj\u00e9, y al d\u00eda siguiente tambi\u00e9n\u201d.<\/p>\n<p>El periodista explic\u00f3 que sinti\u00f3 que Pilar destac\u00f3 solo lo negativo y no valor\u00f3 el trabajo detr\u00e1s del evento. Sin embargo, admiti\u00f3 sin medias tintas que su reacci\u00f3n fue desproporcionada: \u201cMe equivoqu\u00e9, estuve mal\u201d.<\/p>\n<p>Finalmente, cuando le preguntaron si le gustar\u00eda hablarlo personalmente, evit\u00f3 comprometerse: \u201cNo le escrib\u00ed. No s\u00e9 si lo har\u00eda. Pilar est\u00e1 muy extrema con este tema\u201d.<\/p>\n<p>#AgenciaNA<\/p>\n","protected":false},"excerpt":{"rendered":"<p>Buenos Aires, 27 noviembre (NA) \u2013 El enfrentamiento entre Pilar<\/p>\n","protected":false},"author":0,"featured_media":7410,"comment_status":"","ping_status":"","sticky":false,"template":"","format":"standard","meta":{"footnotes":""},"categories":[65],"tags":[],"class_list":["post-7409","post","type-post","status-publish","format-standard","has-post-thumbnail","hentry","category-pais"],"yoast_head":"<!-- This site is optimized with the Yoast SEO plugin v27.5 - https:\/\/yoast.com\/product\/yoast-seo-wordpress\/ -->\n<title>Tras la denuncia de Smith, Rinaldi pidi\u00f3 disculpas y admiti\u00f3 que \u201cestuvo mal\u201d - Cuarteto en la Web<\/title>\n<meta name=\"robots\" content=\"index, follow, max-snippet:-1, max-image-preview:large, max-video-preview:-1\" \/>\n<link rel=\"canonical\" href=\"https:\/\/cuartetoenlaweb.com.ar\/sitio\/tras-la-denuncia-de-smith-rinaldi-pidio-disculpas-y-admitio-que-estuvo-mal\/\" \/>\n<meta property=\"og:locale\" content=\"es_ES\" \/>\n<meta property=\"og:type\" content=\"article\" \/>\n<meta property=\"og:title\" content=\"Tras la denuncia de Smith, Rinaldi pidi\u00f3 disculpas y admiti\u00f3 que \u201cestuvo mal\u201d - Cuarteto en la Web\" \/>\n<meta property=\"og:description\" content=\"Buenos Aires, 27 noviembre (NA) \u2013 El enfrentamiento entre Pilar\" \/>\n<meta property=\"og:url\" content=\"https:\/\/cuartetoenlaweb.com.ar\/sitio\/tras-la-denuncia-de-smith-rinaldi-pidio-disculpas-y-admitio-que-estuvo-mal\/\" \/>\n<meta property=\"og:site_name\" content=\"Cuarteto en la Web\" \/>\n<meta property=\"article:published_time\" content=\"2025-11-27T18:00:01+00:00\" \/>\n<meta property=\"og:image\" content=\"https:\/\/cuartetoenlaweb.com.ar\/sitio\/wp-content\/uploads\/2025\/11\/720-2067.jpeg\" \/>\n\t<meta property=\"og:image:width\" content=\"1280\" \/>\n\t<meta property=\"og:image:height\" content=\"720\" \/>\n\t<meta property=\"og:image:type\" content=\"image\/jpeg\" \/>\n<meta name=\"twitter:card\" content=\"summary_large_image\" \/>\n<meta name=\"twitter:label1\" content=\"Tiempo de lectura\" \/>\n\t<meta name=\"twitter:data1\" content=\"2 minutos\" \/>\n<script type=\"application\/ld+json\" class=\"yoast-schema-graph\">{\"@context\":\"https:\\\/\\\/schema.org\",\"@graph\":[{\"@type\":\"Article\",\"@id\":\"https:\\\/\\\/cuartetoenlaweb.com.ar\\\/sitio\\\/tras-la-denuncia-de-smith-rinaldi-pidio-disculpas-y-admitio-que-estuvo-mal\\\/#article\",\"isPartOf\":{\"@id\":\"https:\\\/\\\/cuartetoenlaweb.com.ar\\\/sitio\\\/tras-la-denuncia-de-smith-rinaldi-pidio-disculpas-y-admitio-que-estuvo-mal\\\/\"},\"author\":{\"name\":\"\",\"@id\":\"\"},\"headline\":\"Tras la denuncia de Smith, Rinaldi pidi\u00f3 disculpas y admiti\u00f3 que \u201cestuvo mal\u201d\",\"datePublished\":\"2025-11-27T18:00:01+00:00\",\"mainEntityOfPage\":{\"@id\":\"https:\\\/\\\/cuartetoenlaweb.com.ar\\\/sitio\\\/tras-la-denuncia-de-smith-rinaldi-pidio-disculpas-y-admitio-que-estuvo-mal\\\/\"},\"wordCount\":375,\"publisher\":{\"@id\":\"http:\\\/\\\/cuartetoenlaweb.com.ar\\\/sitio\\\/#organization\"},\"image\":{\"@id\":\"https:\\\/\\\/cuartetoenlaweb.com.ar\\\/sitio\\\/tras-la-denuncia-de-smith-rinaldi-pidio-disculpas-y-admitio-que-estuvo-mal\\\/#primaryimage\"},\"thumbnailUrl\":\"https:\\\/\\\/cuartetoenlaweb.com.ar\\\/sitio\\\/wp-content\\\/uploads\\\/2025\\\/11\\\/720-2067.jpeg\",\"articleSection\":[\"PAIS\"],\"inLanguage\":\"es\"},{\"@type\":\"WebPage\",\"@id\":\"https:\\\/\\\/cuartetoenlaweb.com.ar\\\/sitio\\\/tras-la-denuncia-de-smith-rinaldi-pidio-disculpas-y-admitio-que-estuvo-mal\\\/\",\"url\":\"https:\\\/\\\/cuartetoenlaweb.com.ar\\\/sitio\\\/tras-la-denuncia-de-smith-rinaldi-pidio-disculpas-y-admitio-que-estuvo-mal\\\/\",\"name\":\"Tras la denuncia de Smith, Rinaldi pidi\u00f3 disculpas y admiti\u00f3 que \u201cestuvo mal\u201d - Cuarteto en la Web\",\"isPartOf\":{\"@id\":\"http:\\\/\\\/cuartetoenlaweb.com.ar\\\/sitio\\\/#website\"},\"primaryImageOfPage\":{\"@id\":\"https:\\\/\\\/cuartetoenlaweb.com.ar\\\/sitio\\\/tras-la-denuncia-de-smith-rinaldi-pidio-disculpas-y-admitio-que-estuvo-mal\\\/#primaryimage\"},\"image\":{\"@id\":\"https:\\\/\\\/cuartetoenlaweb.com.ar\\\/sitio\\\/tras-la-denuncia-de-smith-rinaldi-pidio-disculpas-y-admitio-que-estuvo-mal\\\/#primaryimage\"},\"thumbnailUrl\":\"https:\\\/\\\/cuartetoenlaweb.com.ar\\\/sitio\\\/wp-content\\\/uploads\\\/2025\\\/11\\\/720-2067.jpeg\",\"datePublished\":\"2025-11-27T18:00:01+00:00\",\"breadcrumb\":{\"@id\":\"https:\\\/\\\/cuartetoenlaweb.com.ar\\\/sitio\\\/tras-la-denuncia-de-smith-rinaldi-pidio-disculpas-y-admitio-que-estuvo-mal\\\/#breadcrumb\"},\"inLanguage\":\"es\",\"potentialAction\":[{\"@type\":\"ReadAction\",\"target\":[\"https:\\\/\\\/cuartetoenlaweb.com.ar\\\/sitio\\\/tras-la-denuncia-de-smith-rinaldi-pidio-disculpas-y-admitio-que-estuvo-mal\\\/\"]}]},{\"@type\":\"ImageObject\",\"inLanguage\":\"es\",\"@id\":\"https:\\\/\\\/cuartetoenlaweb.com.ar\\\/sitio\\\/tras-la-denuncia-de-smith-rinaldi-pidio-disculpas-y-admitio-que-estuvo-mal\\\/#primaryimage\",\"url\":\"https:\\\/\\\/cuartetoenlaweb.com.ar\\\/sitio\\\/wp-content\\\/uploads\\\/2025\\\/11\\\/720-2067.jpeg\",\"contentUrl\":\"https:\\\/\\\/cuartetoenlaweb.com.ar\\\/sitio\\\/wp-content\\\/uploads\\\/2025\\\/11\\\/720-2067.jpeg\",\"width\":1280,\"height\":720},{\"@type\":\"BreadcrumbList\",\"@id\":\"https:\\\/\\\/cuartetoenlaweb.com.ar\\\/sitio\\\/tras-la-denuncia-de-smith-rinaldi-pidio-disculpas-y-admitio-que-estuvo-mal\\\/#breadcrumb\",\"itemListElement\":[{\"@type\":\"ListItem\",\"position\":1,\"name\":\"Portada\",\"item\":\"http:\\\/\\\/cuartetoenlaweb.com.ar\\\/sitio\\\/\"},{\"@type\":\"ListItem\",\"position\":2,\"name\":\"Tras la denuncia de Smith, Rinaldi pidi\u00f3 disculpas y admiti\u00f3 que \u201cestuvo mal\u201d\"}]},{\"@type\":\"WebSite\",\"@id\":\"http:\\\/\\\/cuartetoenlaweb.com.ar\\\/sitio\\\/#website\",\"url\":\"http:\\\/\\\/cuartetoenlaweb.com.ar\\\/sitio\\\/\",\"name\":\"Cuarteto en la Web\",\"description\":\"\",\"publisher\":{\"@id\":\"http:\\\/\\\/cuartetoenlaweb.com.ar\\\/sitio\\\/#organization\"},\"potentialAction\":[{\"@type\":\"SearchAction\",\"target\":{\"@type\":\"EntryPoint\",\"urlTemplate\":\"http:\\\/\\\/cuartetoenlaweb.com.ar\\\/sitio\\\/?s={search_term_string}\"},\"query-input\":{\"@type\":\"PropertyValueSpecification\",\"valueRequired\":true,\"valueName\":\"search_term_string\"}}],\"inLanguage\":\"es\"},{\"@type\":\"Organization\",\"@id\":\"http:\\\/\\\/cuartetoenlaweb.com.ar\\\/sitio\\\/#organization\",\"name\":\"Cuarteto en la Web\",\"url\":\"http:\\\/\\\/cuartetoenlaweb.com.ar\\\/sitio\\\/\",\"logo\":{\"@type\":\"ImageObject\",\"inLanguage\":\"es\",\"@id\":\"http:\\\/\\\/cuartetoenlaweb.com.ar\\\/sitio\\\/#\\\/schema\\\/logo\\\/image\\\/\",\"url\":\"https:\\\/\\\/cuartetoenlaweb.com.ar\\\/sitio\\\/wp-content\\\/uploads\\\/2025\\\/07\\\/cropped-cropped-logitoweb21.png\",\"contentUrl\":\"https:\\\/\\\/cuartetoenlaweb.com.ar\\\/sitio\\\/wp-content\\\/uploads\\\/2025\\\/07\\\/cropped-cropped-logitoweb21.png\",\"width\":199,\"height\":199,\"caption\":\"Cuarteto en la Web\"},\"image\":{\"@id\":\"http:\\\/\\\/cuartetoenlaweb.com.ar\\\/sitio\\\/#\\\/schema\\\/logo\\\/image\\\/\"}}]}<\/script>\n<!-- \/ Yoast SEO plugin. -->","yoast_head_json":{"title":"Tras la denuncia de Smith, Rinaldi pidi\u00f3 disculpas y admiti\u00f3 que \u201cestuvo mal\u201d - Cuarteto en la Web","robots":{"index":"index","follow":"follow","max-snippet":"max-snippet:-1","max-image-preview":"max-image-preview:large","max-video-preview":"max-video-preview:-1"},"canonical":"https:\/\/cuartetoenlaweb.com.ar\/sitio\/tras-la-denuncia-de-smith-rinaldi-pidio-disculpas-y-admitio-que-estuvo-mal\/","og_locale":"es_ES","og_type":"article","og_title":"Tras la denuncia de Smith, Rinaldi pidi\u00f3 disculpas y admiti\u00f3 que \u201cestuvo mal\u201d - Cuarteto en la Web","og_description":"Buenos Aires, 27 noviembre (NA) \u2013 El enfrentamiento entre Pilar","og_url":"https:\/\/cuartetoenlaweb.com.ar\/sitio\/tras-la-denuncia-de-smith-rinaldi-pidio-disculpas-y-admitio-que-estuvo-mal\/","og_site_name":"Cuarteto en la Web","article_published_time":"2025-11-27T18:00:01+00:00","og_image":[{"width":1280,"height":720,"url":"https:\/\/cuartetoenlaweb.com.ar\/sitio\/wp-content\/uploads\/2025\/11\/720-2067.jpeg","type":"image\/jpeg"}],"twitter_card":"summary_large_image","twitter_misc":{"Tiempo de lectura":"2 minutos"},"schema":{"@context":"https:\/\/schema.org","@graph":[{"@type":"Article","@id":"https:\/\/cuartetoenlaweb.com.ar\/sitio\/tras-la-denuncia-de-smith-rinaldi-pidio-disculpas-y-admitio-que-estuvo-mal\/#article","isPartOf":{"@id":"https:\/\/cuartetoenlaweb.com.ar\/sitio\/tras-la-denuncia-de-smith-rinaldi-pidio-disculpas-y-admitio-que-estuvo-mal\/"},"author":{"name":"","@id":""},"headline":"Tras la denuncia de Smith, Rinaldi pidi\u00f3 disculpas y admiti\u00f3 que \u201cestuvo mal\u201d","datePublished":"2025-11-27T18:00:01+00:00","mainEntityOfPage":{"@id":"https:\/\/cuartetoenlaweb.com.ar\/sitio\/tras-la-denuncia-de-smith-rinaldi-pidio-disculpas-y-admitio-que-estuvo-mal\/"},"wordCount":375,"publisher":{"@id":"http:\/\/cuartetoenlaweb.com.ar\/sitio\/#organization"},"image":{"@id":"https:\/\/cuartetoenlaweb.com.ar\/sitio\/tras-la-denuncia-de-smith-rinaldi-pidio-disculpas-y-admitio-que-estuvo-mal\/#primaryimage"},"thumbnailUrl":"https:\/\/cuartetoenlaweb.com.ar\/sitio\/wp-content\/uploads\/2025\/11\/720-2067.jpeg","articleSection":["PAIS"],"inLanguage":"es"},{"@type":"WebPage","@id":"https:\/\/cuartetoenlaweb.com.ar\/sitio\/tras-la-denuncia-de-smith-rinaldi-pidio-disculpas-y-admitio-que-estuvo-mal\/","url":"https:\/\/cuartetoenlaweb.com.ar\/sitio\/tras-la-denuncia-de-smith-rinaldi-pidio-disculpas-y-admitio-que-estuvo-mal\/","name":"Tras la denuncia de Smith, Rinaldi pidi\u00f3 disculpas y admiti\u00f3 que \u201cestuvo mal\u201d - Cuarteto en la Web","isPartOf":{"@id":"http:\/\/cuartetoenlaweb.com.ar\/sitio\/#website"},"primaryImageOfPage":{"@id":"https:\/\/cuartetoenlaweb.com.ar\/sitio\/tras-la-denuncia-de-smith-rinaldi-pidio-disculpas-y-admitio-que-estuvo-mal\/#primaryimage"},"image":{"@id":"https:\/\/cuartetoenlaweb.com.ar\/sitio\/tras-la-denuncia-de-smith-rinaldi-pidio-disculpas-y-admitio-que-estuvo-mal\/#primaryimage"},"thumbnailUrl":"https:\/\/cuartetoenlaweb.com.ar\/sitio\/wp-content\/uploads\/2025\/11\/720-2067.jpeg","datePublished":"2025-11-27T18:00:01+00:00","breadcrumb":{"@id":"https:\/\/cuartetoenlaweb.com.ar\/sitio\/tras-la-denuncia-de-smith-rinaldi-pidio-disculpas-y-admitio-que-estuvo-mal\/#breadcrumb"},"inLanguage":"es","potentialAction":[{"@type":"ReadAction","target":["https:\/\/cuartetoenlaweb.com.ar\/sitio\/tras-la-denuncia-de-smith-rinaldi-pidio-disculpas-y-admitio-que-estuvo-mal\/"]}]},{"@type":"ImageObject","inLanguage":"es","@id":"https:\/\/cuartetoenlaweb.com.ar\/sitio\/tras-la-denuncia-de-smith-rinaldi-pidio-disculpas-y-admitio-que-estuvo-mal\/#primaryimage","url":"https:\/\/cuartetoenlaweb.com.ar\/sitio\/wp-content\/uploads\/2025\/11\/720-2067.jpeg","contentUrl":"https:\/\/cuartetoenlaweb.com.ar\/sitio\/wp-content\/uploads\/2025\/11\/720-2067.jpeg","width":1280,"height":720},{"@type":"BreadcrumbList","@id":"https:\/\/cuartetoenlaweb.com.ar\/sitio\/tras-la-denuncia-de-smith-rinaldi-pidio-disculpas-y-admitio-que-estuvo-mal\/#breadcrumb","itemListElement":[{"@type":"ListItem","position":1,"name":"Portada","item":"http:\/\/cuartetoenlaweb.com.ar\/sitio\/"},{"@type":"ListItem","position":2,"name":"Tras la denuncia de Smith, Rinaldi pidi\u00f3 disculpas y admiti\u00f3 que \u201cestuvo mal\u201d"}]},{"@type":"WebSite","@id":"http:\/\/cuartetoenlaweb.com.ar\/sitio\/#website","url":"http:\/\/cuartetoenlaweb.com.ar\/sitio\/","name":"Cuarteto en la Web","description":"","publisher":{"@id":"http:\/\/cuartetoenlaweb.com.ar\/sitio\/#organization"},"potentialAction":[{"@type":"SearchAction","target":{"@type":"EntryPoint","urlTemplate":"http:\/\/cuartetoenlaweb.com.ar\/sitio\/?s={search_term_string}"},"query-input":{"@type":"PropertyValueSpecification","valueRequired":true,"valueName":"search_term_string"}}],"inLanguage":"es"},{"@type":"Organization","@id":"http:\/\/cuartetoenlaweb.com.ar\/sitio\/#organization","name":"Cuarteto en la Web","url":"http:\/\/cuartetoenlaweb.com.ar\/sitio\/","logo":{"@type":"ImageObject","inLanguage":"es","@id":"http:\/\/cuartetoenlaweb.com.ar\/sitio\/#\/schema\/logo\/image\/","url":"https:\/\/cuartetoenlaweb.com.ar\/sitio\/wp-content\/uploads\/2025\/07\/cropped-cropped-logitoweb21.png","contentUrl":"https:\/\/cuartetoenlaweb.com.ar\/sitio\/wp-content\/uploads\/2025\/07\/cropped-cropped-logitoweb21.png","width":199,"height":199,"caption":"Cuarteto en la Web"},"image":{"@id":"http:\/\/cuartetoenlaweb.com.ar\/sitio\/#\/schema\/logo\/image\/"}}]}},"_links":{"self":[{"href":"https:\/\/cuartetoenlaweb.com.ar\/sitio\/wp-json\/wp\/v2\/posts\/7409","targetHints":{"allow":["GET"]}}],"collection":[{"href":"https:\/\/cuartetoenlaweb.com.ar\/sitio\/wp-json\/wp\/v2\/posts"}],"about":[{"href":"https:\/\/cuartetoenlaweb.com.ar\/sitio\/wp-json\/wp\/v2\/types\/post"}],"replies":[{"embeddable":true,"href":"https:\/\/cuartetoenlaweb.com.ar\/sitio\/wp-json\/wp\/v2\/comments?post=7409"}],"version-history":[{"count":0,"href":"https:\/\/cuartetoenlaweb.com.ar\/sitio\/wp-json\/wp\/v2\/posts\/7409\/revisions"}],"wp:featuredmedia":[{"embeddable":true,"href":"https:\/\/cuartetoenlaweb.com.ar\/sitio\/wp-json\/wp\/v2\/media\/7410"}],"wp:attachment":[{"href":"https:\/\/cuartetoenlaweb.com.ar\/sitio\/wp-json\/wp\/v2\/media?parent=7409"}],"wp:term":[{"taxonomy":"category","embeddable":true,"href":"https:\/\/cuartetoenlaweb.com.ar\/sitio\/wp-json\/wp\/v2\/categories?post=7409"},{"taxonomy":"post_tag","embeddable":true,"href":"https:\/\/cuartetoenlaweb.com.ar\/sitio\/wp-json\/wp\/v2\/tags?post=7409"}],"curies":[{"name":"wp","href":"https:\/\/api.w.org\/{rel}","templated":true}]}}