
{"id":7399,"date":"2025-11-27T13:59:45","date_gmt":"2025-11-27T16:59:45","guid":{"rendered":"https:\/\/cuartetoenlaweb.com.ar\/sitio\/caso-piegari-el-dia-que-moritan-conto-el-sueldo-de-un-mozo-y-genero-indignacion\/"},"modified":"2025-11-27T13:59:45","modified_gmt":"2025-11-27T16:59:45","slug":"caso-piegari-el-dia-que-moritan-conto-el-sueldo-de-un-mozo-y-genero-indignacion","status":"publish","type":"post","link":"https:\/\/cuartetoenlaweb.com.ar\/sitio\/caso-piegari-el-dia-que-moritan-conto-el-sueldo-de-un-mozo-y-genero-indignacion\/","title":{"rendered":"Caso Piegari: el d\u00eda que Moritan cont\u00f3 el sueldo de un mozo y gener\u00f3 indignaci\u00f3n"},"content":{"rendered":"<p>Buenos Aires, 27 noviembre (NA) \u2013 El fallo judicial que hoy tiene al reconocido restaurante Piegari al borde del cierre volvi\u00f3 a poner sobre la mesa el debate por las condiciones laborales en el sector gastron\u00f3mico.<\/p>\n<p>Seg\u00fan investig\u00f3 la Agencia Noticias Argentinas, en este contexto resurgieron las declaraciones que en 2022 hizo el empresario gastron\u00f3mico Roberto Garc\u00eda Morit\u00e1n, due\u00f1o de restaurantes como La Mar y Tanta, cuando admiti\u00f3 p\u00fablicamente que pagaba sueldos por fuera del convenio y por debajo de la Canasta B\u00e1sica.<\/p>\n<p>La empresa Piegari, ubicada en la zona de La Recova, enfrenta una condena que obliga al pago de 200 millones de pesos por el despido de un mozo ocurrido en 2020, seg\u00fan un fallo de la jueza laboral Lucrecia Pedrini.<\/p>\n<p>La sentencia incluy\u00f3 adem\u00e1s el congelamiento de las cuentas bancarias de la firma, comprometiendo el pago de sueldos y obligaciones con proveedores.<\/p>\n<p>Alberto Chinkies, propietario del restaurante, explic\u00f3 que el trabajador ten\u00eda 25 a\u00f1os de antig\u00fcedad y que fue despedido por abandono de trabajo, luego de no presentarse durante la pandemia cuando el local retom\u00f3 la actividad mediante delivery y take away.<\/p>\n<p>El empleado, por su parte, sostuvo que se dio por despedido por falta de pago, en un contexto en el que, seg\u00fan el empresario, pudo haber habido atrasos pese al programa ATP.<\/p>\n<p>El caso fue apelado y todav\u00eda debe resolverse en la C\u00e1mara Nacional de Trabajo, pero la situaci\u00f3n expone nuevamente la tensi\u00f3n estructural entre el sector gastron\u00f3mico, las regulaciones laborales y los costos de operaci\u00f3n.<\/p>\n<p>GARC\u00cdA MORIT\u00c1N Y SU FRASE QUE GENER\u00d3 POL\u00c9MICA EN 2022<\/p>\n<p>En noviembre de 2022, en una entrevista televisiva, Roberto Garc\u00eda Morit\u00e1n gener\u00f3 fuerte rechazo al revelar que los salarios promedio que pagaba en sus restaurantes rondaban los $70.000, cifra que representaba la mitad de la Canasta B\u00e1sica Total de ese momento, calculada por INDEC en $128.214 para una familia tipo.<\/p>\n<p>La controversia creci\u00f3 cuando, ante la consulta del panel, Morit\u00e1n reconoci\u00f3 que parte del ingreso de sus empleados proven\u00eda de propinas pagadas en negro, lo que implicaba que el salario formal declarado era a\u00fan menor.<\/p>\n<p>En ese entonces, el convenio de UTHGRA establec\u00eda sueldos b\u00e1sicos entre $97.000 y $130.000, montos considerablemente superiores a los informados por el legislador.<\/p>\n<p>Ante esta situaci\u00f3n, el abogado laboralista Le\u00f3n Piasek afirm\u00f3 en aquel momento que Morit\u00e1n estaba \u201cfuera de la escala salarial\u201d y que sus empleados ten\u00edan \u201cmucho para reclamar\u201d.<\/p>\n<p>#AgenciaNA<\/p>\n","protected":false},"excerpt":{"rendered":"<p>Buenos Aires, 27 noviembre (NA) \u2013 El fallo judicial que<\/p>\n","protected":false},"author":0,"featured_media":7400,"comment_status":"","ping_status":"","sticky":false,"template":"","format":"standard","meta":{"footnotes":""},"categories":[65],"tags":[],"class_list":["post-7399","post","type-post","status-publish","format-standard","has-post-thumbnail","hentry","category-pais"],"yoast_head":"<!-- This site is optimized with the Yoast SEO plugin v27.4 - https:\/\/yoast.com\/product\/yoast-seo-wordpress\/ -->\n<title>Caso Piegari: el d\u00eda que Moritan cont\u00f3 el sueldo de un mozo y gener\u00f3 indignaci\u00f3n - Cuarteto en la Web<\/title>\n<meta name=\"robots\" content=\"index, follow, max-snippet:-1, max-image-preview:large, max-video-preview:-1\" \/>\n<link rel=\"canonical\" href=\"http:\/\/cuartetoenlaweb.com.ar\/sitio\/caso-piegari-el-dia-que-moritan-conto-el-sueldo-de-un-mozo-y-genero-indignacion\/\" \/>\n<meta property=\"og:locale\" content=\"es_ES\" \/>\n<meta property=\"og:type\" content=\"article\" \/>\n<meta property=\"og:title\" content=\"Caso Piegari: el d\u00eda que Moritan cont\u00f3 el sueldo de un mozo y gener\u00f3 indignaci\u00f3n - Cuarteto en la Web\" \/>\n<meta property=\"og:description\" content=\"Buenos Aires, 27 noviembre (NA) \u2013 El fallo judicial que\" \/>\n<meta property=\"og:url\" content=\"http:\/\/cuartetoenlaweb.com.ar\/sitio\/caso-piegari-el-dia-que-moritan-conto-el-sueldo-de-un-mozo-y-genero-indignacion\/\" \/>\n<meta property=\"og:site_name\" content=\"Cuarteto en la Web\" \/>\n<meta property=\"article:published_time\" content=\"2025-11-27T16:59:45+00:00\" \/>\n<meta property=\"og:image\" content=\"http:\/\/cuartetoenlaweb.com.ar\/sitio\/wp-content\/uploads\/2025\/11\/720-2064.jpeg\" \/>\n\t<meta property=\"og:image:width\" content=\"1280\" \/>\n\t<meta property=\"og:image:height\" content=\"719\" \/>\n\t<meta property=\"og:image:type\" content=\"image\/jpeg\" \/>\n<meta name=\"twitter:card\" content=\"summary_large_image\" \/>\n<meta name=\"twitter:label1\" content=\"Tiempo de lectura\" \/>\n\t<meta name=\"twitter:data1\" content=\"2 minutos\" \/>\n<script type=\"application\/ld+json\" class=\"yoast-schema-graph\">{\"@context\":\"https:\\\/\\\/schema.org\",\"@graph\":[{\"@type\":\"Article\",\"@id\":\"http:\\\/\\\/cuartetoenlaweb.com.ar\\\/sitio\\\/caso-piegari-el-dia-que-moritan-conto-el-sueldo-de-un-mozo-y-genero-indignacion\\\/#article\",\"isPartOf\":{\"@id\":\"http:\\\/\\\/cuartetoenlaweb.com.ar\\\/sitio\\\/caso-piegari-el-dia-que-moritan-conto-el-sueldo-de-un-mozo-y-genero-indignacion\\\/\"},\"author\":{\"name\":\"\",\"@id\":\"\"},\"headline\":\"Caso Piegari: el d\u00eda que Moritan cont\u00f3 el sueldo de un mozo y gener\u00f3 indignaci\u00f3n\",\"datePublished\":\"2025-11-27T16:59:45+00:00\",\"mainEntityOfPage\":{\"@id\":\"http:\\\/\\\/cuartetoenlaweb.com.ar\\\/sitio\\\/caso-piegari-el-dia-que-moritan-conto-el-sueldo-de-un-mozo-y-genero-indignacion\\\/\"},\"wordCount\":438,\"publisher\":{\"@id\":\"http:\\\/\\\/cuartetoenlaweb.com.ar\\\/sitio\\\/#organization\"},\"image\":{\"@id\":\"http:\\\/\\\/cuartetoenlaweb.com.ar\\\/sitio\\\/caso-piegari-el-dia-que-moritan-conto-el-sueldo-de-un-mozo-y-genero-indignacion\\\/#primaryimage\"},\"thumbnailUrl\":\"https:\\\/\\\/cuartetoenlaweb.com.ar\\\/sitio\\\/wp-content\\\/uploads\\\/2025\\\/11\\\/720-2064.jpeg\",\"articleSection\":[\"PAIS\"],\"inLanguage\":\"es\"},{\"@type\":\"WebPage\",\"@id\":\"http:\\\/\\\/cuartetoenlaweb.com.ar\\\/sitio\\\/caso-piegari-el-dia-que-moritan-conto-el-sueldo-de-un-mozo-y-genero-indignacion\\\/\",\"url\":\"http:\\\/\\\/cuartetoenlaweb.com.ar\\\/sitio\\\/caso-piegari-el-dia-que-moritan-conto-el-sueldo-de-un-mozo-y-genero-indignacion\\\/\",\"name\":\"Caso Piegari: el d\u00eda que Moritan cont\u00f3 el sueldo de un mozo y gener\u00f3 indignaci\u00f3n - Cuarteto en la Web\",\"isPartOf\":{\"@id\":\"http:\\\/\\\/cuartetoenlaweb.com.ar\\\/sitio\\\/#website\"},\"primaryImageOfPage\":{\"@id\":\"http:\\\/\\\/cuartetoenlaweb.com.ar\\\/sitio\\\/caso-piegari-el-dia-que-moritan-conto-el-sueldo-de-un-mozo-y-genero-indignacion\\\/#primaryimage\"},\"image\":{\"@id\":\"http:\\\/\\\/cuartetoenlaweb.com.ar\\\/sitio\\\/caso-piegari-el-dia-que-moritan-conto-el-sueldo-de-un-mozo-y-genero-indignacion\\\/#primaryimage\"},\"thumbnailUrl\":\"https:\\\/\\\/cuartetoenlaweb.com.ar\\\/sitio\\\/wp-content\\\/uploads\\\/2025\\\/11\\\/720-2064.jpeg\",\"datePublished\":\"2025-11-27T16:59:45+00:00\",\"breadcrumb\":{\"@id\":\"http:\\\/\\\/cuartetoenlaweb.com.ar\\\/sitio\\\/caso-piegari-el-dia-que-moritan-conto-el-sueldo-de-un-mozo-y-genero-indignacion\\\/#breadcrumb\"},\"inLanguage\":\"es\",\"potentialAction\":[{\"@type\":\"ReadAction\",\"target\":[\"http:\\\/\\\/cuartetoenlaweb.com.ar\\\/sitio\\\/caso-piegari-el-dia-que-moritan-conto-el-sueldo-de-un-mozo-y-genero-indignacion\\\/\"]}]},{\"@type\":\"ImageObject\",\"inLanguage\":\"es\",\"@id\":\"http:\\\/\\\/cuartetoenlaweb.com.ar\\\/sitio\\\/caso-piegari-el-dia-que-moritan-conto-el-sueldo-de-un-mozo-y-genero-indignacion\\\/#primaryimage\",\"url\":\"https:\\\/\\\/cuartetoenlaweb.com.ar\\\/sitio\\\/wp-content\\\/uploads\\\/2025\\\/11\\\/720-2064.jpeg\",\"contentUrl\":\"https:\\\/\\\/cuartetoenlaweb.com.ar\\\/sitio\\\/wp-content\\\/uploads\\\/2025\\\/11\\\/720-2064.jpeg\",\"width\":1280,\"height\":719},{\"@type\":\"BreadcrumbList\",\"@id\":\"http:\\\/\\\/cuartetoenlaweb.com.ar\\\/sitio\\\/caso-piegari-el-dia-que-moritan-conto-el-sueldo-de-un-mozo-y-genero-indignacion\\\/#breadcrumb\",\"itemListElement\":[{\"@type\":\"ListItem\",\"position\":1,\"name\":\"Portada\",\"item\":\"http:\\\/\\\/cuartetoenlaweb.com.ar\\\/sitio\\\/\"},{\"@type\":\"ListItem\",\"position\":2,\"name\":\"Caso Piegari: el d\u00eda que Moritan cont\u00f3 el sueldo de un mozo y gener\u00f3 indignaci\u00f3n\"}]},{\"@type\":\"WebSite\",\"@id\":\"http:\\\/\\\/cuartetoenlaweb.com.ar\\\/sitio\\\/#website\",\"url\":\"http:\\\/\\\/cuartetoenlaweb.com.ar\\\/sitio\\\/\",\"name\":\"Cuarteto en la Web\",\"description\":\"\",\"publisher\":{\"@id\":\"http:\\\/\\\/cuartetoenlaweb.com.ar\\\/sitio\\\/#organization\"},\"potentialAction\":[{\"@type\":\"SearchAction\",\"target\":{\"@type\":\"EntryPoint\",\"urlTemplate\":\"http:\\\/\\\/cuartetoenlaweb.com.ar\\\/sitio\\\/?s={search_term_string}\"},\"query-input\":{\"@type\":\"PropertyValueSpecification\",\"valueRequired\":true,\"valueName\":\"search_term_string\"}}],\"inLanguage\":\"es\"},{\"@type\":\"Organization\",\"@id\":\"http:\\\/\\\/cuartetoenlaweb.com.ar\\\/sitio\\\/#organization\",\"name\":\"Cuarteto en la Web\",\"url\":\"http:\\\/\\\/cuartetoenlaweb.com.ar\\\/sitio\\\/\",\"logo\":{\"@type\":\"ImageObject\",\"inLanguage\":\"es\",\"@id\":\"http:\\\/\\\/cuartetoenlaweb.com.ar\\\/sitio\\\/#\\\/schema\\\/logo\\\/image\\\/\",\"url\":\"https:\\\/\\\/cuartetoenlaweb.com.ar\\\/sitio\\\/wp-content\\\/uploads\\\/2025\\\/07\\\/cropped-cropped-logitoweb21.png\",\"contentUrl\":\"https:\\\/\\\/cuartetoenlaweb.com.ar\\\/sitio\\\/wp-content\\\/uploads\\\/2025\\\/07\\\/cropped-cropped-logitoweb21.png\",\"width\":199,\"height\":199,\"caption\":\"Cuarteto en la Web\"},\"image\":{\"@id\":\"http:\\\/\\\/cuartetoenlaweb.com.ar\\\/sitio\\\/#\\\/schema\\\/logo\\\/image\\\/\"}}]}<\/script>\n<!-- \/ Yoast SEO plugin. -->","yoast_head_json":{"title":"Caso Piegari: el d\u00eda que Moritan cont\u00f3 el sueldo de un mozo y gener\u00f3 indignaci\u00f3n - Cuarteto en la Web","robots":{"index":"index","follow":"follow","max-snippet":"max-snippet:-1","max-image-preview":"max-image-preview:large","max-video-preview":"max-video-preview:-1"},"canonical":"http:\/\/cuartetoenlaweb.com.ar\/sitio\/caso-piegari-el-dia-que-moritan-conto-el-sueldo-de-un-mozo-y-genero-indignacion\/","og_locale":"es_ES","og_type":"article","og_title":"Caso Piegari: el d\u00eda que Moritan cont\u00f3 el sueldo de un mozo y gener\u00f3 indignaci\u00f3n - Cuarteto en la Web","og_description":"Buenos Aires, 27 noviembre (NA) \u2013 El fallo judicial que","og_url":"http:\/\/cuartetoenlaweb.com.ar\/sitio\/caso-piegari-el-dia-que-moritan-conto-el-sueldo-de-un-mozo-y-genero-indignacion\/","og_site_name":"Cuarteto en la Web","article_published_time":"2025-11-27T16:59:45+00:00","og_image":[{"width":1280,"height":719,"url":"http:\/\/cuartetoenlaweb.com.ar\/sitio\/wp-content\/uploads\/2025\/11\/720-2064.jpeg","type":"image\/jpeg"}],"twitter_card":"summary_large_image","twitter_misc":{"Tiempo de lectura":"2 minutos"},"schema":{"@context":"https:\/\/schema.org","@graph":[{"@type":"Article","@id":"http:\/\/cuartetoenlaweb.com.ar\/sitio\/caso-piegari-el-dia-que-moritan-conto-el-sueldo-de-un-mozo-y-genero-indignacion\/#article","isPartOf":{"@id":"http:\/\/cuartetoenlaweb.com.ar\/sitio\/caso-piegari-el-dia-que-moritan-conto-el-sueldo-de-un-mozo-y-genero-indignacion\/"},"author":{"name":"","@id":""},"headline":"Caso Piegari: el d\u00eda que Moritan cont\u00f3 el sueldo de un mozo y gener\u00f3 indignaci\u00f3n","datePublished":"2025-11-27T16:59:45+00:00","mainEntityOfPage":{"@id":"http:\/\/cuartetoenlaweb.com.ar\/sitio\/caso-piegari-el-dia-que-moritan-conto-el-sueldo-de-un-mozo-y-genero-indignacion\/"},"wordCount":438,"publisher":{"@id":"http:\/\/cuartetoenlaweb.com.ar\/sitio\/#organization"},"image":{"@id":"http:\/\/cuartetoenlaweb.com.ar\/sitio\/caso-piegari-el-dia-que-moritan-conto-el-sueldo-de-un-mozo-y-genero-indignacion\/#primaryimage"},"thumbnailUrl":"https:\/\/cuartetoenlaweb.com.ar\/sitio\/wp-content\/uploads\/2025\/11\/720-2064.jpeg","articleSection":["PAIS"],"inLanguage":"es"},{"@type":"WebPage","@id":"http:\/\/cuartetoenlaweb.com.ar\/sitio\/caso-piegari-el-dia-que-moritan-conto-el-sueldo-de-un-mozo-y-genero-indignacion\/","url":"http:\/\/cuartetoenlaweb.com.ar\/sitio\/caso-piegari-el-dia-que-moritan-conto-el-sueldo-de-un-mozo-y-genero-indignacion\/","name":"Caso Piegari: el d\u00eda que Moritan cont\u00f3 el sueldo de un mozo y gener\u00f3 indignaci\u00f3n - Cuarteto en la Web","isPartOf":{"@id":"http:\/\/cuartetoenlaweb.com.ar\/sitio\/#website"},"primaryImageOfPage":{"@id":"http:\/\/cuartetoenlaweb.com.ar\/sitio\/caso-piegari-el-dia-que-moritan-conto-el-sueldo-de-un-mozo-y-genero-indignacion\/#primaryimage"},"image":{"@id":"http:\/\/cuartetoenlaweb.com.ar\/sitio\/caso-piegari-el-dia-que-moritan-conto-el-sueldo-de-un-mozo-y-genero-indignacion\/#primaryimage"},"thumbnailUrl":"https:\/\/cuartetoenlaweb.com.ar\/sitio\/wp-content\/uploads\/2025\/11\/720-2064.jpeg","datePublished":"2025-11-27T16:59:45+00:00","breadcrumb":{"@id":"http:\/\/cuartetoenlaweb.com.ar\/sitio\/caso-piegari-el-dia-que-moritan-conto-el-sueldo-de-un-mozo-y-genero-indignacion\/#breadcrumb"},"inLanguage":"es","potentialAction":[{"@type":"ReadAction","target":["http:\/\/cuartetoenlaweb.com.ar\/sitio\/caso-piegari-el-dia-que-moritan-conto-el-sueldo-de-un-mozo-y-genero-indignacion\/"]}]},{"@type":"ImageObject","inLanguage":"es","@id":"http:\/\/cuartetoenlaweb.com.ar\/sitio\/caso-piegari-el-dia-que-moritan-conto-el-sueldo-de-un-mozo-y-genero-indignacion\/#primaryimage","url":"https:\/\/cuartetoenlaweb.com.ar\/sitio\/wp-content\/uploads\/2025\/11\/720-2064.jpeg","contentUrl":"https:\/\/cuartetoenlaweb.com.ar\/sitio\/wp-content\/uploads\/2025\/11\/720-2064.jpeg","width":1280,"height":719},{"@type":"BreadcrumbList","@id":"http:\/\/cuartetoenlaweb.com.ar\/sitio\/caso-piegari-el-dia-que-moritan-conto-el-sueldo-de-un-mozo-y-genero-indignacion\/#breadcrumb","itemListElement":[{"@type":"ListItem","position":1,"name":"Portada","item":"http:\/\/cuartetoenlaweb.com.ar\/sitio\/"},{"@type":"ListItem","position":2,"name":"Caso Piegari: el d\u00eda que Moritan cont\u00f3 el sueldo de un mozo y gener\u00f3 indignaci\u00f3n"}]},{"@type":"WebSite","@id":"http:\/\/cuartetoenlaweb.com.ar\/sitio\/#website","url":"http:\/\/cuartetoenlaweb.com.ar\/sitio\/","name":"Cuarteto en la Web","description":"","publisher":{"@id":"http:\/\/cuartetoenlaweb.com.ar\/sitio\/#organization"},"potentialAction":[{"@type":"SearchAction","target":{"@type":"EntryPoint","urlTemplate":"http:\/\/cuartetoenlaweb.com.ar\/sitio\/?s={search_term_string}"},"query-input":{"@type":"PropertyValueSpecification","valueRequired":true,"valueName":"search_term_string"}}],"inLanguage":"es"},{"@type":"Organization","@id":"http:\/\/cuartetoenlaweb.com.ar\/sitio\/#organization","name":"Cuarteto en la Web","url":"http:\/\/cuartetoenlaweb.com.ar\/sitio\/","logo":{"@type":"ImageObject","inLanguage":"es","@id":"http:\/\/cuartetoenlaweb.com.ar\/sitio\/#\/schema\/logo\/image\/","url":"https:\/\/cuartetoenlaweb.com.ar\/sitio\/wp-content\/uploads\/2025\/07\/cropped-cropped-logitoweb21.png","contentUrl":"https:\/\/cuartetoenlaweb.com.ar\/sitio\/wp-content\/uploads\/2025\/07\/cropped-cropped-logitoweb21.png","width":199,"height":199,"caption":"Cuarteto en la Web"},"image":{"@id":"http:\/\/cuartetoenlaweb.com.ar\/sitio\/#\/schema\/logo\/image\/"}}]}},"_links":{"self":[{"href":"https:\/\/cuartetoenlaweb.com.ar\/sitio\/wp-json\/wp\/v2\/posts\/7399","targetHints":{"allow":["GET"]}}],"collection":[{"href":"https:\/\/cuartetoenlaweb.com.ar\/sitio\/wp-json\/wp\/v2\/posts"}],"about":[{"href":"https:\/\/cuartetoenlaweb.com.ar\/sitio\/wp-json\/wp\/v2\/types\/post"}],"replies":[{"embeddable":true,"href":"https:\/\/cuartetoenlaweb.com.ar\/sitio\/wp-json\/wp\/v2\/comments?post=7399"}],"version-history":[{"count":0,"href":"https:\/\/cuartetoenlaweb.com.ar\/sitio\/wp-json\/wp\/v2\/posts\/7399\/revisions"}],"wp:featuredmedia":[{"embeddable":true,"href":"https:\/\/cuartetoenlaweb.com.ar\/sitio\/wp-json\/wp\/v2\/media\/7400"}],"wp:attachment":[{"href":"https:\/\/cuartetoenlaweb.com.ar\/sitio\/wp-json\/wp\/v2\/media?parent=7399"}],"wp:term":[{"taxonomy":"category","embeddable":true,"href":"https:\/\/cuartetoenlaweb.com.ar\/sitio\/wp-json\/wp\/v2\/categories?post=7399"},{"taxonomy":"post_tag","embeddable":true,"href":"https:\/\/cuartetoenlaweb.com.ar\/sitio\/wp-json\/wp\/v2\/tags?post=7399"}],"curies":[{"name":"wp","href":"https:\/\/api.w.org\/{rel}","templated":true}]}}