
{"id":7395,"date":"2025-11-27T13:59:41","date_gmt":"2025-11-27T16:59:41","guid":{"rendered":"https:\/\/cuartetoenlaweb.com.ar\/sitio\/la-campora-niega-la-pelea-con-kicillof-hay-una-mesa-de-trabajo-desde-hace-15-dias\/"},"modified":"2025-11-27T13:59:41","modified_gmt":"2025-11-27T16:59:41","slug":"la-campora-niega-la-pelea-con-kicillof-hay-una-mesa-de-trabajo-desde-hace-15-dias","status":"publish","type":"post","link":"https:\/\/cuartetoenlaweb.com.ar\/sitio\/la-campora-niega-la-pelea-con-kicillof-hay-una-mesa-de-trabajo-desde-hace-15-dias\/","title":{"rendered":"La C\u00e1mpora niega la pelea con Kicillof: \u201cHay una mesa de trabajo desde hace 15 d\u00edas&quot;"},"content":{"rendered":"<p>Buenos aires, 27 noviembre (NA) \u2013 El diputado bonaerense Facundo Tignanelli, referente provincial de La C\u00e1mpora, neg\u00f3 hoy que ese sector est\u00e9 bloqueando las leyes que el gobernador Axel Kicillof envi\u00f3 a la Legislatura y atribuy\u00f3 las demoras en aprobar la Ley de Financiamiento a que \u201cnecesita una mayor\u00eda especial de dos tercios\u201d y eso requiere de votos opositores.<\/p>\n<p>\u201cNo hay ninguna pelea (con Kicillof), hay una mesa de trabajo que viene desde hace 15 d\u00edas, cuando entraron a la legislatura las tres leyes enviadas por el gobernador\u201d, dijo Tignanelli, al tiempo que asegur\u00f3 que \u201cayer se logr\u00f3 con las dos leyes que no requieren mayor\u00eda agravada\u201d, tal como lo public\u00f3 la Agencia Noticias Argentinas.<\/p>\n<p>En declaraciones al programa RPM que se emite por Splendid AM 990, el legislador cercano a M\u00e1ximo Kirchner reprodo en su cuenta de la red social X una publicaci\u00f3n del diario \u201cLa Naci\u00f3n\u201d que dec\u00eda \u201cLa C\u00e1mpora amenaza con dejar sin financiamiento a Kicillof\u201d a lo que respondi\u00f3: \u201cBoludeces no\u201d.<\/p>\n<p>El Poder Ejecutivo bonaerense envi\u00f3 a la legislatura con car\u00e1cter urgente tres leyes prioritarias, la de Presupuesto provincial 2026, la Ley Fiscal Impositiva y la de Financiamiento, esta \u00faltima crucial porque permite a la provincia endeudarse hasta en 3.685 millones de d\u00f3lares para afrontar vencimientos de deuda.<\/p>\n<p>Seg\u00fan pudo saber Noticias Argentinas, para avanzar con esas iniciativas se conform\u00f3 una mesa de trabajo del oficialismo provincial, integrada por el ministro de Infraestructura, Gabriel Katopodis; el intendente de Almirante Brown, Mariano Cascallares;, el presidente de la Comisi\u00f3n de Presupuesto, Juan Pablo de Jes\u00fas; el titular del bloque de Uni\u00f3n por la Patria, Facundo Tignanelli; el presidente de la C\u00e1mara baja, Alexis Guerrera y su vice Alejandro DiChiara.<\/p>\n<p>\u201cLos diarios dicen lo que quieren, pero no hay ninguna pelea, no s\u00e9 de d\u00f3nde sacan eso\u201d, asegur\u00f3 Tignanelli, al tiempo que explic\u00f3 que \u201cdentro del peronismo hay acuerdo sobre los criterios b\u00e1sicos que tiene que tener la ley de financiamiento de la provincia, pero necesitamos el acuerdo de la oposici\u00f3n porque somos minor\u00eda en las dos c\u00e1maras\u201d.<\/p>\n<p>El referente provincial de La C\u00e1mpora dijo, a modo de ejemplo, que ayer se aprobaron las dos leyes, Presupuesto y Fiscal Impositiva, que requieren mayor\u00eda simple, y votaron a favor los dos bloques del radicalismo y el bloque de Nuevos Ayres\u201d.<\/p>\n<p>Sostuvo que el endeudamiento es necesario \u201cpara poder reprogramar pagos que vienen desde la administraci\u00f3n de (la ex gobernadora Mar\u00eda Eugenia) Vidal\u201d, en cuya gesti\u00f3n la provincia tomo \u201cun alt\u00edsimo endeudamiento en d\u00f3lares\u201d.<\/p>\n<p>Asimismo, confirm\u00f3 que como parte de las negociaciones para lograr aprobar la Ley de Financiamiento, \u201cest\u00e1n demandando cargos en el banco provincia y en el consejo de educaci\u00f3n\u201d y adem\u00e1s \u201cpiden un fondo para los municipios\u201d.<\/p>\n<p>\u201cEsta es una provincia que hoy est\u00e1 siendo asfixiada por el Gobierno nacional, entonces el gobernador dice que los fondos para los municipios se pueden ir otorgando a medida que la provincia va tomando deuda para cumplir con sus compromisos\u201d, subray\u00f3.<\/p>\n<p>#AgenciaNA<\/p>\n","protected":false},"excerpt":{"rendered":"<p>Buenos aires, 27 noviembre (NA) \u2013 El diputado bonaerense Facundo<\/p>\n","protected":false},"author":0,"featured_media":7396,"comment_status":"","ping_status":"","sticky":false,"template":"","format":"standard","meta":{"footnotes":""},"categories":[65],"tags":[],"class_list":["post-7395","post","type-post","status-publish","format-standard","has-post-thumbnail","hentry","category-pais"],"yoast_head":"<!-- This site is optimized with the Yoast SEO plugin v27.4 - https:\/\/yoast.com\/product\/yoast-seo-wordpress\/ -->\n<title>La C\u00e1mpora niega la pelea con Kicillof: \u201cHay una mesa de trabajo desde hace 15 d\u00edas&quot; - Cuarteto en la Web<\/title>\n<meta name=\"robots\" content=\"index, follow, max-snippet:-1, max-image-preview:large, max-video-preview:-1\" \/>\n<link rel=\"canonical\" href=\"https:\/\/cuartetoenlaweb.com.ar\/sitio\/la-campora-niega-la-pelea-con-kicillof-hay-una-mesa-de-trabajo-desde-hace-15-dias\/\" \/>\n<meta property=\"og:locale\" content=\"es_ES\" \/>\n<meta property=\"og:type\" content=\"article\" \/>\n<meta property=\"og:title\" content=\"La C\u00e1mpora niega la pelea con Kicillof: \u201cHay una mesa de trabajo desde hace 15 d\u00edas&quot; - Cuarteto en la Web\" \/>\n<meta property=\"og:description\" content=\"Buenos aires, 27 noviembre (NA) \u2013 El diputado bonaerense Facundo\" \/>\n<meta property=\"og:url\" content=\"https:\/\/cuartetoenlaweb.com.ar\/sitio\/la-campora-niega-la-pelea-con-kicillof-hay-una-mesa-de-trabajo-desde-hace-15-dias\/\" \/>\n<meta property=\"og:site_name\" content=\"Cuarteto en la Web\" \/>\n<meta property=\"article:published_time\" content=\"2025-11-27T16:59:41+00:00\" \/>\n<meta property=\"og:image\" content=\"https:\/\/cuartetoenlaweb.com.ar\/sitio\/wp-content\/uploads\/2025\/11\/720-2062.jpeg\" \/>\n\t<meta property=\"og:image:width\" content=\"1080\" \/>\n\t<meta property=\"og:image:height\" content=\"720\" \/>\n\t<meta property=\"og:image:type\" content=\"image\/jpeg\" \/>\n<meta name=\"twitter:card\" content=\"summary_large_image\" \/>\n<meta name=\"twitter:label1\" content=\"Tiempo de lectura\" \/>\n\t<meta name=\"twitter:data1\" content=\"3 minutos\" \/>\n<script type=\"application\/ld+json\" class=\"yoast-schema-graph\">{\"@context\":\"https:\\\/\\\/schema.org\",\"@graph\":[{\"@type\":\"Article\",\"@id\":\"https:\\\/\\\/cuartetoenlaweb.com.ar\\\/sitio\\\/la-campora-niega-la-pelea-con-kicillof-hay-una-mesa-de-trabajo-desde-hace-15-dias\\\/#article\",\"isPartOf\":{\"@id\":\"https:\\\/\\\/cuartetoenlaweb.com.ar\\\/sitio\\\/la-campora-niega-la-pelea-con-kicillof-hay-una-mesa-de-trabajo-desde-hace-15-dias\\\/\"},\"author\":{\"name\":\"\",\"@id\":\"\"},\"headline\":\"La C\u00e1mpora niega la pelea con Kicillof: \u201cHay una mesa de trabajo desde hace 15 d\u00edas&quot;\",\"datePublished\":\"2025-11-27T16:59:41+00:00\",\"mainEntityOfPage\":{\"@id\":\"https:\\\/\\\/cuartetoenlaweb.com.ar\\\/sitio\\\/la-campora-niega-la-pelea-con-kicillof-hay-una-mesa-de-trabajo-desde-hace-15-dias\\\/\"},\"wordCount\":534,\"publisher\":{\"@id\":\"http:\\\/\\\/cuartetoenlaweb.com.ar\\\/sitio\\\/#organization\"},\"image\":{\"@id\":\"https:\\\/\\\/cuartetoenlaweb.com.ar\\\/sitio\\\/la-campora-niega-la-pelea-con-kicillof-hay-una-mesa-de-trabajo-desde-hace-15-dias\\\/#primaryimage\"},\"thumbnailUrl\":\"https:\\\/\\\/cuartetoenlaweb.com.ar\\\/sitio\\\/wp-content\\\/uploads\\\/2025\\\/11\\\/720-2062.jpeg\",\"articleSection\":[\"PAIS\"],\"inLanguage\":\"es\"},{\"@type\":\"WebPage\",\"@id\":\"https:\\\/\\\/cuartetoenlaweb.com.ar\\\/sitio\\\/la-campora-niega-la-pelea-con-kicillof-hay-una-mesa-de-trabajo-desde-hace-15-dias\\\/\",\"url\":\"https:\\\/\\\/cuartetoenlaweb.com.ar\\\/sitio\\\/la-campora-niega-la-pelea-con-kicillof-hay-una-mesa-de-trabajo-desde-hace-15-dias\\\/\",\"name\":\"La C\u00e1mpora niega la pelea con Kicillof: \u201cHay una mesa de trabajo desde hace 15 d\u00edas&quot; - Cuarteto en la Web\",\"isPartOf\":{\"@id\":\"http:\\\/\\\/cuartetoenlaweb.com.ar\\\/sitio\\\/#website\"},\"primaryImageOfPage\":{\"@id\":\"https:\\\/\\\/cuartetoenlaweb.com.ar\\\/sitio\\\/la-campora-niega-la-pelea-con-kicillof-hay-una-mesa-de-trabajo-desde-hace-15-dias\\\/#primaryimage\"},\"image\":{\"@id\":\"https:\\\/\\\/cuartetoenlaweb.com.ar\\\/sitio\\\/la-campora-niega-la-pelea-con-kicillof-hay-una-mesa-de-trabajo-desde-hace-15-dias\\\/#primaryimage\"},\"thumbnailUrl\":\"https:\\\/\\\/cuartetoenlaweb.com.ar\\\/sitio\\\/wp-content\\\/uploads\\\/2025\\\/11\\\/720-2062.jpeg\",\"datePublished\":\"2025-11-27T16:59:41+00:00\",\"breadcrumb\":{\"@id\":\"https:\\\/\\\/cuartetoenlaweb.com.ar\\\/sitio\\\/la-campora-niega-la-pelea-con-kicillof-hay-una-mesa-de-trabajo-desde-hace-15-dias\\\/#breadcrumb\"},\"inLanguage\":\"es\",\"potentialAction\":[{\"@type\":\"ReadAction\",\"target\":[\"https:\\\/\\\/cuartetoenlaweb.com.ar\\\/sitio\\\/la-campora-niega-la-pelea-con-kicillof-hay-una-mesa-de-trabajo-desde-hace-15-dias\\\/\"]}]},{\"@type\":\"ImageObject\",\"inLanguage\":\"es\",\"@id\":\"https:\\\/\\\/cuartetoenlaweb.com.ar\\\/sitio\\\/la-campora-niega-la-pelea-con-kicillof-hay-una-mesa-de-trabajo-desde-hace-15-dias\\\/#primaryimage\",\"url\":\"https:\\\/\\\/cuartetoenlaweb.com.ar\\\/sitio\\\/wp-content\\\/uploads\\\/2025\\\/11\\\/720-2062.jpeg\",\"contentUrl\":\"https:\\\/\\\/cuartetoenlaweb.com.ar\\\/sitio\\\/wp-content\\\/uploads\\\/2025\\\/11\\\/720-2062.jpeg\",\"width\":1080,\"height\":720},{\"@type\":\"BreadcrumbList\",\"@id\":\"https:\\\/\\\/cuartetoenlaweb.com.ar\\\/sitio\\\/la-campora-niega-la-pelea-con-kicillof-hay-una-mesa-de-trabajo-desde-hace-15-dias\\\/#breadcrumb\",\"itemListElement\":[{\"@type\":\"ListItem\",\"position\":1,\"name\":\"Portada\",\"item\":\"http:\\\/\\\/cuartetoenlaweb.com.ar\\\/sitio\\\/\"},{\"@type\":\"ListItem\",\"position\":2,\"name\":\"La C\u00e1mpora niega la pelea con Kicillof: \u201cHay una mesa de trabajo desde hace 15 d\u00edas&quot;\"}]},{\"@type\":\"WebSite\",\"@id\":\"http:\\\/\\\/cuartetoenlaweb.com.ar\\\/sitio\\\/#website\",\"url\":\"http:\\\/\\\/cuartetoenlaweb.com.ar\\\/sitio\\\/\",\"name\":\"Cuarteto en la Web\",\"description\":\"\",\"publisher\":{\"@id\":\"http:\\\/\\\/cuartetoenlaweb.com.ar\\\/sitio\\\/#organization\"},\"potentialAction\":[{\"@type\":\"SearchAction\",\"target\":{\"@type\":\"EntryPoint\",\"urlTemplate\":\"http:\\\/\\\/cuartetoenlaweb.com.ar\\\/sitio\\\/?s={search_term_string}\"},\"query-input\":{\"@type\":\"PropertyValueSpecification\",\"valueRequired\":true,\"valueName\":\"search_term_string\"}}],\"inLanguage\":\"es\"},{\"@type\":\"Organization\",\"@id\":\"http:\\\/\\\/cuartetoenlaweb.com.ar\\\/sitio\\\/#organization\",\"name\":\"Cuarteto en la Web\",\"url\":\"http:\\\/\\\/cuartetoenlaweb.com.ar\\\/sitio\\\/\",\"logo\":{\"@type\":\"ImageObject\",\"inLanguage\":\"es\",\"@id\":\"http:\\\/\\\/cuartetoenlaweb.com.ar\\\/sitio\\\/#\\\/schema\\\/logo\\\/image\\\/\",\"url\":\"https:\\\/\\\/cuartetoenlaweb.com.ar\\\/sitio\\\/wp-content\\\/uploads\\\/2025\\\/07\\\/cropped-cropped-logitoweb21.png\",\"contentUrl\":\"https:\\\/\\\/cuartetoenlaweb.com.ar\\\/sitio\\\/wp-content\\\/uploads\\\/2025\\\/07\\\/cropped-cropped-logitoweb21.png\",\"width\":199,\"height\":199,\"caption\":\"Cuarteto en la Web\"},\"image\":{\"@id\":\"http:\\\/\\\/cuartetoenlaweb.com.ar\\\/sitio\\\/#\\\/schema\\\/logo\\\/image\\\/\"}}]}<\/script>\n<!-- \/ Yoast SEO plugin. -->","yoast_head_json":{"title":"La C\u00e1mpora niega la pelea con Kicillof: \u201cHay una mesa de trabajo desde hace 15 d\u00edas&quot; - Cuarteto en la Web","robots":{"index":"index","follow":"follow","max-snippet":"max-snippet:-1","max-image-preview":"max-image-preview:large","max-video-preview":"max-video-preview:-1"},"canonical":"https:\/\/cuartetoenlaweb.com.ar\/sitio\/la-campora-niega-la-pelea-con-kicillof-hay-una-mesa-de-trabajo-desde-hace-15-dias\/","og_locale":"es_ES","og_type":"article","og_title":"La C\u00e1mpora niega la pelea con Kicillof: \u201cHay una mesa de trabajo desde hace 15 d\u00edas&quot; - Cuarteto en la Web","og_description":"Buenos aires, 27 noviembre (NA) \u2013 El diputado bonaerense Facundo","og_url":"https:\/\/cuartetoenlaweb.com.ar\/sitio\/la-campora-niega-la-pelea-con-kicillof-hay-una-mesa-de-trabajo-desde-hace-15-dias\/","og_site_name":"Cuarteto en la Web","article_published_time":"2025-11-27T16:59:41+00:00","og_image":[{"width":1080,"height":720,"url":"https:\/\/cuartetoenlaweb.com.ar\/sitio\/wp-content\/uploads\/2025\/11\/720-2062.jpeg","type":"image\/jpeg"}],"twitter_card":"summary_large_image","twitter_misc":{"Tiempo de lectura":"3 minutos"},"schema":{"@context":"https:\/\/schema.org","@graph":[{"@type":"Article","@id":"https:\/\/cuartetoenlaweb.com.ar\/sitio\/la-campora-niega-la-pelea-con-kicillof-hay-una-mesa-de-trabajo-desde-hace-15-dias\/#article","isPartOf":{"@id":"https:\/\/cuartetoenlaweb.com.ar\/sitio\/la-campora-niega-la-pelea-con-kicillof-hay-una-mesa-de-trabajo-desde-hace-15-dias\/"},"author":{"name":"","@id":""},"headline":"La C\u00e1mpora niega la pelea con Kicillof: \u201cHay una mesa de trabajo desde hace 15 d\u00edas&quot;","datePublished":"2025-11-27T16:59:41+00:00","mainEntityOfPage":{"@id":"https:\/\/cuartetoenlaweb.com.ar\/sitio\/la-campora-niega-la-pelea-con-kicillof-hay-una-mesa-de-trabajo-desde-hace-15-dias\/"},"wordCount":534,"publisher":{"@id":"http:\/\/cuartetoenlaweb.com.ar\/sitio\/#organization"},"image":{"@id":"https:\/\/cuartetoenlaweb.com.ar\/sitio\/la-campora-niega-la-pelea-con-kicillof-hay-una-mesa-de-trabajo-desde-hace-15-dias\/#primaryimage"},"thumbnailUrl":"https:\/\/cuartetoenlaweb.com.ar\/sitio\/wp-content\/uploads\/2025\/11\/720-2062.jpeg","articleSection":["PAIS"],"inLanguage":"es"},{"@type":"WebPage","@id":"https:\/\/cuartetoenlaweb.com.ar\/sitio\/la-campora-niega-la-pelea-con-kicillof-hay-una-mesa-de-trabajo-desde-hace-15-dias\/","url":"https:\/\/cuartetoenlaweb.com.ar\/sitio\/la-campora-niega-la-pelea-con-kicillof-hay-una-mesa-de-trabajo-desde-hace-15-dias\/","name":"La C\u00e1mpora niega la pelea con Kicillof: \u201cHay una mesa de trabajo desde hace 15 d\u00edas&quot; - Cuarteto en la Web","isPartOf":{"@id":"http:\/\/cuartetoenlaweb.com.ar\/sitio\/#website"},"primaryImageOfPage":{"@id":"https:\/\/cuartetoenlaweb.com.ar\/sitio\/la-campora-niega-la-pelea-con-kicillof-hay-una-mesa-de-trabajo-desde-hace-15-dias\/#primaryimage"},"image":{"@id":"https:\/\/cuartetoenlaweb.com.ar\/sitio\/la-campora-niega-la-pelea-con-kicillof-hay-una-mesa-de-trabajo-desde-hace-15-dias\/#primaryimage"},"thumbnailUrl":"https:\/\/cuartetoenlaweb.com.ar\/sitio\/wp-content\/uploads\/2025\/11\/720-2062.jpeg","datePublished":"2025-11-27T16:59:41+00:00","breadcrumb":{"@id":"https:\/\/cuartetoenlaweb.com.ar\/sitio\/la-campora-niega-la-pelea-con-kicillof-hay-una-mesa-de-trabajo-desde-hace-15-dias\/#breadcrumb"},"inLanguage":"es","potentialAction":[{"@type":"ReadAction","target":["https:\/\/cuartetoenlaweb.com.ar\/sitio\/la-campora-niega-la-pelea-con-kicillof-hay-una-mesa-de-trabajo-desde-hace-15-dias\/"]}]},{"@type":"ImageObject","inLanguage":"es","@id":"https:\/\/cuartetoenlaweb.com.ar\/sitio\/la-campora-niega-la-pelea-con-kicillof-hay-una-mesa-de-trabajo-desde-hace-15-dias\/#primaryimage","url":"https:\/\/cuartetoenlaweb.com.ar\/sitio\/wp-content\/uploads\/2025\/11\/720-2062.jpeg","contentUrl":"https:\/\/cuartetoenlaweb.com.ar\/sitio\/wp-content\/uploads\/2025\/11\/720-2062.jpeg","width":1080,"height":720},{"@type":"BreadcrumbList","@id":"https:\/\/cuartetoenlaweb.com.ar\/sitio\/la-campora-niega-la-pelea-con-kicillof-hay-una-mesa-de-trabajo-desde-hace-15-dias\/#breadcrumb","itemListElement":[{"@type":"ListItem","position":1,"name":"Portada","item":"http:\/\/cuartetoenlaweb.com.ar\/sitio\/"},{"@type":"ListItem","position":2,"name":"La C\u00e1mpora niega la pelea con Kicillof: \u201cHay una mesa de trabajo desde hace 15 d\u00edas&quot;"}]},{"@type":"WebSite","@id":"http:\/\/cuartetoenlaweb.com.ar\/sitio\/#website","url":"http:\/\/cuartetoenlaweb.com.ar\/sitio\/","name":"Cuarteto en la Web","description":"","publisher":{"@id":"http:\/\/cuartetoenlaweb.com.ar\/sitio\/#organization"},"potentialAction":[{"@type":"SearchAction","target":{"@type":"EntryPoint","urlTemplate":"http:\/\/cuartetoenlaweb.com.ar\/sitio\/?s={search_term_string}"},"query-input":{"@type":"PropertyValueSpecification","valueRequired":true,"valueName":"search_term_string"}}],"inLanguage":"es"},{"@type":"Organization","@id":"http:\/\/cuartetoenlaweb.com.ar\/sitio\/#organization","name":"Cuarteto en la Web","url":"http:\/\/cuartetoenlaweb.com.ar\/sitio\/","logo":{"@type":"ImageObject","inLanguage":"es","@id":"http:\/\/cuartetoenlaweb.com.ar\/sitio\/#\/schema\/logo\/image\/","url":"https:\/\/cuartetoenlaweb.com.ar\/sitio\/wp-content\/uploads\/2025\/07\/cropped-cropped-logitoweb21.png","contentUrl":"https:\/\/cuartetoenlaweb.com.ar\/sitio\/wp-content\/uploads\/2025\/07\/cropped-cropped-logitoweb21.png","width":199,"height":199,"caption":"Cuarteto en la Web"},"image":{"@id":"http:\/\/cuartetoenlaweb.com.ar\/sitio\/#\/schema\/logo\/image\/"}}]}},"_links":{"self":[{"href":"https:\/\/cuartetoenlaweb.com.ar\/sitio\/wp-json\/wp\/v2\/posts\/7395","targetHints":{"allow":["GET"]}}],"collection":[{"href":"https:\/\/cuartetoenlaweb.com.ar\/sitio\/wp-json\/wp\/v2\/posts"}],"about":[{"href":"https:\/\/cuartetoenlaweb.com.ar\/sitio\/wp-json\/wp\/v2\/types\/post"}],"replies":[{"embeddable":true,"href":"https:\/\/cuartetoenlaweb.com.ar\/sitio\/wp-json\/wp\/v2\/comments?post=7395"}],"version-history":[{"count":0,"href":"https:\/\/cuartetoenlaweb.com.ar\/sitio\/wp-json\/wp\/v2\/posts\/7395\/revisions"}],"wp:featuredmedia":[{"embeddable":true,"href":"https:\/\/cuartetoenlaweb.com.ar\/sitio\/wp-json\/wp\/v2\/media\/7396"}],"wp:attachment":[{"href":"https:\/\/cuartetoenlaweb.com.ar\/sitio\/wp-json\/wp\/v2\/media?parent=7395"}],"wp:term":[{"taxonomy":"category","embeddable":true,"href":"https:\/\/cuartetoenlaweb.com.ar\/sitio\/wp-json\/wp\/v2\/categories?post=7395"},{"taxonomy":"post_tag","embeddable":true,"href":"https:\/\/cuartetoenlaweb.com.ar\/sitio\/wp-json\/wp\/v2\/tags?post=7395"}],"curies":[{"name":"wp","href":"https:\/\/api.w.org\/{rel}","templated":true}]}}