
{"id":7393,"date":"2025-11-27T13:59:38","date_gmt":"2025-11-27T16:59:38","guid":{"rendered":"https:\/\/cuartetoenlaweb.com.ar\/sitio\/eduardo-fort-enfrenta-un-embargo-millonario-a-poco-de-ser-padre\/"},"modified":"2025-11-27T13:59:38","modified_gmt":"2025-11-27T16:59:38","slug":"eduardo-fort-enfrenta-un-embargo-millonario-a-poco-de-ser-padre","status":"publish","type":"post","link":"https:\/\/cuartetoenlaweb.com.ar\/sitio\/eduardo-fort-enfrenta-un-embargo-millonario-a-poco-de-ser-padre\/","title":{"rendered":"Eduardo Fort enfrenta un embargo millonario a poco de ser padre"},"content":{"rendered":"<p>Buenos Aires, 27 noviembre (NA) \u2013 La situaci\u00f3n judicial de Eduardo Fort atraviesa su momento m\u00e1s delicado, ya que el empresario y presidente de Felfort qued\u00f3 bajo un embargo de gran magnitud y fue inscripto como deudor alimentario, en el marco de una causa iniciada por su ex esposa, Karina Antoniali.<\/p>\n<p>Todo ocurre mientras espera la llegada de su primer hijo junto a Roc\u00edo Marengo, quien sali\u00f3 p\u00fablicamente a respaldarlo.<\/p>\n<p>Seg\u00fan supo la Agencia Noticias Argentinas, a traves del programa A la Tarde, Antoniali denunci\u00f3 que Fort no cumpl\u00eda con la cuota alimentaria correspondiente a los mellizos Angie y Pietro, de 16 a\u00f1os.<\/p>\n<p>La disputa, seg\u00fan detall\u00f3 Cora Debarbieri, se mantiene activa desde 2022 y motiv\u00f3 que la Justicia ordenara medidas patrimoniales de gran alcance. La resoluci\u00f3n judicial dispone el embargo de:<\/p>\n<p> * Los dividendos y utilidades que reciba como directivo.<br \/>\n * Honorarios y cualquier ingreso econ\u00f3mico del empresario.<br \/>\n * Acciones y participaciones dentro de Felfort.<br \/>\n * Propiedades inmuebles, incluido su domicilio actual y otros bienes en la Ciudad de Buenos Aires.<\/p>\n<p>Adem\u00e1s, el fallo contempla la prohibici\u00f3n de salir del pa\u00eds y su inscripci\u00f3n en los registros de deudores alimentarios tanto de Ciudad como de la Provincia de Buenos Aires.<\/p>\n<p>Debarbieri asegur\u00f3 que el monto total de la deuda es tan elevado que no estaba autorizada a mencionarlo, e incluso la cifra resultaba dif\u00edcil de interpretar por su magnitud.<\/p>\n<p>El abogado Juan Pablo Merlo record\u00f3 en televisi\u00f3n que, seg\u00fan la normativa vigente, los padres est\u00e1n obligados a continuar brindando alimentos hasta los 25 a\u00f1os si los hijos estudian.<\/p>\n<p>Por ese motivo, no solo los mellizos podr\u00edan reclamar judicialmente, sino tambi\u00e9n la hija mayor, Macarena, de 24 a\u00f1os.<\/p>\n<p>El escenario se suma a un clima interno ya complejo, ya que semanas atr\u00e1s, los sobrinos de Eduardo, John y Thomas Fort, cuestionaron p\u00fablicamente su rol dentro de la empresa familiar.<\/p>\n<p>Por otro lado, la representaci\u00f3n legal de Antoniali est\u00e1 a cargo de la abogada Elba Marcovecchio, quien viene siguiendo la causa desde hace tiempo.<\/p>\n<p>Mientras el expediente avanza, Roc\u00edo Marengo eligi\u00f3 acompa\u00f1ar a Fort con un mensaje en redes sociales, mientras est\u00e1 embarazada y transitando la semana 33, comparti\u00f3 una foto junto a \u00e9l y expres\u00f3 que conf\u00eda plenamente en su rol como futuro padre. <\/p>\n<p>Tambi\u00e9n comparti\u00f3 datos de su \u00faltima ecograf\u00eda, se\u00f1alando que el beb\u00e9 se encuentra en perfecto estado.<\/p>\n<p>#AgenciaNA<\/p>\n","protected":false},"excerpt":{"rendered":"<p>Buenos Aires, 27 noviembre (NA) \u2013 La situaci\u00f3n judicial de<\/p>\n","protected":false},"author":0,"featured_media":7394,"comment_status":"","ping_status":"","sticky":false,"template":"","format":"standard","meta":{"footnotes":""},"categories":[65],"tags":[],"class_list":["post-7393","post","type-post","status-publish","format-standard","has-post-thumbnail","hentry","category-pais"],"yoast_head":"<!-- This site is optimized with the Yoast SEO plugin v27.4 - https:\/\/yoast.com\/product\/yoast-seo-wordpress\/ -->\n<title>Eduardo Fort enfrenta un embargo millonario a poco de ser padre - Cuarteto en la Web<\/title>\n<meta name=\"robots\" content=\"index, follow, max-snippet:-1, max-image-preview:large, max-video-preview:-1\" \/>\n<link rel=\"canonical\" href=\"https:\/\/cuartetoenlaweb.com.ar\/sitio\/eduardo-fort-enfrenta-un-embargo-millonario-a-poco-de-ser-padre\/\" \/>\n<meta property=\"og:locale\" content=\"es_ES\" \/>\n<meta property=\"og:type\" content=\"article\" \/>\n<meta property=\"og:title\" content=\"Eduardo Fort enfrenta un embargo millonario a poco de ser padre - Cuarteto en la Web\" \/>\n<meta property=\"og:description\" content=\"Buenos Aires, 27 noviembre (NA) \u2013 La situaci\u00f3n judicial de\" \/>\n<meta property=\"og:url\" content=\"https:\/\/cuartetoenlaweb.com.ar\/sitio\/eduardo-fort-enfrenta-un-embargo-millonario-a-poco-de-ser-padre\/\" \/>\n<meta property=\"og:site_name\" content=\"Cuarteto en la Web\" \/>\n<meta property=\"article:published_time\" content=\"2025-11-27T16:59:38+00:00\" \/>\n<meta property=\"og:image\" content=\"https:\/\/cuartetoenlaweb.com.ar\/sitio\/wp-content\/uploads\/2025\/11\/720-2061.jpeg\" \/>\n\t<meta property=\"og:image:width\" content=\"1080\" \/>\n\t<meta property=\"og:image:height\" content=\"720\" \/>\n\t<meta property=\"og:image:type\" content=\"image\/jpeg\" \/>\n<meta name=\"twitter:card\" content=\"summary_large_image\" \/>\n<meta name=\"twitter:label1\" content=\"Tiempo de lectura\" \/>\n\t<meta name=\"twitter:data1\" content=\"2 minutos\" \/>\n<script type=\"application\/ld+json\" class=\"yoast-schema-graph\">{\"@context\":\"https:\\\/\\\/schema.org\",\"@graph\":[{\"@type\":\"Article\",\"@id\":\"https:\\\/\\\/cuartetoenlaweb.com.ar\\\/sitio\\\/eduardo-fort-enfrenta-un-embargo-millonario-a-poco-de-ser-padre\\\/#article\",\"isPartOf\":{\"@id\":\"https:\\\/\\\/cuartetoenlaweb.com.ar\\\/sitio\\\/eduardo-fort-enfrenta-un-embargo-millonario-a-poco-de-ser-padre\\\/\"},\"author\":{\"name\":\"\",\"@id\":\"\"},\"headline\":\"Eduardo Fort enfrenta un embargo millonario a poco de ser padre\",\"datePublished\":\"2025-11-27T16:59:38+00:00\",\"mainEntityOfPage\":{\"@id\":\"https:\\\/\\\/cuartetoenlaweb.com.ar\\\/sitio\\\/eduardo-fort-enfrenta-un-embargo-millonario-a-poco-de-ser-padre\\\/\"},\"wordCount\":422,\"publisher\":{\"@id\":\"http:\\\/\\\/cuartetoenlaweb.com.ar\\\/sitio\\\/#organization\"},\"image\":{\"@id\":\"https:\\\/\\\/cuartetoenlaweb.com.ar\\\/sitio\\\/eduardo-fort-enfrenta-un-embargo-millonario-a-poco-de-ser-padre\\\/#primaryimage\"},\"thumbnailUrl\":\"https:\\\/\\\/cuartetoenlaweb.com.ar\\\/sitio\\\/wp-content\\\/uploads\\\/2025\\\/11\\\/720-2061.jpeg\",\"articleSection\":[\"PAIS\"],\"inLanguage\":\"es\"},{\"@type\":\"WebPage\",\"@id\":\"https:\\\/\\\/cuartetoenlaweb.com.ar\\\/sitio\\\/eduardo-fort-enfrenta-un-embargo-millonario-a-poco-de-ser-padre\\\/\",\"url\":\"https:\\\/\\\/cuartetoenlaweb.com.ar\\\/sitio\\\/eduardo-fort-enfrenta-un-embargo-millonario-a-poco-de-ser-padre\\\/\",\"name\":\"Eduardo Fort enfrenta un embargo millonario a poco de ser padre - Cuarteto en la Web\",\"isPartOf\":{\"@id\":\"http:\\\/\\\/cuartetoenlaweb.com.ar\\\/sitio\\\/#website\"},\"primaryImageOfPage\":{\"@id\":\"https:\\\/\\\/cuartetoenlaweb.com.ar\\\/sitio\\\/eduardo-fort-enfrenta-un-embargo-millonario-a-poco-de-ser-padre\\\/#primaryimage\"},\"image\":{\"@id\":\"https:\\\/\\\/cuartetoenlaweb.com.ar\\\/sitio\\\/eduardo-fort-enfrenta-un-embargo-millonario-a-poco-de-ser-padre\\\/#primaryimage\"},\"thumbnailUrl\":\"https:\\\/\\\/cuartetoenlaweb.com.ar\\\/sitio\\\/wp-content\\\/uploads\\\/2025\\\/11\\\/720-2061.jpeg\",\"datePublished\":\"2025-11-27T16:59:38+00:00\",\"breadcrumb\":{\"@id\":\"https:\\\/\\\/cuartetoenlaweb.com.ar\\\/sitio\\\/eduardo-fort-enfrenta-un-embargo-millonario-a-poco-de-ser-padre\\\/#breadcrumb\"},\"inLanguage\":\"es\",\"potentialAction\":[{\"@type\":\"ReadAction\",\"target\":[\"https:\\\/\\\/cuartetoenlaweb.com.ar\\\/sitio\\\/eduardo-fort-enfrenta-un-embargo-millonario-a-poco-de-ser-padre\\\/\"]}]},{\"@type\":\"ImageObject\",\"inLanguage\":\"es\",\"@id\":\"https:\\\/\\\/cuartetoenlaweb.com.ar\\\/sitio\\\/eduardo-fort-enfrenta-un-embargo-millonario-a-poco-de-ser-padre\\\/#primaryimage\",\"url\":\"https:\\\/\\\/cuartetoenlaweb.com.ar\\\/sitio\\\/wp-content\\\/uploads\\\/2025\\\/11\\\/720-2061.jpeg\",\"contentUrl\":\"https:\\\/\\\/cuartetoenlaweb.com.ar\\\/sitio\\\/wp-content\\\/uploads\\\/2025\\\/11\\\/720-2061.jpeg\",\"width\":1080,\"height\":720},{\"@type\":\"BreadcrumbList\",\"@id\":\"https:\\\/\\\/cuartetoenlaweb.com.ar\\\/sitio\\\/eduardo-fort-enfrenta-un-embargo-millonario-a-poco-de-ser-padre\\\/#breadcrumb\",\"itemListElement\":[{\"@type\":\"ListItem\",\"position\":1,\"name\":\"Portada\",\"item\":\"http:\\\/\\\/cuartetoenlaweb.com.ar\\\/sitio\\\/\"},{\"@type\":\"ListItem\",\"position\":2,\"name\":\"Eduardo Fort enfrenta un embargo millonario a poco de ser padre\"}]},{\"@type\":\"WebSite\",\"@id\":\"http:\\\/\\\/cuartetoenlaweb.com.ar\\\/sitio\\\/#website\",\"url\":\"http:\\\/\\\/cuartetoenlaweb.com.ar\\\/sitio\\\/\",\"name\":\"Cuarteto en la Web\",\"description\":\"\",\"publisher\":{\"@id\":\"http:\\\/\\\/cuartetoenlaweb.com.ar\\\/sitio\\\/#organization\"},\"potentialAction\":[{\"@type\":\"SearchAction\",\"target\":{\"@type\":\"EntryPoint\",\"urlTemplate\":\"http:\\\/\\\/cuartetoenlaweb.com.ar\\\/sitio\\\/?s={search_term_string}\"},\"query-input\":{\"@type\":\"PropertyValueSpecification\",\"valueRequired\":true,\"valueName\":\"search_term_string\"}}],\"inLanguage\":\"es\"},{\"@type\":\"Organization\",\"@id\":\"http:\\\/\\\/cuartetoenlaweb.com.ar\\\/sitio\\\/#organization\",\"name\":\"Cuarteto en la Web\",\"url\":\"http:\\\/\\\/cuartetoenlaweb.com.ar\\\/sitio\\\/\",\"logo\":{\"@type\":\"ImageObject\",\"inLanguage\":\"es\",\"@id\":\"http:\\\/\\\/cuartetoenlaweb.com.ar\\\/sitio\\\/#\\\/schema\\\/logo\\\/image\\\/\",\"url\":\"https:\\\/\\\/cuartetoenlaweb.com.ar\\\/sitio\\\/wp-content\\\/uploads\\\/2025\\\/07\\\/cropped-cropped-logitoweb21.png\",\"contentUrl\":\"https:\\\/\\\/cuartetoenlaweb.com.ar\\\/sitio\\\/wp-content\\\/uploads\\\/2025\\\/07\\\/cropped-cropped-logitoweb21.png\",\"width\":199,\"height\":199,\"caption\":\"Cuarteto en la Web\"},\"image\":{\"@id\":\"http:\\\/\\\/cuartetoenlaweb.com.ar\\\/sitio\\\/#\\\/schema\\\/logo\\\/image\\\/\"}}]}<\/script>\n<!-- \/ Yoast SEO plugin. -->","yoast_head_json":{"title":"Eduardo Fort enfrenta un embargo millonario a poco de ser padre - Cuarteto en la Web","robots":{"index":"index","follow":"follow","max-snippet":"max-snippet:-1","max-image-preview":"max-image-preview:large","max-video-preview":"max-video-preview:-1"},"canonical":"https:\/\/cuartetoenlaweb.com.ar\/sitio\/eduardo-fort-enfrenta-un-embargo-millonario-a-poco-de-ser-padre\/","og_locale":"es_ES","og_type":"article","og_title":"Eduardo Fort enfrenta un embargo millonario a poco de ser padre - Cuarteto en la Web","og_description":"Buenos Aires, 27 noviembre (NA) \u2013 La situaci\u00f3n judicial de","og_url":"https:\/\/cuartetoenlaweb.com.ar\/sitio\/eduardo-fort-enfrenta-un-embargo-millonario-a-poco-de-ser-padre\/","og_site_name":"Cuarteto en la Web","article_published_time":"2025-11-27T16:59:38+00:00","og_image":[{"width":1080,"height":720,"url":"https:\/\/cuartetoenlaweb.com.ar\/sitio\/wp-content\/uploads\/2025\/11\/720-2061.jpeg","type":"image\/jpeg"}],"twitter_card":"summary_large_image","twitter_misc":{"Tiempo de lectura":"2 minutos"},"schema":{"@context":"https:\/\/schema.org","@graph":[{"@type":"Article","@id":"https:\/\/cuartetoenlaweb.com.ar\/sitio\/eduardo-fort-enfrenta-un-embargo-millonario-a-poco-de-ser-padre\/#article","isPartOf":{"@id":"https:\/\/cuartetoenlaweb.com.ar\/sitio\/eduardo-fort-enfrenta-un-embargo-millonario-a-poco-de-ser-padre\/"},"author":{"name":"","@id":""},"headline":"Eduardo Fort enfrenta un embargo millonario a poco de ser padre","datePublished":"2025-11-27T16:59:38+00:00","mainEntityOfPage":{"@id":"https:\/\/cuartetoenlaweb.com.ar\/sitio\/eduardo-fort-enfrenta-un-embargo-millonario-a-poco-de-ser-padre\/"},"wordCount":422,"publisher":{"@id":"http:\/\/cuartetoenlaweb.com.ar\/sitio\/#organization"},"image":{"@id":"https:\/\/cuartetoenlaweb.com.ar\/sitio\/eduardo-fort-enfrenta-un-embargo-millonario-a-poco-de-ser-padre\/#primaryimage"},"thumbnailUrl":"https:\/\/cuartetoenlaweb.com.ar\/sitio\/wp-content\/uploads\/2025\/11\/720-2061.jpeg","articleSection":["PAIS"],"inLanguage":"es"},{"@type":"WebPage","@id":"https:\/\/cuartetoenlaweb.com.ar\/sitio\/eduardo-fort-enfrenta-un-embargo-millonario-a-poco-de-ser-padre\/","url":"https:\/\/cuartetoenlaweb.com.ar\/sitio\/eduardo-fort-enfrenta-un-embargo-millonario-a-poco-de-ser-padre\/","name":"Eduardo Fort enfrenta un embargo millonario a poco de ser padre - Cuarteto en la Web","isPartOf":{"@id":"http:\/\/cuartetoenlaweb.com.ar\/sitio\/#website"},"primaryImageOfPage":{"@id":"https:\/\/cuartetoenlaweb.com.ar\/sitio\/eduardo-fort-enfrenta-un-embargo-millonario-a-poco-de-ser-padre\/#primaryimage"},"image":{"@id":"https:\/\/cuartetoenlaweb.com.ar\/sitio\/eduardo-fort-enfrenta-un-embargo-millonario-a-poco-de-ser-padre\/#primaryimage"},"thumbnailUrl":"https:\/\/cuartetoenlaweb.com.ar\/sitio\/wp-content\/uploads\/2025\/11\/720-2061.jpeg","datePublished":"2025-11-27T16:59:38+00:00","breadcrumb":{"@id":"https:\/\/cuartetoenlaweb.com.ar\/sitio\/eduardo-fort-enfrenta-un-embargo-millonario-a-poco-de-ser-padre\/#breadcrumb"},"inLanguage":"es","potentialAction":[{"@type":"ReadAction","target":["https:\/\/cuartetoenlaweb.com.ar\/sitio\/eduardo-fort-enfrenta-un-embargo-millonario-a-poco-de-ser-padre\/"]}]},{"@type":"ImageObject","inLanguage":"es","@id":"https:\/\/cuartetoenlaweb.com.ar\/sitio\/eduardo-fort-enfrenta-un-embargo-millonario-a-poco-de-ser-padre\/#primaryimage","url":"https:\/\/cuartetoenlaweb.com.ar\/sitio\/wp-content\/uploads\/2025\/11\/720-2061.jpeg","contentUrl":"https:\/\/cuartetoenlaweb.com.ar\/sitio\/wp-content\/uploads\/2025\/11\/720-2061.jpeg","width":1080,"height":720},{"@type":"BreadcrumbList","@id":"https:\/\/cuartetoenlaweb.com.ar\/sitio\/eduardo-fort-enfrenta-un-embargo-millonario-a-poco-de-ser-padre\/#breadcrumb","itemListElement":[{"@type":"ListItem","position":1,"name":"Portada","item":"http:\/\/cuartetoenlaweb.com.ar\/sitio\/"},{"@type":"ListItem","position":2,"name":"Eduardo Fort enfrenta un embargo millonario a poco de ser padre"}]},{"@type":"WebSite","@id":"http:\/\/cuartetoenlaweb.com.ar\/sitio\/#website","url":"http:\/\/cuartetoenlaweb.com.ar\/sitio\/","name":"Cuarteto en la Web","description":"","publisher":{"@id":"http:\/\/cuartetoenlaweb.com.ar\/sitio\/#organization"},"potentialAction":[{"@type":"SearchAction","target":{"@type":"EntryPoint","urlTemplate":"http:\/\/cuartetoenlaweb.com.ar\/sitio\/?s={search_term_string}"},"query-input":{"@type":"PropertyValueSpecification","valueRequired":true,"valueName":"search_term_string"}}],"inLanguage":"es"},{"@type":"Organization","@id":"http:\/\/cuartetoenlaweb.com.ar\/sitio\/#organization","name":"Cuarteto en la Web","url":"http:\/\/cuartetoenlaweb.com.ar\/sitio\/","logo":{"@type":"ImageObject","inLanguage":"es","@id":"http:\/\/cuartetoenlaweb.com.ar\/sitio\/#\/schema\/logo\/image\/","url":"https:\/\/cuartetoenlaweb.com.ar\/sitio\/wp-content\/uploads\/2025\/07\/cropped-cropped-logitoweb21.png","contentUrl":"https:\/\/cuartetoenlaweb.com.ar\/sitio\/wp-content\/uploads\/2025\/07\/cropped-cropped-logitoweb21.png","width":199,"height":199,"caption":"Cuarteto en la Web"},"image":{"@id":"http:\/\/cuartetoenlaweb.com.ar\/sitio\/#\/schema\/logo\/image\/"}}]}},"_links":{"self":[{"href":"https:\/\/cuartetoenlaweb.com.ar\/sitio\/wp-json\/wp\/v2\/posts\/7393","targetHints":{"allow":["GET"]}}],"collection":[{"href":"https:\/\/cuartetoenlaweb.com.ar\/sitio\/wp-json\/wp\/v2\/posts"}],"about":[{"href":"https:\/\/cuartetoenlaweb.com.ar\/sitio\/wp-json\/wp\/v2\/types\/post"}],"replies":[{"embeddable":true,"href":"https:\/\/cuartetoenlaweb.com.ar\/sitio\/wp-json\/wp\/v2\/comments?post=7393"}],"version-history":[{"count":0,"href":"https:\/\/cuartetoenlaweb.com.ar\/sitio\/wp-json\/wp\/v2\/posts\/7393\/revisions"}],"wp:featuredmedia":[{"embeddable":true,"href":"https:\/\/cuartetoenlaweb.com.ar\/sitio\/wp-json\/wp\/v2\/media\/7394"}],"wp:attachment":[{"href":"https:\/\/cuartetoenlaweb.com.ar\/sitio\/wp-json\/wp\/v2\/media?parent=7393"}],"wp:term":[{"taxonomy":"category","embeddable":true,"href":"https:\/\/cuartetoenlaweb.com.ar\/sitio\/wp-json\/wp\/v2\/categories?post=7393"},{"taxonomy":"post_tag","embeddable":true,"href":"https:\/\/cuartetoenlaweb.com.ar\/sitio\/wp-json\/wp\/v2\/tags?post=7393"}],"curies":[{"name":"wp","href":"https:\/\/api.w.org\/{rel}","templated":true}]}}