
{"id":7389,"date":"2025-11-27T12:59:47","date_gmt":"2025-11-27T15:59:47","guid":{"rendered":"https:\/\/cuartetoenlaweb.com.ar\/sitio\/la-nueva-maternidad-de-cordoba-bajo-la-mira-posible-mala-praxis-y-bebes-muertos\/"},"modified":"2025-11-27T12:59:47","modified_gmt":"2025-11-27T15:59:47","slug":"la-nueva-maternidad-de-cordoba-bajo-la-mira-posible-mala-praxis-y-bebes-muertos","status":"publish","type":"post","link":"https:\/\/cuartetoenlaweb.com.ar\/sitio\/la-nueva-maternidad-de-cordoba-bajo-la-mira-posible-mala-praxis-y-bebes-muertos\/","title":{"rendered":"La Nueva Maternidad de C\u00f3rdoba bajo la mira: posible mala praxis y beb\u00e9s muertos"},"content":{"rendered":"<p>Buenos Aires, 27 noviembre (NA) &#8212; La Nueva Maternidad de C\u00f3rdoba se encuentra bajo la mira de la Justicia provincial ante las m\u00e1s de 10 denuncias por posible mala praxis que derivaron en la muerte de beb\u00e9s, un caso que resuena a pocos meses de que se haya dado a conocer la condena a la enfermera Brenda Ag\u00fcero y a otros funcionarios por los fallecimientos de reci\u00e9n nacidos en el Hospital Neonatal.<\/p>\n<p>Juan Cruz Soria Cangiano, abogado de la causa, habl\u00f3 con la Agencia Noticias Argentinas y relat\u00f3 que el pasado 13 de noviembre radic\u00f3 la primera denuncia en el caso ante la acusaci\u00f3n de su clienta, Evelyn Medina, de que su hija \u00c1mbar hab\u00eda fallecido durante la ces\u00e1rea tard\u00eda que le practicaron en el instituto m\u00e9dico p\u00fablico.<\/p>\n<p>Ante el destape de este primer caso, el abogado cont\u00f3 que otras mam\u00e1s decidieron hablar y tambi\u00e9n radicaron una denuncia para que comience la investigaci\u00f3n oficial, la cual en estos momentos se encuentra en la Fiscal\u00eda N\u00b01, Turno 4.<\/p>\n<p>\u201cLo que denunciamos es mala praxis por varios pilares detectados a lo largo de las historias que relatan las madres\u201d, indic\u00f3 Cangiano.<\/p>\n<p>Hasta ahora son tres los pilares denunciados: el primero es la mala atenci\u00f3n al postergar cesar\u00edas ya programadas, lo que provoc\u00f3 que los beb\u00e9s sufran estr\u00e9s ante la aspiraci\u00f3n de meconio por no poder egresar del \u00fatero.<\/p>\n<p>El segundo es que las ces\u00e1reas, que en ese punto ya eran de urgencia ante las diversas postergaciones, eran realizadas por m\u00e9dicos residentes.<\/p>\n<p>Por \u00faltimo, se expuso que no se cumplieron las medidas de bioseguridad correspondientes como, por ejemplo, el uso de guantes, cofias, barbijos, entre otros elementos.<\/p>\n<p>\u201cSe realizaron varios allanamientos y por el momento hay tres sospechosos a quienes se le secuestraron sus celulares para peritarlos\u201d, dijo el abogado a NA.<\/p>\n<p>A su vez, se aguarda a que en las pr\u00f3ximas horas realicen las primeras autopsias a los beb\u00e9s para poder determinar las causales de muerte y saber si todo lo denunciado tiene alguna correlaci\u00f3n con el triste desenlace.<\/p>\n<p>\u201cEstamos preocupados porque en la Nueva Maternidad siguen atendiendo, haciendo ces\u00e1reas, como si nada pasara\u201d, expuso Cangiano.<\/p>\n<p>INAUGURACI\u00d3N DE LA NUEVA MATERNIDAD<\/p>\n<p>En enero de 2023 se inaugur\u00f3 el nuevo edificio de la Maternidad Provincial Brigadier General Juan Bautista Bustos, ubicado en un predio de tres hect\u00e1reas en avenida V\u00e9lez Sarsfield 2221.<\/p>\n<p>La misma cuenta con una superficie cubierta de 14.750 metros cuadrados y alberga todos los servicios de la Maternidad de barrio San Vicente y se integran tambi\u00e9n los servicios de gineco-obstetricia y neonatolog\u00eda del Hospital Misericordia.<\/p>\n<p>Las autoridades informaron en aquella ocasi\u00f3n que \u201ces la Maternidad m\u00e1s grande de la provincia de C\u00f3rdoba, si se consideran el sector p\u00fablico y el sector privado\u201d, ya que se atienden entre 5.500 y 6.000 nacimientos al a\u00f1o.<\/p>\n<p>#AgenciaNA<\/p>\n","protected":false},"excerpt":{"rendered":"<p>Buenos Aires, 27 noviembre (NA) &#8212; La Nueva Maternidad de<\/p>\n","protected":false},"author":0,"featured_media":7390,"comment_status":"","ping_status":"","sticky":false,"template":"","format":"standard","meta":{"footnotes":""},"categories":[65],"tags":[],"class_list":["post-7389","post","type-post","status-publish","format-standard","has-post-thumbnail","hentry","category-pais"],"yoast_head":"<!-- This site is optimized with the Yoast SEO plugin v27.4 - https:\/\/yoast.com\/product\/yoast-seo-wordpress\/ -->\n<title>La Nueva Maternidad de C\u00f3rdoba bajo la mira: posible mala praxis y beb\u00e9s muertos - Cuarteto en la Web<\/title>\n<meta name=\"robots\" content=\"index, follow, max-snippet:-1, max-image-preview:large, max-video-preview:-1\" \/>\n<link rel=\"canonical\" href=\"https:\/\/cuartetoenlaweb.com.ar\/sitio\/la-nueva-maternidad-de-cordoba-bajo-la-mira-posible-mala-praxis-y-bebes-muertos\/\" \/>\n<meta property=\"og:locale\" content=\"es_ES\" \/>\n<meta property=\"og:type\" content=\"article\" \/>\n<meta property=\"og:title\" content=\"La Nueva Maternidad de C\u00f3rdoba bajo la mira: posible mala praxis y beb\u00e9s muertos - Cuarteto en la Web\" \/>\n<meta property=\"og:description\" content=\"Buenos Aires, 27 noviembre (NA) &#8212; La Nueva Maternidad de\" \/>\n<meta property=\"og:url\" content=\"https:\/\/cuartetoenlaweb.com.ar\/sitio\/la-nueva-maternidad-de-cordoba-bajo-la-mira-posible-mala-praxis-y-bebes-muertos\/\" \/>\n<meta property=\"og:site_name\" content=\"Cuarteto en la Web\" \/>\n<meta property=\"article:published_time\" content=\"2025-11-27T15:59:47+00:00\" \/>\n<meta property=\"og:image\" content=\"https:\/\/cuartetoenlaweb.com.ar\/sitio\/wp-content\/uploads\/2025\/11\/720-2060.jpeg\" \/>\n\t<meta property=\"og:image:width\" content=\"1078\" \/>\n\t<meta property=\"og:image:height\" content=\"720\" \/>\n\t<meta property=\"og:image:type\" content=\"image\/jpeg\" \/>\n<meta name=\"twitter:card\" content=\"summary_large_image\" \/>\n<meta name=\"twitter:label1\" content=\"Tiempo de lectura\" \/>\n\t<meta name=\"twitter:data1\" content=\"2 minutos\" \/>\n<script type=\"application\/ld+json\" class=\"yoast-schema-graph\">{\"@context\":\"https:\\\/\\\/schema.org\",\"@graph\":[{\"@type\":\"Article\",\"@id\":\"https:\\\/\\\/cuartetoenlaweb.com.ar\\\/sitio\\\/la-nueva-maternidad-de-cordoba-bajo-la-mira-posible-mala-praxis-y-bebes-muertos\\\/#article\",\"isPartOf\":{\"@id\":\"https:\\\/\\\/cuartetoenlaweb.com.ar\\\/sitio\\\/la-nueva-maternidad-de-cordoba-bajo-la-mira-posible-mala-praxis-y-bebes-muertos\\\/\"},\"author\":{\"name\":\"\",\"@id\":\"\"},\"headline\":\"La Nueva Maternidad de C\u00f3rdoba bajo la mira: posible mala praxis y beb\u00e9s muertos\",\"datePublished\":\"2025-11-27T15:59:47+00:00\",\"mainEntityOfPage\":{\"@id\":\"https:\\\/\\\/cuartetoenlaweb.com.ar\\\/sitio\\\/la-nueva-maternidad-de-cordoba-bajo-la-mira-posible-mala-praxis-y-bebes-muertos\\\/\"},\"wordCount\":507,\"publisher\":{\"@id\":\"http:\\\/\\\/cuartetoenlaweb.com.ar\\\/sitio\\\/#organization\"},\"image\":{\"@id\":\"https:\\\/\\\/cuartetoenlaweb.com.ar\\\/sitio\\\/la-nueva-maternidad-de-cordoba-bajo-la-mira-posible-mala-praxis-y-bebes-muertos\\\/#primaryimage\"},\"thumbnailUrl\":\"https:\\\/\\\/cuartetoenlaweb.com.ar\\\/sitio\\\/wp-content\\\/uploads\\\/2025\\\/11\\\/720-2060.jpeg\",\"articleSection\":[\"PAIS\"],\"inLanguage\":\"es\"},{\"@type\":\"WebPage\",\"@id\":\"https:\\\/\\\/cuartetoenlaweb.com.ar\\\/sitio\\\/la-nueva-maternidad-de-cordoba-bajo-la-mira-posible-mala-praxis-y-bebes-muertos\\\/\",\"url\":\"https:\\\/\\\/cuartetoenlaweb.com.ar\\\/sitio\\\/la-nueva-maternidad-de-cordoba-bajo-la-mira-posible-mala-praxis-y-bebes-muertos\\\/\",\"name\":\"La Nueva Maternidad de C\u00f3rdoba bajo la mira: posible mala praxis y beb\u00e9s muertos - Cuarteto en la Web\",\"isPartOf\":{\"@id\":\"http:\\\/\\\/cuartetoenlaweb.com.ar\\\/sitio\\\/#website\"},\"primaryImageOfPage\":{\"@id\":\"https:\\\/\\\/cuartetoenlaweb.com.ar\\\/sitio\\\/la-nueva-maternidad-de-cordoba-bajo-la-mira-posible-mala-praxis-y-bebes-muertos\\\/#primaryimage\"},\"image\":{\"@id\":\"https:\\\/\\\/cuartetoenlaweb.com.ar\\\/sitio\\\/la-nueva-maternidad-de-cordoba-bajo-la-mira-posible-mala-praxis-y-bebes-muertos\\\/#primaryimage\"},\"thumbnailUrl\":\"https:\\\/\\\/cuartetoenlaweb.com.ar\\\/sitio\\\/wp-content\\\/uploads\\\/2025\\\/11\\\/720-2060.jpeg\",\"datePublished\":\"2025-11-27T15:59:47+00:00\",\"breadcrumb\":{\"@id\":\"https:\\\/\\\/cuartetoenlaweb.com.ar\\\/sitio\\\/la-nueva-maternidad-de-cordoba-bajo-la-mira-posible-mala-praxis-y-bebes-muertos\\\/#breadcrumb\"},\"inLanguage\":\"es\",\"potentialAction\":[{\"@type\":\"ReadAction\",\"target\":[\"https:\\\/\\\/cuartetoenlaweb.com.ar\\\/sitio\\\/la-nueva-maternidad-de-cordoba-bajo-la-mira-posible-mala-praxis-y-bebes-muertos\\\/\"]}]},{\"@type\":\"ImageObject\",\"inLanguage\":\"es\",\"@id\":\"https:\\\/\\\/cuartetoenlaweb.com.ar\\\/sitio\\\/la-nueva-maternidad-de-cordoba-bajo-la-mira-posible-mala-praxis-y-bebes-muertos\\\/#primaryimage\",\"url\":\"https:\\\/\\\/cuartetoenlaweb.com.ar\\\/sitio\\\/wp-content\\\/uploads\\\/2025\\\/11\\\/720-2060.jpeg\",\"contentUrl\":\"https:\\\/\\\/cuartetoenlaweb.com.ar\\\/sitio\\\/wp-content\\\/uploads\\\/2025\\\/11\\\/720-2060.jpeg\",\"width\":1078,\"height\":720},{\"@type\":\"BreadcrumbList\",\"@id\":\"https:\\\/\\\/cuartetoenlaweb.com.ar\\\/sitio\\\/la-nueva-maternidad-de-cordoba-bajo-la-mira-posible-mala-praxis-y-bebes-muertos\\\/#breadcrumb\",\"itemListElement\":[{\"@type\":\"ListItem\",\"position\":1,\"name\":\"Portada\",\"item\":\"http:\\\/\\\/cuartetoenlaweb.com.ar\\\/sitio\\\/\"},{\"@type\":\"ListItem\",\"position\":2,\"name\":\"La Nueva Maternidad de C\u00f3rdoba bajo la mira: posible mala praxis y beb\u00e9s muertos\"}]},{\"@type\":\"WebSite\",\"@id\":\"http:\\\/\\\/cuartetoenlaweb.com.ar\\\/sitio\\\/#website\",\"url\":\"http:\\\/\\\/cuartetoenlaweb.com.ar\\\/sitio\\\/\",\"name\":\"Cuarteto en la Web\",\"description\":\"\",\"publisher\":{\"@id\":\"http:\\\/\\\/cuartetoenlaweb.com.ar\\\/sitio\\\/#organization\"},\"potentialAction\":[{\"@type\":\"SearchAction\",\"target\":{\"@type\":\"EntryPoint\",\"urlTemplate\":\"http:\\\/\\\/cuartetoenlaweb.com.ar\\\/sitio\\\/?s={search_term_string}\"},\"query-input\":{\"@type\":\"PropertyValueSpecification\",\"valueRequired\":true,\"valueName\":\"search_term_string\"}}],\"inLanguage\":\"es\"},{\"@type\":\"Organization\",\"@id\":\"http:\\\/\\\/cuartetoenlaweb.com.ar\\\/sitio\\\/#organization\",\"name\":\"Cuarteto en la Web\",\"url\":\"http:\\\/\\\/cuartetoenlaweb.com.ar\\\/sitio\\\/\",\"logo\":{\"@type\":\"ImageObject\",\"inLanguage\":\"es\",\"@id\":\"http:\\\/\\\/cuartetoenlaweb.com.ar\\\/sitio\\\/#\\\/schema\\\/logo\\\/image\\\/\",\"url\":\"https:\\\/\\\/cuartetoenlaweb.com.ar\\\/sitio\\\/wp-content\\\/uploads\\\/2025\\\/07\\\/cropped-cropped-logitoweb21.png\",\"contentUrl\":\"https:\\\/\\\/cuartetoenlaweb.com.ar\\\/sitio\\\/wp-content\\\/uploads\\\/2025\\\/07\\\/cropped-cropped-logitoweb21.png\",\"width\":199,\"height\":199,\"caption\":\"Cuarteto en la Web\"},\"image\":{\"@id\":\"http:\\\/\\\/cuartetoenlaweb.com.ar\\\/sitio\\\/#\\\/schema\\\/logo\\\/image\\\/\"}}]}<\/script>\n<!-- \/ Yoast SEO plugin. -->","yoast_head_json":{"title":"La Nueva Maternidad de C\u00f3rdoba bajo la mira: posible mala praxis y beb\u00e9s muertos - Cuarteto en la Web","robots":{"index":"index","follow":"follow","max-snippet":"max-snippet:-1","max-image-preview":"max-image-preview:large","max-video-preview":"max-video-preview:-1"},"canonical":"https:\/\/cuartetoenlaweb.com.ar\/sitio\/la-nueva-maternidad-de-cordoba-bajo-la-mira-posible-mala-praxis-y-bebes-muertos\/","og_locale":"es_ES","og_type":"article","og_title":"La Nueva Maternidad de C\u00f3rdoba bajo la mira: posible mala praxis y beb\u00e9s muertos - Cuarteto en la Web","og_description":"Buenos Aires, 27 noviembre (NA) &#8212; La Nueva Maternidad de","og_url":"https:\/\/cuartetoenlaweb.com.ar\/sitio\/la-nueva-maternidad-de-cordoba-bajo-la-mira-posible-mala-praxis-y-bebes-muertos\/","og_site_name":"Cuarteto en la Web","article_published_time":"2025-11-27T15:59:47+00:00","og_image":[{"width":1078,"height":720,"url":"https:\/\/cuartetoenlaweb.com.ar\/sitio\/wp-content\/uploads\/2025\/11\/720-2060.jpeg","type":"image\/jpeg"}],"twitter_card":"summary_large_image","twitter_misc":{"Tiempo de lectura":"2 minutos"},"schema":{"@context":"https:\/\/schema.org","@graph":[{"@type":"Article","@id":"https:\/\/cuartetoenlaweb.com.ar\/sitio\/la-nueva-maternidad-de-cordoba-bajo-la-mira-posible-mala-praxis-y-bebes-muertos\/#article","isPartOf":{"@id":"https:\/\/cuartetoenlaweb.com.ar\/sitio\/la-nueva-maternidad-de-cordoba-bajo-la-mira-posible-mala-praxis-y-bebes-muertos\/"},"author":{"name":"","@id":""},"headline":"La Nueva Maternidad de C\u00f3rdoba bajo la mira: posible mala praxis y beb\u00e9s muertos","datePublished":"2025-11-27T15:59:47+00:00","mainEntityOfPage":{"@id":"https:\/\/cuartetoenlaweb.com.ar\/sitio\/la-nueva-maternidad-de-cordoba-bajo-la-mira-posible-mala-praxis-y-bebes-muertos\/"},"wordCount":507,"publisher":{"@id":"http:\/\/cuartetoenlaweb.com.ar\/sitio\/#organization"},"image":{"@id":"https:\/\/cuartetoenlaweb.com.ar\/sitio\/la-nueva-maternidad-de-cordoba-bajo-la-mira-posible-mala-praxis-y-bebes-muertos\/#primaryimage"},"thumbnailUrl":"https:\/\/cuartetoenlaweb.com.ar\/sitio\/wp-content\/uploads\/2025\/11\/720-2060.jpeg","articleSection":["PAIS"],"inLanguage":"es"},{"@type":"WebPage","@id":"https:\/\/cuartetoenlaweb.com.ar\/sitio\/la-nueva-maternidad-de-cordoba-bajo-la-mira-posible-mala-praxis-y-bebes-muertos\/","url":"https:\/\/cuartetoenlaweb.com.ar\/sitio\/la-nueva-maternidad-de-cordoba-bajo-la-mira-posible-mala-praxis-y-bebes-muertos\/","name":"La Nueva Maternidad de C\u00f3rdoba bajo la mira: posible mala praxis y beb\u00e9s muertos - Cuarteto en la Web","isPartOf":{"@id":"http:\/\/cuartetoenlaweb.com.ar\/sitio\/#website"},"primaryImageOfPage":{"@id":"https:\/\/cuartetoenlaweb.com.ar\/sitio\/la-nueva-maternidad-de-cordoba-bajo-la-mira-posible-mala-praxis-y-bebes-muertos\/#primaryimage"},"image":{"@id":"https:\/\/cuartetoenlaweb.com.ar\/sitio\/la-nueva-maternidad-de-cordoba-bajo-la-mira-posible-mala-praxis-y-bebes-muertos\/#primaryimage"},"thumbnailUrl":"https:\/\/cuartetoenlaweb.com.ar\/sitio\/wp-content\/uploads\/2025\/11\/720-2060.jpeg","datePublished":"2025-11-27T15:59:47+00:00","breadcrumb":{"@id":"https:\/\/cuartetoenlaweb.com.ar\/sitio\/la-nueva-maternidad-de-cordoba-bajo-la-mira-posible-mala-praxis-y-bebes-muertos\/#breadcrumb"},"inLanguage":"es","potentialAction":[{"@type":"ReadAction","target":["https:\/\/cuartetoenlaweb.com.ar\/sitio\/la-nueva-maternidad-de-cordoba-bajo-la-mira-posible-mala-praxis-y-bebes-muertos\/"]}]},{"@type":"ImageObject","inLanguage":"es","@id":"https:\/\/cuartetoenlaweb.com.ar\/sitio\/la-nueva-maternidad-de-cordoba-bajo-la-mira-posible-mala-praxis-y-bebes-muertos\/#primaryimage","url":"https:\/\/cuartetoenlaweb.com.ar\/sitio\/wp-content\/uploads\/2025\/11\/720-2060.jpeg","contentUrl":"https:\/\/cuartetoenlaweb.com.ar\/sitio\/wp-content\/uploads\/2025\/11\/720-2060.jpeg","width":1078,"height":720},{"@type":"BreadcrumbList","@id":"https:\/\/cuartetoenlaweb.com.ar\/sitio\/la-nueva-maternidad-de-cordoba-bajo-la-mira-posible-mala-praxis-y-bebes-muertos\/#breadcrumb","itemListElement":[{"@type":"ListItem","position":1,"name":"Portada","item":"http:\/\/cuartetoenlaweb.com.ar\/sitio\/"},{"@type":"ListItem","position":2,"name":"La Nueva Maternidad de C\u00f3rdoba bajo la mira: posible mala praxis y beb\u00e9s muertos"}]},{"@type":"WebSite","@id":"http:\/\/cuartetoenlaweb.com.ar\/sitio\/#website","url":"http:\/\/cuartetoenlaweb.com.ar\/sitio\/","name":"Cuarteto en la Web","description":"","publisher":{"@id":"http:\/\/cuartetoenlaweb.com.ar\/sitio\/#organization"},"potentialAction":[{"@type":"SearchAction","target":{"@type":"EntryPoint","urlTemplate":"http:\/\/cuartetoenlaweb.com.ar\/sitio\/?s={search_term_string}"},"query-input":{"@type":"PropertyValueSpecification","valueRequired":true,"valueName":"search_term_string"}}],"inLanguage":"es"},{"@type":"Organization","@id":"http:\/\/cuartetoenlaweb.com.ar\/sitio\/#organization","name":"Cuarteto en la Web","url":"http:\/\/cuartetoenlaweb.com.ar\/sitio\/","logo":{"@type":"ImageObject","inLanguage":"es","@id":"http:\/\/cuartetoenlaweb.com.ar\/sitio\/#\/schema\/logo\/image\/","url":"https:\/\/cuartetoenlaweb.com.ar\/sitio\/wp-content\/uploads\/2025\/07\/cropped-cropped-logitoweb21.png","contentUrl":"https:\/\/cuartetoenlaweb.com.ar\/sitio\/wp-content\/uploads\/2025\/07\/cropped-cropped-logitoweb21.png","width":199,"height":199,"caption":"Cuarteto en la Web"},"image":{"@id":"http:\/\/cuartetoenlaweb.com.ar\/sitio\/#\/schema\/logo\/image\/"}}]}},"_links":{"self":[{"href":"https:\/\/cuartetoenlaweb.com.ar\/sitio\/wp-json\/wp\/v2\/posts\/7389","targetHints":{"allow":["GET"]}}],"collection":[{"href":"https:\/\/cuartetoenlaweb.com.ar\/sitio\/wp-json\/wp\/v2\/posts"}],"about":[{"href":"https:\/\/cuartetoenlaweb.com.ar\/sitio\/wp-json\/wp\/v2\/types\/post"}],"replies":[{"embeddable":true,"href":"https:\/\/cuartetoenlaweb.com.ar\/sitio\/wp-json\/wp\/v2\/comments?post=7389"}],"version-history":[{"count":0,"href":"https:\/\/cuartetoenlaweb.com.ar\/sitio\/wp-json\/wp\/v2\/posts\/7389\/revisions"}],"wp:featuredmedia":[{"embeddable":true,"href":"https:\/\/cuartetoenlaweb.com.ar\/sitio\/wp-json\/wp\/v2\/media\/7390"}],"wp:attachment":[{"href":"https:\/\/cuartetoenlaweb.com.ar\/sitio\/wp-json\/wp\/v2\/media?parent=7389"}],"wp:term":[{"taxonomy":"category","embeddable":true,"href":"https:\/\/cuartetoenlaweb.com.ar\/sitio\/wp-json\/wp\/v2\/categories?post=7389"},{"taxonomy":"post_tag","embeddable":true,"href":"https:\/\/cuartetoenlaweb.com.ar\/sitio\/wp-json\/wp\/v2\/tags?post=7389"}],"curies":[{"name":"wp","href":"https:\/\/api.w.org\/{rel}","templated":true}]}}