
{"id":7385,"date":"2025-11-27T12:59:42","date_gmt":"2025-11-27T15:59:42","guid":{"rendered":"https:\/\/cuartetoenlaweb.com.ar\/sitio\/las-duras-criticas-de-mauro-icardi-hacia-el-ex-abogado-de-wanda\/"},"modified":"2025-11-27T12:59:42","modified_gmt":"2025-11-27T15:59:42","slug":"las-duras-criticas-de-mauro-icardi-hacia-el-ex-abogado-de-wanda","status":"publish","type":"post","link":"https:\/\/cuartetoenlaweb.com.ar\/sitio\/las-duras-criticas-de-mauro-icardi-hacia-el-ex-abogado-de-wanda\/","title":{"rendered":"Las duras cr\u00edticas de Mauro Icardi hacia el ex abogado de Wanda"},"content":{"rendered":"<p>Buenos Aires, 27 noviembre (NA) \u2013 Mauro Icardi volvi\u00f3 a encender la pol\u00e9mica al publicar un fuerte mensaje en sus historias de Instagram, donde cuestion\u00f3 duramente, pero sin nombrarlo, al abogado que representaba a Wanda Nara, Nicol\u00e1s Payarola, quien fue detenido por estafa este jueves por la ma\u00f1ana.<\/p>\n<p>Seg\u00fan visualiz\u00f3 la Agencia Noticias Argentinas, el futbolista comparti\u00f3 un texto en tono ir\u00f3nico seguido de una serie de acusaciones dirigidas hacia el letrado, pero sin mencionar su nombre.<\/p>\n<p>En la primera parte de su publicaci\u00f3n, Icardi cit\u00f3 una frase que suele circular en redes: \u201c\u00bfC\u00f3mo hab\u00edan dicho? \u2018Cada uno tiene el abogado que se merece\u2019. Nunca estuve tan de acuerdo con una frase\u201d, escribi\u00f3, acompa\u00f1ado por un emoji de aplausos.<\/p>\n<p>Luego a\u00f1adi\u00f3: \u201cPerm\u00edtanme dudar lo de \u2018Buenos abogados y sobre todo grandes seres humanos\u2019\u201d, cerrando la idea con emojis de risa.<\/p>\n<p>Debajo del texto, el jugador sum\u00f3 una imagen con la frase \u201cHermosa ma\u00f1ana, \u00bfverdad?\u201d, a modo de iron\u00eda.<\/p>\n<p>En el tramo final de la historia, Icardi dirigi\u00f3 un mensaje directo, aunque sin identificar al destinatario, en el que lanz\u00f3 calificativos y cuestionamientos. \u201c\u00bfEsta lacra, estafador, acosador y ladr\u00f3n es el mismo que defend\u00eda los intereses de mis hijas? No puede defender ni los suyos\u201d, escribi\u00f3.<\/p>\n<p>Finalmente, cerr\u00f3 con una frase que sugiere que seguir\u00e1 hablando del tema: \u201cComo siempre dije, van a caer uno por uno. Solo hay que sentarse a esperar\u201d.<\/p>\n<p>Hasta el momento, Icardi no ampli\u00f3 su descargo ni dio m\u00e1s detalles sobre el origen del conflicto, tampoco mencion\u00f3 a qui\u00e9n iban dirigidas sus historias, pero detr\u00e1s de la detenci\u00f3n del letrado, se asume que fue contra \u00e9l.<\/p>\n<p>#AgenciaNA<\/p>\n","protected":false},"excerpt":{"rendered":"<p>Buenos Aires, 27 noviembre (NA) \u2013 Mauro Icardi volvi\u00f3 a<\/p>\n","protected":false},"author":0,"featured_media":7386,"comment_status":"","ping_status":"","sticky":false,"template":"","format":"standard","meta":{"footnotes":""},"categories":[65],"tags":[],"class_list":["post-7385","post","type-post","status-publish","format-standard","has-post-thumbnail","hentry","category-pais"],"yoast_head":"<!-- This site is optimized with the Yoast SEO plugin v27.4 - https:\/\/yoast.com\/product\/yoast-seo-wordpress\/ -->\n<title>Las duras cr\u00edticas de Mauro Icardi hacia el ex abogado de Wanda - Cuarteto en la Web<\/title>\n<meta name=\"robots\" content=\"index, follow, max-snippet:-1, max-image-preview:large, max-video-preview:-1\" \/>\n<link rel=\"canonical\" href=\"http:\/\/cuartetoenlaweb.com.ar\/sitio\/las-duras-criticas-de-mauro-icardi-hacia-el-ex-abogado-de-wanda\/\" \/>\n<meta property=\"og:locale\" content=\"es_ES\" \/>\n<meta property=\"og:type\" content=\"article\" \/>\n<meta property=\"og:title\" content=\"Las duras cr\u00edticas de Mauro Icardi hacia el ex abogado de Wanda - Cuarteto en la Web\" \/>\n<meta property=\"og:description\" content=\"Buenos Aires, 27 noviembre (NA) \u2013 Mauro Icardi volvi\u00f3 a\" \/>\n<meta property=\"og:url\" content=\"http:\/\/cuartetoenlaweb.com.ar\/sitio\/las-duras-criticas-de-mauro-icardi-hacia-el-ex-abogado-de-wanda\/\" \/>\n<meta property=\"og:site_name\" content=\"Cuarteto en la Web\" \/>\n<meta property=\"article:published_time\" content=\"2025-11-27T15:59:42+00:00\" \/>\n<meta property=\"og:image\" content=\"http:\/\/cuartetoenlaweb.com.ar\/sitio\/wp-content\/uploads\/2025\/11\/720-2058.jpeg\" \/>\n\t<meta property=\"og:image:width\" content=\"1080\" \/>\n\t<meta property=\"og:image:height\" content=\"720\" \/>\n\t<meta property=\"og:image:type\" content=\"image\/jpeg\" \/>\n<meta name=\"twitter:card\" content=\"summary_large_image\" \/>\n<meta name=\"twitter:label1\" content=\"Tiempo de lectura\" \/>\n\t<meta name=\"twitter:data1\" content=\"1 minuto\" \/>\n<script type=\"application\/ld+json\" class=\"yoast-schema-graph\">{\"@context\":\"https:\\\/\\\/schema.org\",\"@graph\":[{\"@type\":\"Article\",\"@id\":\"http:\\\/\\\/cuartetoenlaweb.com.ar\\\/sitio\\\/las-duras-criticas-de-mauro-icardi-hacia-el-ex-abogado-de-wanda\\\/#article\",\"isPartOf\":{\"@id\":\"http:\\\/\\\/cuartetoenlaweb.com.ar\\\/sitio\\\/las-duras-criticas-de-mauro-icardi-hacia-el-ex-abogado-de-wanda\\\/\"},\"author\":{\"name\":\"\",\"@id\":\"\"},\"headline\":\"Las duras cr\u00edticas de Mauro Icardi hacia el ex abogado de Wanda\",\"datePublished\":\"2025-11-27T15:59:42+00:00\",\"mainEntityOfPage\":{\"@id\":\"http:\\\/\\\/cuartetoenlaweb.com.ar\\\/sitio\\\/las-duras-criticas-de-mauro-icardi-hacia-el-ex-abogado-de-wanda\\\/\"},\"wordCount\":301,\"publisher\":{\"@id\":\"http:\\\/\\\/cuartetoenlaweb.com.ar\\\/sitio\\\/#organization\"},\"image\":{\"@id\":\"http:\\\/\\\/cuartetoenlaweb.com.ar\\\/sitio\\\/las-duras-criticas-de-mauro-icardi-hacia-el-ex-abogado-de-wanda\\\/#primaryimage\"},\"thumbnailUrl\":\"https:\\\/\\\/cuartetoenlaweb.com.ar\\\/sitio\\\/wp-content\\\/uploads\\\/2025\\\/11\\\/720-2058.jpeg\",\"articleSection\":[\"PAIS\"],\"inLanguage\":\"es\"},{\"@type\":\"WebPage\",\"@id\":\"http:\\\/\\\/cuartetoenlaweb.com.ar\\\/sitio\\\/las-duras-criticas-de-mauro-icardi-hacia-el-ex-abogado-de-wanda\\\/\",\"url\":\"http:\\\/\\\/cuartetoenlaweb.com.ar\\\/sitio\\\/las-duras-criticas-de-mauro-icardi-hacia-el-ex-abogado-de-wanda\\\/\",\"name\":\"Las duras cr\u00edticas de Mauro Icardi hacia el ex abogado de Wanda - Cuarteto en la Web\",\"isPartOf\":{\"@id\":\"http:\\\/\\\/cuartetoenlaweb.com.ar\\\/sitio\\\/#website\"},\"primaryImageOfPage\":{\"@id\":\"http:\\\/\\\/cuartetoenlaweb.com.ar\\\/sitio\\\/las-duras-criticas-de-mauro-icardi-hacia-el-ex-abogado-de-wanda\\\/#primaryimage\"},\"image\":{\"@id\":\"http:\\\/\\\/cuartetoenlaweb.com.ar\\\/sitio\\\/las-duras-criticas-de-mauro-icardi-hacia-el-ex-abogado-de-wanda\\\/#primaryimage\"},\"thumbnailUrl\":\"https:\\\/\\\/cuartetoenlaweb.com.ar\\\/sitio\\\/wp-content\\\/uploads\\\/2025\\\/11\\\/720-2058.jpeg\",\"datePublished\":\"2025-11-27T15:59:42+00:00\",\"breadcrumb\":{\"@id\":\"http:\\\/\\\/cuartetoenlaweb.com.ar\\\/sitio\\\/las-duras-criticas-de-mauro-icardi-hacia-el-ex-abogado-de-wanda\\\/#breadcrumb\"},\"inLanguage\":\"es\",\"potentialAction\":[{\"@type\":\"ReadAction\",\"target\":[\"http:\\\/\\\/cuartetoenlaweb.com.ar\\\/sitio\\\/las-duras-criticas-de-mauro-icardi-hacia-el-ex-abogado-de-wanda\\\/\"]}]},{\"@type\":\"ImageObject\",\"inLanguage\":\"es\",\"@id\":\"http:\\\/\\\/cuartetoenlaweb.com.ar\\\/sitio\\\/las-duras-criticas-de-mauro-icardi-hacia-el-ex-abogado-de-wanda\\\/#primaryimage\",\"url\":\"https:\\\/\\\/cuartetoenlaweb.com.ar\\\/sitio\\\/wp-content\\\/uploads\\\/2025\\\/11\\\/720-2058.jpeg\",\"contentUrl\":\"https:\\\/\\\/cuartetoenlaweb.com.ar\\\/sitio\\\/wp-content\\\/uploads\\\/2025\\\/11\\\/720-2058.jpeg\",\"width\":1080,\"height\":720},{\"@type\":\"BreadcrumbList\",\"@id\":\"http:\\\/\\\/cuartetoenlaweb.com.ar\\\/sitio\\\/las-duras-criticas-de-mauro-icardi-hacia-el-ex-abogado-de-wanda\\\/#breadcrumb\",\"itemListElement\":[{\"@type\":\"ListItem\",\"position\":1,\"name\":\"Portada\",\"item\":\"http:\\\/\\\/cuartetoenlaweb.com.ar\\\/sitio\\\/\"},{\"@type\":\"ListItem\",\"position\":2,\"name\":\"Las duras cr\u00edticas de Mauro Icardi hacia el ex abogado de Wanda\"}]},{\"@type\":\"WebSite\",\"@id\":\"http:\\\/\\\/cuartetoenlaweb.com.ar\\\/sitio\\\/#website\",\"url\":\"http:\\\/\\\/cuartetoenlaweb.com.ar\\\/sitio\\\/\",\"name\":\"Cuarteto en la Web\",\"description\":\"\",\"publisher\":{\"@id\":\"http:\\\/\\\/cuartetoenlaweb.com.ar\\\/sitio\\\/#organization\"},\"potentialAction\":[{\"@type\":\"SearchAction\",\"target\":{\"@type\":\"EntryPoint\",\"urlTemplate\":\"http:\\\/\\\/cuartetoenlaweb.com.ar\\\/sitio\\\/?s={search_term_string}\"},\"query-input\":{\"@type\":\"PropertyValueSpecification\",\"valueRequired\":true,\"valueName\":\"search_term_string\"}}],\"inLanguage\":\"es\"},{\"@type\":\"Organization\",\"@id\":\"http:\\\/\\\/cuartetoenlaweb.com.ar\\\/sitio\\\/#organization\",\"name\":\"Cuarteto en la Web\",\"url\":\"http:\\\/\\\/cuartetoenlaweb.com.ar\\\/sitio\\\/\",\"logo\":{\"@type\":\"ImageObject\",\"inLanguage\":\"es\",\"@id\":\"http:\\\/\\\/cuartetoenlaweb.com.ar\\\/sitio\\\/#\\\/schema\\\/logo\\\/image\\\/\",\"url\":\"https:\\\/\\\/cuartetoenlaweb.com.ar\\\/sitio\\\/wp-content\\\/uploads\\\/2025\\\/07\\\/cropped-cropped-logitoweb21.png\",\"contentUrl\":\"https:\\\/\\\/cuartetoenlaweb.com.ar\\\/sitio\\\/wp-content\\\/uploads\\\/2025\\\/07\\\/cropped-cropped-logitoweb21.png\",\"width\":199,\"height\":199,\"caption\":\"Cuarteto en la Web\"},\"image\":{\"@id\":\"http:\\\/\\\/cuartetoenlaweb.com.ar\\\/sitio\\\/#\\\/schema\\\/logo\\\/image\\\/\"}}]}<\/script>\n<!-- \/ Yoast SEO plugin. -->","yoast_head_json":{"title":"Las duras cr\u00edticas de Mauro Icardi hacia el ex abogado de Wanda - Cuarteto en la Web","robots":{"index":"index","follow":"follow","max-snippet":"max-snippet:-1","max-image-preview":"max-image-preview:large","max-video-preview":"max-video-preview:-1"},"canonical":"http:\/\/cuartetoenlaweb.com.ar\/sitio\/las-duras-criticas-de-mauro-icardi-hacia-el-ex-abogado-de-wanda\/","og_locale":"es_ES","og_type":"article","og_title":"Las duras cr\u00edticas de Mauro Icardi hacia el ex abogado de Wanda - Cuarteto en la Web","og_description":"Buenos Aires, 27 noviembre (NA) \u2013 Mauro Icardi volvi\u00f3 a","og_url":"http:\/\/cuartetoenlaweb.com.ar\/sitio\/las-duras-criticas-de-mauro-icardi-hacia-el-ex-abogado-de-wanda\/","og_site_name":"Cuarteto en la Web","article_published_time":"2025-11-27T15:59:42+00:00","og_image":[{"width":1080,"height":720,"url":"http:\/\/cuartetoenlaweb.com.ar\/sitio\/wp-content\/uploads\/2025\/11\/720-2058.jpeg","type":"image\/jpeg"}],"twitter_card":"summary_large_image","twitter_misc":{"Tiempo de lectura":"1 minuto"},"schema":{"@context":"https:\/\/schema.org","@graph":[{"@type":"Article","@id":"http:\/\/cuartetoenlaweb.com.ar\/sitio\/las-duras-criticas-de-mauro-icardi-hacia-el-ex-abogado-de-wanda\/#article","isPartOf":{"@id":"http:\/\/cuartetoenlaweb.com.ar\/sitio\/las-duras-criticas-de-mauro-icardi-hacia-el-ex-abogado-de-wanda\/"},"author":{"name":"","@id":""},"headline":"Las duras cr\u00edticas de Mauro Icardi hacia el ex abogado de Wanda","datePublished":"2025-11-27T15:59:42+00:00","mainEntityOfPage":{"@id":"http:\/\/cuartetoenlaweb.com.ar\/sitio\/las-duras-criticas-de-mauro-icardi-hacia-el-ex-abogado-de-wanda\/"},"wordCount":301,"publisher":{"@id":"http:\/\/cuartetoenlaweb.com.ar\/sitio\/#organization"},"image":{"@id":"http:\/\/cuartetoenlaweb.com.ar\/sitio\/las-duras-criticas-de-mauro-icardi-hacia-el-ex-abogado-de-wanda\/#primaryimage"},"thumbnailUrl":"https:\/\/cuartetoenlaweb.com.ar\/sitio\/wp-content\/uploads\/2025\/11\/720-2058.jpeg","articleSection":["PAIS"],"inLanguage":"es"},{"@type":"WebPage","@id":"http:\/\/cuartetoenlaweb.com.ar\/sitio\/las-duras-criticas-de-mauro-icardi-hacia-el-ex-abogado-de-wanda\/","url":"http:\/\/cuartetoenlaweb.com.ar\/sitio\/las-duras-criticas-de-mauro-icardi-hacia-el-ex-abogado-de-wanda\/","name":"Las duras cr\u00edticas de Mauro Icardi hacia el ex abogado de Wanda - Cuarteto en la Web","isPartOf":{"@id":"http:\/\/cuartetoenlaweb.com.ar\/sitio\/#website"},"primaryImageOfPage":{"@id":"http:\/\/cuartetoenlaweb.com.ar\/sitio\/las-duras-criticas-de-mauro-icardi-hacia-el-ex-abogado-de-wanda\/#primaryimage"},"image":{"@id":"http:\/\/cuartetoenlaweb.com.ar\/sitio\/las-duras-criticas-de-mauro-icardi-hacia-el-ex-abogado-de-wanda\/#primaryimage"},"thumbnailUrl":"https:\/\/cuartetoenlaweb.com.ar\/sitio\/wp-content\/uploads\/2025\/11\/720-2058.jpeg","datePublished":"2025-11-27T15:59:42+00:00","breadcrumb":{"@id":"http:\/\/cuartetoenlaweb.com.ar\/sitio\/las-duras-criticas-de-mauro-icardi-hacia-el-ex-abogado-de-wanda\/#breadcrumb"},"inLanguage":"es","potentialAction":[{"@type":"ReadAction","target":["http:\/\/cuartetoenlaweb.com.ar\/sitio\/las-duras-criticas-de-mauro-icardi-hacia-el-ex-abogado-de-wanda\/"]}]},{"@type":"ImageObject","inLanguage":"es","@id":"http:\/\/cuartetoenlaweb.com.ar\/sitio\/las-duras-criticas-de-mauro-icardi-hacia-el-ex-abogado-de-wanda\/#primaryimage","url":"https:\/\/cuartetoenlaweb.com.ar\/sitio\/wp-content\/uploads\/2025\/11\/720-2058.jpeg","contentUrl":"https:\/\/cuartetoenlaweb.com.ar\/sitio\/wp-content\/uploads\/2025\/11\/720-2058.jpeg","width":1080,"height":720},{"@type":"BreadcrumbList","@id":"http:\/\/cuartetoenlaweb.com.ar\/sitio\/las-duras-criticas-de-mauro-icardi-hacia-el-ex-abogado-de-wanda\/#breadcrumb","itemListElement":[{"@type":"ListItem","position":1,"name":"Portada","item":"http:\/\/cuartetoenlaweb.com.ar\/sitio\/"},{"@type":"ListItem","position":2,"name":"Las duras cr\u00edticas de Mauro Icardi hacia el ex abogado de Wanda"}]},{"@type":"WebSite","@id":"http:\/\/cuartetoenlaweb.com.ar\/sitio\/#website","url":"http:\/\/cuartetoenlaweb.com.ar\/sitio\/","name":"Cuarteto en la Web","description":"","publisher":{"@id":"http:\/\/cuartetoenlaweb.com.ar\/sitio\/#organization"},"potentialAction":[{"@type":"SearchAction","target":{"@type":"EntryPoint","urlTemplate":"http:\/\/cuartetoenlaweb.com.ar\/sitio\/?s={search_term_string}"},"query-input":{"@type":"PropertyValueSpecification","valueRequired":true,"valueName":"search_term_string"}}],"inLanguage":"es"},{"@type":"Organization","@id":"http:\/\/cuartetoenlaweb.com.ar\/sitio\/#organization","name":"Cuarteto en la Web","url":"http:\/\/cuartetoenlaweb.com.ar\/sitio\/","logo":{"@type":"ImageObject","inLanguage":"es","@id":"http:\/\/cuartetoenlaweb.com.ar\/sitio\/#\/schema\/logo\/image\/","url":"https:\/\/cuartetoenlaweb.com.ar\/sitio\/wp-content\/uploads\/2025\/07\/cropped-cropped-logitoweb21.png","contentUrl":"https:\/\/cuartetoenlaweb.com.ar\/sitio\/wp-content\/uploads\/2025\/07\/cropped-cropped-logitoweb21.png","width":199,"height":199,"caption":"Cuarteto en la Web"},"image":{"@id":"http:\/\/cuartetoenlaweb.com.ar\/sitio\/#\/schema\/logo\/image\/"}}]}},"_links":{"self":[{"href":"https:\/\/cuartetoenlaweb.com.ar\/sitio\/wp-json\/wp\/v2\/posts\/7385","targetHints":{"allow":["GET"]}}],"collection":[{"href":"https:\/\/cuartetoenlaweb.com.ar\/sitio\/wp-json\/wp\/v2\/posts"}],"about":[{"href":"https:\/\/cuartetoenlaweb.com.ar\/sitio\/wp-json\/wp\/v2\/types\/post"}],"replies":[{"embeddable":true,"href":"https:\/\/cuartetoenlaweb.com.ar\/sitio\/wp-json\/wp\/v2\/comments?post=7385"}],"version-history":[{"count":0,"href":"https:\/\/cuartetoenlaweb.com.ar\/sitio\/wp-json\/wp\/v2\/posts\/7385\/revisions"}],"wp:featuredmedia":[{"embeddable":true,"href":"https:\/\/cuartetoenlaweb.com.ar\/sitio\/wp-json\/wp\/v2\/media\/7386"}],"wp:attachment":[{"href":"https:\/\/cuartetoenlaweb.com.ar\/sitio\/wp-json\/wp\/v2\/media?parent=7385"}],"wp:term":[{"taxonomy":"category","embeddable":true,"href":"https:\/\/cuartetoenlaweb.com.ar\/sitio\/wp-json\/wp\/v2\/categories?post=7385"},{"taxonomy":"post_tag","embeddable":true,"href":"https:\/\/cuartetoenlaweb.com.ar\/sitio\/wp-json\/wp\/v2\/tags?post=7385"}],"curies":[{"name":"wp","href":"https:\/\/api.w.org\/{rel}","templated":true}]}}