
{"id":7377,"date":"2025-11-27T11:59:44","date_gmt":"2025-11-27T14:59:44","guid":{"rendered":"https:\/\/cuartetoenlaweb.com.ar\/sitio\/el-presidente-que-puede-ver-el-pronto-final-del-conflicto-en-ucrania\/"},"modified":"2025-11-27T11:59:44","modified_gmt":"2025-11-27T14:59:44","slug":"el-presidente-que-puede-ver-el-pronto-final-del-conflicto-en-ucrania","status":"publish","type":"post","link":"https:\/\/cuartetoenlaweb.com.ar\/sitio\/el-presidente-que-puede-ver-el-pronto-final-del-conflicto-en-ucrania\/","title":{"rendered":"El presidente que puede ver el \u201cpronto final\u201d del conflicto en Ucrania"},"content":{"rendered":"<p>Buenos Aires, 27 noviembre (NA) &#8212; El presidente de Bielorrusia, Alexander Lukashenko, expres\u00f3 un optimismo sin precedentes sobre el fin del conflicto en Ucrania durante la cumbre de la Organizaci\u00f3n del Tratado de Seguridad Colectiva (OTSC), celebrada este jueves en Bishkek, seg\u00fan inform\u00f3 su servicio de prensa.<\/p>\n<p>En una sesi\u00f3n de formato reducido, Lukashenko expres\u00f3 su apoyo a la postura de Rusia sobre las propuestas de paz de Estados Unidos y afirm\u00f3 que cree \u00abcomo nunca antes\u00bb que el conflicto est\u00e1 cerca de su fin, de acuerdo con esa nota de prensa que distribuy\u00f3 Xinhua, a la que tuvo acceso la Agencia Noticias Argentinas.<\/p>\n<p>Esta esperanza de acuerdo subraya el compromiso de Bielorrusia con la estabilidad y su papel en el fomento de la seguridad euroasi\u00e1tica, afirm\u00f3. <\/p>\n<p>Lukashenko destac\u00f3 los profundos cambios en las relaciones mundiales y la escalada de las amenazas militares, y describi\u00f3 a Bielorrusia como una \u00abfortaleza sitiada\u00bb debido a la postura agresiva de la OTAN.<\/p>\n<p>A pesar de las t\u00e1cticas de aislamiento, como las sanciones, Bielorrusia aboga por un di\u00e1logo abierto sin condiciones previas, afirm\u00f3, y puso como ejemplo de plataforma para el compromiso la Conferencia Internacional de Minsk sobre Seguridad Euroasi\u00e1tica. #AgenciaNA<\/p>\n","protected":false},"excerpt":{"rendered":"<p>Buenos Aires, 27 noviembre (NA) &#8212; El presidente de Bielorrusia,<\/p>\n","protected":false},"author":0,"featured_media":7378,"comment_status":"","ping_status":"","sticky":false,"template":"","format":"standard","meta":{"footnotes":""},"categories":[65],"tags":[],"class_list":["post-7377","post","type-post","status-publish","format-standard","has-post-thumbnail","hentry","category-pais"],"yoast_head":"<!-- This site is optimized with the Yoast SEO plugin v27.4 - https:\/\/yoast.com\/product\/yoast-seo-wordpress\/ -->\n<title>El presidente que puede ver el \u201cpronto final\u201d del conflicto en Ucrania - Cuarteto en la Web<\/title>\n<meta name=\"robots\" content=\"index, follow, max-snippet:-1, max-image-preview:large, max-video-preview:-1\" \/>\n<link rel=\"canonical\" href=\"http:\/\/cuartetoenlaweb.com.ar\/sitio\/el-presidente-que-puede-ver-el-pronto-final-del-conflicto-en-ucrania\/\" \/>\n<meta property=\"og:locale\" content=\"es_ES\" \/>\n<meta property=\"og:type\" content=\"article\" \/>\n<meta property=\"og:title\" content=\"El presidente que puede ver el \u201cpronto final\u201d del conflicto en Ucrania - Cuarteto en la Web\" \/>\n<meta property=\"og:description\" content=\"Buenos Aires, 27 noviembre (NA) &#8212; El presidente de Bielorrusia,\" \/>\n<meta property=\"og:url\" content=\"http:\/\/cuartetoenlaweb.com.ar\/sitio\/el-presidente-que-puede-ver-el-pronto-final-del-conflicto-en-ucrania\/\" \/>\n<meta property=\"og:site_name\" content=\"Cuarteto en la Web\" \/>\n<meta property=\"article:published_time\" content=\"2025-11-27T14:59:44+00:00\" \/>\n<meta property=\"og:image\" content=\"http:\/\/cuartetoenlaweb.com.ar\/sitio\/wp-content\/uploads\/2025\/11\/720-2055.jpeg\" \/>\n\t<meta property=\"og:image:width\" content=\"1280\" \/>\n\t<meta property=\"og:image:height\" content=\"717\" \/>\n\t<meta property=\"og:image:type\" content=\"image\/jpeg\" \/>\n<meta name=\"twitter:card\" content=\"summary_large_image\" \/>\n<meta name=\"twitter:label1\" content=\"Tiempo de lectura\" \/>\n\t<meta name=\"twitter:data1\" content=\"1 minuto\" \/>\n<script type=\"application\/ld+json\" class=\"yoast-schema-graph\">{\"@context\":\"https:\\\/\\\/schema.org\",\"@graph\":[{\"@type\":\"Article\",\"@id\":\"http:\\\/\\\/cuartetoenlaweb.com.ar\\\/sitio\\\/el-presidente-que-puede-ver-el-pronto-final-del-conflicto-en-ucrania\\\/#article\",\"isPartOf\":{\"@id\":\"http:\\\/\\\/cuartetoenlaweb.com.ar\\\/sitio\\\/el-presidente-que-puede-ver-el-pronto-final-del-conflicto-en-ucrania\\\/\"},\"author\":{\"name\":\"\",\"@id\":\"\"},\"headline\":\"El presidente que puede ver el \u201cpronto final\u201d del conflicto en Ucrania\",\"datePublished\":\"2025-11-27T14:59:44+00:00\",\"mainEntityOfPage\":{\"@id\":\"http:\\\/\\\/cuartetoenlaweb.com.ar\\\/sitio\\\/el-presidente-que-puede-ver-el-pronto-final-del-conflicto-en-ucrania\\\/\"},\"wordCount\":215,\"publisher\":{\"@id\":\"http:\\\/\\\/cuartetoenlaweb.com.ar\\\/sitio\\\/#organization\"},\"image\":{\"@id\":\"http:\\\/\\\/cuartetoenlaweb.com.ar\\\/sitio\\\/el-presidente-que-puede-ver-el-pronto-final-del-conflicto-en-ucrania\\\/#primaryimage\"},\"thumbnailUrl\":\"https:\\\/\\\/cuartetoenlaweb.com.ar\\\/sitio\\\/wp-content\\\/uploads\\\/2025\\\/11\\\/720-2055.jpeg\",\"articleSection\":[\"PAIS\"],\"inLanguage\":\"es\"},{\"@type\":\"WebPage\",\"@id\":\"http:\\\/\\\/cuartetoenlaweb.com.ar\\\/sitio\\\/el-presidente-que-puede-ver-el-pronto-final-del-conflicto-en-ucrania\\\/\",\"url\":\"http:\\\/\\\/cuartetoenlaweb.com.ar\\\/sitio\\\/el-presidente-que-puede-ver-el-pronto-final-del-conflicto-en-ucrania\\\/\",\"name\":\"El presidente que puede ver el \u201cpronto final\u201d del conflicto en Ucrania - Cuarteto en la Web\",\"isPartOf\":{\"@id\":\"http:\\\/\\\/cuartetoenlaweb.com.ar\\\/sitio\\\/#website\"},\"primaryImageOfPage\":{\"@id\":\"http:\\\/\\\/cuartetoenlaweb.com.ar\\\/sitio\\\/el-presidente-que-puede-ver-el-pronto-final-del-conflicto-en-ucrania\\\/#primaryimage\"},\"image\":{\"@id\":\"http:\\\/\\\/cuartetoenlaweb.com.ar\\\/sitio\\\/el-presidente-que-puede-ver-el-pronto-final-del-conflicto-en-ucrania\\\/#primaryimage\"},\"thumbnailUrl\":\"https:\\\/\\\/cuartetoenlaweb.com.ar\\\/sitio\\\/wp-content\\\/uploads\\\/2025\\\/11\\\/720-2055.jpeg\",\"datePublished\":\"2025-11-27T14:59:44+00:00\",\"breadcrumb\":{\"@id\":\"http:\\\/\\\/cuartetoenlaweb.com.ar\\\/sitio\\\/el-presidente-que-puede-ver-el-pronto-final-del-conflicto-en-ucrania\\\/#breadcrumb\"},\"inLanguage\":\"es\",\"potentialAction\":[{\"@type\":\"ReadAction\",\"target\":[\"http:\\\/\\\/cuartetoenlaweb.com.ar\\\/sitio\\\/el-presidente-que-puede-ver-el-pronto-final-del-conflicto-en-ucrania\\\/\"]}]},{\"@type\":\"ImageObject\",\"inLanguage\":\"es\",\"@id\":\"http:\\\/\\\/cuartetoenlaweb.com.ar\\\/sitio\\\/el-presidente-que-puede-ver-el-pronto-final-del-conflicto-en-ucrania\\\/#primaryimage\",\"url\":\"https:\\\/\\\/cuartetoenlaweb.com.ar\\\/sitio\\\/wp-content\\\/uploads\\\/2025\\\/11\\\/720-2055.jpeg\",\"contentUrl\":\"https:\\\/\\\/cuartetoenlaweb.com.ar\\\/sitio\\\/wp-content\\\/uploads\\\/2025\\\/11\\\/720-2055.jpeg\",\"width\":1280,\"height\":717},{\"@type\":\"BreadcrumbList\",\"@id\":\"http:\\\/\\\/cuartetoenlaweb.com.ar\\\/sitio\\\/el-presidente-que-puede-ver-el-pronto-final-del-conflicto-en-ucrania\\\/#breadcrumb\",\"itemListElement\":[{\"@type\":\"ListItem\",\"position\":1,\"name\":\"Portada\",\"item\":\"http:\\\/\\\/cuartetoenlaweb.com.ar\\\/sitio\\\/\"},{\"@type\":\"ListItem\",\"position\":2,\"name\":\"El presidente que puede ver el \u201cpronto final\u201d del conflicto en Ucrania\"}]},{\"@type\":\"WebSite\",\"@id\":\"http:\\\/\\\/cuartetoenlaweb.com.ar\\\/sitio\\\/#website\",\"url\":\"http:\\\/\\\/cuartetoenlaweb.com.ar\\\/sitio\\\/\",\"name\":\"Cuarteto en la Web\",\"description\":\"\",\"publisher\":{\"@id\":\"http:\\\/\\\/cuartetoenlaweb.com.ar\\\/sitio\\\/#organization\"},\"potentialAction\":[{\"@type\":\"SearchAction\",\"target\":{\"@type\":\"EntryPoint\",\"urlTemplate\":\"http:\\\/\\\/cuartetoenlaweb.com.ar\\\/sitio\\\/?s={search_term_string}\"},\"query-input\":{\"@type\":\"PropertyValueSpecification\",\"valueRequired\":true,\"valueName\":\"search_term_string\"}}],\"inLanguage\":\"es\"},{\"@type\":\"Organization\",\"@id\":\"http:\\\/\\\/cuartetoenlaweb.com.ar\\\/sitio\\\/#organization\",\"name\":\"Cuarteto en la Web\",\"url\":\"http:\\\/\\\/cuartetoenlaweb.com.ar\\\/sitio\\\/\",\"logo\":{\"@type\":\"ImageObject\",\"inLanguage\":\"es\",\"@id\":\"http:\\\/\\\/cuartetoenlaweb.com.ar\\\/sitio\\\/#\\\/schema\\\/logo\\\/image\\\/\",\"url\":\"https:\\\/\\\/cuartetoenlaweb.com.ar\\\/sitio\\\/wp-content\\\/uploads\\\/2025\\\/07\\\/cropped-cropped-logitoweb21.png\",\"contentUrl\":\"https:\\\/\\\/cuartetoenlaweb.com.ar\\\/sitio\\\/wp-content\\\/uploads\\\/2025\\\/07\\\/cropped-cropped-logitoweb21.png\",\"width\":199,\"height\":199,\"caption\":\"Cuarteto en la Web\"},\"image\":{\"@id\":\"http:\\\/\\\/cuartetoenlaweb.com.ar\\\/sitio\\\/#\\\/schema\\\/logo\\\/image\\\/\"}}]}<\/script>\n<!-- \/ Yoast SEO plugin. -->","yoast_head_json":{"title":"El presidente que puede ver el \u201cpronto final\u201d del conflicto en Ucrania - Cuarteto en la Web","robots":{"index":"index","follow":"follow","max-snippet":"max-snippet:-1","max-image-preview":"max-image-preview:large","max-video-preview":"max-video-preview:-1"},"canonical":"http:\/\/cuartetoenlaweb.com.ar\/sitio\/el-presidente-que-puede-ver-el-pronto-final-del-conflicto-en-ucrania\/","og_locale":"es_ES","og_type":"article","og_title":"El presidente que puede ver el \u201cpronto final\u201d del conflicto en Ucrania - Cuarteto en la Web","og_description":"Buenos Aires, 27 noviembre (NA) &#8212; El presidente de Bielorrusia,","og_url":"http:\/\/cuartetoenlaweb.com.ar\/sitio\/el-presidente-que-puede-ver-el-pronto-final-del-conflicto-en-ucrania\/","og_site_name":"Cuarteto en la Web","article_published_time":"2025-11-27T14:59:44+00:00","og_image":[{"width":1280,"height":717,"url":"http:\/\/cuartetoenlaweb.com.ar\/sitio\/wp-content\/uploads\/2025\/11\/720-2055.jpeg","type":"image\/jpeg"}],"twitter_card":"summary_large_image","twitter_misc":{"Tiempo de lectura":"1 minuto"},"schema":{"@context":"https:\/\/schema.org","@graph":[{"@type":"Article","@id":"http:\/\/cuartetoenlaweb.com.ar\/sitio\/el-presidente-que-puede-ver-el-pronto-final-del-conflicto-en-ucrania\/#article","isPartOf":{"@id":"http:\/\/cuartetoenlaweb.com.ar\/sitio\/el-presidente-que-puede-ver-el-pronto-final-del-conflicto-en-ucrania\/"},"author":{"name":"","@id":""},"headline":"El presidente que puede ver el \u201cpronto final\u201d del conflicto en Ucrania","datePublished":"2025-11-27T14:59:44+00:00","mainEntityOfPage":{"@id":"http:\/\/cuartetoenlaweb.com.ar\/sitio\/el-presidente-que-puede-ver-el-pronto-final-del-conflicto-en-ucrania\/"},"wordCount":215,"publisher":{"@id":"http:\/\/cuartetoenlaweb.com.ar\/sitio\/#organization"},"image":{"@id":"http:\/\/cuartetoenlaweb.com.ar\/sitio\/el-presidente-que-puede-ver-el-pronto-final-del-conflicto-en-ucrania\/#primaryimage"},"thumbnailUrl":"https:\/\/cuartetoenlaweb.com.ar\/sitio\/wp-content\/uploads\/2025\/11\/720-2055.jpeg","articleSection":["PAIS"],"inLanguage":"es"},{"@type":"WebPage","@id":"http:\/\/cuartetoenlaweb.com.ar\/sitio\/el-presidente-que-puede-ver-el-pronto-final-del-conflicto-en-ucrania\/","url":"http:\/\/cuartetoenlaweb.com.ar\/sitio\/el-presidente-que-puede-ver-el-pronto-final-del-conflicto-en-ucrania\/","name":"El presidente que puede ver el \u201cpronto final\u201d del conflicto en Ucrania - Cuarteto en la Web","isPartOf":{"@id":"http:\/\/cuartetoenlaweb.com.ar\/sitio\/#website"},"primaryImageOfPage":{"@id":"http:\/\/cuartetoenlaweb.com.ar\/sitio\/el-presidente-que-puede-ver-el-pronto-final-del-conflicto-en-ucrania\/#primaryimage"},"image":{"@id":"http:\/\/cuartetoenlaweb.com.ar\/sitio\/el-presidente-que-puede-ver-el-pronto-final-del-conflicto-en-ucrania\/#primaryimage"},"thumbnailUrl":"https:\/\/cuartetoenlaweb.com.ar\/sitio\/wp-content\/uploads\/2025\/11\/720-2055.jpeg","datePublished":"2025-11-27T14:59:44+00:00","breadcrumb":{"@id":"http:\/\/cuartetoenlaweb.com.ar\/sitio\/el-presidente-que-puede-ver-el-pronto-final-del-conflicto-en-ucrania\/#breadcrumb"},"inLanguage":"es","potentialAction":[{"@type":"ReadAction","target":["http:\/\/cuartetoenlaweb.com.ar\/sitio\/el-presidente-que-puede-ver-el-pronto-final-del-conflicto-en-ucrania\/"]}]},{"@type":"ImageObject","inLanguage":"es","@id":"http:\/\/cuartetoenlaweb.com.ar\/sitio\/el-presidente-que-puede-ver-el-pronto-final-del-conflicto-en-ucrania\/#primaryimage","url":"https:\/\/cuartetoenlaweb.com.ar\/sitio\/wp-content\/uploads\/2025\/11\/720-2055.jpeg","contentUrl":"https:\/\/cuartetoenlaweb.com.ar\/sitio\/wp-content\/uploads\/2025\/11\/720-2055.jpeg","width":1280,"height":717},{"@type":"BreadcrumbList","@id":"http:\/\/cuartetoenlaweb.com.ar\/sitio\/el-presidente-que-puede-ver-el-pronto-final-del-conflicto-en-ucrania\/#breadcrumb","itemListElement":[{"@type":"ListItem","position":1,"name":"Portada","item":"http:\/\/cuartetoenlaweb.com.ar\/sitio\/"},{"@type":"ListItem","position":2,"name":"El presidente que puede ver el \u201cpronto final\u201d del conflicto en Ucrania"}]},{"@type":"WebSite","@id":"http:\/\/cuartetoenlaweb.com.ar\/sitio\/#website","url":"http:\/\/cuartetoenlaweb.com.ar\/sitio\/","name":"Cuarteto en la Web","description":"","publisher":{"@id":"http:\/\/cuartetoenlaweb.com.ar\/sitio\/#organization"},"potentialAction":[{"@type":"SearchAction","target":{"@type":"EntryPoint","urlTemplate":"http:\/\/cuartetoenlaweb.com.ar\/sitio\/?s={search_term_string}"},"query-input":{"@type":"PropertyValueSpecification","valueRequired":true,"valueName":"search_term_string"}}],"inLanguage":"es"},{"@type":"Organization","@id":"http:\/\/cuartetoenlaweb.com.ar\/sitio\/#organization","name":"Cuarteto en la Web","url":"http:\/\/cuartetoenlaweb.com.ar\/sitio\/","logo":{"@type":"ImageObject","inLanguage":"es","@id":"http:\/\/cuartetoenlaweb.com.ar\/sitio\/#\/schema\/logo\/image\/","url":"https:\/\/cuartetoenlaweb.com.ar\/sitio\/wp-content\/uploads\/2025\/07\/cropped-cropped-logitoweb21.png","contentUrl":"https:\/\/cuartetoenlaweb.com.ar\/sitio\/wp-content\/uploads\/2025\/07\/cropped-cropped-logitoweb21.png","width":199,"height":199,"caption":"Cuarteto en la Web"},"image":{"@id":"http:\/\/cuartetoenlaweb.com.ar\/sitio\/#\/schema\/logo\/image\/"}}]}},"_links":{"self":[{"href":"https:\/\/cuartetoenlaweb.com.ar\/sitio\/wp-json\/wp\/v2\/posts\/7377","targetHints":{"allow":["GET"]}}],"collection":[{"href":"https:\/\/cuartetoenlaweb.com.ar\/sitio\/wp-json\/wp\/v2\/posts"}],"about":[{"href":"https:\/\/cuartetoenlaweb.com.ar\/sitio\/wp-json\/wp\/v2\/types\/post"}],"replies":[{"embeddable":true,"href":"https:\/\/cuartetoenlaweb.com.ar\/sitio\/wp-json\/wp\/v2\/comments?post=7377"}],"version-history":[{"count":0,"href":"https:\/\/cuartetoenlaweb.com.ar\/sitio\/wp-json\/wp\/v2\/posts\/7377\/revisions"}],"wp:featuredmedia":[{"embeddable":true,"href":"https:\/\/cuartetoenlaweb.com.ar\/sitio\/wp-json\/wp\/v2\/media\/7378"}],"wp:attachment":[{"href":"https:\/\/cuartetoenlaweb.com.ar\/sitio\/wp-json\/wp\/v2\/media?parent=7377"}],"wp:term":[{"taxonomy":"category","embeddable":true,"href":"https:\/\/cuartetoenlaweb.com.ar\/sitio\/wp-json\/wp\/v2\/categories?post=7377"},{"taxonomy":"post_tag","embeddable":true,"href":"https:\/\/cuartetoenlaweb.com.ar\/sitio\/wp-json\/wp\/v2\/tags?post=7377"}],"curies":[{"name":"wp","href":"https:\/\/api.w.org\/{rel}","templated":true}]}}