
{"id":7373,"date":"2025-11-27T11:59:40","date_gmt":"2025-11-27T14:59:40","guid":{"rendered":"https:\/\/cuartetoenlaweb.com.ar\/sitio\/expectativas-de-inflacion-segun-di-tella-estaria-en-el-nivel-mas-bajo-desde-marzo-de-2018\/"},"modified":"2025-11-27T11:59:40","modified_gmt":"2025-11-27T14:59:40","slug":"expectativas-de-inflacion-segun-di-tella-estaria-en-el-nivel-mas-bajo-desde-marzo-de-2018","status":"publish","type":"post","link":"https:\/\/cuartetoenlaweb.com.ar\/sitio\/expectativas-de-inflacion-segun-di-tella-estaria-en-el-nivel-mas-bajo-desde-marzo-de-2018\/","title":{"rendered":"Expectativas de Inflaci\u00f3n: seg\u00fan Di Tella, estar\u00eda en el nivel m\u00e1s bajo desde marzo de 2018"},"content":{"rendered":"<p>Buenos Aires, 27 noviembre (NA)&#8211; La expectativa de inflaci\u00f3n promedio para los pr\u00f3ximos 12 meses a nivel nacional se ubic\u00f3 en 29,7% durante noviembre, lo representa una baja de 7,3 puntos en comparaci\u00f3n con octubre (37%).<\/p>\n<p>Por su parte, la mediana cay\u00f3 de 30% al 23%, seg\u00fan la Encuesta de Expectativas de Inflaci\u00f3n elaborada por el Centro de Investigaci\u00f3n en Finanzas (CIF) de la Universidad Torcuato Di Tella (UTDT)<\/p>\n<p>Los valores actuales tanto del promedio como de la mediana constituyen los niveles m\u00e1s bajos registrados desde marzo de 2018.<\/p>\n<p>La informaci\u00f3n se desprende del trabajo de campo realizado entre el 1 y el 13 de noviembre de 2025 y que proces\u00f3 Agencia Noticias Argentinas.<\/p>\n<p>A nivel regional, se registraron ca\u00eddas en las expectativas de inflaci\u00f3n en todas las zonas.<\/p>\n<p> * En el Interior del pa\u00eds, el promedio baj\u00f3 de 36,3% en octubre a 28,1% en noviembre, una disminuci\u00f3n de 8,2 puntos porcentuales. En el Gran Buenos Aires (GBA), el promedio descendi\u00f3 de 39,1% a 31,6% (una baja de 7,5 puntos porcentuales).<br \/>\n * Por su parte, la Ciudad Aut\u00f3noma de Buenos Aires (CABA) mostr\u00f3 una disminuci\u00f3n del promedio de 35,2% a 33,4% (una baja de 1,8 puntos porcentuales).<\/p>\n<p>La variaci\u00f3n tambi\u00e9n se observ\u00f3 al segmentar las respuestas por nivel de ingresos.<\/p>\n<p> * En los hogares de menores ingresos, el promedio para los pr\u00f3ximos 12 meses pas\u00f3 de 38,6% en octubre a 31,7% en noviembre, mientras que la mediana se redujo de 30% a 25%.<br \/>\n * En los hogares de mayores ingresos, el promedio baj\u00f3 de 36,2% a 28,7%, y la mediana cay\u00f3 de 30% a 20%.<\/p>\n<p>La diferencia entre los promedios de ambos grupos se ubic\u00f3 en 3 puntos porcentuales en noviembre, indicando que la brecha se ampli\u00f3 respecto a los 2,4 puntos porcentuales registrados en octubre.<\/p>\n<p>En cuanto a la inflaci\u00f3n esperada para el corto plazo, el relevamiento de noviembre indic\u00f3 que la expectativa mensual para los pr\u00f3ximos 30 d\u00edas se ubic\u00f3 en 3,62% en promedio y 2% de mediana. Esto implica una baja respecto a los valores de octubre, que fueron de 3,96% en promedio y 3% de mediana.<\/p>\n<p>Finalmente, la variabilidad de las opiniones, medida por el rango inter cuartil (la diferencia entre el percentil 75 y el percentil 25), registr\u00f3 un valor de 25 puntos en noviembre. El percentil 25 se ubic\u00f3 en 15% y el percentil 75 en 40%, con la mediana en 23%. El rango de 25 puntos resulta menor al observado en los \u00faltimos meses.<\/p>\n<p>#AgenciaNA<\/p>\n","protected":false},"excerpt":{"rendered":"<p>Buenos Aires, 27 noviembre (NA)&#8211; La expectativa de inflaci\u00f3n promedio<\/p>\n","protected":false},"author":0,"featured_media":7374,"comment_status":"","ping_status":"","sticky":false,"template":"","format":"standard","meta":{"footnotes":""},"categories":[65],"tags":[],"class_list":["post-7373","post","type-post","status-publish","format-standard","has-post-thumbnail","hentry","category-pais"],"yoast_head":"<!-- This site is optimized with the Yoast SEO plugin v27.4 - https:\/\/yoast.com\/product\/yoast-seo-wordpress\/ -->\n<title>Expectativas de Inflaci\u00f3n: seg\u00fan Di Tella, estar\u00eda en el nivel m\u00e1s bajo desde marzo de 2018 - Cuarteto en la Web<\/title>\n<meta name=\"robots\" content=\"index, follow, max-snippet:-1, max-image-preview:large, max-video-preview:-1\" \/>\n<link rel=\"canonical\" href=\"http:\/\/cuartetoenlaweb.com.ar\/sitio\/expectativas-de-inflacion-segun-di-tella-estaria-en-el-nivel-mas-bajo-desde-marzo-de-2018\/\" \/>\n<meta property=\"og:locale\" content=\"es_ES\" \/>\n<meta property=\"og:type\" content=\"article\" \/>\n<meta property=\"og:title\" content=\"Expectativas de Inflaci\u00f3n: seg\u00fan Di Tella, estar\u00eda en el nivel m\u00e1s bajo desde marzo de 2018 - Cuarteto en la Web\" \/>\n<meta property=\"og:description\" content=\"Buenos Aires, 27 noviembre (NA)&#8211; La expectativa de inflaci\u00f3n promedio\" \/>\n<meta property=\"og:url\" content=\"http:\/\/cuartetoenlaweb.com.ar\/sitio\/expectativas-de-inflacion-segun-di-tella-estaria-en-el-nivel-mas-bajo-desde-marzo-de-2018\/\" \/>\n<meta property=\"og:site_name\" content=\"Cuarteto en la Web\" \/>\n<meta property=\"article:published_time\" content=\"2025-11-27T14:59:40+00:00\" \/>\n<meta property=\"og:image\" content=\"http:\/\/cuartetoenlaweb.com.ar\/sitio\/wp-content\/uploads\/2025\/11\/720-2053.jpeg\" \/>\n\t<meta property=\"og:image:width\" content=\"1080\" \/>\n\t<meta property=\"og:image:height\" content=\"720\" \/>\n\t<meta property=\"og:image:type\" content=\"image\/jpeg\" \/>\n<meta name=\"twitter:card\" content=\"summary_large_image\" \/>\n<meta name=\"twitter:label1\" content=\"Tiempo de lectura\" \/>\n\t<meta name=\"twitter:data1\" content=\"2 minutos\" \/>\n<script type=\"application\/ld+json\" class=\"yoast-schema-graph\">{\"@context\":\"https:\\\/\\\/schema.org\",\"@graph\":[{\"@type\":\"Article\",\"@id\":\"http:\\\/\\\/cuartetoenlaweb.com.ar\\\/sitio\\\/expectativas-de-inflacion-segun-di-tella-estaria-en-el-nivel-mas-bajo-desde-marzo-de-2018\\\/#article\",\"isPartOf\":{\"@id\":\"http:\\\/\\\/cuartetoenlaweb.com.ar\\\/sitio\\\/expectativas-de-inflacion-segun-di-tella-estaria-en-el-nivel-mas-bajo-desde-marzo-de-2018\\\/\"},\"author\":{\"name\":\"\",\"@id\":\"\"},\"headline\":\"Expectativas de Inflaci\u00f3n: seg\u00fan Di Tella, estar\u00eda en el nivel m\u00e1s bajo desde marzo de 2018\",\"datePublished\":\"2025-11-27T14:59:40+00:00\",\"mainEntityOfPage\":{\"@id\":\"http:\\\/\\\/cuartetoenlaweb.com.ar\\\/sitio\\\/expectativas-de-inflacion-segun-di-tella-estaria-en-el-nivel-mas-bajo-desde-marzo-de-2018\\\/\"},\"wordCount\":403,\"publisher\":{\"@id\":\"http:\\\/\\\/cuartetoenlaweb.com.ar\\\/sitio\\\/#organization\"},\"image\":{\"@id\":\"http:\\\/\\\/cuartetoenlaweb.com.ar\\\/sitio\\\/expectativas-de-inflacion-segun-di-tella-estaria-en-el-nivel-mas-bajo-desde-marzo-de-2018\\\/#primaryimage\"},\"thumbnailUrl\":\"https:\\\/\\\/cuartetoenlaweb.com.ar\\\/sitio\\\/wp-content\\\/uploads\\\/2025\\\/11\\\/720-2053.jpeg\",\"articleSection\":[\"PAIS\"],\"inLanguage\":\"es\"},{\"@type\":\"WebPage\",\"@id\":\"http:\\\/\\\/cuartetoenlaweb.com.ar\\\/sitio\\\/expectativas-de-inflacion-segun-di-tella-estaria-en-el-nivel-mas-bajo-desde-marzo-de-2018\\\/\",\"url\":\"http:\\\/\\\/cuartetoenlaweb.com.ar\\\/sitio\\\/expectativas-de-inflacion-segun-di-tella-estaria-en-el-nivel-mas-bajo-desde-marzo-de-2018\\\/\",\"name\":\"Expectativas de Inflaci\u00f3n: seg\u00fan Di Tella, estar\u00eda en el nivel m\u00e1s bajo desde marzo de 2018 - Cuarteto en la Web\",\"isPartOf\":{\"@id\":\"http:\\\/\\\/cuartetoenlaweb.com.ar\\\/sitio\\\/#website\"},\"primaryImageOfPage\":{\"@id\":\"http:\\\/\\\/cuartetoenlaweb.com.ar\\\/sitio\\\/expectativas-de-inflacion-segun-di-tella-estaria-en-el-nivel-mas-bajo-desde-marzo-de-2018\\\/#primaryimage\"},\"image\":{\"@id\":\"http:\\\/\\\/cuartetoenlaweb.com.ar\\\/sitio\\\/expectativas-de-inflacion-segun-di-tella-estaria-en-el-nivel-mas-bajo-desde-marzo-de-2018\\\/#primaryimage\"},\"thumbnailUrl\":\"https:\\\/\\\/cuartetoenlaweb.com.ar\\\/sitio\\\/wp-content\\\/uploads\\\/2025\\\/11\\\/720-2053.jpeg\",\"datePublished\":\"2025-11-27T14:59:40+00:00\",\"breadcrumb\":{\"@id\":\"http:\\\/\\\/cuartetoenlaweb.com.ar\\\/sitio\\\/expectativas-de-inflacion-segun-di-tella-estaria-en-el-nivel-mas-bajo-desde-marzo-de-2018\\\/#breadcrumb\"},\"inLanguage\":\"es\",\"potentialAction\":[{\"@type\":\"ReadAction\",\"target\":[\"http:\\\/\\\/cuartetoenlaweb.com.ar\\\/sitio\\\/expectativas-de-inflacion-segun-di-tella-estaria-en-el-nivel-mas-bajo-desde-marzo-de-2018\\\/\"]}]},{\"@type\":\"ImageObject\",\"inLanguage\":\"es\",\"@id\":\"http:\\\/\\\/cuartetoenlaweb.com.ar\\\/sitio\\\/expectativas-de-inflacion-segun-di-tella-estaria-en-el-nivel-mas-bajo-desde-marzo-de-2018\\\/#primaryimage\",\"url\":\"https:\\\/\\\/cuartetoenlaweb.com.ar\\\/sitio\\\/wp-content\\\/uploads\\\/2025\\\/11\\\/720-2053.jpeg\",\"contentUrl\":\"https:\\\/\\\/cuartetoenlaweb.com.ar\\\/sitio\\\/wp-content\\\/uploads\\\/2025\\\/11\\\/720-2053.jpeg\",\"width\":1080,\"height\":720},{\"@type\":\"BreadcrumbList\",\"@id\":\"http:\\\/\\\/cuartetoenlaweb.com.ar\\\/sitio\\\/expectativas-de-inflacion-segun-di-tella-estaria-en-el-nivel-mas-bajo-desde-marzo-de-2018\\\/#breadcrumb\",\"itemListElement\":[{\"@type\":\"ListItem\",\"position\":1,\"name\":\"Portada\",\"item\":\"http:\\\/\\\/cuartetoenlaweb.com.ar\\\/sitio\\\/\"},{\"@type\":\"ListItem\",\"position\":2,\"name\":\"Expectativas de Inflaci\u00f3n: seg\u00fan Di Tella, estar\u00eda en el nivel m\u00e1s bajo desde marzo de 2018\"}]},{\"@type\":\"WebSite\",\"@id\":\"http:\\\/\\\/cuartetoenlaweb.com.ar\\\/sitio\\\/#website\",\"url\":\"http:\\\/\\\/cuartetoenlaweb.com.ar\\\/sitio\\\/\",\"name\":\"Cuarteto en la Web\",\"description\":\"\",\"publisher\":{\"@id\":\"http:\\\/\\\/cuartetoenlaweb.com.ar\\\/sitio\\\/#organization\"},\"potentialAction\":[{\"@type\":\"SearchAction\",\"target\":{\"@type\":\"EntryPoint\",\"urlTemplate\":\"http:\\\/\\\/cuartetoenlaweb.com.ar\\\/sitio\\\/?s={search_term_string}\"},\"query-input\":{\"@type\":\"PropertyValueSpecification\",\"valueRequired\":true,\"valueName\":\"search_term_string\"}}],\"inLanguage\":\"es\"},{\"@type\":\"Organization\",\"@id\":\"http:\\\/\\\/cuartetoenlaweb.com.ar\\\/sitio\\\/#organization\",\"name\":\"Cuarteto en la Web\",\"url\":\"http:\\\/\\\/cuartetoenlaweb.com.ar\\\/sitio\\\/\",\"logo\":{\"@type\":\"ImageObject\",\"inLanguage\":\"es\",\"@id\":\"http:\\\/\\\/cuartetoenlaweb.com.ar\\\/sitio\\\/#\\\/schema\\\/logo\\\/image\\\/\",\"url\":\"https:\\\/\\\/cuartetoenlaweb.com.ar\\\/sitio\\\/wp-content\\\/uploads\\\/2025\\\/07\\\/cropped-cropped-logitoweb21.png\",\"contentUrl\":\"https:\\\/\\\/cuartetoenlaweb.com.ar\\\/sitio\\\/wp-content\\\/uploads\\\/2025\\\/07\\\/cropped-cropped-logitoweb21.png\",\"width\":199,\"height\":199,\"caption\":\"Cuarteto en la Web\"},\"image\":{\"@id\":\"http:\\\/\\\/cuartetoenlaweb.com.ar\\\/sitio\\\/#\\\/schema\\\/logo\\\/image\\\/\"}}]}<\/script>\n<!-- \/ Yoast SEO plugin. -->","yoast_head_json":{"title":"Expectativas de Inflaci\u00f3n: seg\u00fan Di Tella, estar\u00eda en el nivel m\u00e1s bajo desde marzo de 2018 - Cuarteto en la Web","robots":{"index":"index","follow":"follow","max-snippet":"max-snippet:-1","max-image-preview":"max-image-preview:large","max-video-preview":"max-video-preview:-1"},"canonical":"http:\/\/cuartetoenlaweb.com.ar\/sitio\/expectativas-de-inflacion-segun-di-tella-estaria-en-el-nivel-mas-bajo-desde-marzo-de-2018\/","og_locale":"es_ES","og_type":"article","og_title":"Expectativas de Inflaci\u00f3n: seg\u00fan Di Tella, estar\u00eda en el nivel m\u00e1s bajo desde marzo de 2018 - Cuarteto en la Web","og_description":"Buenos Aires, 27 noviembre (NA)&#8211; La expectativa de inflaci\u00f3n promedio","og_url":"http:\/\/cuartetoenlaweb.com.ar\/sitio\/expectativas-de-inflacion-segun-di-tella-estaria-en-el-nivel-mas-bajo-desde-marzo-de-2018\/","og_site_name":"Cuarteto en la Web","article_published_time":"2025-11-27T14:59:40+00:00","og_image":[{"width":1080,"height":720,"url":"http:\/\/cuartetoenlaweb.com.ar\/sitio\/wp-content\/uploads\/2025\/11\/720-2053.jpeg","type":"image\/jpeg"}],"twitter_card":"summary_large_image","twitter_misc":{"Tiempo de lectura":"2 minutos"},"schema":{"@context":"https:\/\/schema.org","@graph":[{"@type":"Article","@id":"http:\/\/cuartetoenlaweb.com.ar\/sitio\/expectativas-de-inflacion-segun-di-tella-estaria-en-el-nivel-mas-bajo-desde-marzo-de-2018\/#article","isPartOf":{"@id":"http:\/\/cuartetoenlaweb.com.ar\/sitio\/expectativas-de-inflacion-segun-di-tella-estaria-en-el-nivel-mas-bajo-desde-marzo-de-2018\/"},"author":{"name":"","@id":""},"headline":"Expectativas de Inflaci\u00f3n: seg\u00fan Di Tella, estar\u00eda en el nivel m\u00e1s bajo desde marzo de 2018","datePublished":"2025-11-27T14:59:40+00:00","mainEntityOfPage":{"@id":"http:\/\/cuartetoenlaweb.com.ar\/sitio\/expectativas-de-inflacion-segun-di-tella-estaria-en-el-nivel-mas-bajo-desde-marzo-de-2018\/"},"wordCount":403,"publisher":{"@id":"http:\/\/cuartetoenlaweb.com.ar\/sitio\/#organization"},"image":{"@id":"http:\/\/cuartetoenlaweb.com.ar\/sitio\/expectativas-de-inflacion-segun-di-tella-estaria-en-el-nivel-mas-bajo-desde-marzo-de-2018\/#primaryimage"},"thumbnailUrl":"https:\/\/cuartetoenlaweb.com.ar\/sitio\/wp-content\/uploads\/2025\/11\/720-2053.jpeg","articleSection":["PAIS"],"inLanguage":"es"},{"@type":"WebPage","@id":"http:\/\/cuartetoenlaweb.com.ar\/sitio\/expectativas-de-inflacion-segun-di-tella-estaria-en-el-nivel-mas-bajo-desde-marzo-de-2018\/","url":"http:\/\/cuartetoenlaweb.com.ar\/sitio\/expectativas-de-inflacion-segun-di-tella-estaria-en-el-nivel-mas-bajo-desde-marzo-de-2018\/","name":"Expectativas de Inflaci\u00f3n: seg\u00fan Di Tella, estar\u00eda en el nivel m\u00e1s bajo desde marzo de 2018 - Cuarteto en la Web","isPartOf":{"@id":"http:\/\/cuartetoenlaweb.com.ar\/sitio\/#website"},"primaryImageOfPage":{"@id":"http:\/\/cuartetoenlaweb.com.ar\/sitio\/expectativas-de-inflacion-segun-di-tella-estaria-en-el-nivel-mas-bajo-desde-marzo-de-2018\/#primaryimage"},"image":{"@id":"http:\/\/cuartetoenlaweb.com.ar\/sitio\/expectativas-de-inflacion-segun-di-tella-estaria-en-el-nivel-mas-bajo-desde-marzo-de-2018\/#primaryimage"},"thumbnailUrl":"https:\/\/cuartetoenlaweb.com.ar\/sitio\/wp-content\/uploads\/2025\/11\/720-2053.jpeg","datePublished":"2025-11-27T14:59:40+00:00","breadcrumb":{"@id":"http:\/\/cuartetoenlaweb.com.ar\/sitio\/expectativas-de-inflacion-segun-di-tella-estaria-en-el-nivel-mas-bajo-desde-marzo-de-2018\/#breadcrumb"},"inLanguage":"es","potentialAction":[{"@type":"ReadAction","target":["http:\/\/cuartetoenlaweb.com.ar\/sitio\/expectativas-de-inflacion-segun-di-tella-estaria-en-el-nivel-mas-bajo-desde-marzo-de-2018\/"]}]},{"@type":"ImageObject","inLanguage":"es","@id":"http:\/\/cuartetoenlaweb.com.ar\/sitio\/expectativas-de-inflacion-segun-di-tella-estaria-en-el-nivel-mas-bajo-desde-marzo-de-2018\/#primaryimage","url":"https:\/\/cuartetoenlaweb.com.ar\/sitio\/wp-content\/uploads\/2025\/11\/720-2053.jpeg","contentUrl":"https:\/\/cuartetoenlaweb.com.ar\/sitio\/wp-content\/uploads\/2025\/11\/720-2053.jpeg","width":1080,"height":720},{"@type":"BreadcrumbList","@id":"http:\/\/cuartetoenlaweb.com.ar\/sitio\/expectativas-de-inflacion-segun-di-tella-estaria-en-el-nivel-mas-bajo-desde-marzo-de-2018\/#breadcrumb","itemListElement":[{"@type":"ListItem","position":1,"name":"Portada","item":"http:\/\/cuartetoenlaweb.com.ar\/sitio\/"},{"@type":"ListItem","position":2,"name":"Expectativas de Inflaci\u00f3n: seg\u00fan Di Tella, estar\u00eda en el nivel m\u00e1s bajo desde marzo de 2018"}]},{"@type":"WebSite","@id":"http:\/\/cuartetoenlaweb.com.ar\/sitio\/#website","url":"http:\/\/cuartetoenlaweb.com.ar\/sitio\/","name":"Cuarteto en la Web","description":"","publisher":{"@id":"http:\/\/cuartetoenlaweb.com.ar\/sitio\/#organization"},"potentialAction":[{"@type":"SearchAction","target":{"@type":"EntryPoint","urlTemplate":"http:\/\/cuartetoenlaweb.com.ar\/sitio\/?s={search_term_string}"},"query-input":{"@type":"PropertyValueSpecification","valueRequired":true,"valueName":"search_term_string"}}],"inLanguage":"es"},{"@type":"Organization","@id":"http:\/\/cuartetoenlaweb.com.ar\/sitio\/#organization","name":"Cuarteto en la Web","url":"http:\/\/cuartetoenlaweb.com.ar\/sitio\/","logo":{"@type":"ImageObject","inLanguage":"es","@id":"http:\/\/cuartetoenlaweb.com.ar\/sitio\/#\/schema\/logo\/image\/","url":"https:\/\/cuartetoenlaweb.com.ar\/sitio\/wp-content\/uploads\/2025\/07\/cropped-cropped-logitoweb21.png","contentUrl":"https:\/\/cuartetoenlaweb.com.ar\/sitio\/wp-content\/uploads\/2025\/07\/cropped-cropped-logitoweb21.png","width":199,"height":199,"caption":"Cuarteto en la Web"},"image":{"@id":"http:\/\/cuartetoenlaweb.com.ar\/sitio\/#\/schema\/logo\/image\/"}}]}},"_links":{"self":[{"href":"https:\/\/cuartetoenlaweb.com.ar\/sitio\/wp-json\/wp\/v2\/posts\/7373","targetHints":{"allow":["GET"]}}],"collection":[{"href":"https:\/\/cuartetoenlaweb.com.ar\/sitio\/wp-json\/wp\/v2\/posts"}],"about":[{"href":"https:\/\/cuartetoenlaweb.com.ar\/sitio\/wp-json\/wp\/v2\/types\/post"}],"replies":[{"embeddable":true,"href":"https:\/\/cuartetoenlaweb.com.ar\/sitio\/wp-json\/wp\/v2\/comments?post=7373"}],"version-history":[{"count":0,"href":"https:\/\/cuartetoenlaweb.com.ar\/sitio\/wp-json\/wp\/v2\/posts\/7373\/revisions"}],"wp:featuredmedia":[{"embeddable":true,"href":"https:\/\/cuartetoenlaweb.com.ar\/sitio\/wp-json\/wp\/v2\/media\/7374"}],"wp:attachment":[{"href":"https:\/\/cuartetoenlaweb.com.ar\/sitio\/wp-json\/wp\/v2\/media?parent=7373"}],"wp:term":[{"taxonomy":"category","embeddable":true,"href":"https:\/\/cuartetoenlaweb.com.ar\/sitio\/wp-json\/wp\/v2\/categories?post=7373"},{"taxonomy":"post_tag","embeddable":true,"href":"https:\/\/cuartetoenlaweb.com.ar\/sitio\/wp-json\/wp\/v2\/tags?post=7373"}],"curies":[{"name":"wp","href":"https:\/\/api.w.org\/{rel}","templated":true}]}}