
{"id":7349,"date":"2025-11-27T09:59:48","date_gmt":"2025-11-27T12:59:48","guid":{"rendered":"https:\/\/cuartetoenlaweb.com.ar\/sitio\/engano-abuso-y-promocion-de-la-prostitucion-condenaron-a-un-masajista\/"},"modified":"2025-11-27T09:59:48","modified_gmt":"2025-11-27T12:59:48","slug":"engano-abuso-y-promocion-de-la-prostitucion-condenaron-a-un-masajista","status":"publish","type":"post","link":"https:\/\/cuartetoenlaweb.com.ar\/sitio\/engano-abuso-y-promocion-de-la-prostitucion-condenaron-a-un-masajista\/","title":{"rendered":"Enga\u00f1o, abuso y promoci\u00f3n de la prostituci\u00f3n: condenaron a un masajista"},"content":{"rendered":"<p>Buenos Aires, 27 noviembre (NA) \u2013 Un masajista fue condenado por abuso sexual y promoci\u00f3n de la prostituci\u00f3n contra una adolescente, de 16 a\u00f1os, a quien enga\u00f1\u00f3 con una falsa oferta para trabajar como su ayudante en departamentos del barrio porte\u00f1o de Recoleta.<\/p>\n<p>El Tribunal Oral en lo Criminal Federal (TOF) N\u00b06 de Capital Federal conden\u00f3 a Walter Barrientos Garc\u00eda (60) a 15 a\u00f1os de prisi\u00f3n como autor penalmente responsable del delito de abuso sexual con acceso carnal reiterado en dos oportunidades, en concurso real con promoci\u00f3n de la prostituci\u00f3n de una menor de 18 a\u00f1os de edad, agravada por haber mediado enga\u00f1o.<\/p>\n<p>En la etapa de alegatos de cierre, la Fiscal\u00eda General N\u00b03, a cargo de la fiscal general Gabriela Baig\u00fan, solicit\u00f3 la misma pena dictaminada por el tribunal, integrado de manera unipersonal por el juez Adri\u00e1n Gr\u00fcnberg, quien rechaz\u00f3 los planteos formulados por la defensa.<\/p>\n<p>Uno de los puntos expuestos por el abogado de Barrientos es que se declare extinta la acci\u00f3n penal por prescripci\u00f3n.<\/p>\n<p>Antes del dictamen, seg\u00fan expuso el portal Fiscales, contenido al que accedi\u00f3 la Agencia Noticias Argentinas, el acusado dio sus \u00faltimas palabras: \u00abMis abogados ya dijeron todo lo que ten\u00eda que decir. Es todo lo que puedo decir. Con todo respeto, muchas gracias y bendiciones para todos ustedes\u00bb.<\/p>\n<p>Se espera que dicho tribunal d\u00e9 a conocer los fundamentos de la sentencia el pr\u00f3ximo mi\u00e9rcoles 3 de diciembre. Respecto al condenado, tras escuchan el veredicto regres\u00f3 al Complejo Penitenciario Federal II de Marcos Paz.<\/p>\n<p>EL INICIO DE LA INVESTIGACI\u00d3N<\/p>\n<p>En 2021 se dio inicio a la investigaci\u00f3n que concluy\u00f3 hace algunas horas cuando, a trav\u00e9s de la L\u00ednea 145, se concret\u00f3 una denuncia an\u00f3nima en la que se detallaba un contexto de abuso y prostituci\u00f3n tras un enga\u00f1o de oferta laboral.<\/p>\n<p>De este modo, se dio intervenci\u00f3n de la Procuradur\u00eda de Trata y Explotaci\u00f3n de Personas (PROTEX) y luego la v\u00edctima ampli\u00f3 su testimonio en C\u00e1mara Gesell.<\/p>\n<p>Conforme a lo expuesto por la adolescente, y ratificado en el juicio, la menor se contact\u00f3 por primera vez con Barrientos en noviembre de 2012, a trav\u00e9s de una p\u00e1gina de internet de avisos laborales. Por dicha v\u00eda, program\u00f3 un encuentro con el imputado en un departamento destinado al servicio de masajes, en la calle Arenales al 2400, de Recoleta.<\/p>\n<p>\u201cEn aquella ocasi\u00f3n y con la excusa de capacitar a la v\u00edctima acerca de las t\u00e9cnicas para realizar masajes, Barrientos hizo desnudar a la damnificada y concret\u00f3 el primer abuso sexual. El segundo episodio de agresi\u00f3n tuvo lugar en el mismo sitio y tambi\u00e9n particip\u00f3 una pareja de clientes del establecimiento\u201d, se conoci\u00f3.<\/p>\n<p>Se determin\u00f3 que, en los dos departamentos, ubicados en el mismo edificio, hab\u00eda adem\u00e1s otras cuatro mujeres, de entre 20 y 30 a\u00f1os, que tambi\u00e9n eran explotadas sexualmente.<\/p>\n<p>\u201cLa investigaci\u00f3n acredit\u00f3 que el ataque a la v\u00edctima se consum\u00f3 y se extendi\u00f3 aproximadamente tres meses. En aquel momento -hace ya 13 a\u00f1os-, la v\u00edctima realizaba tres \u2018pases\u2019 por d\u00eda y solo recib\u00eda $500 sobre un total de $1.200 diarios del valor para que mantenga encuentros sexuales con varones adultos\u201d, describieron.<\/p>\n<p>EL TESTIMONIO DE LA V\u00cdCTIMA<\/p>\n<p>El testimonio de la v\u00edctima, tanto en C\u00e1mara Gesell como en el juicio, fue de suma importancia debido a que permiti\u00f3 dar contexto del calvario que vivi\u00f3.<\/p>\n<p>El 9 de septiembre \u00faltimo, y para no cruzarse con el ahora condenado, declar\u00f3 desde una sala contigua al tribunal, mediante videoconferencia y acompa\u00f1ada por una psic\u00f3loga.<\/p>\n<p>#AgenciaNA<\/p>\n","protected":false},"excerpt":{"rendered":"<p>Buenos Aires, 27 noviembre (NA) \u2013 Un masajista fue condenado<\/p>\n","protected":false},"author":0,"featured_media":7350,"comment_status":"","ping_status":"","sticky":false,"template":"","format":"standard","meta":{"footnotes":""},"categories":[65],"tags":[],"class_list":["post-7349","post","type-post","status-publish","format-standard","has-post-thumbnail","hentry","category-pais"],"yoast_head":"<!-- This site is optimized with the Yoast SEO plugin v27.4 - https:\/\/yoast.com\/product\/yoast-seo-wordpress\/ -->\n<title>Enga\u00f1o, abuso y promoci\u00f3n de la prostituci\u00f3n: condenaron a un masajista - Cuarteto en la Web<\/title>\n<meta name=\"robots\" content=\"index, follow, max-snippet:-1, max-image-preview:large, max-video-preview:-1\" \/>\n<link rel=\"canonical\" href=\"http:\/\/cuartetoenlaweb.com.ar\/sitio\/engano-abuso-y-promocion-de-la-prostitucion-condenaron-a-un-masajista\/\" \/>\n<meta property=\"og:locale\" content=\"es_ES\" \/>\n<meta property=\"og:type\" content=\"article\" \/>\n<meta property=\"og:title\" content=\"Enga\u00f1o, abuso y promoci\u00f3n de la prostituci\u00f3n: condenaron a un masajista - Cuarteto en la Web\" \/>\n<meta property=\"og:description\" content=\"Buenos Aires, 27 noviembre (NA) \u2013 Un masajista fue condenado\" \/>\n<meta property=\"og:url\" content=\"http:\/\/cuartetoenlaweb.com.ar\/sitio\/engano-abuso-y-promocion-de-la-prostitucion-condenaron-a-un-masajista\/\" \/>\n<meta property=\"og:site_name\" content=\"Cuarteto en la Web\" \/>\n<meta property=\"article:published_time\" content=\"2025-11-27T12:59:48+00:00\" \/>\n<meta property=\"og:image\" content=\"http:\/\/cuartetoenlaweb.com.ar\/sitio\/wp-content\/uploads\/2025\/11\/720-2044.jpeg\" \/>\n\t<meta property=\"og:image:width\" content=\"1280\" \/>\n\t<meta property=\"og:image:height\" content=\"707\" \/>\n\t<meta property=\"og:image:type\" content=\"image\/jpeg\" \/>\n<meta name=\"twitter:card\" content=\"summary_large_image\" \/>\n<meta name=\"twitter:label1\" content=\"Tiempo de lectura\" \/>\n\t<meta name=\"twitter:data1\" content=\"3 minutos\" \/>\n<script type=\"application\/ld+json\" class=\"yoast-schema-graph\">{\"@context\":\"https:\\\/\\\/schema.org\",\"@graph\":[{\"@type\":\"Article\",\"@id\":\"http:\\\/\\\/cuartetoenlaweb.com.ar\\\/sitio\\\/engano-abuso-y-promocion-de-la-prostitucion-condenaron-a-un-masajista\\\/#article\",\"isPartOf\":{\"@id\":\"http:\\\/\\\/cuartetoenlaweb.com.ar\\\/sitio\\\/engano-abuso-y-promocion-de-la-prostitucion-condenaron-a-un-masajista\\\/\"},\"author\":{\"name\":\"\",\"@id\":\"\"},\"headline\":\"Enga\u00f1o, abuso y promoci\u00f3n de la prostituci\u00f3n: condenaron a un masajista\",\"datePublished\":\"2025-11-27T12:59:48+00:00\",\"mainEntityOfPage\":{\"@id\":\"http:\\\/\\\/cuartetoenlaweb.com.ar\\\/sitio\\\/engano-abuso-y-promocion-de-la-prostitucion-condenaron-a-un-masajista\\\/\"},\"wordCount\":629,\"publisher\":{\"@id\":\"http:\\\/\\\/cuartetoenlaweb.com.ar\\\/sitio\\\/#organization\"},\"image\":{\"@id\":\"http:\\\/\\\/cuartetoenlaweb.com.ar\\\/sitio\\\/engano-abuso-y-promocion-de-la-prostitucion-condenaron-a-un-masajista\\\/#primaryimage\"},\"thumbnailUrl\":\"https:\\\/\\\/cuartetoenlaweb.com.ar\\\/sitio\\\/wp-content\\\/uploads\\\/2025\\\/11\\\/720-2044.jpeg\",\"articleSection\":[\"PAIS\"],\"inLanguage\":\"es\"},{\"@type\":\"WebPage\",\"@id\":\"http:\\\/\\\/cuartetoenlaweb.com.ar\\\/sitio\\\/engano-abuso-y-promocion-de-la-prostitucion-condenaron-a-un-masajista\\\/\",\"url\":\"http:\\\/\\\/cuartetoenlaweb.com.ar\\\/sitio\\\/engano-abuso-y-promocion-de-la-prostitucion-condenaron-a-un-masajista\\\/\",\"name\":\"Enga\u00f1o, abuso y promoci\u00f3n de la prostituci\u00f3n: condenaron a un masajista - Cuarteto en la Web\",\"isPartOf\":{\"@id\":\"http:\\\/\\\/cuartetoenlaweb.com.ar\\\/sitio\\\/#website\"},\"primaryImageOfPage\":{\"@id\":\"http:\\\/\\\/cuartetoenlaweb.com.ar\\\/sitio\\\/engano-abuso-y-promocion-de-la-prostitucion-condenaron-a-un-masajista\\\/#primaryimage\"},\"image\":{\"@id\":\"http:\\\/\\\/cuartetoenlaweb.com.ar\\\/sitio\\\/engano-abuso-y-promocion-de-la-prostitucion-condenaron-a-un-masajista\\\/#primaryimage\"},\"thumbnailUrl\":\"https:\\\/\\\/cuartetoenlaweb.com.ar\\\/sitio\\\/wp-content\\\/uploads\\\/2025\\\/11\\\/720-2044.jpeg\",\"datePublished\":\"2025-11-27T12:59:48+00:00\",\"breadcrumb\":{\"@id\":\"http:\\\/\\\/cuartetoenlaweb.com.ar\\\/sitio\\\/engano-abuso-y-promocion-de-la-prostitucion-condenaron-a-un-masajista\\\/#breadcrumb\"},\"inLanguage\":\"es\",\"potentialAction\":[{\"@type\":\"ReadAction\",\"target\":[\"http:\\\/\\\/cuartetoenlaweb.com.ar\\\/sitio\\\/engano-abuso-y-promocion-de-la-prostitucion-condenaron-a-un-masajista\\\/\"]}]},{\"@type\":\"ImageObject\",\"inLanguage\":\"es\",\"@id\":\"http:\\\/\\\/cuartetoenlaweb.com.ar\\\/sitio\\\/engano-abuso-y-promocion-de-la-prostitucion-condenaron-a-un-masajista\\\/#primaryimage\",\"url\":\"https:\\\/\\\/cuartetoenlaweb.com.ar\\\/sitio\\\/wp-content\\\/uploads\\\/2025\\\/11\\\/720-2044.jpeg\",\"contentUrl\":\"https:\\\/\\\/cuartetoenlaweb.com.ar\\\/sitio\\\/wp-content\\\/uploads\\\/2025\\\/11\\\/720-2044.jpeg\",\"width\":1280,\"height\":707},{\"@type\":\"BreadcrumbList\",\"@id\":\"http:\\\/\\\/cuartetoenlaweb.com.ar\\\/sitio\\\/engano-abuso-y-promocion-de-la-prostitucion-condenaron-a-un-masajista\\\/#breadcrumb\",\"itemListElement\":[{\"@type\":\"ListItem\",\"position\":1,\"name\":\"Portada\",\"item\":\"http:\\\/\\\/cuartetoenlaweb.com.ar\\\/sitio\\\/\"},{\"@type\":\"ListItem\",\"position\":2,\"name\":\"Enga\u00f1o, abuso y promoci\u00f3n de la prostituci\u00f3n: condenaron a un masajista\"}]},{\"@type\":\"WebSite\",\"@id\":\"http:\\\/\\\/cuartetoenlaweb.com.ar\\\/sitio\\\/#website\",\"url\":\"http:\\\/\\\/cuartetoenlaweb.com.ar\\\/sitio\\\/\",\"name\":\"Cuarteto en la Web\",\"description\":\"\",\"publisher\":{\"@id\":\"http:\\\/\\\/cuartetoenlaweb.com.ar\\\/sitio\\\/#organization\"},\"potentialAction\":[{\"@type\":\"SearchAction\",\"target\":{\"@type\":\"EntryPoint\",\"urlTemplate\":\"http:\\\/\\\/cuartetoenlaweb.com.ar\\\/sitio\\\/?s={search_term_string}\"},\"query-input\":{\"@type\":\"PropertyValueSpecification\",\"valueRequired\":true,\"valueName\":\"search_term_string\"}}],\"inLanguage\":\"es\"},{\"@type\":\"Organization\",\"@id\":\"http:\\\/\\\/cuartetoenlaweb.com.ar\\\/sitio\\\/#organization\",\"name\":\"Cuarteto en la Web\",\"url\":\"http:\\\/\\\/cuartetoenlaweb.com.ar\\\/sitio\\\/\",\"logo\":{\"@type\":\"ImageObject\",\"inLanguage\":\"es\",\"@id\":\"http:\\\/\\\/cuartetoenlaweb.com.ar\\\/sitio\\\/#\\\/schema\\\/logo\\\/image\\\/\",\"url\":\"https:\\\/\\\/cuartetoenlaweb.com.ar\\\/sitio\\\/wp-content\\\/uploads\\\/2025\\\/07\\\/cropped-cropped-logitoweb21.png\",\"contentUrl\":\"https:\\\/\\\/cuartetoenlaweb.com.ar\\\/sitio\\\/wp-content\\\/uploads\\\/2025\\\/07\\\/cropped-cropped-logitoweb21.png\",\"width\":199,\"height\":199,\"caption\":\"Cuarteto en la Web\"},\"image\":{\"@id\":\"http:\\\/\\\/cuartetoenlaweb.com.ar\\\/sitio\\\/#\\\/schema\\\/logo\\\/image\\\/\"}}]}<\/script>\n<!-- \/ Yoast SEO plugin. -->","yoast_head_json":{"title":"Enga\u00f1o, abuso y promoci\u00f3n de la prostituci\u00f3n: condenaron a un masajista - Cuarteto en la Web","robots":{"index":"index","follow":"follow","max-snippet":"max-snippet:-1","max-image-preview":"max-image-preview:large","max-video-preview":"max-video-preview:-1"},"canonical":"http:\/\/cuartetoenlaweb.com.ar\/sitio\/engano-abuso-y-promocion-de-la-prostitucion-condenaron-a-un-masajista\/","og_locale":"es_ES","og_type":"article","og_title":"Enga\u00f1o, abuso y promoci\u00f3n de la prostituci\u00f3n: condenaron a un masajista - Cuarteto en la Web","og_description":"Buenos Aires, 27 noviembre (NA) \u2013 Un masajista fue condenado","og_url":"http:\/\/cuartetoenlaweb.com.ar\/sitio\/engano-abuso-y-promocion-de-la-prostitucion-condenaron-a-un-masajista\/","og_site_name":"Cuarteto en la Web","article_published_time":"2025-11-27T12:59:48+00:00","og_image":[{"width":1280,"height":707,"url":"http:\/\/cuartetoenlaweb.com.ar\/sitio\/wp-content\/uploads\/2025\/11\/720-2044.jpeg","type":"image\/jpeg"}],"twitter_card":"summary_large_image","twitter_misc":{"Tiempo de lectura":"3 minutos"},"schema":{"@context":"https:\/\/schema.org","@graph":[{"@type":"Article","@id":"http:\/\/cuartetoenlaweb.com.ar\/sitio\/engano-abuso-y-promocion-de-la-prostitucion-condenaron-a-un-masajista\/#article","isPartOf":{"@id":"http:\/\/cuartetoenlaweb.com.ar\/sitio\/engano-abuso-y-promocion-de-la-prostitucion-condenaron-a-un-masajista\/"},"author":{"name":"","@id":""},"headline":"Enga\u00f1o, abuso y promoci\u00f3n de la prostituci\u00f3n: condenaron a un masajista","datePublished":"2025-11-27T12:59:48+00:00","mainEntityOfPage":{"@id":"http:\/\/cuartetoenlaweb.com.ar\/sitio\/engano-abuso-y-promocion-de-la-prostitucion-condenaron-a-un-masajista\/"},"wordCount":629,"publisher":{"@id":"http:\/\/cuartetoenlaweb.com.ar\/sitio\/#organization"},"image":{"@id":"http:\/\/cuartetoenlaweb.com.ar\/sitio\/engano-abuso-y-promocion-de-la-prostitucion-condenaron-a-un-masajista\/#primaryimage"},"thumbnailUrl":"https:\/\/cuartetoenlaweb.com.ar\/sitio\/wp-content\/uploads\/2025\/11\/720-2044.jpeg","articleSection":["PAIS"],"inLanguage":"es"},{"@type":"WebPage","@id":"http:\/\/cuartetoenlaweb.com.ar\/sitio\/engano-abuso-y-promocion-de-la-prostitucion-condenaron-a-un-masajista\/","url":"http:\/\/cuartetoenlaweb.com.ar\/sitio\/engano-abuso-y-promocion-de-la-prostitucion-condenaron-a-un-masajista\/","name":"Enga\u00f1o, abuso y promoci\u00f3n de la prostituci\u00f3n: condenaron a un masajista - Cuarteto en la Web","isPartOf":{"@id":"http:\/\/cuartetoenlaweb.com.ar\/sitio\/#website"},"primaryImageOfPage":{"@id":"http:\/\/cuartetoenlaweb.com.ar\/sitio\/engano-abuso-y-promocion-de-la-prostitucion-condenaron-a-un-masajista\/#primaryimage"},"image":{"@id":"http:\/\/cuartetoenlaweb.com.ar\/sitio\/engano-abuso-y-promocion-de-la-prostitucion-condenaron-a-un-masajista\/#primaryimage"},"thumbnailUrl":"https:\/\/cuartetoenlaweb.com.ar\/sitio\/wp-content\/uploads\/2025\/11\/720-2044.jpeg","datePublished":"2025-11-27T12:59:48+00:00","breadcrumb":{"@id":"http:\/\/cuartetoenlaweb.com.ar\/sitio\/engano-abuso-y-promocion-de-la-prostitucion-condenaron-a-un-masajista\/#breadcrumb"},"inLanguage":"es","potentialAction":[{"@type":"ReadAction","target":["http:\/\/cuartetoenlaweb.com.ar\/sitio\/engano-abuso-y-promocion-de-la-prostitucion-condenaron-a-un-masajista\/"]}]},{"@type":"ImageObject","inLanguage":"es","@id":"http:\/\/cuartetoenlaweb.com.ar\/sitio\/engano-abuso-y-promocion-de-la-prostitucion-condenaron-a-un-masajista\/#primaryimage","url":"https:\/\/cuartetoenlaweb.com.ar\/sitio\/wp-content\/uploads\/2025\/11\/720-2044.jpeg","contentUrl":"https:\/\/cuartetoenlaweb.com.ar\/sitio\/wp-content\/uploads\/2025\/11\/720-2044.jpeg","width":1280,"height":707},{"@type":"BreadcrumbList","@id":"http:\/\/cuartetoenlaweb.com.ar\/sitio\/engano-abuso-y-promocion-de-la-prostitucion-condenaron-a-un-masajista\/#breadcrumb","itemListElement":[{"@type":"ListItem","position":1,"name":"Portada","item":"http:\/\/cuartetoenlaweb.com.ar\/sitio\/"},{"@type":"ListItem","position":2,"name":"Enga\u00f1o, abuso y promoci\u00f3n de la prostituci\u00f3n: condenaron a un masajista"}]},{"@type":"WebSite","@id":"http:\/\/cuartetoenlaweb.com.ar\/sitio\/#website","url":"http:\/\/cuartetoenlaweb.com.ar\/sitio\/","name":"Cuarteto en la Web","description":"","publisher":{"@id":"http:\/\/cuartetoenlaweb.com.ar\/sitio\/#organization"},"potentialAction":[{"@type":"SearchAction","target":{"@type":"EntryPoint","urlTemplate":"http:\/\/cuartetoenlaweb.com.ar\/sitio\/?s={search_term_string}"},"query-input":{"@type":"PropertyValueSpecification","valueRequired":true,"valueName":"search_term_string"}}],"inLanguage":"es"},{"@type":"Organization","@id":"http:\/\/cuartetoenlaweb.com.ar\/sitio\/#organization","name":"Cuarteto en la Web","url":"http:\/\/cuartetoenlaweb.com.ar\/sitio\/","logo":{"@type":"ImageObject","inLanguage":"es","@id":"http:\/\/cuartetoenlaweb.com.ar\/sitio\/#\/schema\/logo\/image\/","url":"https:\/\/cuartetoenlaweb.com.ar\/sitio\/wp-content\/uploads\/2025\/07\/cropped-cropped-logitoweb21.png","contentUrl":"https:\/\/cuartetoenlaweb.com.ar\/sitio\/wp-content\/uploads\/2025\/07\/cropped-cropped-logitoweb21.png","width":199,"height":199,"caption":"Cuarteto en la Web"},"image":{"@id":"http:\/\/cuartetoenlaweb.com.ar\/sitio\/#\/schema\/logo\/image\/"}}]}},"_links":{"self":[{"href":"https:\/\/cuartetoenlaweb.com.ar\/sitio\/wp-json\/wp\/v2\/posts\/7349","targetHints":{"allow":["GET"]}}],"collection":[{"href":"https:\/\/cuartetoenlaweb.com.ar\/sitio\/wp-json\/wp\/v2\/posts"}],"about":[{"href":"https:\/\/cuartetoenlaweb.com.ar\/sitio\/wp-json\/wp\/v2\/types\/post"}],"replies":[{"embeddable":true,"href":"https:\/\/cuartetoenlaweb.com.ar\/sitio\/wp-json\/wp\/v2\/comments?post=7349"}],"version-history":[{"count":0,"href":"https:\/\/cuartetoenlaweb.com.ar\/sitio\/wp-json\/wp\/v2\/posts\/7349\/revisions"}],"wp:featuredmedia":[{"embeddable":true,"href":"https:\/\/cuartetoenlaweb.com.ar\/sitio\/wp-json\/wp\/v2\/media\/7350"}],"wp:attachment":[{"href":"https:\/\/cuartetoenlaweb.com.ar\/sitio\/wp-json\/wp\/v2\/media?parent=7349"}],"wp:term":[{"taxonomy":"category","embeddable":true,"href":"https:\/\/cuartetoenlaweb.com.ar\/sitio\/wp-json\/wp\/v2\/categories?post=7349"},{"taxonomy":"post_tag","embeddable":true,"href":"https:\/\/cuartetoenlaweb.com.ar\/sitio\/wp-json\/wp\/v2\/tags?post=7349"}],"curies":[{"name":"wp","href":"https:\/\/api.w.org\/{rel}","templated":true}]}}