
{"id":7347,"date":"2025-11-27T09:59:46","date_gmt":"2025-11-27T12:59:46","guid":{"rendered":"https:\/\/cuartetoenlaweb.com.ar\/sitio\/la-campora-vs-kicillof-le-trabaron-el-endeudamiento-al-gobernador\/"},"modified":"2025-11-27T09:59:46","modified_gmt":"2025-11-27T12:59:46","slug":"la-campora-vs-kicillof-le-trabaron-el-endeudamiento-al-gobernador","status":"publish","type":"post","link":"https:\/\/cuartetoenlaweb.com.ar\/sitio\/la-campora-vs-kicillof-le-trabaron-el-endeudamiento-al-gobernador\/","title":{"rendered":"La C\u00e1mpora vs. Kicillof: le trabaron el endeudamiento al gobernador"},"content":{"rendered":"<p>Buenos Aires, 27 noviembre (NA) &#8212; El gobernador Axel Kicillof logr\u00f3 esta madrugada la aprobaci\u00f3n del Presupuesto 2026 para la provincia de Buenos Aires, pero el aval para su plan de endeudamiento entr\u00f3 en un cuarto intermedio hasta el viernes, a causa de las diferencias pol\u00edticas internas con La C\u00e1mpora y la falta de acuerdo con la oposici\u00f3n.<\/p>\n<p>La marat\u00f3nica sesi\u00f3n que se celebr\u00f3 en la Legislatura bonaerense cerr\u00f3 con la autorizaci\u00f3n del plan de ingresos y egresos y las modificaciones en la Ley Fiscal Impositiva.<\/p>\n<p>Sin consenso para el programa de endeudamiento, los diputados y senadores de la provincia de Buenos Aires abrieron un cuarto intermedio hasta ma\u00f1ana a las 10.<\/p>\n<p>La asignaci\u00f3n de fondos para los municipios y la exigencia de cargos en el directorio del Banco Provincia, son los puntos de debate que separan a La C\u00e1mpora y a la oposici\u00f3n de la postura del oficialismo.<\/p>\n<p>Kicillof pretende que se le habilite un endeudamiento por m\u00e1s de US$3.000 millones, para lo cual necesita una mayor\u00eda especial que no consigue, principalmente por su disidencia con el sector referenciado en el kirchnerismo.<\/p>\n<p>La exigencia de los intendentes de la oposici\u00f3n es que el Fondo de Fortalecimiento de la Inversi\u00f3n Municipal autorice un reparto con esquema con cuotas mensuales fijas, mientas el Kicillof pretende un reparto proporcional al endeudamiento, seg\u00fan pudo establecer Agencia Noticias Argentinas.<\/p>\n<p>El segundo punto en discusi\u00f3n es la ampliaci\u00f3n del directorio del Banco Provincia. La oposici\u00f3n quiere ampliarlo de ocho a doce para a partir de all\u00ed aspirar a m\u00e1s cargos.<\/p>\n<p>Pero Kicillof no quiere aceptar esa discusi\u00f3n porque le abrir\u00eda la puerta a una nueva exigencia de La C\u00e1mpora, una disputa que no termina de resolverse y complica la gobernabilidad provincial.<\/p>\n<p>#AgenciaNA.<\/p>\n","protected":false},"excerpt":{"rendered":"<p>Buenos Aires, 27 noviembre (NA) &#8212; El gobernador Axel Kicillof<\/p>\n","protected":false},"author":0,"featured_media":7348,"comment_status":"","ping_status":"","sticky":false,"template":"","format":"standard","meta":{"footnotes":""},"categories":[65],"tags":[],"class_list":["post-7347","post","type-post","status-publish","format-standard","has-post-thumbnail","hentry","category-pais"],"yoast_head":"<!-- This site is optimized with the Yoast SEO plugin v27.4 - https:\/\/yoast.com\/product\/yoast-seo-wordpress\/ -->\n<title>La C\u00e1mpora vs. Kicillof: le trabaron el endeudamiento al gobernador - Cuarteto en la Web<\/title>\n<meta name=\"robots\" content=\"index, follow, max-snippet:-1, max-image-preview:large, max-video-preview:-1\" \/>\n<link rel=\"canonical\" href=\"http:\/\/cuartetoenlaweb.com.ar\/sitio\/la-campora-vs-kicillof-le-trabaron-el-endeudamiento-al-gobernador\/\" \/>\n<meta property=\"og:locale\" content=\"es_ES\" \/>\n<meta property=\"og:type\" content=\"article\" \/>\n<meta property=\"og:title\" content=\"La C\u00e1mpora vs. Kicillof: le trabaron el endeudamiento al gobernador - Cuarteto en la Web\" \/>\n<meta property=\"og:description\" content=\"Buenos Aires, 27 noviembre (NA) &#8212; El gobernador Axel Kicillof\" \/>\n<meta property=\"og:url\" content=\"http:\/\/cuartetoenlaweb.com.ar\/sitio\/la-campora-vs-kicillof-le-trabaron-el-endeudamiento-al-gobernador\/\" \/>\n<meta property=\"og:site_name\" content=\"Cuarteto en la Web\" \/>\n<meta property=\"article:published_time\" content=\"2025-11-27T12:59:46+00:00\" \/>\n<meta property=\"og:image\" content=\"http:\/\/cuartetoenlaweb.com.ar\/sitio\/wp-content\/uploads\/2025\/11\/720-2043.jpeg\" \/>\n\t<meta property=\"og:image:width\" content=\"1081\" \/>\n\t<meta property=\"og:image:height\" content=\"720\" \/>\n\t<meta property=\"og:image:type\" content=\"image\/jpeg\" \/>\n<meta name=\"twitter:card\" content=\"summary_large_image\" \/>\n<meta name=\"twitter:label1\" content=\"Tiempo de lectura\" \/>\n\t<meta name=\"twitter:data1\" content=\"2 minutos\" \/>\n<script type=\"application\/ld+json\" class=\"yoast-schema-graph\">{\"@context\":\"https:\\\/\\\/schema.org\",\"@graph\":[{\"@type\":\"Article\",\"@id\":\"http:\\\/\\\/cuartetoenlaweb.com.ar\\\/sitio\\\/la-campora-vs-kicillof-le-trabaron-el-endeudamiento-al-gobernador\\\/#article\",\"isPartOf\":{\"@id\":\"http:\\\/\\\/cuartetoenlaweb.com.ar\\\/sitio\\\/la-campora-vs-kicillof-le-trabaron-el-endeudamiento-al-gobernador\\\/\"},\"author\":{\"name\":\"\",\"@id\":\"\"},\"headline\":\"La C\u00e1mpora vs. Kicillof: le trabaron el endeudamiento al gobernador\",\"datePublished\":\"2025-11-27T12:59:46+00:00\",\"mainEntityOfPage\":{\"@id\":\"http:\\\/\\\/cuartetoenlaweb.com.ar\\\/sitio\\\/la-campora-vs-kicillof-le-trabaron-el-endeudamiento-al-gobernador\\\/\"},\"wordCount\":318,\"publisher\":{\"@id\":\"http:\\\/\\\/cuartetoenlaweb.com.ar\\\/sitio\\\/#organization\"},\"image\":{\"@id\":\"http:\\\/\\\/cuartetoenlaweb.com.ar\\\/sitio\\\/la-campora-vs-kicillof-le-trabaron-el-endeudamiento-al-gobernador\\\/#primaryimage\"},\"thumbnailUrl\":\"https:\\\/\\\/cuartetoenlaweb.com.ar\\\/sitio\\\/wp-content\\\/uploads\\\/2025\\\/11\\\/720-2043.jpeg\",\"articleSection\":[\"PAIS\"],\"inLanguage\":\"es\"},{\"@type\":\"WebPage\",\"@id\":\"http:\\\/\\\/cuartetoenlaweb.com.ar\\\/sitio\\\/la-campora-vs-kicillof-le-trabaron-el-endeudamiento-al-gobernador\\\/\",\"url\":\"http:\\\/\\\/cuartetoenlaweb.com.ar\\\/sitio\\\/la-campora-vs-kicillof-le-trabaron-el-endeudamiento-al-gobernador\\\/\",\"name\":\"La C\u00e1mpora vs. Kicillof: le trabaron el endeudamiento al gobernador - Cuarteto en la Web\",\"isPartOf\":{\"@id\":\"http:\\\/\\\/cuartetoenlaweb.com.ar\\\/sitio\\\/#website\"},\"primaryImageOfPage\":{\"@id\":\"http:\\\/\\\/cuartetoenlaweb.com.ar\\\/sitio\\\/la-campora-vs-kicillof-le-trabaron-el-endeudamiento-al-gobernador\\\/#primaryimage\"},\"image\":{\"@id\":\"http:\\\/\\\/cuartetoenlaweb.com.ar\\\/sitio\\\/la-campora-vs-kicillof-le-trabaron-el-endeudamiento-al-gobernador\\\/#primaryimage\"},\"thumbnailUrl\":\"https:\\\/\\\/cuartetoenlaweb.com.ar\\\/sitio\\\/wp-content\\\/uploads\\\/2025\\\/11\\\/720-2043.jpeg\",\"datePublished\":\"2025-11-27T12:59:46+00:00\",\"breadcrumb\":{\"@id\":\"http:\\\/\\\/cuartetoenlaweb.com.ar\\\/sitio\\\/la-campora-vs-kicillof-le-trabaron-el-endeudamiento-al-gobernador\\\/#breadcrumb\"},\"inLanguage\":\"es\",\"potentialAction\":[{\"@type\":\"ReadAction\",\"target\":[\"http:\\\/\\\/cuartetoenlaweb.com.ar\\\/sitio\\\/la-campora-vs-kicillof-le-trabaron-el-endeudamiento-al-gobernador\\\/\"]}]},{\"@type\":\"ImageObject\",\"inLanguage\":\"es\",\"@id\":\"http:\\\/\\\/cuartetoenlaweb.com.ar\\\/sitio\\\/la-campora-vs-kicillof-le-trabaron-el-endeudamiento-al-gobernador\\\/#primaryimage\",\"url\":\"https:\\\/\\\/cuartetoenlaweb.com.ar\\\/sitio\\\/wp-content\\\/uploads\\\/2025\\\/11\\\/720-2043.jpeg\",\"contentUrl\":\"https:\\\/\\\/cuartetoenlaweb.com.ar\\\/sitio\\\/wp-content\\\/uploads\\\/2025\\\/11\\\/720-2043.jpeg\",\"width\":1081,\"height\":720},{\"@type\":\"BreadcrumbList\",\"@id\":\"http:\\\/\\\/cuartetoenlaweb.com.ar\\\/sitio\\\/la-campora-vs-kicillof-le-trabaron-el-endeudamiento-al-gobernador\\\/#breadcrumb\",\"itemListElement\":[{\"@type\":\"ListItem\",\"position\":1,\"name\":\"Portada\",\"item\":\"http:\\\/\\\/cuartetoenlaweb.com.ar\\\/sitio\\\/\"},{\"@type\":\"ListItem\",\"position\":2,\"name\":\"La C\u00e1mpora vs. Kicillof: le trabaron el endeudamiento al gobernador\"}]},{\"@type\":\"WebSite\",\"@id\":\"http:\\\/\\\/cuartetoenlaweb.com.ar\\\/sitio\\\/#website\",\"url\":\"http:\\\/\\\/cuartetoenlaweb.com.ar\\\/sitio\\\/\",\"name\":\"Cuarteto en la Web\",\"description\":\"\",\"publisher\":{\"@id\":\"http:\\\/\\\/cuartetoenlaweb.com.ar\\\/sitio\\\/#organization\"},\"potentialAction\":[{\"@type\":\"SearchAction\",\"target\":{\"@type\":\"EntryPoint\",\"urlTemplate\":\"http:\\\/\\\/cuartetoenlaweb.com.ar\\\/sitio\\\/?s={search_term_string}\"},\"query-input\":{\"@type\":\"PropertyValueSpecification\",\"valueRequired\":true,\"valueName\":\"search_term_string\"}}],\"inLanguage\":\"es\"},{\"@type\":\"Organization\",\"@id\":\"http:\\\/\\\/cuartetoenlaweb.com.ar\\\/sitio\\\/#organization\",\"name\":\"Cuarteto en la Web\",\"url\":\"http:\\\/\\\/cuartetoenlaweb.com.ar\\\/sitio\\\/\",\"logo\":{\"@type\":\"ImageObject\",\"inLanguage\":\"es\",\"@id\":\"http:\\\/\\\/cuartetoenlaweb.com.ar\\\/sitio\\\/#\\\/schema\\\/logo\\\/image\\\/\",\"url\":\"https:\\\/\\\/cuartetoenlaweb.com.ar\\\/sitio\\\/wp-content\\\/uploads\\\/2025\\\/07\\\/cropped-cropped-logitoweb21.png\",\"contentUrl\":\"https:\\\/\\\/cuartetoenlaweb.com.ar\\\/sitio\\\/wp-content\\\/uploads\\\/2025\\\/07\\\/cropped-cropped-logitoweb21.png\",\"width\":199,\"height\":199,\"caption\":\"Cuarteto en la Web\"},\"image\":{\"@id\":\"http:\\\/\\\/cuartetoenlaweb.com.ar\\\/sitio\\\/#\\\/schema\\\/logo\\\/image\\\/\"}}]}<\/script>\n<!-- \/ Yoast SEO plugin. -->","yoast_head_json":{"title":"La C\u00e1mpora vs. Kicillof: le trabaron el endeudamiento al gobernador - Cuarteto en la Web","robots":{"index":"index","follow":"follow","max-snippet":"max-snippet:-1","max-image-preview":"max-image-preview:large","max-video-preview":"max-video-preview:-1"},"canonical":"http:\/\/cuartetoenlaweb.com.ar\/sitio\/la-campora-vs-kicillof-le-trabaron-el-endeudamiento-al-gobernador\/","og_locale":"es_ES","og_type":"article","og_title":"La C\u00e1mpora vs. Kicillof: le trabaron el endeudamiento al gobernador - Cuarteto en la Web","og_description":"Buenos Aires, 27 noviembre (NA) &#8212; El gobernador Axel Kicillof","og_url":"http:\/\/cuartetoenlaweb.com.ar\/sitio\/la-campora-vs-kicillof-le-trabaron-el-endeudamiento-al-gobernador\/","og_site_name":"Cuarteto en la Web","article_published_time":"2025-11-27T12:59:46+00:00","og_image":[{"width":1081,"height":720,"url":"http:\/\/cuartetoenlaweb.com.ar\/sitio\/wp-content\/uploads\/2025\/11\/720-2043.jpeg","type":"image\/jpeg"}],"twitter_card":"summary_large_image","twitter_misc":{"Tiempo de lectura":"2 minutos"},"schema":{"@context":"https:\/\/schema.org","@graph":[{"@type":"Article","@id":"http:\/\/cuartetoenlaweb.com.ar\/sitio\/la-campora-vs-kicillof-le-trabaron-el-endeudamiento-al-gobernador\/#article","isPartOf":{"@id":"http:\/\/cuartetoenlaweb.com.ar\/sitio\/la-campora-vs-kicillof-le-trabaron-el-endeudamiento-al-gobernador\/"},"author":{"name":"","@id":""},"headline":"La C\u00e1mpora vs. Kicillof: le trabaron el endeudamiento al gobernador","datePublished":"2025-11-27T12:59:46+00:00","mainEntityOfPage":{"@id":"http:\/\/cuartetoenlaweb.com.ar\/sitio\/la-campora-vs-kicillof-le-trabaron-el-endeudamiento-al-gobernador\/"},"wordCount":318,"publisher":{"@id":"http:\/\/cuartetoenlaweb.com.ar\/sitio\/#organization"},"image":{"@id":"http:\/\/cuartetoenlaweb.com.ar\/sitio\/la-campora-vs-kicillof-le-trabaron-el-endeudamiento-al-gobernador\/#primaryimage"},"thumbnailUrl":"https:\/\/cuartetoenlaweb.com.ar\/sitio\/wp-content\/uploads\/2025\/11\/720-2043.jpeg","articleSection":["PAIS"],"inLanguage":"es"},{"@type":"WebPage","@id":"http:\/\/cuartetoenlaweb.com.ar\/sitio\/la-campora-vs-kicillof-le-trabaron-el-endeudamiento-al-gobernador\/","url":"http:\/\/cuartetoenlaweb.com.ar\/sitio\/la-campora-vs-kicillof-le-trabaron-el-endeudamiento-al-gobernador\/","name":"La C\u00e1mpora vs. Kicillof: le trabaron el endeudamiento al gobernador - Cuarteto en la Web","isPartOf":{"@id":"http:\/\/cuartetoenlaweb.com.ar\/sitio\/#website"},"primaryImageOfPage":{"@id":"http:\/\/cuartetoenlaweb.com.ar\/sitio\/la-campora-vs-kicillof-le-trabaron-el-endeudamiento-al-gobernador\/#primaryimage"},"image":{"@id":"http:\/\/cuartetoenlaweb.com.ar\/sitio\/la-campora-vs-kicillof-le-trabaron-el-endeudamiento-al-gobernador\/#primaryimage"},"thumbnailUrl":"https:\/\/cuartetoenlaweb.com.ar\/sitio\/wp-content\/uploads\/2025\/11\/720-2043.jpeg","datePublished":"2025-11-27T12:59:46+00:00","breadcrumb":{"@id":"http:\/\/cuartetoenlaweb.com.ar\/sitio\/la-campora-vs-kicillof-le-trabaron-el-endeudamiento-al-gobernador\/#breadcrumb"},"inLanguage":"es","potentialAction":[{"@type":"ReadAction","target":["http:\/\/cuartetoenlaweb.com.ar\/sitio\/la-campora-vs-kicillof-le-trabaron-el-endeudamiento-al-gobernador\/"]}]},{"@type":"ImageObject","inLanguage":"es","@id":"http:\/\/cuartetoenlaweb.com.ar\/sitio\/la-campora-vs-kicillof-le-trabaron-el-endeudamiento-al-gobernador\/#primaryimage","url":"https:\/\/cuartetoenlaweb.com.ar\/sitio\/wp-content\/uploads\/2025\/11\/720-2043.jpeg","contentUrl":"https:\/\/cuartetoenlaweb.com.ar\/sitio\/wp-content\/uploads\/2025\/11\/720-2043.jpeg","width":1081,"height":720},{"@type":"BreadcrumbList","@id":"http:\/\/cuartetoenlaweb.com.ar\/sitio\/la-campora-vs-kicillof-le-trabaron-el-endeudamiento-al-gobernador\/#breadcrumb","itemListElement":[{"@type":"ListItem","position":1,"name":"Portada","item":"http:\/\/cuartetoenlaweb.com.ar\/sitio\/"},{"@type":"ListItem","position":2,"name":"La C\u00e1mpora vs. Kicillof: le trabaron el endeudamiento al gobernador"}]},{"@type":"WebSite","@id":"http:\/\/cuartetoenlaweb.com.ar\/sitio\/#website","url":"http:\/\/cuartetoenlaweb.com.ar\/sitio\/","name":"Cuarteto en la Web","description":"","publisher":{"@id":"http:\/\/cuartetoenlaweb.com.ar\/sitio\/#organization"},"potentialAction":[{"@type":"SearchAction","target":{"@type":"EntryPoint","urlTemplate":"http:\/\/cuartetoenlaweb.com.ar\/sitio\/?s={search_term_string}"},"query-input":{"@type":"PropertyValueSpecification","valueRequired":true,"valueName":"search_term_string"}}],"inLanguage":"es"},{"@type":"Organization","@id":"http:\/\/cuartetoenlaweb.com.ar\/sitio\/#organization","name":"Cuarteto en la Web","url":"http:\/\/cuartetoenlaweb.com.ar\/sitio\/","logo":{"@type":"ImageObject","inLanguage":"es","@id":"http:\/\/cuartetoenlaweb.com.ar\/sitio\/#\/schema\/logo\/image\/","url":"https:\/\/cuartetoenlaweb.com.ar\/sitio\/wp-content\/uploads\/2025\/07\/cropped-cropped-logitoweb21.png","contentUrl":"https:\/\/cuartetoenlaweb.com.ar\/sitio\/wp-content\/uploads\/2025\/07\/cropped-cropped-logitoweb21.png","width":199,"height":199,"caption":"Cuarteto en la Web"},"image":{"@id":"http:\/\/cuartetoenlaweb.com.ar\/sitio\/#\/schema\/logo\/image\/"}}]}},"_links":{"self":[{"href":"https:\/\/cuartetoenlaweb.com.ar\/sitio\/wp-json\/wp\/v2\/posts\/7347","targetHints":{"allow":["GET"]}}],"collection":[{"href":"https:\/\/cuartetoenlaweb.com.ar\/sitio\/wp-json\/wp\/v2\/posts"}],"about":[{"href":"https:\/\/cuartetoenlaweb.com.ar\/sitio\/wp-json\/wp\/v2\/types\/post"}],"replies":[{"embeddable":true,"href":"https:\/\/cuartetoenlaweb.com.ar\/sitio\/wp-json\/wp\/v2\/comments?post=7347"}],"version-history":[{"count":0,"href":"https:\/\/cuartetoenlaweb.com.ar\/sitio\/wp-json\/wp\/v2\/posts\/7347\/revisions"}],"wp:featuredmedia":[{"embeddable":true,"href":"https:\/\/cuartetoenlaweb.com.ar\/sitio\/wp-json\/wp\/v2\/media\/7348"}],"wp:attachment":[{"href":"https:\/\/cuartetoenlaweb.com.ar\/sitio\/wp-json\/wp\/v2\/media?parent=7347"}],"wp:term":[{"taxonomy":"category","embeddable":true,"href":"https:\/\/cuartetoenlaweb.com.ar\/sitio\/wp-json\/wp\/v2\/categories?post=7347"},{"taxonomy":"post_tag","embeddable":true,"href":"https:\/\/cuartetoenlaweb.com.ar\/sitio\/wp-json\/wp\/v2\/tags?post=7347"}],"curies":[{"name":"wp","href":"https:\/\/api.w.org\/{rel}","templated":true}]}}