
{"id":7172,"date":"2025-11-26T17:59:42","date_gmt":"2025-11-26T20:59:42","guid":{"rendered":"https:\/\/cuartetoenlaweb.com.ar\/sitio\/arde-telefe-con-una-interna-que-estallo-en-y-se-filtro-el-escandalo-mas-grande-se-va-armar-un-quilombo\/"},"modified":"2025-11-26T17:59:42","modified_gmt":"2025-11-26T20:59:42","slug":"arde-telefe-con-una-interna-que-estallo-en-y-se-filtro-el-escandalo-mas-grande-se-va-armar-un-quilombo","status":"publish","type":"post","link":"https:\/\/cuartetoenlaweb.com.ar\/sitio\/arde-telefe-con-una-interna-que-estallo-en-y-se-filtro-el-escandalo-mas-grande-se-va-armar-un-quilombo\/","title":{"rendered":"Arde Telefe con una interna que estall\u00f3 en y se filtr\u00f3 el esc\u00e1ndalo m\u00e1s grande: &quot;Se va armar un quilombo&quot;"},"content":{"rendered":"<p>El 2026 se prepara con todo para los principales canales, que har\u00e1n apuestas fuertes. En ese sentido, much\u00edsimas expectativas est\u00e1n puestas sobre lo que se vendr\u00e1 en Telefe, en donde el nombre de<strong> <a href=\"https:\/\/www.paparazzi.com.ar\/looks\/la-ex-gran-hermano-mas-polemica-se-tuneo-toda-y-ahora-luce-orgullosa-su-impactante-nuevo-cuerpo-ya-somos-tres\/\">Gran Hermano<\/a><\/strong> aparece en el horizonte como la gran apuesta.<\/p>\n<p>Jugando fuerte, se vendr\u00e1 una generaci\u00f3n dorada y eso puertas dentro del canal, caus\u00f3 todo tipo de runr\u00fan. <strong><a href=\"https:\/\/www.paparazzi.com.ar\/teve\/se-revelo-por-que-analia-franchin-odia-a-robertito-funes-ugarte-y-se-alio-con-nancy-pazos\/\">Anal\u00eda Franch\u00edn<\/a><\/strong> desde su rol de panelista en <em>A la Tarde<\/em>, revel\u00f3 algunas cuestiones a tener en cuenta y que ya est\u00e1n haciendo ruido en los pasillos del canal.<\/p>\n<p>\u201c<em>Va a haber mucho lujo dentro de la casa, cambios de panel, as\u00ed que ya se va a armar quilombo\u201d,<\/em> sostuvo la integrante del programa. El recambio de los panelistas, sin dudas ser\u00e1 uno de los puntos que m\u00e1s ruido generar\u00e1.<\/p>\n<div class=\"mt-box \">\n<h4 class=\"mt-heading\">Mir\u00e1 Tambi\u00e9n<\/h4>\n<p><a href=\"https:\/\/www.paparazzi.com.ar\/teve\/exclusivo-la-increible-salida-de-mirtha-legrand-viviendo-la-noche-portena-a-sus-98-anos\/\"><\/p>\n<div class=\"mt-content\">\n<div class=\"mt-image-container\"><img decoding=\"async\" src=\"https:\/\/www.paparazzi.com.ar\/wp-content\/uploads\/2025\/11\/\u00a1Exclusivo-La-increible-salida-de-Mirtha-Legrand-viviendo-la-noche-portena-a-sus-98-anos-359x226.jpg\" alt=\"\u00a1Exclusivo! La incre\u00edble salida de Mirtha Legrand viviendo la noche porte\u00f1a a sus 98 a\u00f1os\" class=\"mt-image\" loading=\"lazy\" \/><\/div>\n<h5 class=\"mt-title\">\u00a1Exclusivo! La incre\u00edble salida de Mirtha Legrand viviendo la noche porte\u00f1a a sus 98 a\u00f1os<\/h5>\n<\/div>\n<p><\/a><\/div>\n<p>En esta renovaci\u00f3n que se viene por delante, <strong><a href=\"https:\/\/www.paparazzi.com.ar\/romances\/con-todo-pia-shaw-conto-por-que-benjamin-vicuna-no-dejo-viajar-a-sus-hijos-con-la-china-suarez\/\">P\u00eda Shaw<\/a><\/strong> tambi\u00e9n se meti\u00f3 en el tema. Y en ese aspecto, se vienen determinadas situaciones que no estaban en los planes, pero que fueron ideas que se empezaron a desarrollar.<\/p>\n<h2 class=\"wp-block-heading\">LO QUE SE VIENE POR DELANTE EN GRAN HERMANO<\/h2>\n<p>\u201c<em>Se viene una mezcla de grandes celebridades del mundo del espect\u00e1culo y tambi\u00e9n de la pol\u00edtica. Santiago habr\u00eda dicho que recibi\u00f3 llamados de la pol\u00edtica, \u00f3sea que a muchos les interesa estar en la casa. Pueden ser personajes que formaron parte de \u2018Infama\u2019, en su momento, periodistas tambi\u00e9n<\/em>\u201d, sostuvo P\u00eda.<\/p>\n<div class=\"mt-box \">\n<h4 class=\"mt-heading\">Mir\u00e1 Tambi\u00e9n<\/h4>\n<p><a href=\"https:\/\/www.paparazzi.com.ar\/looks\/la-ex-gran-hermano-mas-polemica-se-tuneo-toda-y-ahora-luce-orgullosa-su-impactante-nuevo-cuerpo-ya-somos-tres\/\"><\/p>\n<div class=\"mt-content\">\n<div class=\"mt-image-container\"><img decoding=\"async\" src=\"https:\/\/www.paparazzi.com.ar\/wp-content\/uploads\/2025\/11\/Regidor-1-359x226.jpg\" alt=\"La ex Gran Hermano m\u00e1s pol\u00e9mica se tune\u00f3 toda y ahora luce orgullosa su impactante nuevo cuerpo: &quot;Ya somos tres&quot;\" class=\"mt-image\" loading=\"lazy\" \/><\/div>\n<h5 class=\"mt-title\">La ex Gran Hermano m\u00e1s pol\u00e9mica se tune\u00f3 toda y ahora luce orgullosa su impactante nuevo cuerpo: \u00abYa somos tres\u00bb<\/h5>\n<\/div>\n<p><\/a><\/div>\n<p>En lo que respecta a los participantes, qui\u00e9nes ser\u00e1n y la conexi\u00f3n que llegar\u00e1n a tener con el p\u00fablico, cada persona que siga el programa elegir\u00e1 qui\u00e9n es su favorita. Pensando en que ser\u00e1 una apuesta fuerte, el canal intentar\u00e1 que sea uno de los grandes \u00e9xitos del a\u00f1o.<\/p>\n<p>\u201c<em>Para saber sobre los participantes famosos que pueden estar dentro de la casa, ten\u00e9s que hacerte la siguiente pregunta: \u00bfqu\u00e9 es de la vida de\u2026? A partir de esa pregunta, si ese personaje marc\u00f3 tu coraz\u00f3n o tu historia y nunca supiste qui\u00e9n era. Ah\u00ed pod\u00e9s encontrar alg\u00fan participante de esta edici\u00f3n<\/em>\u201d, sentenci\u00f3 Shaw.<\/p>\n<div class=\"mt-box \">\n<h4 class=\"mt-heading\">Mir\u00e1 Tambi\u00e9n<\/h4>\n<p><a href=\"https:\/\/www.paparazzi.com.ar\/teve\/flor-torrente-confirmo-si-esta-embarazada-a-los-37-anos-y-se-armo-la-polemica\/\"><\/p>\n<div class=\"mt-content\">\n<div class=\"mt-image-container\"><img decoding=\"async\" src=\"https:\/\/www.paparazzi.com.ar\/wp-content\/uploads\/2025\/11\/Flor-Torrente-359x226.jpg\" alt=\"Flor Torrente confirm\u00f3 si est\u00e1 embarazada a los 37 a\u00f1os y se arm\u00f3 la pol\u00e9mica\" class=\"mt-image\" loading=\"lazy\" \/><\/div>\n<h5 class=\"mt-title\">Flor Torrente confirm\u00f3 si est\u00e1 embarazada a los 37 a\u00f1os y se arm\u00f3 la pol\u00e9mica<\/h5>\n<\/div>\n<p><\/a><\/div>\n<div class=\"mt-box \">\n<h4 class=\"mt-heading\">Mir\u00e1 Tambi\u00e9n<\/h4>\n<p><a href=\"https:\/\/www.paparazzi.com.ar\/teve\/bomba-angel-de-brito-anuncio-la-separacion-mas-triste-del-ano-con-polemicos-detalles-ella-esta-en-otra\/\"><\/p>\n<div class=\"mt-content\">\n<div class=\"mt-image-container\"><img decoding=\"async\" src=\"https:\/\/www.paparazzi.com.ar\/wp-content\/uploads\/2025\/11\/\u00a1Bomba-Angel-de-Brito-anuncio-la-separacion-mas-triste-del-ano-con-polemicos-detalles-22Ella-esta-en-otra22-359x226.jpg\" alt=\"\u00a1Bomba! \u00c1ngel de Brito anunci\u00f3 la separaci\u00f3n m\u00e1s triste del a\u00f1o con pol\u00e9micos detalles: &quot;Ella est\u00e1 en otra&quot;\" class=\"mt-image\" loading=\"lazy\" \/><\/div>\n<h5 class=\"mt-title\">\u00a1Bomba! \u00c1ngel de Brito anunci\u00f3 la separaci\u00f3n m\u00e1s triste del a\u00f1o con pol\u00e9micos detalles: \u00abElla est\u00e1 en otra\u00bb<\/h5>\n<\/div>\n<p><\/a><\/div>\n<p>The post <a href=\"https:\/\/www.paparazzi.com.ar\/teve\/arde-telefe-con-una-interna-que-estallo-en-y-se-filtro-el-escandalo-mas-grande-se-va-armar-un-quilombo\/\">Arde Telefe con una interna que estall\u00f3 en y se filtr\u00f3 el esc\u00e1ndalo m\u00e1s grande: &quot;Se va armar un quilombo&quot;<\/a> appeared first on <a href=\"https:\/\/www.paparazzi.com.ar\">Revista Paparazzi<\/a>.<\/p>\n","protected":false},"excerpt":{"rendered":"<p>El 2026 se prepara con todo para los principales canales,<\/p>\n","protected":false},"author":0,"featured_media":7173,"comment_status":"","ping_status":"","sticky":false,"template":"","format":"standard","meta":{"footnotes":""},"categories":[12],"tags":[],"class_list":["post-7172","post","type-post","status-publish","format-standard","has-post-thumbnail","hentry","category-espectaculo"],"yoast_head":"<!-- This site is optimized with the Yoast SEO plugin v27.5 - https:\/\/yoast.com\/product\/yoast-seo-wordpress\/ -->\n<title>Arde Telefe con una interna que estall\u00f3 en y se filtr\u00f3 el esc\u00e1ndalo m\u00e1s grande: &quot;Se va armar un quilombo&quot; - Cuarteto en la Web<\/title>\n<meta name=\"robots\" content=\"index, follow, max-snippet:-1, max-image-preview:large, max-video-preview:-1\" \/>\n<link rel=\"canonical\" href=\"https:\/\/cuartetoenlaweb.com.ar\/sitio\/arde-telefe-con-una-interna-que-estallo-en-y-se-filtro-el-escandalo-mas-grande-se-va-armar-un-quilombo\/\" \/>\n<meta property=\"og:locale\" content=\"es_ES\" \/>\n<meta property=\"og:type\" content=\"article\" \/>\n<meta property=\"og:title\" content=\"Arde Telefe con una interna que estall\u00f3 en y se filtr\u00f3 el esc\u00e1ndalo m\u00e1s grande: &quot;Se va armar un quilombo&quot; - Cuarteto en la Web\" \/>\n<meta property=\"og:description\" content=\"El 2026 se prepara con todo para los principales canales,\" \/>\n<meta property=\"og:url\" content=\"https:\/\/cuartetoenlaweb.com.ar\/sitio\/arde-telefe-con-una-interna-que-estallo-en-y-se-filtro-el-escandalo-mas-grande-se-va-armar-un-quilombo\/\" \/>\n<meta property=\"og:site_name\" content=\"Cuarteto en la Web\" \/>\n<meta property=\"article:published_time\" content=\"2025-11-26T20:59:42+00:00\" \/>\n<meta property=\"og:image\" content=\"https:\/\/cuartetoenlaweb.com.ar\/sitio\/wp-content\/uploads\/2025\/11\/\u00a1Exclusivo-La-increible-salida-de-Mirtha-Legrand-viviendo-la-noche-portena-a-sus-98-anos-359x226-27.jpg\" \/>\n\t<meta property=\"og:image:width\" content=\"359\" \/>\n\t<meta property=\"og:image:height\" content=\"226\" \/>\n\t<meta property=\"og:image:type\" content=\"image\/jpeg\" \/>\n<meta name=\"twitter:card\" content=\"summary_large_image\" \/>\n<meta name=\"twitter:label1\" content=\"Tiempo de lectura\" \/>\n\t<meta name=\"twitter:data1\" content=\"2 minutos\" \/>\n<script type=\"application\/ld+json\" class=\"yoast-schema-graph\">{\"@context\":\"https:\\\/\\\/schema.org\",\"@graph\":[{\"@type\":\"Article\",\"@id\":\"https:\\\/\\\/cuartetoenlaweb.com.ar\\\/sitio\\\/arde-telefe-con-una-interna-que-estallo-en-y-se-filtro-el-escandalo-mas-grande-se-va-armar-un-quilombo\\\/#article\",\"isPartOf\":{\"@id\":\"https:\\\/\\\/cuartetoenlaweb.com.ar\\\/sitio\\\/arde-telefe-con-una-interna-que-estallo-en-y-se-filtro-el-escandalo-mas-grande-se-va-armar-un-quilombo\\\/\"},\"author\":{\"name\":\"\",\"@id\":\"\"},\"headline\":\"Arde Telefe con una interna que estall\u00f3 en y se filtr\u00f3 el esc\u00e1ndalo m\u00e1s grande: &quot;Se va armar un quilombo&quot;\",\"datePublished\":\"2025-11-26T20:59:42+00:00\",\"mainEntityOfPage\":{\"@id\":\"https:\\\/\\\/cuartetoenlaweb.com.ar\\\/sitio\\\/arde-telefe-con-una-interna-que-estallo-en-y-se-filtro-el-escandalo-mas-grande-se-va-armar-un-quilombo\\\/\"},\"wordCount\":507,\"publisher\":{\"@id\":\"http:\\\/\\\/cuartetoenlaweb.com.ar\\\/sitio\\\/#organization\"},\"image\":{\"@id\":\"https:\\\/\\\/cuartetoenlaweb.com.ar\\\/sitio\\\/arde-telefe-con-una-interna-que-estallo-en-y-se-filtro-el-escandalo-mas-grande-se-va-armar-un-quilombo\\\/#primaryimage\"},\"thumbnailUrl\":\"https:\\\/\\\/cuartetoenlaweb.com.ar\\\/sitio\\\/wp-content\\\/uploads\\\/2025\\\/11\\\/\u00a1Exclusivo-La-increible-salida-de-Mirtha-Legrand-viviendo-la-noche-portena-a-sus-98-anos-359x226-27.jpg\",\"articleSection\":[\"ESPECT\u00c1CULO\"],\"inLanguage\":\"es\"},{\"@type\":\"WebPage\",\"@id\":\"https:\\\/\\\/cuartetoenlaweb.com.ar\\\/sitio\\\/arde-telefe-con-una-interna-que-estallo-en-y-se-filtro-el-escandalo-mas-grande-se-va-armar-un-quilombo\\\/\",\"url\":\"https:\\\/\\\/cuartetoenlaweb.com.ar\\\/sitio\\\/arde-telefe-con-una-interna-que-estallo-en-y-se-filtro-el-escandalo-mas-grande-se-va-armar-un-quilombo\\\/\",\"name\":\"Arde Telefe con una interna que estall\u00f3 en y se filtr\u00f3 el esc\u00e1ndalo m\u00e1s grande: &quot;Se va armar un quilombo&quot; - Cuarteto en la Web\",\"isPartOf\":{\"@id\":\"http:\\\/\\\/cuartetoenlaweb.com.ar\\\/sitio\\\/#website\"},\"primaryImageOfPage\":{\"@id\":\"https:\\\/\\\/cuartetoenlaweb.com.ar\\\/sitio\\\/arde-telefe-con-una-interna-que-estallo-en-y-se-filtro-el-escandalo-mas-grande-se-va-armar-un-quilombo\\\/#primaryimage\"},\"image\":{\"@id\":\"https:\\\/\\\/cuartetoenlaweb.com.ar\\\/sitio\\\/arde-telefe-con-una-interna-que-estallo-en-y-se-filtro-el-escandalo-mas-grande-se-va-armar-un-quilombo\\\/#primaryimage\"},\"thumbnailUrl\":\"https:\\\/\\\/cuartetoenlaweb.com.ar\\\/sitio\\\/wp-content\\\/uploads\\\/2025\\\/11\\\/\u00a1Exclusivo-La-increible-salida-de-Mirtha-Legrand-viviendo-la-noche-portena-a-sus-98-anos-359x226-27.jpg\",\"datePublished\":\"2025-11-26T20:59:42+00:00\",\"breadcrumb\":{\"@id\":\"https:\\\/\\\/cuartetoenlaweb.com.ar\\\/sitio\\\/arde-telefe-con-una-interna-que-estallo-en-y-se-filtro-el-escandalo-mas-grande-se-va-armar-un-quilombo\\\/#breadcrumb\"},\"inLanguage\":\"es\",\"potentialAction\":[{\"@type\":\"ReadAction\",\"target\":[\"https:\\\/\\\/cuartetoenlaweb.com.ar\\\/sitio\\\/arde-telefe-con-una-interna-que-estallo-en-y-se-filtro-el-escandalo-mas-grande-se-va-armar-un-quilombo\\\/\"]}]},{\"@type\":\"ImageObject\",\"inLanguage\":\"es\",\"@id\":\"https:\\\/\\\/cuartetoenlaweb.com.ar\\\/sitio\\\/arde-telefe-con-una-interna-que-estallo-en-y-se-filtro-el-escandalo-mas-grande-se-va-armar-un-quilombo\\\/#primaryimage\",\"url\":\"https:\\\/\\\/cuartetoenlaweb.com.ar\\\/sitio\\\/wp-content\\\/uploads\\\/2025\\\/11\\\/\u00a1Exclusivo-La-increible-salida-de-Mirtha-Legrand-viviendo-la-noche-portena-a-sus-98-anos-359x226-27.jpg\",\"contentUrl\":\"https:\\\/\\\/cuartetoenlaweb.com.ar\\\/sitio\\\/wp-content\\\/uploads\\\/2025\\\/11\\\/\u00a1Exclusivo-La-increible-salida-de-Mirtha-Legrand-viviendo-la-noche-portena-a-sus-98-anos-359x226-27.jpg\",\"width\":359,\"height\":226},{\"@type\":\"BreadcrumbList\",\"@id\":\"https:\\\/\\\/cuartetoenlaweb.com.ar\\\/sitio\\\/arde-telefe-con-una-interna-que-estallo-en-y-se-filtro-el-escandalo-mas-grande-se-va-armar-un-quilombo\\\/#breadcrumb\",\"itemListElement\":[{\"@type\":\"ListItem\",\"position\":1,\"name\":\"Portada\",\"item\":\"http:\\\/\\\/cuartetoenlaweb.com.ar\\\/sitio\\\/\"},{\"@type\":\"ListItem\",\"position\":2,\"name\":\"Arde Telefe con una interna que estall\u00f3 en y se filtr\u00f3 el esc\u00e1ndalo m\u00e1s grande: &quot;Se va armar un quilombo&quot;\"}]},{\"@type\":\"WebSite\",\"@id\":\"http:\\\/\\\/cuartetoenlaweb.com.ar\\\/sitio\\\/#website\",\"url\":\"http:\\\/\\\/cuartetoenlaweb.com.ar\\\/sitio\\\/\",\"name\":\"Cuarteto en la Web\",\"description\":\"\",\"publisher\":{\"@id\":\"http:\\\/\\\/cuartetoenlaweb.com.ar\\\/sitio\\\/#organization\"},\"potentialAction\":[{\"@type\":\"SearchAction\",\"target\":{\"@type\":\"EntryPoint\",\"urlTemplate\":\"http:\\\/\\\/cuartetoenlaweb.com.ar\\\/sitio\\\/?s={search_term_string}\"},\"query-input\":{\"@type\":\"PropertyValueSpecification\",\"valueRequired\":true,\"valueName\":\"search_term_string\"}}],\"inLanguage\":\"es\"},{\"@type\":\"Organization\",\"@id\":\"http:\\\/\\\/cuartetoenlaweb.com.ar\\\/sitio\\\/#organization\",\"name\":\"Cuarteto en la Web\",\"url\":\"http:\\\/\\\/cuartetoenlaweb.com.ar\\\/sitio\\\/\",\"logo\":{\"@type\":\"ImageObject\",\"inLanguage\":\"es\",\"@id\":\"http:\\\/\\\/cuartetoenlaweb.com.ar\\\/sitio\\\/#\\\/schema\\\/logo\\\/image\\\/\",\"url\":\"https:\\\/\\\/cuartetoenlaweb.com.ar\\\/sitio\\\/wp-content\\\/uploads\\\/2025\\\/07\\\/cropped-cropped-logitoweb21.png\",\"contentUrl\":\"https:\\\/\\\/cuartetoenlaweb.com.ar\\\/sitio\\\/wp-content\\\/uploads\\\/2025\\\/07\\\/cropped-cropped-logitoweb21.png\",\"width\":199,\"height\":199,\"caption\":\"Cuarteto en la Web\"},\"image\":{\"@id\":\"http:\\\/\\\/cuartetoenlaweb.com.ar\\\/sitio\\\/#\\\/schema\\\/logo\\\/image\\\/\"}}]}<\/script>\n<!-- \/ Yoast SEO plugin. -->","yoast_head_json":{"title":"Arde Telefe con una interna que estall\u00f3 en y se filtr\u00f3 el esc\u00e1ndalo m\u00e1s grande: &quot;Se va armar un quilombo&quot; - Cuarteto en la Web","robots":{"index":"index","follow":"follow","max-snippet":"max-snippet:-1","max-image-preview":"max-image-preview:large","max-video-preview":"max-video-preview:-1"},"canonical":"https:\/\/cuartetoenlaweb.com.ar\/sitio\/arde-telefe-con-una-interna-que-estallo-en-y-se-filtro-el-escandalo-mas-grande-se-va-armar-un-quilombo\/","og_locale":"es_ES","og_type":"article","og_title":"Arde Telefe con una interna que estall\u00f3 en y se filtr\u00f3 el esc\u00e1ndalo m\u00e1s grande: &quot;Se va armar un quilombo&quot; - Cuarteto en la Web","og_description":"El 2026 se prepara con todo para los principales canales,","og_url":"https:\/\/cuartetoenlaweb.com.ar\/sitio\/arde-telefe-con-una-interna-que-estallo-en-y-se-filtro-el-escandalo-mas-grande-se-va-armar-un-quilombo\/","og_site_name":"Cuarteto en la Web","article_published_time":"2025-11-26T20:59:42+00:00","og_image":[{"width":359,"height":226,"url":"https:\/\/cuartetoenlaweb.com.ar\/sitio\/wp-content\/uploads\/2025\/11\/\u00a1Exclusivo-La-increible-salida-de-Mirtha-Legrand-viviendo-la-noche-portena-a-sus-98-anos-359x226-27.jpg","type":"image\/jpeg"}],"twitter_card":"summary_large_image","twitter_misc":{"Tiempo de lectura":"2 minutos"},"schema":{"@context":"https:\/\/schema.org","@graph":[{"@type":"Article","@id":"https:\/\/cuartetoenlaweb.com.ar\/sitio\/arde-telefe-con-una-interna-que-estallo-en-y-se-filtro-el-escandalo-mas-grande-se-va-armar-un-quilombo\/#article","isPartOf":{"@id":"https:\/\/cuartetoenlaweb.com.ar\/sitio\/arde-telefe-con-una-interna-que-estallo-en-y-se-filtro-el-escandalo-mas-grande-se-va-armar-un-quilombo\/"},"author":{"name":"","@id":""},"headline":"Arde Telefe con una interna que estall\u00f3 en y se filtr\u00f3 el esc\u00e1ndalo m\u00e1s grande: &quot;Se va armar un quilombo&quot;","datePublished":"2025-11-26T20:59:42+00:00","mainEntityOfPage":{"@id":"https:\/\/cuartetoenlaweb.com.ar\/sitio\/arde-telefe-con-una-interna-que-estallo-en-y-se-filtro-el-escandalo-mas-grande-se-va-armar-un-quilombo\/"},"wordCount":507,"publisher":{"@id":"http:\/\/cuartetoenlaweb.com.ar\/sitio\/#organization"},"image":{"@id":"https:\/\/cuartetoenlaweb.com.ar\/sitio\/arde-telefe-con-una-interna-que-estallo-en-y-se-filtro-el-escandalo-mas-grande-se-va-armar-un-quilombo\/#primaryimage"},"thumbnailUrl":"https:\/\/cuartetoenlaweb.com.ar\/sitio\/wp-content\/uploads\/2025\/11\/\u00a1Exclusivo-La-increible-salida-de-Mirtha-Legrand-viviendo-la-noche-portena-a-sus-98-anos-359x226-27.jpg","articleSection":["ESPECT\u00c1CULO"],"inLanguage":"es"},{"@type":"WebPage","@id":"https:\/\/cuartetoenlaweb.com.ar\/sitio\/arde-telefe-con-una-interna-que-estallo-en-y-se-filtro-el-escandalo-mas-grande-se-va-armar-un-quilombo\/","url":"https:\/\/cuartetoenlaweb.com.ar\/sitio\/arde-telefe-con-una-interna-que-estallo-en-y-se-filtro-el-escandalo-mas-grande-se-va-armar-un-quilombo\/","name":"Arde Telefe con una interna que estall\u00f3 en y se filtr\u00f3 el esc\u00e1ndalo m\u00e1s grande: &quot;Se va armar un quilombo&quot; - Cuarteto en la Web","isPartOf":{"@id":"http:\/\/cuartetoenlaweb.com.ar\/sitio\/#website"},"primaryImageOfPage":{"@id":"https:\/\/cuartetoenlaweb.com.ar\/sitio\/arde-telefe-con-una-interna-que-estallo-en-y-se-filtro-el-escandalo-mas-grande-se-va-armar-un-quilombo\/#primaryimage"},"image":{"@id":"https:\/\/cuartetoenlaweb.com.ar\/sitio\/arde-telefe-con-una-interna-que-estallo-en-y-se-filtro-el-escandalo-mas-grande-se-va-armar-un-quilombo\/#primaryimage"},"thumbnailUrl":"https:\/\/cuartetoenlaweb.com.ar\/sitio\/wp-content\/uploads\/2025\/11\/\u00a1Exclusivo-La-increible-salida-de-Mirtha-Legrand-viviendo-la-noche-portena-a-sus-98-anos-359x226-27.jpg","datePublished":"2025-11-26T20:59:42+00:00","breadcrumb":{"@id":"https:\/\/cuartetoenlaweb.com.ar\/sitio\/arde-telefe-con-una-interna-que-estallo-en-y-se-filtro-el-escandalo-mas-grande-se-va-armar-un-quilombo\/#breadcrumb"},"inLanguage":"es","potentialAction":[{"@type":"ReadAction","target":["https:\/\/cuartetoenlaweb.com.ar\/sitio\/arde-telefe-con-una-interna-que-estallo-en-y-se-filtro-el-escandalo-mas-grande-se-va-armar-un-quilombo\/"]}]},{"@type":"ImageObject","inLanguage":"es","@id":"https:\/\/cuartetoenlaweb.com.ar\/sitio\/arde-telefe-con-una-interna-que-estallo-en-y-se-filtro-el-escandalo-mas-grande-se-va-armar-un-quilombo\/#primaryimage","url":"https:\/\/cuartetoenlaweb.com.ar\/sitio\/wp-content\/uploads\/2025\/11\/\u00a1Exclusivo-La-increible-salida-de-Mirtha-Legrand-viviendo-la-noche-portena-a-sus-98-anos-359x226-27.jpg","contentUrl":"https:\/\/cuartetoenlaweb.com.ar\/sitio\/wp-content\/uploads\/2025\/11\/\u00a1Exclusivo-La-increible-salida-de-Mirtha-Legrand-viviendo-la-noche-portena-a-sus-98-anos-359x226-27.jpg","width":359,"height":226},{"@type":"BreadcrumbList","@id":"https:\/\/cuartetoenlaweb.com.ar\/sitio\/arde-telefe-con-una-interna-que-estallo-en-y-se-filtro-el-escandalo-mas-grande-se-va-armar-un-quilombo\/#breadcrumb","itemListElement":[{"@type":"ListItem","position":1,"name":"Portada","item":"http:\/\/cuartetoenlaweb.com.ar\/sitio\/"},{"@type":"ListItem","position":2,"name":"Arde Telefe con una interna que estall\u00f3 en y se filtr\u00f3 el esc\u00e1ndalo m\u00e1s grande: &quot;Se va armar un quilombo&quot;"}]},{"@type":"WebSite","@id":"http:\/\/cuartetoenlaweb.com.ar\/sitio\/#website","url":"http:\/\/cuartetoenlaweb.com.ar\/sitio\/","name":"Cuarteto en la Web","description":"","publisher":{"@id":"http:\/\/cuartetoenlaweb.com.ar\/sitio\/#organization"},"potentialAction":[{"@type":"SearchAction","target":{"@type":"EntryPoint","urlTemplate":"http:\/\/cuartetoenlaweb.com.ar\/sitio\/?s={search_term_string}"},"query-input":{"@type":"PropertyValueSpecification","valueRequired":true,"valueName":"search_term_string"}}],"inLanguage":"es"},{"@type":"Organization","@id":"http:\/\/cuartetoenlaweb.com.ar\/sitio\/#organization","name":"Cuarteto en la Web","url":"http:\/\/cuartetoenlaweb.com.ar\/sitio\/","logo":{"@type":"ImageObject","inLanguage":"es","@id":"http:\/\/cuartetoenlaweb.com.ar\/sitio\/#\/schema\/logo\/image\/","url":"https:\/\/cuartetoenlaweb.com.ar\/sitio\/wp-content\/uploads\/2025\/07\/cropped-cropped-logitoweb21.png","contentUrl":"https:\/\/cuartetoenlaweb.com.ar\/sitio\/wp-content\/uploads\/2025\/07\/cropped-cropped-logitoweb21.png","width":199,"height":199,"caption":"Cuarteto en la Web"},"image":{"@id":"http:\/\/cuartetoenlaweb.com.ar\/sitio\/#\/schema\/logo\/image\/"}}]}},"_links":{"self":[{"href":"https:\/\/cuartetoenlaweb.com.ar\/sitio\/wp-json\/wp\/v2\/posts\/7172","targetHints":{"allow":["GET"]}}],"collection":[{"href":"https:\/\/cuartetoenlaweb.com.ar\/sitio\/wp-json\/wp\/v2\/posts"}],"about":[{"href":"https:\/\/cuartetoenlaweb.com.ar\/sitio\/wp-json\/wp\/v2\/types\/post"}],"replies":[{"embeddable":true,"href":"https:\/\/cuartetoenlaweb.com.ar\/sitio\/wp-json\/wp\/v2\/comments?post=7172"}],"version-history":[{"count":0,"href":"https:\/\/cuartetoenlaweb.com.ar\/sitio\/wp-json\/wp\/v2\/posts\/7172\/revisions"}],"wp:featuredmedia":[{"embeddable":true,"href":"https:\/\/cuartetoenlaweb.com.ar\/sitio\/wp-json\/wp\/v2\/media\/7173"}],"wp:attachment":[{"href":"https:\/\/cuartetoenlaweb.com.ar\/sitio\/wp-json\/wp\/v2\/media?parent=7172"}],"wp:term":[{"taxonomy":"category","embeddable":true,"href":"https:\/\/cuartetoenlaweb.com.ar\/sitio\/wp-json\/wp\/v2\/categories?post=7172"},{"taxonomy":"post_tag","embeddable":true,"href":"https:\/\/cuartetoenlaweb.com.ar\/sitio\/wp-json\/wp\/v2\/tags?post=7172"}],"curies":[{"name":"wp","href":"https:\/\/api.w.org\/{rel}","templated":true}]}}