
{"id":7170,"date":"2025-11-26T16:59:44","date_gmt":"2025-11-26T19:59:44","guid":{"rendered":"https:\/\/cuartetoenlaweb.com.ar\/sitio\/la-legislatura-bonaerense-avanza-en-una-sesion-doble-por-el-presupuesto-de-axel-kicillof\/"},"modified":"2025-11-26T16:59:44","modified_gmt":"2025-11-26T19:59:44","slug":"la-legislatura-bonaerense-avanza-en-una-sesion-doble-por-el-presupuesto-de-axel-kicillof","status":"publish","type":"post","link":"https:\/\/cuartetoenlaweb.com.ar\/sitio\/la-legislatura-bonaerense-avanza-en-una-sesion-doble-por-el-presupuesto-de-axel-kicillof\/","title":{"rendered":"La Legislatura bonaerense avanza en una sesi\u00f3n doble por el Presupuesto de Axel Kicillof"},"content":{"rendered":"<p>Buenos Aires, 26 noviembre (NA)&#8211; La Legislatura bonaerense se encamina este mi\u00e9rcoles a una sesi\u00f3n doble en la C\u00e1mara de Diputados y el Senado por el Presupuesto 2026, la Ley Fiscal y el endeudamiento USD 3.685 millones que pidi\u00f3 el gobernador Axel Kicillof.<\/p>\n<p>Si bien la C\u00e1mara de Diputados bonaerense ten\u00eda prevista sesi\u00f3n ordinaria a las 14, hubo demoras y se espera que comience a las 16. <\/p>\n<p>Mientras tanto, contin\u00faan las tratativas entre el oficialismo y la oposici\u00f3n para que el proyecto de endeudamiento alcance los consensos necesarios para su aprobaci\u00f3n.  <\/p>\n<p>Seg\u00fan pudo saber la Agencia Noticias Argentinas de fuentes legislativas, en caso de que la C\u00e1mara Baja logre llevar la sesi\u00f3n a buen puerto, el Senado bonaerense podr\u00eda tratar en espejo las iniciativas que envi\u00f3 el gobernador. La convocatoria es a las 19, pero el horario est\u00e1 sujeto a lo que suceda en Diputados.<\/p>\n<p>Paralelamente, el titular del bloque del PRO en Diputados bonaerenses, Mat\u00edas Ranzini ya anticip\u00f3 que el bloque amarillo va a votar en contra la Ley Fiscal que envi\u00f3 Kicillof a la Legislatura.<\/p>\n<p>Ranzini acus\u00f3 al kirchnerismo de \u201cimponer\u201d la eliminaci\u00f3n de la exenci\u00f3n a ingresos brutos a operaciones con t\u00edtulos p\u00fablicos y obligaciones negociables en su Ley Impositiva en la provincia de Buenos Aires.  <\/p>\n<p>\u201cQuieren recaudar m\u00e1s a toda costa a expensas de encarecer el financiamiento del sector privado, en definitiva el bolsillo de los que quieren invertir\u00bb, sostuvo Razini en redes sociales, al tiempo que adelant\u00f3 que su espacio rechaza la ley impositiva del gobernador.<\/p>\n<p>#AgenciaNA<\/p>\n","protected":false},"excerpt":{"rendered":"<p>Buenos Aires, 26 noviembre (NA)&#8211; La Legislatura bonaerense se encamina<\/p>\n","protected":false},"author":0,"featured_media":7171,"comment_status":"","ping_status":"","sticky":false,"template":"","format":"standard","meta":{"footnotes":""},"categories":[65],"tags":[],"class_list":["post-7170","post","type-post","status-publish","format-standard","has-post-thumbnail","hentry","category-pais"],"yoast_head":"<!-- This site is optimized with the Yoast SEO plugin v27.5 - https:\/\/yoast.com\/product\/yoast-seo-wordpress\/ -->\n<title>La Legislatura bonaerense avanza en una sesi\u00f3n doble por el Presupuesto de Axel Kicillof - Cuarteto en la Web<\/title>\n<meta name=\"robots\" content=\"index, follow, max-snippet:-1, max-image-preview:large, max-video-preview:-1\" \/>\n<link rel=\"canonical\" href=\"https:\/\/cuartetoenlaweb.com.ar\/sitio\/la-legislatura-bonaerense-avanza-en-una-sesion-doble-por-el-presupuesto-de-axel-kicillof\/\" \/>\n<meta property=\"og:locale\" content=\"es_ES\" \/>\n<meta property=\"og:type\" content=\"article\" \/>\n<meta property=\"og:title\" content=\"La Legislatura bonaerense avanza en una sesi\u00f3n doble por el Presupuesto de Axel Kicillof - Cuarteto en la Web\" \/>\n<meta property=\"og:description\" content=\"Buenos Aires, 26 noviembre (NA)&#8211; La Legislatura bonaerense se encamina\" \/>\n<meta property=\"og:url\" content=\"https:\/\/cuartetoenlaweb.com.ar\/sitio\/la-legislatura-bonaerense-avanza-en-una-sesion-doble-por-el-presupuesto-de-axel-kicillof\/\" \/>\n<meta property=\"og:site_name\" content=\"Cuarteto en la Web\" \/>\n<meta property=\"article:published_time\" content=\"2025-11-26T19:59:44+00:00\" \/>\n<meta property=\"og:image\" content=\"https:\/\/cuartetoenlaweb.com.ar\/sitio\/wp-content\/uploads\/2025\/11\/720-1986.jpeg\" \/>\n\t<meta property=\"og:image:width\" content=\"1081\" \/>\n\t<meta property=\"og:image:height\" content=\"720\" \/>\n\t<meta property=\"og:image:type\" content=\"image\/jpeg\" \/>\n<meta name=\"twitter:card\" content=\"summary_large_image\" \/>\n<meta name=\"twitter:label1\" content=\"Tiempo de lectura\" \/>\n\t<meta name=\"twitter:data1\" content=\"1 minuto\" \/>\n<script type=\"application\/ld+json\" class=\"yoast-schema-graph\">{\"@context\":\"https:\\\/\\\/schema.org\",\"@graph\":[{\"@type\":\"Article\",\"@id\":\"https:\\\/\\\/cuartetoenlaweb.com.ar\\\/sitio\\\/la-legislatura-bonaerense-avanza-en-una-sesion-doble-por-el-presupuesto-de-axel-kicillof\\\/#article\",\"isPartOf\":{\"@id\":\"https:\\\/\\\/cuartetoenlaweb.com.ar\\\/sitio\\\/la-legislatura-bonaerense-avanza-en-una-sesion-doble-por-el-presupuesto-de-axel-kicillof\\\/\"},\"author\":{\"name\":\"\",\"@id\":\"\"},\"headline\":\"La Legislatura bonaerense avanza en una sesi\u00f3n doble por el Presupuesto de Axel Kicillof\",\"datePublished\":\"2025-11-26T19:59:44+00:00\",\"mainEntityOfPage\":{\"@id\":\"https:\\\/\\\/cuartetoenlaweb.com.ar\\\/sitio\\\/la-legislatura-bonaerense-avanza-en-una-sesion-doble-por-el-presupuesto-de-axel-kicillof\\\/\"},\"wordCount\":281,\"publisher\":{\"@id\":\"http:\\\/\\\/cuartetoenlaweb.com.ar\\\/sitio\\\/#organization\"},\"image\":{\"@id\":\"https:\\\/\\\/cuartetoenlaweb.com.ar\\\/sitio\\\/la-legislatura-bonaerense-avanza-en-una-sesion-doble-por-el-presupuesto-de-axel-kicillof\\\/#primaryimage\"},\"thumbnailUrl\":\"https:\\\/\\\/cuartetoenlaweb.com.ar\\\/sitio\\\/wp-content\\\/uploads\\\/2025\\\/11\\\/720-1986.jpeg\",\"articleSection\":[\"PAIS\"],\"inLanguage\":\"es\"},{\"@type\":\"WebPage\",\"@id\":\"https:\\\/\\\/cuartetoenlaweb.com.ar\\\/sitio\\\/la-legislatura-bonaerense-avanza-en-una-sesion-doble-por-el-presupuesto-de-axel-kicillof\\\/\",\"url\":\"https:\\\/\\\/cuartetoenlaweb.com.ar\\\/sitio\\\/la-legislatura-bonaerense-avanza-en-una-sesion-doble-por-el-presupuesto-de-axel-kicillof\\\/\",\"name\":\"La Legislatura bonaerense avanza en una sesi\u00f3n doble por el Presupuesto de Axel Kicillof - Cuarteto en la Web\",\"isPartOf\":{\"@id\":\"http:\\\/\\\/cuartetoenlaweb.com.ar\\\/sitio\\\/#website\"},\"primaryImageOfPage\":{\"@id\":\"https:\\\/\\\/cuartetoenlaweb.com.ar\\\/sitio\\\/la-legislatura-bonaerense-avanza-en-una-sesion-doble-por-el-presupuesto-de-axel-kicillof\\\/#primaryimage\"},\"image\":{\"@id\":\"https:\\\/\\\/cuartetoenlaweb.com.ar\\\/sitio\\\/la-legislatura-bonaerense-avanza-en-una-sesion-doble-por-el-presupuesto-de-axel-kicillof\\\/#primaryimage\"},\"thumbnailUrl\":\"https:\\\/\\\/cuartetoenlaweb.com.ar\\\/sitio\\\/wp-content\\\/uploads\\\/2025\\\/11\\\/720-1986.jpeg\",\"datePublished\":\"2025-11-26T19:59:44+00:00\",\"breadcrumb\":{\"@id\":\"https:\\\/\\\/cuartetoenlaweb.com.ar\\\/sitio\\\/la-legislatura-bonaerense-avanza-en-una-sesion-doble-por-el-presupuesto-de-axel-kicillof\\\/#breadcrumb\"},\"inLanguage\":\"es\",\"potentialAction\":[{\"@type\":\"ReadAction\",\"target\":[\"https:\\\/\\\/cuartetoenlaweb.com.ar\\\/sitio\\\/la-legislatura-bonaerense-avanza-en-una-sesion-doble-por-el-presupuesto-de-axel-kicillof\\\/\"]}]},{\"@type\":\"ImageObject\",\"inLanguage\":\"es\",\"@id\":\"https:\\\/\\\/cuartetoenlaweb.com.ar\\\/sitio\\\/la-legislatura-bonaerense-avanza-en-una-sesion-doble-por-el-presupuesto-de-axel-kicillof\\\/#primaryimage\",\"url\":\"https:\\\/\\\/cuartetoenlaweb.com.ar\\\/sitio\\\/wp-content\\\/uploads\\\/2025\\\/11\\\/720-1986.jpeg\",\"contentUrl\":\"https:\\\/\\\/cuartetoenlaweb.com.ar\\\/sitio\\\/wp-content\\\/uploads\\\/2025\\\/11\\\/720-1986.jpeg\",\"width\":1081,\"height\":720},{\"@type\":\"BreadcrumbList\",\"@id\":\"https:\\\/\\\/cuartetoenlaweb.com.ar\\\/sitio\\\/la-legislatura-bonaerense-avanza-en-una-sesion-doble-por-el-presupuesto-de-axel-kicillof\\\/#breadcrumb\",\"itemListElement\":[{\"@type\":\"ListItem\",\"position\":1,\"name\":\"Portada\",\"item\":\"http:\\\/\\\/cuartetoenlaweb.com.ar\\\/sitio\\\/\"},{\"@type\":\"ListItem\",\"position\":2,\"name\":\"La Legislatura bonaerense avanza en una sesi\u00f3n doble por el Presupuesto de Axel Kicillof\"}]},{\"@type\":\"WebSite\",\"@id\":\"http:\\\/\\\/cuartetoenlaweb.com.ar\\\/sitio\\\/#website\",\"url\":\"http:\\\/\\\/cuartetoenlaweb.com.ar\\\/sitio\\\/\",\"name\":\"Cuarteto en la Web\",\"description\":\"\",\"publisher\":{\"@id\":\"http:\\\/\\\/cuartetoenlaweb.com.ar\\\/sitio\\\/#organization\"},\"potentialAction\":[{\"@type\":\"SearchAction\",\"target\":{\"@type\":\"EntryPoint\",\"urlTemplate\":\"http:\\\/\\\/cuartetoenlaweb.com.ar\\\/sitio\\\/?s={search_term_string}\"},\"query-input\":{\"@type\":\"PropertyValueSpecification\",\"valueRequired\":true,\"valueName\":\"search_term_string\"}}],\"inLanguage\":\"es\"},{\"@type\":\"Organization\",\"@id\":\"http:\\\/\\\/cuartetoenlaweb.com.ar\\\/sitio\\\/#organization\",\"name\":\"Cuarteto en la Web\",\"url\":\"http:\\\/\\\/cuartetoenlaweb.com.ar\\\/sitio\\\/\",\"logo\":{\"@type\":\"ImageObject\",\"inLanguage\":\"es\",\"@id\":\"http:\\\/\\\/cuartetoenlaweb.com.ar\\\/sitio\\\/#\\\/schema\\\/logo\\\/image\\\/\",\"url\":\"https:\\\/\\\/cuartetoenlaweb.com.ar\\\/sitio\\\/wp-content\\\/uploads\\\/2025\\\/07\\\/cropped-cropped-logitoweb21.png\",\"contentUrl\":\"https:\\\/\\\/cuartetoenlaweb.com.ar\\\/sitio\\\/wp-content\\\/uploads\\\/2025\\\/07\\\/cropped-cropped-logitoweb21.png\",\"width\":199,\"height\":199,\"caption\":\"Cuarteto en la Web\"},\"image\":{\"@id\":\"http:\\\/\\\/cuartetoenlaweb.com.ar\\\/sitio\\\/#\\\/schema\\\/logo\\\/image\\\/\"}}]}<\/script>\n<!-- \/ Yoast SEO plugin. -->","yoast_head_json":{"title":"La Legislatura bonaerense avanza en una sesi\u00f3n doble por el Presupuesto de Axel Kicillof - Cuarteto en la Web","robots":{"index":"index","follow":"follow","max-snippet":"max-snippet:-1","max-image-preview":"max-image-preview:large","max-video-preview":"max-video-preview:-1"},"canonical":"https:\/\/cuartetoenlaweb.com.ar\/sitio\/la-legislatura-bonaerense-avanza-en-una-sesion-doble-por-el-presupuesto-de-axel-kicillof\/","og_locale":"es_ES","og_type":"article","og_title":"La Legislatura bonaerense avanza en una sesi\u00f3n doble por el Presupuesto de Axel Kicillof - Cuarteto en la Web","og_description":"Buenos Aires, 26 noviembre (NA)&#8211; La Legislatura bonaerense se encamina","og_url":"https:\/\/cuartetoenlaweb.com.ar\/sitio\/la-legislatura-bonaerense-avanza-en-una-sesion-doble-por-el-presupuesto-de-axel-kicillof\/","og_site_name":"Cuarteto en la Web","article_published_time":"2025-11-26T19:59:44+00:00","og_image":[{"width":1081,"height":720,"url":"https:\/\/cuartetoenlaweb.com.ar\/sitio\/wp-content\/uploads\/2025\/11\/720-1986.jpeg","type":"image\/jpeg"}],"twitter_card":"summary_large_image","twitter_misc":{"Tiempo de lectura":"1 minuto"},"schema":{"@context":"https:\/\/schema.org","@graph":[{"@type":"Article","@id":"https:\/\/cuartetoenlaweb.com.ar\/sitio\/la-legislatura-bonaerense-avanza-en-una-sesion-doble-por-el-presupuesto-de-axel-kicillof\/#article","isPartOf":{"@id":"https:\/\/cuartetoenlaweb.com.ar\/sitio\/la-legislatura-bonaerense-avanza-en-una-sesion-doble-por-el-presupuesto-de-axel-kicillof\/"},"author":{"name":"","@id":""},"headline":"La Legislatura bonaerense avanza en una sesi\u00f3n doble por el Presupuesto de Axel Kicillof","datePublished":"2025-11-26T19:59:44+00:00","mainEntityOfPage":{"@id":"https:\/\/cuartetoenlaweb.com.ar\/sitio\/la-legislatura-bonaerense-avanza-en-una-sesion-doble-por-el-presupuesto-de-axel-kicillof\/"},"wordCount":281,"publisher":{"@id":"http:\/\/cuartetoenlaweb.com.ar\/sitio\/#organization"},"image":{"@id":"https:\/\/cuartetoenlaweb.com.ar\/sitio\/la-legislatura-bonaerense-avanza-en-una-sesion-doble-por-el-presupuesto-de-axel-kicillof\/#primaryimage"},"thumbnailUrl":"https:\/\/cuartetoenlaweb.com.ar\/sitio\/wp-content\/uploads\/2025\/11\/720-1986.jpeg","articleSection":["PAIS"],"inLanguage":"es"},{"@type":"WebPage","@id":"https:\/\/cuartetoenlaweb.com.ar\/sitio\/la-legislatura-bonaerense-avanza-en-una-sesion-doble-por-el-presupuesto-de-axel-kicillof\/","url":"https:\/\/cuartetoenlaweb.com.ar\/sitio\/la-legislatura-bonaerense-avanza-en-una-sesion-doble-por-el-presupuesto-de-axel-kicillof\/","name":"La Legislatura bonaerense avanza en una sesi\u00f3n doble por el Presupuesto de Axel Kicillof - Cuarteto en la Web","isPartOf":{"@id":"http:\/\/cuartetoenlaweb.com.ar\/sitio\/#website"},"primaryImageOfPage":{"@id":"https:\/\/cuartetoenlaweb.com.ar\/sitio\/la-legislatura-bonaerense-avanza-en-una-sesion-doble-por-el-presupuesto-de-axel-kicillof\/#primaryimage"},"image":{"@id":"https:\/\/cuartetoenlaweb.com.ar\/sitio\/la-legislatura-bonaerense-avanza-en-una-sesion-doble-por-el-presupuesto-de-axel-kicillof\/#primaryimage"},"thumbnailUrl":"https:\/\/cuartetoenlaweb.com.ar\/sitio\/wp-content\/uploads\/2025\/11\/720-1986.jpeg","datePublished":"2025-11-26T19:59:44+00:00","breadcrumb":{"@id":"https:\/\/cuartetoenlaweb.com.ar\/sitio\/la-legislatura-bonaerense-avanza-en-una-sesion-doble-por-el-presupuesto-de-axel-kicillof\/#breadcrumb"},"inLanguage":"es","potentialAction":[{"@type":"ReadAction","target":["https:\/\/cuartetoenlaweb.com.ar\/sitio\/la-legislatura-bonaerense-avanza-en-una-sesion-doble-por-el-presupuesto-de-axel-kicillof\/"]}]},{"@type":"ImageObject","inLanguage":"es","@id":"https:\/\/cuartetoenlaweb.com.ar\/sitio\/la-legislatura-bonaerense-avanza-en-una-sesion-doble-por-el-presupuesto-de-axel-kicillof\/#primaryimage","url":"https:\/\/cuartetoenlaweb.com.ar\/sitio\/wp-content\/uploads\/2025\/11\/720-1986.jpeg","contentUrl":"https:\/\/cuartetoenlaweb.com.ar\/sitio\/wp-content\/uploads\/2025\/11\/720-1986.jpeg","width":1081,"height":720},{"@type":"BreadcrumbList","@id":"https:\/\/cuartetoenlaweb.com.ar\/sitio\/la-legislatura-bonaerense-avanza-en-una-sesion-doble-por-el-presupuesto-de-axel-kicillof\/#breadcrumb","itemListElement":[{"@type":"ListItem","position":1,"name":"Portada","item":"http:\/\/cuartetoenlaweb.com.ar\/sitio\/"},{"@type":"ListItem","position":2,"name":"La Legislatura bonaerense avanza en una sesi\u00f3n doble por el Presupuesto de Axel Kicillof"}]},{"@type":"WebSite","@id":"http:\/\/cuartetoenlaweb.com.ar\/sitio\/#website","url":"http:\/\/cuartetoenlaweb.com.ar\/sitio\/","name":"Cuarteto en la Web","description":"","publisher":{"@id":"http:\/\/cuartetoenlaweb.com.ar\/sitio\/#organization"},"potentialAction":[{"@type":"SearchAction","target":{"@type":"EntryPoint","urlTemplate":"http:\/\/cuartetoenlaweb.com.ar\/sitio\/?s={search_term_string}"},"query-input":{"@type":"PropertyValueSpecification","valueRequired":true,"valueName":"search_term_string"}}],"inLanguage":"es"},{"@type":"Organization","@id":"http:\/\/cuartetoenlaweb.com.ar\/sitio\/#organization","name":"Cuarteto en la Web","url":"http:\/\/cuartetoenlaweb.com.ar\/sitio\/","logo":{"@type":"ImageObject","inLanguage":"es","@id":"http:\/\/cuartetoenlaweb.com.ar\/sitio\/#\/schema\/logo\/image\/","url":"https:\/\/cuartetoenlaweb.com.ar\/sitio\/wp-content\/uploads\/2025\/07\/cropped-cropped-logitoweb21.png","contentUrl":"https:\/\/cuartetoenlaweb.com.ar\/sitio\/wp-content\/uploads\/2025\/07\/cropped-cropped-logitoweb21.png","width":199,"height":199,"caption":"Cuarteto en la Web"},"image":{"@id":"http:\/\/cuartetoenlaweb.com.ar\/sitio\/#\/schema\/logo\/image\/"}}]}},"_links":{"self":[{"href":"https:\/\/cuartetoenlaweb.com.ar\/sitio\/wp-json\/wp\/v2\/posts\/7170","targetHints":{"allow":["GET"]}}],"collection":[{"href":"https:\/\/cuartetoenlaweb.com.ar\/sitio\/wp-json\/wp\/v2\/posts"}],"about":[{"href":"https:\/\/cuartetoenlaweb.com.ar\/sitio\/wp-json\/wp\/v2\/types\/post"}],"replies":[{"embeddable":true,"href":"https:\/\/cuartetoenlaweb.com.ar\/sitio\/wp-json\/wp\/v2\/comments?post=7170"}],"version-history":[{"count":0,"href":"https:\/\/cuartetoenlaweb.com.ar\/sitio\/wp-json\/wp\/v2\/posts\/7170\/revisions"}],"wp:featuredmedia":[{"embeddable":true,"href":"https:\/\/cuartetoenlaweb.com.ar\/sitio\/wp-json\/wp\/v2\/media\/7171"}],"wp:attachment":[{"href":"https:\/\/cuartetoenlaweb.com.ar\/sitio\/wp-json\/wp\/v2\/media?parent=7170"}],"wp:term":[{"taxonomy":"category","embeddable":true,"href":"https:\/\/cuartetoenlaweb.com.ar\/sitio\/wp-json\/wp\/v2\/categories?post=7170"},{"taxonomy":"post_tag","embeddable":true,"href":"https:\/\/cuartetoenlaweb.com.ar\/sitio\/wp-json\/wp\/v2\/tags?post=7170"}],"curies":[{"name":"wp","href":"https:\/\/api.w.org\/{rel}","templated":true}]}}