
{"id":7166,"date":"2025-11-26T16:59:40","date_gmt":"2025-11-26T19:59:40","guid":{"rendered":"https:\/\/cuartetoenlaweb.com.ar\/sitio\/gerardo-martinez-dice-que-la-cgt-no-esta-de-acuerdo-con-la-reforma-laboral-pero-negocia-con-santiago-caputo\/"},"modified":"2025-11-26T16:59:40","modified_gmt":"2025-11-26T19:59:40","slug":"gerardo-martinez-dice-que-la-cgt-no-esta-de-acuerdo-con-la-reforma-laboral-pero-negocia-con-santiago-caputo","status":"publish","type":"post","link":"https:\/\/cuartetoenlaweb.com.ar\/sitio\/gerardo-martinez-dice-que-la-cgt-no-esta-de-acuerdo-con-la-reforma-laboral-pero-negocia-con-santiago-caputo\/","title":{"rendered":"Gerardo Mart\u00ednez dice que la CGT \u201cno est\u00e1 de acuerdo&quot; con la reforma laboral pero negocia con Santiago Caputo"},"content":{"rendered":"<p>Buenos Aires, 26 noviembre (NA) \u2014 La CGT afirm\u00f3 este mi\u00e9rcoles que \u201cno est\u00e1 de acuerdo\u201d con el proyecto de reforma laboral, que de todos modos todav\u00eda no se conoce, pero mantiene las negociaciones con el asesor presidencial Santiago Caputo.<\/p>\n<p>As\u00ed lo pudo confirmar la Agencia Noticias Argentinas despu\u00e9s de la reuni\u00f3n del Consejo de Mayo de la que particip\u00f3 el jefe de la UOCRA, Gerardo Mart\u00ednez, en representaci\u00f3n del sindicalismo.<\/p>\n<p>La presentaci\u00f3n del proyecto se concretar\u00e1 sin acuerdo total con los actores que integran la mesa, entre ellos Mart\u00ednez.<\/p>\n<p>En los pr\u00f3ximos d\u00edas comenzar\u00e1 a correr el borrador elaborado por la administraci\u00f3n del presidente Javier Milei y que, dejaron trascender desde el oficialismo, incluir\u00e1 algunas de las peticiones vertidas por el Consejo de Mayo.<\/p>\n<p>Trascendi\u00f3 que algunos de los contenidos del proyecto ser\u00edan \u201cultraactividad; relaci\u00f3n de los convenios; cargas fiscales; peajes, financiamiento sindicatos y c\u00e1maras; derechos colectivos y de trabajo individual; trabajadores aut\u00f3nomos y democracia sindical\u201d.<\/p>\n<p>Mart\u00ednez adelant\u00f3 que, si bien no se conoce el proyecto, la CGT rechazar\u00e1 todo aquello que lesione derechos de los trabajadores.<\/p>\n<p>\u201cHabr\u00eda que pregunt\u00e1rselo al Gobierno. No conocemos cu\u00e1l es la letra del proyecto. Hablaron de que tienen una cierta cantidad de proyectos. No estamos de acuerdo con los conceptos vertidos en este Consejo, que es consultivo y no vinculante\u201d, sostuvo el titular de la UOCRA al retirarse de la reuni\u00f3n.<\/p>\n<p>Sobre los trascendidos de la iniciativa, sostuvo que \u201cno estamos de acuerdo en todos los puntos\u201d y agreg\u00f3 que la existencia de un proyecto que sea un retroceso para la situaci\u00f3n de los trabajadores \u201csigue siendo una pretensi\u00f3n para nosotros pero no para el Gobierno\u201d.<\/p>\n<p>Tras la reuni\u00f3n del Consejo de Mayo, Mart\u00ednez se traslad\u00f3 a la oficina del asesor Santiago Caputo para continuar las conversaciones en privado.<\/p>\n<p>El sindicalista revel\u00f3 que en las distintas reuniones de este Consejo de Mayo cada sector dio su punto de vista sobre las cuestiones abordadas, en la mayor\u00eda de los casos sin acuerdos, e insisti\u00f3 en que es solo un \u00f3rgano consultivo y no vinculante.<\/p>\n<p>Se dieron cita alrededor de la mesa ubicada en la planta baja de Casa Rosada el ministro de Desregulaci\u00f3n, Federico Sturzenegger, como representante del Ejecutivo; el gobernador de Mendoza, Alfredo Cornejo, por las provincias; la senadora nacional Carolina Losada, por la C\u00e1mara Alta; el diputado nacional Cristian Ritondo por la C\u00e1mara Baja; Mart\u00ednez, por los sindicatos; y el presidente de la UIA, Mart\u00edn Rappallini, por los empresarios.<\/p>\n<p>#AgenciaNA<\/p>\n","protected":false},"excerpt":{"rendered":"<p>Buenos Aires, 26 noviembre (NA) \u2014 La CGT afirm\u00f3 este<\/p>\n","protected":false},"author":0,"featured_media":7167,"comment_status":"","ping_status":"","sticky":false,"template":"","format":"standard","meta":{"footnotes":""},"categories":[65],"tags":[],"class_list":["post-7166","post","type-post","status-publish","format-standard","has-post-thumbnail","hentry","category-pais"],"yoast_head":"<!-- This site is optimized with the Yoast SEO plugin v27.5 - https:\/\/yoast.com\/product\/yoast-seo-wordpress\/ -->\n<title>Gerardo Mart\u00ednez dice que la CGT \u201cno est\u00e1 de acuerdo&quot; con la reforma laboral pero negocia con Santiago Caputo - Cuarteto en la Web<\/title>\n<meta name=\"robots\" content=\"index, follow, max-snippet:-1, max-image-preview:large, max-video-preview:-1\" \/>\n<link rel=\"canonical\" href=\"https:\/\/cuartetoenlaweb.com.ar\/sitio\/gerardo-martinez-dice-que-la-cgt-no-esta-de-acuerdo-con-la-reforma-laboral-pero-negocia-con-santiago-caputo\/\" \/>\n<meta property=\"og:locale\" content=\"es_ES\" \/>\n<meta property=\"og:type\" content=\"article\" \/>\n<meta property=\"og:title\" content=\"Gerardo Mart\u00ednez dice que la CGT \u201cno est\u00e1 de acuerdo&quot; con la reforma laboral pero negocia con Santiago Caputo - Cuarteto en la Web\" \/>\n<meta property=\"og:description\" content=\"Buenos Aires, 26 noviembre (NA) \u2014 La CGT afirm\u00f3 este\" \/>\n<meta property=\"og:url\" content=\"https:\/\/cuartetoenlaweb.com.ar\/sitio\/gerardo-martinez-dice-que-la-cgt-no-esta-de-acuerdo-con-la-reforma-laboral-pero-negocia-con-santiago-caputo\/\" \/>\n<meta property=\"og:site_name\" content=\"Cuarteto en la Web\" \/>\n<meta property=\"article:published_time\" content=\"2025-11-26T19:59:40+00:00\" \/>\n<meta property=\"og:image\" content=\"https:\/\/cuartetoenlaweb.com.ar\/sitio\/wp-content\/uploads\/2025\/11\/image-68.jpg\" \/>\n\t<meta property=\"og:image:width\" content=\"1024\" \/>\n\t<meta property=\"og:image:height\" content=\"776\" \/>\n\t<meta property=\"og:image:type\" content=\"image\/jpeg\" \/>\n<meta name=\"twitter:card\" content=\"summary_large_image\" \/>\n<meta name=\"twitter:label1\" content=\"Tiempo de lectura\" \/>\n\t<meta name=\"twitter:data1\" content=\"2 minutos\" \/>\n<script type=\"application\/ld+json\" class=\"yoast-schema-graph\">{\"@context\":\"https:\\\/\\\/schema.org\",\"@graph\":[{\"@type\":\"Article\",\"@id\":\"https:\\\/\\\/cuartetoenlaweb.com.ar\\\/sitio\\\/gerardo-martinez-dice-que-la-cgt-no-esta-de-acuerdo-con-la-reforma-laboral-pero-negocia-con-santiago-caputo\\\/#article\",\"isPartOf\":{\"@id\":\"https:\\\/\\\/cuartetoenlaweb.com.ar\\\/sitio\\\/gerardo-martinez-dice-que-la-cgt-no-esta-de-acuerdo-con-la-reforma-laboral-pero-negocia-con-santiago-caputo\\\/\"},\"author\":{\"name\":\"\",\"@id\":\"\"},\"headline\":\"Gerardo Mart\u00ednez dice que la CGT \u201cno est\u00e1 de acuerdo&quot; con la reforma laboral pero negocia con Santiago Caputo\",\"datePublished\":\"2025-11-26T19:59:40+00:00\",\"mainEntityOfPage\":{\"@id\":\"https:\\\/\\\/cuartetoenlaweb.com.ar\\\/sitio\\\/gerardo-martinez-dice-que-la-cgt-no-esta-de-acuerdo-con-la-reforma-laboral-pero-negocia-con-santiago-caputo\\\/\"},\"wordCount\":457,\"publisher\":{\"@id\":\"http:\\\/\\\/cuartetoenlaweb.com.ar\\\/sitio\\\/#organization\"},\"image\":{\"@id\":\"https:\\\/\\\/cuartetoenlaweb.com.ar\\\/sitio\\\/gerardo-martinez-dice-que-la-cgt-no-esta-de-acuerdo-con-la-reforma-laboral-pero-negocia-con-santiago-caputo\\\/#primaryimage\"},\"thumbnailUrl\":\"https:\\\/\\\/cuartetoenlaweb.com.ar\\\/sitio\\\/wp-content\\\/uploads\\\/2025\\\/11\\\/image-68.jpg\",\"articleSection\":[\"PAIS\"],\"inLanguage\":\"es\"},{\"@type\":\"WebPage\",\"@id\":\"https:\\\/\\\/cuartetoenlaweb.com.ar\\\/sitio\\\/gerardo-martinez-dice-que-la-cgt-no-esta-de-acuerdo-con-la-reforma-laboral-pero-negocia-con-santiago-caputo\\\/\",\"url\":\"https:\\\/\\\/cuartetoenlaweb.com.ar\\\/sitio\\\/gerardo-martinez-dice-que-la-cgt-no-esta-de-acuerdo-con-la-reforma-laboral-pero-negocia-con-santiago-caputo\\\/\",\"name\":\"Gerardo Mart\u00ednez dice que la CGT \u201cno est\u00e1 de acuerdo&quot; con la reforma laboral pero negocia con Santiago Caputo - Cuarteto en la Web\",\"isPartOf\":{\"@id\":\"http:\\\/\\\/cuartetoenlaweb.com.ar\\\/sitio\\\/#website\"},\"primaryImageOfPage\":{\"@id\":\"https:\\\/\\\/cuartetoenlaweb.com.ar\\\/sitio\\\/gerardo-martinez-dice-que-la-cgt-no-esta-de-acuerdo-con-la-reforma-laboral-pero-negocia-con-santiago-caputo\\\/#primaryimage\"},\"image\":{\"@id\":\"https:\\\/\\\/cuartetoenlaweb.com.ar\\\/sitio\\\/gerardo-martinez-dice-que-la-cgt-no-esta-de-acuerdo-con-la-reforma-laboral-pero-negocia-con-santiago-caputo\\\/#primaryimage\"},\"thumbnailUrl\":\"https:\\\/\\\/cuartetoenlaweb.com.ar\\\/sitio\\\/wp-content\\\/uploads\\\/2025\\\/11\\\/image-68.jpg\",\"datePublished\":\"2025-11-26T19:59:40+00:00\",\"breadcrumb\":{\"@id\":\"https:\\\/\\\/cuartetoenlaweb.com.ar\\\/sitio\\\/gerardo-martinez-dice-que-la-cgt-no-esta-de-acuerdo-con-la-reforma-laboral-pero-negocia-con-santiago-caputo\\\/#breadcrumb\"},\"inLanguage\":\"es\",\"potentialAction\":[{\"@type\":\"ReadAction\",\"target\":[\"https:\\\/\\\/cuartetoenlaweb.com.ar\\\/sitio\\\/gerardo-martinez-dice-que-la-cgt-no-esta-de-acuerdo-con-la-reforma-laboral-pero-negocia-con-santiago-caputo\\\/\"]}]},{\"@type\":\"ImageObject\",\"inLanguage\":\"es\",\"@id\":\"https:\\\/\\\/cuartetoenlaweb.com.ar\\\/sitio\\\/gerardo-martinez-dice-que-la-cgt-no-esta-de-acuerdo-con-la-reforma-laboral-pero-negocia-con-santiago-caputo\\\/#primaryimage\",\"url\":\"https:\\\/\\\/cuartetoenlaweb.com.ar\\\/sitio\\\/wp-content\\\/uploads\\\/2025\\\/11\\\/image-68.jpg\",\"contentUrl\":\"https:\\\/\\\/cuartetoenlaweb.com.ar\\\/sitio\\\/wp-content\\\/uploads\\\/2025\\\/11\\\/image-68.jpg\",\"width\":1024,\"height\":776},{\"@type\":\"BreadcrumbList\",\"@id\":\"https:\\\/\\\/cuartetoenlaweb.com.ar\\\/sitio\\\/gerardo-martinez-dice-que-la-cgt-no-esta-de-acuerdo-con-la-reforma-laboral-pero-negocia-con-santiago-caputo\\\/#breadcrumb\",\"itemListElement\":[{\"@type\":\"ListItem\",\"position\":1,\"name\":\"Portada\",\"item\":\"http:\\\/\\\/cuartetoenlaweb.com.ar\\\/sitio\\\/\"},{\"@type\":\"ListItem\",\"position\":2,\"name\":\"Gerardo Mart\u00ednez dice que la CGT \u201cno est\u00e1 de acuerdo&quot; con la reforma laboral pero negocia con Santiago Caputo\"}]},{\"@type\":\"WebSite\",\"@id\":\"http:\\\/\\\/cuartetoenlaweb.com.ar\\\/sitio\\\/#website\",\"url\":\"http:\\\/\\\/cuartetoenlaweb.com.ar\\\/sitio\\\/\",\"name\":\"Cuarteto en la Web\",\"description\":\"\",\"publisher\":{\"@id\":\"http:\\\/\\\/cuartetoenlaweb.com.ar\\\/sitio\\\/#organization\"},\"potentialAction\":[{\"@type\":\"SearchAction\",\"target\":{\"@type\":\"EntryPoint\",\"urlTemplate\":\"http:\\\/\\\/cuartetoenlaweb.com.ar\\\/sitio\\\/?s={search_term_string}\"},\"query-input\":{\"@type\":\"PropertyValueSpecification\",\"valueRequired\":true,\"valueName\":\"search_term_string\"}}],\"inLanguage\":\"es\"},{\"@type\":\"Organization\",\"@id\":\"http:\\\/\\\/cuartetoenlaweb.com.ar\\\/sitio\\\/#organization\",\"name\":\"Cuarteto en la Web\",\"url\":\"http:\\\/\\\/cuartetoenlaweb.com.ar\\\/sitio\\\/\",\"logo\":{\"@type\":\"ImageObject\",\"inLanguage\":\"es\",\"@id\":\"http:\\\/\\\/cuartetoenlaweb.com.ar\\\/sitio\\\/#\\\/schema\\\/logo\\\/image\\\/\",\"url\":\"https:\\\/\\\/cuartetoenlaweb.com.ar\\\/sitio\\\/wp-content\\\/uploads\\\/2025\\\/07\\\/cropped-cropped-logitoweb21.png\",\"contentUrl\":\"https:\\\/\\\/cuartetoenlaweb.com.ar\\\/sitio\\\/wp-content\\\/uploads\\\/2025\\\/07\\\/cropped-cropped-logitoweb21.png\",\"width\":199,\"height\":199,\"caption\":\"Cuarteto en la Web\"},\"image\":{\"@id\":\"http:\\\/\\\/cuartetoenlaweb.com.ar\\\/sitio\\\/#\\\/schema\\\/logo\\\/image\\\/\"}}]}<\/script>\n<!-- \/ Yoast SEO plugin. -->","yoast_head_json":{"title":"Gerardo Mart\u00ednez dice que la CGT \u201cno est\u00e1 de acuerdo&quot; con la reforma laboral pero negocia con Santiago Caputo - Cuarteto en la Web","robots":{"index":"index","follow":"follow","max-snippet":"max-snippet:-1","max-image-preview":"max-image-preview:large","max-video-preview":"max-video-preview:-1"},"canonical":"https:\/\/cuartetoenlaweb.com.ar\/sitio\/gerardo-martinez-dice-que-la-cgt-no-esta-de-acuerdo-con-la-reforma-laboral-pero-negocia-con-santiago-caputo\/","og_locale":"es_ES","og_type":"article","og_title":"Gerardo Mart\u00ednez dice que la CGT \u201cno est\u00e1 de acuerdo&quot; con la reforma laboral pero negocia con Santiago Caputo - Cuarteto en la Web","og_description":"Buenos Aires, 26 noviembre (NA) \u2014 La CGT afirm\u00f3 este","og_url":"https:\/\/cuartetoenlaweb.com.ar\/sitio\/gerardo-martinez-dice-que-la-cgt-no-esta-de-acuerdo-con-la-reforma-laboral-pero-negocia-con-santiago-caputo\/","og_site_name":"Cuarteto en la Web","article_published_time":"2025-11-26T19:59:40+00:00","og_image":[{"width":1024,"height":776,"url":"https:\/\/cuartetoenlaweb.com.ar\/sitio\/wp-content\/uploads\/2025\/11\/image-68.jpg","type":"image\/jpeg"}],"twitter_card":"summary_large_image","twitter_misc":{"Tiempo de lectura":"2 minutos"},"schema":{"@context":"https:\/\/schema.org","@graph":[{"@type":"Article","@id":"https:\/\/cuartetoenlaweb.com.ar\/sitio\/gerardo-martinez-dice-que-la-cgt-no-esta-de-acuerdo-con-la-reforma-laboral-pero-negocia-con-santiago-caputo\/#article","isPartOf":{"@id":"https:\/\/cuartetoenlaweb.com.ar\/sitio\/gerardo-martinez-dice-que-la-cgt-no-esta-de-acuerdo-con-la-reforma-laboral-pero-negocia-con-santiago-caputo\/"},"author":{"name":"","@id":""},"headline":"Gerardo Mart\u00ednez dice que la CGT \u201cno est\u00e1 de acuerdo&quot; con la reforma laboral pero negocia con Santiago Caputo","datePublished":"2025-11-26T19:59:40+00:00","mainEntityOfPage":{"@id":"https:\/\/cuartetoenlaweb.com.ar\/sitio\/gerardo-martinez-dice-que-la-cgt-no-esta-de-acuerdo-con-la-reforma-laboral-pero-negocia-con-santiago-caputo\/"},"wordCount":457,"publisher":{"@id":"http:\/\/cuartetoenlaweb.com.ar\/sitio\/#organization"},"image":{"@id":"https:\/\/cuartetoenlaweb.com.ar\/sitio\/gerardo-martinez-dice-que-la-cgt-no-esta-de-acuerdo-con-la-reforma-laboral-pero-negocia-con-santiago-caputo\/#primaryimage"},"thumbnailUrl":"https:\/\/cuartetoenlaweb.com.ar\/sitio\/wp-content\/uploads\/2025\/11\/image-68.jpg","articleSection":["PAIS"],"inLanguage":"es"},{"@type":"WebPage","@id":"https:\/\/cuartetoenlaweb.com.ar\/sitio\/gerardo-martinez-dice-que-la-cgt-no-esta-de-acuerdo-con-la-reforma-laboral-pero-negocia-con-santiago-caputo\/","url":"https:\/\/cuartetoenlaweb.com.ar\/sitio\/gerardo-martinez-dice-que-la-cgt-no-esta-de-acuerdo-con-la-reforma-laboral-pero-negocia-con-santiago-caputo\/","name":"Gerardo Mart\u00ednez dice que la CGT \u201cno est\u00e1 de acuerdo&quot; con la reforma laboral pero negocia con Santiago Caputo - Cuarteto en la Web","isPartOf":{"@id":"http:\/\/cuartetoenlaweb.com.ar\/sitio\/#website"},"primaryImageOfPage":{"@id":"https:\/\/cuartetoenlaweb.com.ar\/sitio\/gerardo-martinez-dice-que-la-cgt-no-esta-de-acuerdo-con-la-reforma-laboral-pero-negocia-con-santiago-caputo\/#primaryimage"},"image":{"@id":"https:\/\/cuartetoenlaweb.com.ar\/sitio\/gerardo-martinez-dice-que-la-cgt-no-esta-de-acuerdo-con-la-reforma-laboral-pero-negocia-con-santiago-caputo\/#primaryimage"},"thumbnailUrl":"https:\/\/cuartetoenlaweb.com.ar\/sitio\/wp-content\/uploads\/2025\/11\/image-68.jpg","datePublished":"2025-11-26T19:59:40+00:00","breadcrumb":{"@id":"https:\/\/cuartetoenlaweb.com.ar\/sitio\/gerardo-martinez-dice-que-la-cgt-no-esta-de-acuerdo-con-la-reforma-laboral-pero-negocia-con-santiago-caputo\/#breadcrumb"},"inLanguage":"es","potentialAction":[{"@type":"ReadAction","target":["https:\/\/cuartetoenlaweb.com.ar\/sitio\/gerardo-martinez-dice-que-la-cgt-no-esta-de-acuerdo-con-la-reforma-laboral-pero-negocia-con-santiago-caputo\/"]}]},{"@type":"ImageObject","inLanguage":"es","@id":"https:\/\/cuartetoenlaweb.com.ar\/sitio\/gerardo-martinez-dice-que-la-cgt-no-esta-de-acuerdo-con-la-reforma-laboral-pero-negocia-con-santiago-caputo\/#primaryimage","url":"https:\/\/cuartetoenlaweb.com.ar\/sitio\/wp-content\/uploads\/2025\/11\/image-68.jpg","contentUrl":"https:\/\/cuartetoenlaweb.com.ar\/sitio\/wp-content\/uploads\/2025\/11\/image-68.jpg","width":1024,"height":776},{"@type":"BreadcrumbList","@id":"https:\/\/cuartetoenlaweb.com.ar\/sitio\/gerardo-martinez-dice-que-la-cgt-no-esta-de-acuerdo-con-la-reforma-laboral-pero-negocia-con-santiago-caputo\/#breadcrumb","itemListElement":[{"@type":"ListItem","position":1,"name":"Portada","item":"http:\/\/cuartetoenlaweb.com.ar\/sitio\/"},{"@type":"ListItem","position":2,"name":"Gerardo Mart\u00ednez dice que la CGT \u201cno est\u00e1 de acuerdo&quot; con la reforma laboral pero negocia con Santiago Caputo"}]},{"@type":"WebSite","@id":"http:\/\/cuartetoenlaweb.com.ar\/sitio\/#website","url":"http:\/\/cuartetoenlaweb.com.ar\/sitio\/","name":"Cuarteto en la Web","description":"","publisher":{"@id":"http:\/\/cuartetoenlaweb.com.ar\/sitio\/#organization"},"potentialAction":[{"@type":"SearchAction","target":{"@type":"EntryPoint","urlTemplate":"http:\/\/cuartetoenlaweb.com.ar\/sitio\/?s={search_term_string}"},"query-input":{"@type":"PropertyValueSpecification","valueRequired":true,"valueName":"search_term_string"}}],"inLanguage":"es"},{"@type":"Organization","@id":"http:\/\/cuartetoenlaweb.com.ar\/sitio\/#organization","name":"Cuarteto en la Web","url":"http:\/\/cuartetoenlaweb.com.ar\/sitio\/","logo":{"@type":"ImageObject","inLanguage":"es","@id":"http:\/\/cuartetoenlaweb.com.ar\/sitio\/#\/schema\/logo\/image\/","url":"https:\/\/cuartetoenlaweb.com.ar\/sitio\/wp-content\/uploads\/2025\/07\/cropped-cropped-logitoweb21.png","contentUrl":"https:\/\/cuartetoenlaweb.com.ar\/sitio\/wp-content\/uploads\/2025\/07\/cropped-cropped-logitoweb21.png","width":199,"height":199,"caption":"Cuarteto en la Web"},"image":{"@id":"http:\/\/cuartetoenlaweb.com.ar\/sitio\/#\/schema\/logo\/image\/"}}]}},"_links":{"self":[{"href":"https:\/\/cuartetoenlaweb.com.ar\/sitio\/wp-json\/wp\/v2\/posts\/7166","targetHints":{"allow":["GET"]}}],"collection":[{"href":"https:\/\/cuartetoenlaweb.com.ar\/sitio\/wp-json\/wp\/v2\/posts"}],"about":[{"href":"https:\/\/cuartetoenlaweb.com.ar\/sitio\/wp-json\/wp\/v2\/types\/post"}],"replies":[{"embeddable":true,"href":"https:\/\/cuartetoenlaweb.com.ar\/sitio\/wp-json\/wp\/v2\/comments?post=7166"}],"version-history":[{"count":0,"href":"https:\/\/cuartetoenlaweb.com.ar\/sitio\/wp-json\/wp\/v2\/posts\/7166\/revisions"}],"wp:featuredmedia":[{"embeddable":true,"href":"https:\/\/cuartetoenlaweb.com.ar\/sitio\/wp-json\/wp\/v2\/media\/7167"}],"wp:attachment":[{"href":"https:\/\/cuartetoenlaweb.com.ar\/sitio\/wp-json\/wp\/v2\/media?parent=7166"}],"wp:term":[{"taxonomy":"category","embeddable":true,"href":"https:\/\/cuartetoenlaweb.com.ar\/sitio\/wp-json\/wp\/v2\/categories?post=7166"},{"taxonomy":"post_tag","embeddable":true,"href":"https:\/\/cuartetoenlaweb.com.ar\/sitio\/wp-json\/wp\/v2\/tags?post=7166"}],"curies":[{"name":"wp","href":"https:\/\/api.w.org\/{rel}","templated":true}]}}