
{"id":7164,"date":"2025-11-26T16:59:37","date_gmt":"2025-11-26T19:59:37","guid":{"rendered":"https:\/\/cuartetoenlaweb.com.ar\/sitio\/carranza-se-despide-del-arco-el-historico-capitan-de-aldosivi-anuncio-su-retiro-a-los-44-anos\/"},"modified":"2025-11-26T16:59:37","modified_gmt":"2025-11-26T19:59:37","slug":"carranza-se-despide-del-arco-el-historico-capitan-de-aldosivi-anuncio-su-retiro-a-los-44-anos","status":"publish","type":"post","link":"https:\/\/cuartetoenlaweb.com.ar\/sitio\/carranza-se-despide-del-arco-el-historico-capitan-de-aldosivi-anuncio-su-retiro-a-los-44-anos\/","title":{"rendered":"Carranza se despide del arco: el hist\u00f3rico capit\u00e1n de Aldosivi anunci\u00f3 su retiro a los 44 a\u00f1os"},"content":{"rendered":"<p>Buenos Aires, 26 noviembre (NA) \u2013 El arquero titular de Aldosivi de Mar del Plata, Jorge Carlos Carranza, anunci\u00f3 su retiro definitivo del f\u00fatbol profesional.  <\/p>\n<p>A sus 44 a\u00f1os, el hist\u00f3rico guardameta decidi\u00f3 ponerle punto final a una extensa trayectoria despu\u00e9s de cumplir su \u00faltimo gran objetivo deportivo: asegurar la continuidad del \u201cTibur\u00f3n\u201d en la Primera Divisi\u00f3n, seg\u00fan pudo saber la Agencia Noticias Argentinas.  <\/p>\n<p>De esta manera, se despidi\u00f3 con un ascenso inolvidable, determinante para el futuro del club, y con el privilegio de haber compartido cancha con su hijo, el delantero Tom\u00e1s Carranza, un detalle tan poco habitual como cargado de emoci\u00f3n que termin\u00f3 de darle un cierre \u00fanico a su carrera.<\/p>\n<p>Ante la salida de una verdadera leyenda del arco en el ascenso argentino, Aldosivi utiliz\u00f3 sus redes sociales para dedicarle una publicaci\u00f3n especial en la que agradeci\u00f3 su compromiso y liderazgo durante todos estos a\u00f1os.<\/p>\n<p>En ese mensaje, la instituci\u00f3n marplatense destac\u00f3: \u201cNos toca despedir a un referente, a un l\u00edder dentro y fuera de la cancha. Nuestro capit\u00e1n, nuestro arquero campe\u00f3n, quien cierra su carrera como futbolista profesional. Gracias por ponerte esta camiseta y honrarla en cada partido. No solo cuidaste el arco: defendiste los colores, la identidad y el orgullo de nuestro club\u201d.<\/p>\n<p>El homenaje continu\u00f3 con otro p\u00e1rrafo cargado de reconocimiento, que sintetiz\u00f3 la marca que dej\u00f3 en el plantel: \u201cFuiste l\u00edder en los momentos dif\u00edciles y tambi\u00e9n en los de alegr\u00eda. Guiaste a todo un equipo hacia la gloria. Gracias, Capit\u00e1n. Aldosivi siempre ser\u00e1 tu casa\u201d.<\/p>\n<p>Carranza tambi\u00e9n eligi\u00f3 despedirse con un mensaje personal publicado en sus redes sociales, acompa\u00f1ado por una fotograf\u00eda junto a su hijo, acaso la imagen que mejor representa lo que signific\u00f3 su recorrido.  <\/p>\n<p>\u201cLleg\u00f3 ese momento, ese \u2018maldito momento\u2019, como dice la canci\u00f3n. Ese instante que quienes nos dedicamos a esto desear\u00edamos que nunca llegara. Elijo despedirme feliz y orgulloso de la carrera que logr\u00e9 construir\u201d, expres\u00f3 con sinceridad.<\/p>\n<p>Adem\u00e1s, le dedic\u00f3 un agradecimiento especial a los clubes que marcaron su camino y le brindaron la oportunidad de mostrarse y crecer: Instituto de C\u00f3rdoba y Aldosivi.<\/p>\n<p>Finalmente, cerr\u00f3 con una frase que resume su sentir tras m\u00e1s de dos d\u00e9cadas en el profesionalismo: \u201cS\u00e9 que voy a extra\u00f1ar con locura todo esto. Lo viv\u00ed con inmensa pasi\u00f3n, lo di todo, y poco puedo reprocharme. Fui inmensamente feliz jugando\u201d. #AgenciaNA.<\/p>\n","protected":false},"excerpt":{"rendered":"<p>Buenos Aires, 26 noviembre (NA) \u2013 El arquero titular de<\/p>\n","protected":false},"author":0,"featured_media":7165,"comment_status":"","ping_status":"","sticky":false,"template":"","format":"standard","meta":{"footnotes":""},"categories":[65],"tags":[],"class_list":["post-7164","post","type-post","status-publish","format-standard","has-post-thumbnail","hentry","category-pais"],"yoast_head":"<!-- This site is optimized with the Yoast SEO plugin v27.5 - https:\/\/yoast.com\/product\/yoast-seo-wordpress\/ -->\n<title>Carranza se despide del arco: el hist\u00f3rico capit\u00e1n de Aldosivi anunci\u00f3 su retiro a los 44 a\u00f1os - Cuarteto en la Web<\/title>\n<meta name=\"robots\" content=\"index, follow, max-snippet:-1, max-image-preview:large, max-video-preview:-1\" \/>\n<link rel=\"canonical\" href=\"https:\/\/cuartetoenlaweb.com.ar\/sitio\/carranza-se-despide-del-arco-el-historico-capitan-de-aldosivi-anuncio-su-retiro-a-los-44-anos\/\" \/>\n<meta property=\"og:locale\" content=\"es_ES\" \/>\n<meta property=\"og:type\" content=\"article\" \/>\n<meta property=\"og:title\" content=\"Carranza se despide del arco: el hist\u00f3rico capit\u00e1n de Aldosivi anunci\u00f3 su retiro a los 44 a\u00f1os - Cuarteto en la Web\" \/>\n<meta property=\"og:description\" content=\"Buenos Aires, 26 noviembre (NA) \u2013 El arquero titular de\" \/>\n<meta property=\"og:url\" content=\"https:\/\/cuartetoenlaweb.com.ar\/sitio\/carranza-se-despide-del-arco-el-historico-capitan-de-aldosivi-anuncio-su-retiro-a-los-44-anos\/\" \/>\n<meta property=\"og:site_name\" content=\"Cuarteto en la Web\" \/>\n<meta property=\"article:published_time\" content=\"2025-11-26T19:59:37+00:00\" \/>\n<meta property=\"og:image\" content=\"https:\/\/cuartetoenlaweb.com.ar\/sitio\/wp-content\/uploads\/2025\/11\/720-1984.jpeg\" \/>\n\t<meta property=\"og:image:width\" content=\"914\" \/>\n\t<meta property=\"og:image:height\" content=\"720\" \/>\n\t<meta property=\"og:image:type\" content=\"image\/jpeg\" \/>\n<meta name=\"twitter:card\" content=\"summary_large_image\" \/>\n<meta name=\"twitter:label1\" content=\"Tiempo de lectura\" \/>\n\t<meta name=\"twitter:data1\" content=\"2 minutos\" \/>\n<script type=\"application\/ld+json\" class=\"yoast-schema-graph\">{\"@context\":\"https:\\\/\\\/schema.org\",\"@graph\":[{\"@type\":\"Article\",\"@id\":\"https:\\\/\\\/cuartetoenlaweb.com.ar\\\/sitio\\\/carranza-se-despide-del-arco-el-historico-capitan-de-aldosivi-anuncio-su-retiro-a-los-44-anos\\\/#article\",\"isPartOf\":{\"@id\":\"https:\\\/\\\/cuartetoenlaweb.com.ar\\\/sitio\\\/carranza-se-despide-del-arco-el-historico-capitan-de-aldosivi-anuncio-su-retiro-a-los-44-anos\\\/\"},\"author\":{\"name\":\"\",\"@id\":\"\"},\"headline\":\"Carranza se despide del arco: el hist\u00f3rico capit\u00e1n de Aldosivi anunci\u00f3 su retiro a los 44 a\u00f1os\",\"datePublished\":\"2025-11-26T19:59:37+00:00\",\"mainEntityOfPage\":{\"@id\":\"https:\\\/\\\/cuartetoenlaweb.com.ar\\\/sitio\\\/carranza-se-despide-del-arco-el-historico-capitan-de-aldosivi-anuncio-su-retiro-a-los-44-anos\\\/\"},\"wordCount\":439,\"publisher\":{\"@id\":\"http:\\\/\\\/cuartetoenlaweb.com.ar\\\/sitio\\\/#organization\"},\"image\":{\"@id\":\"https:\\\/\\\/cuartetoenlaweb.com.ar\\\/sitio\\\/carranza-se-despide-del-arco-el-historico-capitan-de-aldosivi-anuncio-su-retiro-a-los-44-anos\\\/#primaryimage\"},\"thumbnailUrl\":\"https:\\\/\\\/cuartetoenlaweb.com.ar\\\/sitio\\\/wp-content\\\/uploads\\\/2025\\\/11\\\/720-1984.jpeg\",\"articleSection\":[\"PAIS\"],\"inLanguage\":\"es\"},{\"@type\":\"WebPage\",\"@id\":\"https:\\\/\\\/cuartetoenlaweb.com.ar\\\/sitio\\\/carranza-se-despide-del-arco-el-historico-capitan-de-aldosivi-anuncio-su-retiro-a-los-44-anos\\\/\",\"url\":\"https:\\\/\\\/cuartetoenlaweb.com.ar\\\/sitio\\\/carranza-se-despide-del-arco-el-historico-capitan-de-aldosivi-anuncio-su-retiro-a-los-44-anos\\\/\",\"name\":\"Carranza se despide del arco: el hist\u00f3rico capit\u00e1n de Aldosivi anunci\u00f3 su retiro a los 44 a\u00f1os - Cuarteto en la Web\",\"isPartOf\":{\"@id\":\"http:\\\/\\\/cuartetoenlaweb.com.ar\\\/sitio\\\/#website\"},\"primaryImageOfPage\":{\"@id\":\"https:\\\/\\\/cuartetoenlaweb.com.ar\\\/sitio\\\/carranza-se-despide-del-arco-el-historico-capitan-de-aldosivi-anuncio-su-retiro-a-los-44-anos\\\/#primaryimage\"},\"image\":{\"@id\":\"https:\\\/\\\/cuartetoenlaweb.com.ar\\\/sitio\\\/carranza-se-despide-del-arco-el-historico-capitan-de-aldosivi-anuncio-su-retiro-a-los-44-anos\\\/#primaryimage\"},\"thumbnailUrl\":\"https:\\\/\\\/cuartetoenlaweb.com.ar\\\/sitio\\\/wp-content\\\/uploads\\\/2025\\\/11\\\/720-1984.jpeg\",\"datePublished\":\"2025-11-26T19:59:37+00:00\",\"breadcrumb\":{\"@id\":\"https:\\\/\\\/cuartetoenlaweb.com.ar\\\/sitio\\\/carranza-se-despide-del-arco-el-historico-capitan-de-aldosivi-anuncio-su-retiro-a-los-44-anos\\\/#breadcrumb\"},\"inLanguage\":\"es\",\"potentialAction\":[{\"@type\":\"ReadAction\",\"target\":[\"https:\\\/\\\/cuartetoenlaweb.com.ar\\\/sitio\\\/carranza-se-despide-del-arco-el-historico-capitan-de-aldosivi-anuncio-su-retiro-a-los-44-anos\\\/\"]}]},{\"@type\":\"ImageObject\",\"inLanguage\":\"es\",\"@id\":\"https:\\\/\\\/cuartetoenlaweb.com.ar\\\/sitio\\\/carranza-se-despide-del-arco-el-historico-capitan-de-aldosivi-anuncio-su-retiro-a-los-44-anos\\\/#primaryimage\",\"url\":\"https:\\\/\\\/cuartetoenlaweb.com.ar\\\/sitio\\\/wp-content\\\/uploads\\\/2025\\\/11\\\/720-1984.jpeg\",\"contentUrl\":\"https:\\\/\\\/cuartetoenlaweb.com.ar\\\/sitio\\\/wp-content\\\/uploads\\\/2025\\\/11\\\/720-1984.jpeg\",\"width\":914,\"height\":720},{\"@type\":\"BreadcrumbList\",\"@id\":\"https:\\\/\\\/cuartetoenlaweb.com.ar\\\/sitio\\\/carranza-se-despide-del-arco-el-historico-capitan-de-aldosivi-anuncio-su-retiro-a-los-44-anos\\\/#breadcrumb\",\"itemListElement\":[{\"@type\":\"ListItem\",\"position\":1,\"name\":\"Portada\",\"item\":\"http:\\\/\\\/cuartetoenlaweb.com.ar\\\/sitio\\\/\"},{\"@type\":\"ListItem\",\"position\":2,\"name\":\"Carranza se despide del arco: el hist\u00f3rico capit\u00e1n de Aldosivi anunci\u00f3 su retiro a los 44 a\u00f1os\"}]},{\"@type\":\"WebSite\",\"@id\":\"http:\\\/\\\/cuartetoenlaweb.com.ar\\\/sitio\\\/#website\",\"url\":\"http:\\\/\\\/cuartetoenlaweb.com.ar\\\/sitio\\\/\",\"name\":\"Cuarteto en la Web\",\"description\":\"\",\"publisher\":{\"@id\":\"http:\\\/\\\/cuartetoenlaweb.com.ar\\\/sitio\\\/#organization\"},\"potentialAction\":[{\"@type\":\"SearchAction\",\"target\":{\"@type\":\"EntryPoint\",\"urlTemplate\":\"http:\\\/\\\/cuartetoenlaweb.com.ar\\\/sitio\\\/?s={search_term_string}\"},\"query-input\":{\"@type\":\"PropertyValueSpecification\",\"valueRequired\":true,\"valueName\":\"search_term_string\"}}],\"inLanguage\":\"es\"},{\"@type\":\"Organization\",\"@id\":\"http:\\\/\\\/cuartetoenlaweb.com.ar\\\/sitio\\\/#organization\",\"name\":\"Cuarteto en la Web\",\"url\":\"http:\\\/\\\/cuartetoenlaweb.com.ar\\\/sitio\\\/\",\"logo\":{\"@type\":\"ImageObject\",\"inLanguage\":\"es\",\"@id\":\"http:\\\/\\\/cuartetoenlaweb.com.ar\\\/sitio\\\/#\\\/schema\\\/logo\\\/image\\\/\",\"url\":\"https:\\\/\\\/cuartetoenlaweb.com.ar\\\/sitio\\\/wp-content\\\/uploads\\\/2025\\\/07\\\/cropped-cropped-logitoweb21.png\",\"contentUrl\":\"https:\\\/\\\/cuartetoenlaweb.com.ar\\\/sitio\\\/wp-content\\\/uploads\\\/2025\\\/07\\\/cropped-cropped-logitoweb21.png\",\"width\":199,\"height\":199,\"caption\":\"Cuarteto en la Web\"},\"image\":{\"@id\":\"http:\\\/\\\/cuartetoenlaweb.com.ar\\\/sitio\\\/#\\\/schema\\\/logo\\\/image\\\/\"}}]}<\/script>\n<!-- \/ Yoast SEO plugin. -->","yoast_head_json":{"title":"Carranza se despide del arco: el hist\u00f3rico capit\u00e1n de Aldosivi anunci\u00f3 su retiro a los 44 a\u00f1os - Cuarteto en la Web","robots":{"index":"index","follow":"follow","max-snippet":"max-snippet:-1","max-image-preview":"max-image-preview:large","max-video-preview":"max-video-preview:-1"},"canonical":"https:\/\/cuartetoenlaweb.com.ar\/sitio\/carranza-se-despide-del-arco-el-historico-capitan-de-aldosivi-anuncio-su-retiro-a-los-44-anos\/","og_locale":"es_ES","og_type":"article","og_title":"Carranza se despide del arco: el hist\u00f3rico capit\u00e1n de Aldosivi anunci\u00f3 su retiro a los 44 a\u00f1os - Cuarteto en la Web","og_description":"Buenos Aires, 26 noviembre (NA) \u2013 El arquero titular de","og_url":"https:\/\/cuartetoenlaweb.com.ar\/sitio\/carranza-se-despide-del-arco-el-historico-capitan-de-aldosivi-anuncio-su-retiro-a-los-44-anos\/","og_site_name":"Cuarteto en la Web","article_published_time":"2025-11-26T19:59:37+00:00","og_image":[{"width":914,"height":720,"url":"https:\/\/cuartetoenlaweb.com.ar\/sitio\/wp-content\/uploads\/2025\/11\/720-1984.jpeg","type":"image\/jpeg"}],"twitter_card":"summary_large_image","twitter_misc":{"Tiempo de lectura":"2 minutos"},"schema":{"@context":"https:\/\/schema.org","@graph":[{"@type":"Article","@id":"https:\/\/cuartetoenlaweb.com.ar\/sitio\/carranza-se-despide-del-arco-el-historico-capitan-de-aldosivi-anuncio-su-retiro-a-los-44-anos\/#article","isPartOf":{"@id":"https:\/\/cuartetoenlaweb.com.ar\/sitio\/carranza-se-despide-del-arco-el-historico-capitan-de-aldosivi-anuncio-su-retiro-a-los-44-anos\/"},"author":{"name":"","@id":""},"headline":"Carranza se despide del arco: el hist\u00f3rico capit\u00e1n de Aldosivi anunci\u00f3 su retiro a los 44 a\u00f1os","datePublished":"2025-11-26T19:59:37+00:00","mainEntityOfPage":{"@id":"https:\/\/cuartetoenlaweb.com.ar\/sitio\/carranza-se-despide-del-arco-el-historico-capitan-de-aldosivi-anuncio-su-retiro-a-los-44-anos\/"},"wordCount":439,"publisher":{"@id":"http:\/\/cuartetoenlaweb.com.ar\/sitio\/#organization"},"image":{"@id":"https:\/\/cuartetoenlaweb.com.ar\/sitio\/carranza-se-despide-del-arco-el-historico-capitan-de-aldosivi-anuncio-su-retiro-a-los-44-anos\/#primaryimage"},"thumbnailUrl":"https:\/\/cuartetoenlaweb.com.ar\/sitio\/wp-content\/uploads\/2025\/11\/720-1984.jpeg","articleSection":["PAIS"],"inLanguage":"es"},{"@type":"WebPage","@id":"https:\/\/cuartetoenlaweb.com.ar\/sitio\/carranza-se-despide-del-arco-el-historico-capitan-de-aldosivi-anuncio-su-retiro-a-los-44-anos\/","url":"https:\/\/cuartetoenlaweb.com.ar\/sitio\/carranza-se-despide-del-arco-el-historico-capitan-de-aldosivi-anuncio-su-retiro-a-los-44-anos\/","name":"Carranza se despide del arco: el hist\u00f3rico capit\u00e1n de Aldosivi anunci\u00f3 su retiro a los 44 a\u00f1os - Cuarteto en la Web","isPartOf":{"@id":"http:\/\/cuartetoenlaweb.com.ar\/sitio\/#website"},"primaryImageOfPage":{"@id":"https:\/\/cuartetoenlaweb.com.ar\/sitio\/carranza-se-despide-del-arco-el-historico-capitan-de-aldosivi-anuncio-su-retiro-a-los-44-anos\/#primaryimage"},"image":{"@id":"https:\/\/cuartetoenlaweb.com.ar\/sitio\/carranza-se-despide-del-arco-el-historico-capitan-de-aldosivi-anuncio-su-retiro-a-los-44-anos\/#primaryimage"},"thumbnailUrl":"https:\/\/cuartetoenlaweb.com.ar\/sitio\/wp-content\/uploads\/2025\/11\/720-1984.jpeg","datePublished":"2025-11-26T19:59:37+00:00","breadcrumb":{"@id":"https:\/\/cuartetoenlaweb.com.ar\/sitio\/carranza-se-despide-del-arco-el-historico-capitan-de-aldosivi-anuncio-su-retiro-a-los-44-anos\/#breadcrumb"},"inLanguage":"es","potentialAction":[{"@type":"ReadAction","target":["https:\/\/cuartetoenlaweb.com.ar\/sitio\/carranza-se-despide-del-arco-el-historico-capitan-de-aldosivi-anuncio-su-retiro-a-los-44-anos\/"]}]},{"@type":"ImageObject","inLanguage":"es","@id":"https:\/\/cuartetoenlaweb.com.ar\/sitio\/carranza-se-despide-del-arco-el-historico-capitan-de-aldosivi-anuncio-su-retiro-a-los-44-anos\/#primaryimage","url":"https:\/\/cuartetoenlaweb.com.ar\/sitio\/wp-content\/uploads\/2025\/11\/720-1984.jpeg","contentUrl":"https:\/\/cuartetoenlaweb.com.ar\/sitio\/wp-content\/uploads\/2025\/11\/720-1984.jpeg","width":914,"height":720},{"@type":"BreadcrumbList","@id":"https:\/\/cuartetoenlaweb.com.ar\/sitio\/carranza-se-despide-del-arco-el-historico-capitan-de-aldosivi-anuncio-su-retiro-a-los-44-anos\/#breadcrumb","itemListElement":[{"@type":"ListItem","position":1,"name":"Portada","item":"http:\/\/cuartetoenlaweb.com.ar\/sitio\/"},{"@type":"ListItem","position":2,"name":"Carranza se despide del arco: el hist\u00f3rico capit\u00e1n de Aldosivi anunci\u00f3 su retiro a los 44 a\u00f1os"}]},{"@type":"WebSite","@id":"http:\/\/cuartetoenlaweb.com.ar\/sitio\/#website","url":"http:\/\/cuartetoenlaweb.com.ar\/sitio\/","name":"Cuarteto en la Web","description":"","publisher":{"@id":"http:\/\/cuartetoenlaweb.com.ar\/sitio\/#organization"},"potentialAction":[{"@type":"SearchAction","target":{"@type":"EntryPoint","urlTemplate":"http:\/\/cuartetoenlaweb.com.ar\/sitio\/?s={search_term_string}"},"query-input":{"@type":"PropertyValueSpecification","valueRequired":true,"valueName":"search_term_string"}}],"inLanguage":"es"},{"@type":"Organization","@id":"http:\/\/cuartetoenlaweb.com.ar\/sitio\/#organization","name":"Cuarteto en la Web","url":"http:\/\/cuartetoenlaweb.com.ar\/sitio\/","logo":{"@type":"ImageObject","inLanguage":"es","@id":"http:\/\/cuartetoenlaweb.com.ar\/sitio\/#\/schema\/logo\/image\/","url":"https:\/\/cuartetoenlaweb.com.ar\/sitio\/wp-content\/uploads\/2025\/07\/cropped-cropped-logitoweb21.png","contentUrl":"https:\/\/cuartetoenlaweb.com.ar\/sitio\/wp-content\/uploads\/2025\/07\/cropped-cropped-logitoweb21.png","width":199,"height":199,"caption":"Cuarteto en la Web"},"image":{"@id":"http:\/\/cuartetoenlaweb.com.ar\/sitio\/#\/schema\/logo\/image\/"}}]}},"_links":{"self":[{"href":"https:\/\/cuartetoenlaweb.com.ar\/sitio\/wp-json\/wp\/v2\/posts\/7164","targetHints":{"allow":["GET"]}}],"collection":[{"href":"https:\/\/cuartetoenlaweb.com.ar\/sitio\/wp-json\/wp\/v2\/posts"}],"about":[{"href":"https:\/\/cuartetoenlaweb.com.ar\/sitio\/wp-json\/wp\/v2\/types\/post"}],"replies":[{"embeddable":true,"href":"https:\/\/cuartetoenlaweb.com.ar\/sitio\/wp-json\/wp\/v2\/comments?post=7164"}],"version-history":[{"count":0,"href":"https:\/\/cuartetoenlaweb.com.ar\/sitio\/wp-json\/wp\/v2\/posts\/7164\/revisions"}],"wp:featuredmedia":[{"embeddable":true,"href":"https:\/\/cuartetoenlaweb.com.ar\/sitio\/wp-json\/wp\/v2\/media\/7165"}],"wp:attachment":[{"href":"https:\/\/cuartetoenlaweb.com.ar\/sitio\/wp-json\/wp\/v2\/media?parent=7164"}],"wp:term":[{"taxonomy":"category","embeddable":true,"href":"https:\/\/cuartetoenlaweb.com.ar\/sitio\/wp-json\/wp\/v2\/categories?post=7164"},{"taxonomy":"post_tag","embeddable":true,"href":"https:\/\/cuartetoenlaweb.com.ar\/sitio\/wp-json\/wp\/v2\/tags?post=7164"}],"curies":[{"name":"wp","href":"https:\/\/api.w.org\/{rel}","templated":true}]}}