
{"id":7158,"date":"2025-11-26T15:59:46","date_gmt":"2025-11-26T18:59:46","guid":{"rendered":"https:\/\/cuartetoenlaweb.com.ar\/sitio\/la-liga-mendocina-de-futbol-expreso-su-apoyo-hacia-toviggino\/"},"modified":"2025-11-26T15:59:46","modified_gmt":"2025-11-26T18:59:46","slug":"la-liga-mendocina-de-futbol-expreso-su-apoyo-hacia-toviggino","status":"publish","type":"post","link":"https:\/\/cuartetoenlaweb.com.ar\/sitio\/la-liga-mendocina-de-futbol-expreso-su-apoyo-hacia-toviggino\/","title":{"rendered":"La Liga Mendocina de F\u00fatbol expres\u00f3 su apoyo hacia Toviggino"},"content":{"rendered":"<p>Buenos Aires, 26 noviembre (NA) &#8212; La Liga Mendocina de F\u00fatbol expres\u00f3 su apoyo hacia el tesorero de la Asociaci\u00f3n del F\u00fatbol Argentino (AFA), Pablo Toviggino, luego de que se filtraran datos personales de este \u00faltimo.<\/p>\n<p>En el comunicado al que pudo acceder la Agencia Noticias Argentinas, la Liga Mendocina de F\u00fatbol asegura que \u201clas 230 Ligas del Interior ratifican de manera un\u00e1nime que continuamos transitando el camino marcado por su liderazgo, gesti\u00f3n y visi\u00f3n federal, rumbo que cuenta adem\u00e1s con el respaldo institucional del Presidente de la Asociaci\u00f3n del F\u00fatbol Argentino, Claudio Fabi\u00e1n Tapia, consolidando un proyecto inclusivo y de crecimiento para todo el f\u00fatbol del interior\u201d.<\/p>\n<p>Toviggino suele ser noticia por sus constantes cruces en redes sociales. Incluso, en los \u00faltimos d\u00edas amenaz\u00f3 al presidente de Estudiantes de La Plata, Juan Sebasti\u00e1n Ver\u00f3n, de cara a lo que se vendr\u00e1 en el 2026, mientras que tambi\u00e9n se burl\u00f3 con el comunicado de la AFA en el que se obligaba al club platense a realizar un pasillo para el \u201ccampe\u00f3n\u201d Rosario Central, que recibi\u00f3 un t\u00edtulo inventado el jueves pasado por ser el equipo que m\u00e1s puntos sum\u00f3 en la tabla anual.<\/p>\n<p>EL COMUNICADO COMPLETO DE LA LIGA MENDOCINA DE F\u00daTBOL<\/p>\n<p>Ante los hechos de p\u00fablico conocimiento, esta instituci\u00f3n expresa su en\u00e9rgico repudio frente a las amenazas, agravios y la difusi\u00f3n no autorizada de datos personales que ha sufrido el se\u00f1or Pablo Toviggino, afectando su integridad, su seguridad y la de su entorno familiar.<\/p>\n<p>Reafirmamos nuestro compromiso absoluto con el respeto, la convivencia democr\u00e1tica y el di\u00e1logo responsable, rechazando toda conducta violenta, intimidatoria o que promueva el hostigamiento hacia cualquier persona, en especial cuando implica vulneraci\u00f3n de derechos fundamentales, exposici\u00f3n p\u00fablica indebida o ataques dirigidos a la esfera privada.<\/p>\n<p>Las 230 Ligas del Interior ratifican de manera un\u00e1nime que continuamos transitando el camino marcado por su liderazgo, gesti\u00f3n y visi\u00f3n federal, rumbo que cuenta adem\u00e1s con el respaldo institucional del Presidente de la Asociaci\u00f3n del F\u00fatbol Argentino, Claudio Fabi\u00e1n Tapia, consolidando un proyecto inclusivo y de crecimiento para todo el f\u00fatbol del interior.<\/p>\n<p>Asimismo, reconocemos que el trabajo desarrollado ha implicado enfrentar intereses particulares que hist\u00f3ricamente han intentado apropiarse del f\u00fatbol del interior, priorizando beneficios individuales por sobre el crecimiento colectivo y el respeto por el car\u00e1cter social de nuestras asociaciones civiles.<\/p>\n<p>Gracias a una gesti\u00f3n transparente y federal, se ha defendido el patrimonio institucional y el rol comunitario que nuestras entidades representan en todo el pa\u00eds.<\/p>\n<p>Nos solidarizamos con el se\u00f1or Pablo Toviggino, brind\u00e1ndole nuestro respaldo institucional y deportivo, y manifest\u00e1ndole que todas las ligas y clubes del pa\u00eds est\u00e1n con \u00e9l: PABLO TOVIGGINO NO EST\u00c1 SOLO.<\/p>\n<p>Su labor ha sido fundamental para el fortalecimiento y desarrollo de nuestras instituciones y desde esta liga Mendocina de F\u00fatbol, la cual siempre recibi\u00f3 el apoyo de las autoridades del Consejo Federal del F\u00fatbol y de la Asociaci\u00f3n del F\u00fatbol Argentino, por lo que reafirmamos nuestro acompa\u00f1amiento en este dif\u00edcil momento.<\/p>\n<p>#AgenciaNA<\/p>\n","protected":false},"excerpt":{"rendered":"<p>Buenos Aires, 26 noviembre (NA) &#8212; La Liga Mendocina de<\/p>\n","protected":false},"author":0,"featured_media":7159,"comment_status":"","ping_status":"","sticky":false,"template":"","format":"standard","meta":{"footnotes":""},"categories":[65],"tags":[],"class_list":["post-7158","post","type-post","status-publish","format-standard","has-post-thumbnail","hentry","category-pais"],"yoast_head":"<!-- This site is optimized with the Yoast SEO plugin v27.4 - https:\/\/yoast.com\/product\/yoast-seo-wordpress\/ -->\n<title>La Liga Mendocina de F\u00fatbol expres\u00f3 su apoyo hacia Toviggino - Cuarteto en la Web<\/title>\n<meta name=\"robots\" content=\"index, follow, max-snippet:-1, max-image-preview:large, max-video-preview:-1\" \/>\n<link rel=\"canonical\" href=\"https:\/\/cuartetoenlaweb.com.ar\/sitio\/la-liga-mendocina-de-futbol-expreso-su-apoyo-hacia-toviggino\/\" \/>\n<meta property=\"og:locale\" content=\"es_ES\" \/>\n<meta property=\"og:type\" content=\"article\" \/>\n<meta property=\"og:title\" content=\"La Liga Mendocina de F\u00fatbol expres\u00f3 su apoyo hacia Toviggino - Cuarteto en la Web\" \/>\n<meta property=\"og:description\" content=\"Buenos Aires, 26 noviembre (NA) &#8212; La Liga Mendocina de\" \/>\n<meta property=\"og:url\" content=\"https:\/\/cuartetoenlaweb.com.ar\/sitio\/la-liga-mendocina-de-futbol-expreso-su-apoyo-hacia-toviggino\/\" \/>\n<meta property=\"og:site_name\" content=\"Cuarteto en la Web\" \/>\n<meta property=\"article:published_time\" content=\"2025-11-26T18:59:46+00:00\" \/>\n<meta property=\"og:image\" content=\"https:\/\/cuartetoenlaweb.com.ar\/sitio\/wp-content\/uploads\/2025\/11\/720-1983.jpeg\" \/>\n\t<meta property=\"og:image:width\" content=\"1280\" \/>\n\t<meta property=\"og:image:height\" content=\"720\" \/>\n\t<meta property=\"og:image:type\" content=\"image\/jpeg\" \/>\n<meta name=\"twitter:card\" content=\"summary_large_image\" \/>\n<meta name=\"twitter:label1\" content=\"Tiempo de lectura\" \/>\n\t<meta name=\"twitter:data1\" content=\"3 minutos\" \/>\n<script type=\"application\/ld+json\" class=\"yoast-schema-graph\">{\"@context\":\"https:\\\/\\\/schema.org\",\"@graph\":[{\"@type\":\"Article\",\"@id\":\"https:\\\/\\\/cuartetoenlaweb.com.ar\\\/sitio\\\/la-liga-mendocina-de-futbol-expreso-su-apoyo-hacia-toviggino\\\/#article\",\"isPartOf\":{\"@id\":\"https:\\\/\\\/cuartetoenlaweb.com.ar\\\/sitio\\\/la-liga-mendocina-de-futbol-expreso-su-apoyo-hacia-toviggino\\\/\"},\"author\":{\"name\":\"\",\"@id\":\"\"},\"headline\":\"La Liga Mendocina de F\u00fatbol expres\u00f3 su apoyo hacia Toviggino\",\"datePublished\":\"2025-11-26T18:59:46+00:00\",\"mainEntityOfPage\":{\"@id\":\"https:\\\/\\\/cuartetoenlaweb.com.ar\\\/sitio\\\/la-liga-mendocina-de-futbol-expreso-su-apoyo-hacia-toviggino\\\/\"},\"wordCount\":552,\"publisher\":{\"@id\":\"http:\\\/\\\/cuartetoenlaweb.com.ar\\\/sitio\\\/#organization\"},\"image\":{\"@id\":\"https:\\\/\\\/cuartetoenlaweb.com.ar\\\/sitio\\\/la-liga-mendocina-de-futbol-expreso-su-apoyo-hacia-toviggino\\\/#primaryimage\"},\"thumbnailUrl\":\"https:\\\/\\\/cuartetoenlaweb.com.ar\\\/sitio\\\/wp-content\\\/uploads\\\/2025\\\/11\\\/720-1983.jpeg\",\"articleSection\":[\"PAIS\"],\"inLanguage\":\"es\"},{\"@type\":\"WebPage\",\"@id\":\"https:\\\/\\\/cuartetoenlaweb.com.ar\\\/sitio\\\/la-liga-mendocina-de-futbol-expreso-su-apoyo-hacia-toviggino\\\/\",\"url\":\"https:\\\/\\\/cuartetoenlaweb.com.ar\\\/sitio\\\/la-liga-mendocina-de-futbol-expreso-su-apoyo-hacia-toviggino\\\/\",\"name\":\"La Liga Mendocina de F\u00fatbol expres\u00f3 su apoyo hacia Toviggino - Cuarteto en la Web\",\"isPartOf\":{\"@id\":\"http:\\\/\\\/cuartetoenlaweb.com.ar\\\/sitio\\\/#website\"},\"primaryImageOfPage\":{\"@id\":\"https:\\\/\\\/cuartetoenlaweb.com.ar\\\/sitio\\\/la-liga-mendocina-de-futbol-expreso-su-apoyo-hacia-toviggino\\\/#primaryimage\"},\"image\":{\"@id\":\"https:\\\/\\\/cuartetoenlaweb.com.ar\\\/sitio\\\/la-liga-mendocina-de-futbol-expreso-su-apoyo-hacia-toviggino\\\/#primaryimage\"},\"thumbnailUrl\":\"https:\\\/\\\/cuartetoenlaweb.com.ar\\\/sitio\\\/wp-content\\\/uploads\\\/2025\\\/11\\\/720-1983.jpeg\",\"datePublished\":\"2025-11-26T18:59:46+00:00\",\"breadcrumb\":{\"@id\":\"https:\\\/\\\/cuartetoenlaweb.com.ar\\\/sitio\\\/la-liga-mendocina-de-futbol-expreso-su-apoyo-hacia-toviggino\\\/#breadcrumb\"},\"inLanguage\":\"es\",\"potentialAction\":[{\"@type\":\"ReadAction\",\"target\":[\"https:\\\/\\\/cuartetoenlaweb.com.ar\\\/sitio\\\/la-liga-mendocina-de-futbol-expreso-su-apoyo-hacia-toviggino\\\/\"]}]},{\"@type\":\"ImageObject\",\"inLanguage\":\"es\",\"@id\":\"https:\\\/\\\/cuartetoenlaweb.com.ar\\\/sitio\\\/la-liga-mendocina-de-futbol-expreso-su-apoyo-hacia-toviggino\\\/#primaryimage\",\"url\":\"https:\\\/\\\/cuartetoenlaweb.com.ar\\\/sitio\\\/wp-content\\\/uploads\\\/2025\\\/11\\\/720-1983.jpeg\",\"contentUrl\":\"https:\\\/\\\/cuartetoenlaweb.com.ar\\\/sitio\\\/wp-content\\\/uploads\\\/2025\\\/11\\\/720-1983.jpeg\",\"width\":1280,\"height\":720},{\"@type\":\"BreadcrumbList\",\"@id\":\"https:\\\/\\\/cuartetoenlaweb.com.ar\\\/sitio\\\/la-liga-mendocina-de-futbol-expreso-su-apoyo-hacia-toviggino\\\/#breadcrumb\",\"itemListElement\":[{\"@type\":\"ListItem\",\"position\":1,\"name\":\"Portada\",\"item\":\"http:\\\/\\\/cuartetoenlaweb.com.ar\\\/sitio\\\/\"},{\"@type\":\"ListItem\",\"position\":2,\"name\":\"La Liga Mendocina de F\u00fatbol expres\u00f3 su apoyo hacia Toviggino\"}]},{\"@type\":\"WebSite\",\"@id\":\"http:\\\/\\\/cuartetoenlaweb.com.ar\\\/sitio\\\/#website\",\"url\":\"http:\\\/\\\/cuartetoenlaweb.com.ar\\\/sitio\\\/\",\"name\":\"Cuarteto en la Web\",\"description\":\"\",\"publisher\":{\"@id\":\"http:\\\/\\\/cuartetoenlaweb.com.ar\\\/sitio\\\/#organization\"},\"potentialAction\":[{\"@type\":\"SearchAction\",\"target\":{\"@type\":\"EntryPoint\",\"urlTemplate\":\"http:\\\/\\\/cuartetoenlaweb.com.ar\\\/sitio\\\/?s={search_term_string}\"},\"query-input\":{\"@type\":\"PropertyValueSpecification\",\"valueRequired\":true,\"valueName\":\"search_term_string\"}}],\"inLanguage\":\"es\"},{\"@type\":\"Organization\",\"@id\":\"http:\\\/\\\/cuartetoenlaweb.com.ar\\\/sitio\\\/#organization\",\"name\":\"Cuarteto en la Web\",\"url\":\"http:\\\/\\\/cuartetoenlaweb.com.ar\\\/sitio\\\/\",\"logo\":{\"@type\":\"ImageObject\",\"inLanguage\":\"es\",\"@id\":\"http:\\\/\\\/cuartetoenlaweb.com.ar\\\/sitio\\\/#\\\/schema\\\/logo\\\/image\\\/\",\"url\":\"https:\\\/\\\/cuartetoenlaweb.com.ar\\\/sitio\\\/wp-content\\\/uploads\\\/2025\\\/07\\\/cropped-cropped-logitoweb21.png\",\"contentUrl\":\"https:\\\/\\\/cuartetoenlaweb.com.ar\\\/sitio\\\/wp-content\\\/uploads\\\/2025\\\/07\\\/cropped-cropped-logitoweb21.png\",\"width\":199,\"height\":199,\"caption\":\"Cuarteto en la Web\"},\"image\":{\"@id\":\"http:\\\/\\\/cuartetoenlaweb.com.ar\\\/sitio\\\/#\\\/schema\\\/logo\\\/image\\\/\"}}]}<\/script>\n<!-- \/ Yoast SEO plugin. -->","yoast_head_json":{"title":"La Liga Mendocina de F\u00fatbol expres\u00f3 su apoyo hacia Toviggino - Cuarteto en la Web","robots":{"index":"index","follow":"follow","max-snippet":"max-snippet:-1","max-image-preview":"max-image-preview:large","max-video-preview":"max-video-preview:-1"},"canonical":"https:\/\/cuartetoenlaweb.com.ar\/sitio\/la-liga-mendocina-de-futbol-expreso-su-apoyo-hacia-toviggino\/","og_locale":"es_ES","og_type":"article","og_title":"La Liga Mendocina de F\u00fatbol expres\u00f3 su apoyo hacia Toviggino - Cuarteto en la Web","og_description":"Buenos Aires, 26 noviembre (NA) &#8212; La Liga Mendocina de","og_url":"https:\/\/cuartetoenlaweb.com.ar\/sitio\/la-liga-mendocina-de-futbol-expreso-su-apoyo-hacia-toviggino\/","og_site_name":"Cuarteto en la Web","article_published_time":"2025-11-26T18:59:46+00:00","og_image":[{"width":1280,"height":720,"url":"https:\/\/cuartetoenlaweb.com.ar\/sitio\/wp-content\/uploads\/2025\/11\/720-1983.jpeg","type":"image\/jpeg"}],"twitter_card":"summary_large_image","twitter_misc":{"Tiempo de lectura":"3 minutos"},"schema":{"@context":"https:\/\/schema.org","@graph":[{"@type":"Article","@id":"https:\/\/cuartetoenlaweb.com.ar\/sitio\/la-liga-mendocina-de-futbol-expreso-su-apoyo-hacia-toviggino\/#article","isPartOf":{"@id":"https:\/\/cuartetoenlaweb.com.ar\/sitio\/la-liga-mendocina-de-futbol-expreso-su-apoyo-hacia-toviggino\/"},"author":{"name":"","@id":""},"headline":"La Liga Mendocina de F\u00fatbol expres\u00f3 su apoyo hacia Toviggino","datePublished":"2025-11-26T18:59:46+00:00","mainEntityOfPage":{"@id":"https:\/\/cuartetoenlaweb.com.ar\/sitio\/la-liga-mendocina-de-futbol-expreso-su-apoyo-hacia-toviggino\/"},"wordCount":552,"publisher":{"@id":"http:\/\/cuartetoenlaweb.com.ar\/sitio\/#organization"},"image":{"@id":"https:\/\/cuartetoenlaweb.com.ar\/sitio\/la-liga-mendocina-de-futbol-expreso-su-apoyo-hacia-toviggino\/#primaryimage"},"thumbnailUrl":"https:\/\/cuartetoenlaweb.com.ar\/sitio\/wp-content\/uploads\/2025\/11\/720-1983.jpeg","articleSection":["PAIS"],"inLanguage":"es"},{"@type":"WebPage","@id":"https:\/\/cuartetoenlaweb.com.ar\/sitio\/la-liga-mendocina-de-futbol-expreso-su-apoyo-hacia-toviggino\/","url":"https:\/\/cuartetoenlaweb.com.ar\/sitio\/la-liga-mendocina-de-futbol-expreso-su-apoyo-hacia-toviggino\/","name":"La Liga Mendocina de F\u00fatbol expres\u00f3 su apoyo hacia Toviggino - Cuarteto en la Web","isPartOf":{"@id":"http:\/\/cuartetoenlaweb.com.ar\/sitio\/#website"},"primaryImageOfPage":{"@id":"https:\/\/cuartetoenlaweb.com.ar\/sitio\/la-liga-mendocina-de-futbol-expreso-su-apoyo-hacia-toviggino\/#primaryimage"},"image":{"@id":"https:\/\/cuartetoenlaweb.com.ar\/sitio\/la-liga-mendocina-de-futbol-expreso-su-apoyo-hacia-toviggino\/#primaryimage"},"thumbnailUrl":"https:\/\/cuartetoenlaweb.com.ar\/sitio\/wp-content\/uploads\/2025\/11\/720-1983.jpeg","datePublished":"2025-11-26T18:59:46+00:00","breadcrumb":{"@id":"https:\/\/cuartetoenlaweb.com.ar\/sitio\/la-liga-mendocina-de-futbol-expreso-su-apoyo-hacia-toviggino\/#breadcrumb"},"inLanguage":"es","potentialAction":[{"@type":"ReadAction","target":["https:\/\/cuartetoenlaweb.com.ar\/sitio\/la-liga-mendocina-de-futbol-expreso-su-apoyo-hacia-toviggino\/"]}]},{"@type":"ImageObject","inLanguage":"es","@id":"https:\/\/cuartetoenlaweb.com.ar\/sitio\/la-liga-mendocina-de-futbol-expreso-su-apoyo-hacia-toviggino\/#primaryimage","url":"https:\/\/cuartetoenlaweb.com.ar\/sitio\/wp-content\/uploads\/2025\/11\/720-1983.jpeg","contentUrl":"https:\/\/cuartetoenlaweb.com.ar\/sitio\/wp-content\/uploads\/2025\/11\/720-1983.jpeg","width":1280,"height":720},{"@type":"BreadcrumbList","@id":"https:\/\/cuartetoenlaweb.com.ar\/sitio\/la-liga-mendocina-de-futbol-expreso-su-apoyo-hacia-toviggino\/#breadcrumb","itemListElement":[{"@type":"ListItem","position":1,"name":"Portada","item":"http:\/\/cuartetoenlaweb.com.ar\/sitio\/"},{"@type":"ListItem","position":2,"name":"La Liga Mendocina de F\u00fatbol expres\u00f3 su apoyo hacia Toviggino"}]},{"@type":"WebSite","@id":"http:\/\/cuartetoenlaweb.com.ar\/sitio\/#website","url":"http:\/\/cuartetoenlaweb.com.ar\/sitio\/","name":"Cuarteto en la Web","description":"","publisher":{"@id":"http:\/\/cuartetoenlaweb.com.ar\/sitio\/#organization"},"potentialAction":[{"@type":"SearchAction","target":{"@type":"EntryPoint","urlTemplate":"http:\/\/cuartetoenlaweb.com.ar\/sitio\/?s={search_term_string}"},"query-input":{"@type":"PropertyValueSpecification","valueRequired":true,"valueName":"search_term_string"}}],"inLanguage":"es"},{"@type":"Organization","@id":"http:\/\/cuartetoenlaweb.com.ar\/sitio\/#organization","name":"Cuarteto en la Web","url":"http:\/\/cuartetoenlaweb.com.ar\/sitio\/","logo":{"@type":"ImageObject","inLanguage":"es","@id":"http:\/\/cuartetoenlaweb.com.ar\/sitio\/#\/schema\/logo\/image\/","url":"https:\/\/cuartetoenlaweb.com.ar\/sitio\/wp-content\/uploads\/2025\/07\/cropped-cropped-logitoweb21.png","contentUrl":"https:\/\/cuartetoenlaweb.com.ar\/sitio\/wp-content\/uploads\/2025\/07\/cropped-cropped-logitoweb21.png","width":199,"height":199,"caption":"Cuarteto en la Web"},"image":{"@id":"http:\/\/cuartetoenlaweb.com.ar\/sitio\/#\/schema\/logo\/image\/"}}]}},"_links":{"self":[{"href":"https:\/\/cuartetoenlaweb.com.ar\/sitio\/wp-json\/wp\/v2\/posts\/7158","targetHints":{"allow":["GET"]}}],"collection":[{"href":"https:\/\/cuartetoenlaweb.com.ar\/sitio\/wp-json\/wp\/v2\/posts"}],"about":[{"href":"https:\/\/cuartetoenlaweb.com.ar\/sitio\/wp-json\/wp\/v2\/types\/post"}],"replies":[{"embeddable":true,"href":"https:\/\/cuartetoenlaweb.com.ar\/sitio\/wp-json\/wp\/v2\/comments?post=7158"}],"version-history":[{"count":0,"href":"https:\/\/cuartetoenlaweb.com.ar\/sitio\/wp-json\/wp\/v2\/posts\/7158\/revisions"}],"wp:featuredmedia":[{"embeddable":true,"href":"https:\/\/cuartetoenlaweb.com.ar\/sitio\/wp-json\/wp\/v2\/media\/7159"}],"wp:attachment":[{"href":"https:\/\/cuartetoenlaweb.com.ar\/sitio\/wp-json\/wp\/v2\/media?parent=7158"}],"wp:term":[{"taxonomy":"category","embeddable":true,"href":"https:\/\/cuartetoenlaweb.com.ar\/sitio\/wp-json\/wp\/v2\/categories?post=7158"},{"taxonomy":"post_tag","embeddable":true,"href":"https:\/\/cuartetoenlaweb.com.ar\/sitio\/wp-json\/wp\/v2\/tags?post=7158"}],"curies":[{"name":"wp","href":"https:\/\/api.w.org\/{rel}","templated":true}]}}