
{"id":7152,"date":"2025-11-26T15:59:39","date_gmt":"2025-11-26T18:59:39","guid":{"rendered":"https:\/\/cuartetoenlaweb.com.ar\/sitio\/no-me-desaparecieron-la-madre-de-cecilia-stryzsowski-sobre-la-palabra-de-su-hija\/"},"modified":"2025-11-26T15:59:39","modified_gmt":"2025-11-26T18:59:39","slug":"no-me-desaparecieron-la-madre-de-cecilia-stryzsowski-sobre-la-palabra-de-su-hija","status":"publish","type":"post","link":"https:\/\/cuartetoenlaweb.com.ar\/sitio\/no-me-desaparecieron-la-madre-de-cecilia-stryzsowski-sobre-la-palabra-de-su-hija\/","title":{"rendered":"\u201cNo me desaparecieron\u201d: la madre de Cecilia Stryzsowski sobre la palabra de su hija"},"content":{"rendered":"<p>Resistencia, 26 noviembre (NA) \u2013 Gloria Romero, la madre de Cecilia Stryzsowski dio lugar a las palabras de su hija y, metaf\u00f3ricamente, consider\u00f3 que la v\u00edctima dijo \u201cNo me desaparecieron\u201d, gracias a los hallazgos en la escena del crimen, tras la audiencia de cesura en donde el Clan Sena, acusado por el femicidio, pidi\u00f3 la nulidad del veredicto.<\/p>\n<p>Seg\u00fan pudo saber la Agencia Noticias Argentinas, en base al contundente descargo de Romero en redes sociales, la madre de Cecilia inform\u00f3 que desconoce cu\u00e1ndo iniciar\u00e1 la audiencia para la sentencia definitiva y a\u00f1adi\u00f3: \u201cEstoy ansiosa y conforme. Creo que no les cabe otra sentencia que no sea perpetua de 35 a\u00f1os, a los tres\u201d.<\/p>\n<p>\u201cCon respecto a Gustavo Obreg\u00f3n y Fabiana -Gonz\u00e1lez- s\u00e9 que se va a pedir la m\u00e1xima y esa va a ser la parte que se pelee\u201d, continu\u00f3 Gloria Romero.<\/p>\n<p>\u201cHay que entender que Obreg\u00f3n fue el \u00fanico que se quebr\u00f3 y dijo a d\u00f3nde estaban las bolsas y si eso no pasaba, la palabra de Cecilia no iba a ser escuchada. Ceci se expres\u00f3 a trav\u00e9s de su dije y anillos, dijo \u2018Ac\u00e1 estoy, no me desaparecieron\u2019. El nexo de esa palabra fue Obreg\u00f3n\u201d, destac\u00f3 la madre de la joven.<\/p>\n<p>En l\u00ednea, augur\u00f3: \u201cEstoy conforme, espero que les den la m\u00e1xima, pero m\u00e1s que eso, aguardo que se desarme el poder que ten\u00edan los Sena sobre toda la gente del barrio, que no pasen a ser los Salas del Chaco y que no tengan ese control de la gente a\u00fan en la c\u00e1rcel\u201d.<\/p>\n<p>\u201cRecuerden los audios de Emerenciano cuando pasaba lista y le respond\u00edan como soldados, \u2018Ac\u00e1 estoy, capit\u00e1n, firme\u2019. Esa gente tiene la cabeza quemada, es as\u00ed. Es como la v\u00edctima de un narcisista, es muy dif\u00edcil salir de un narcisista porque te quitan tu dolor\u201d, a\u00f1adi\u00f3.<\/p>\n<p>Asimismo, Gloria le dej\u00f3 un mensaje a las posibles v\u00edctimas de v\u00ednculos t\u00f3xicos o peligrosos: \u201cTenemos un valor propio e impreso y no tenemos que dejar que el exterior lo modifique. La opini\u00f3n del otro no puede venir a modificar tu valor, est\u00e1 en tu esencia y en tus acciones. El narcisista te rompe la autoestima y te hace creer que no sos nada, que nadie te va a querer\u201d.<\/p>\n<p>\u201cTengan mucho cuidado y que nadie te diga cu\u00e1l es tu valor porque eso no lo puede modificar nadie. Veo que se habla mucho del narcisismo, es muy raro encontrarte con uno totalmente, pero s\u00ed con alguien de rasgos y con ego demasiado grande\u201d, continu\u00f3.<\/p>\n<p>Por \u00faltimo, Romero agradeci\u00f3: \u201cGracias por estar ah\u00ed, por los mensajes que me mandan y por todo. Esperemos entre todos a la sentencia\u201d. #AgenciaNA<\/p>\n","protected":false},"excerpt":{"rendered":"<p>Resistencia, 26 noviembre (NA) \u2013 Gloria Romero, la madre de<\/p>\n","protected":false},"author":0,"featured_media":7153,"comment_status":"","ping_status":"","sticky":false,"template":"","format":"standard","meta":{"footnotes":""},"categories":[65],"tags":[],"class_list":["post-7152","post","type-post","status-publish","format-standard","has-post-thumbnail","hentry","category-pais"],"yoast_head":"<!-- This site is optimized with the Yoast SEO plugin v27.4 - https:\/\/yoast.com\/product\/yoast-seo-wordpress\/ -->\n<title>\u201cNo me desaparecieron\u201d: la madre de Cecilia Stryzsowski sobre la palabra de su hija - Cuarteto en la Web<\/title>\n<meta name=\"robots\" content=\"index, follow, max-snippet:-1, max-image-preview:large, max-video-preview:-1\" \/>\n<link rel=\"canonical\" href=\"https:\/\/cuartetoenlaweb.com.ar\/sitio\/no-me-desaparecieron-la-madre-de-cecilia-stryzsowski-sobre-la-palabra-de-su-hija\/\" \/>\n<meta property=\"og:locale\" content=\"es_ES\" \/>\n<meta property=\"og:type\" content=\"article\" \/>\n<meta property=\"og:title\" content=\"\u201cNo me desaparecieron\u201d: la madre de Cecilia Stryzsowski sobre la palabra de su hija - Cuarteto en la Web\" \/>\n<meta property=\"og:description\" content=\"Resistencia, 26 noviembre (NA) \u2013 Gloria Romero, la madre de\" \/>\n<meta property=\"og:url\" content=\"https:\/\/cuartetoenlaweb.com.ar\/sitio\/no-me-desaparecieron-la-madre-de-cecilia-stryzsowski-sobre-la-palabra-de-su-hija\/\" \/>\n<meta property=\"og:site_name\" content=\"Cuarteto en la Web\" \/>\n<meta property=\"article:published_time\" content=\"2025-11-26T18:59:39+00:00\" \/>\n<meta property=\"og:image\" content=\"https:\/\/cuartetoenlaweb.com.ar\/sitio\/wp-content\/uploads\/2025\/11\/720-1980.jpeg\" \/>\n\t<meta property=\"og:image:width\" content=\"1080\" \/>\n\t<meta property=\"og:image:height\" content=\"720\" \/>\n\t<meta property=\"og:image:type\" content=\"image\/jpeg\" \/>\n<meta name=\"twitter:card\" content=\"summary_large_image\" \/>\n<meta name=\"twitter:label1\" content=\"Tiempo de lectura\" \/>\n\t<meta name=\"twitter:data1\" content=\"2 minutos\" \/>\n<script type=\"application\/ld+json\" class=\"yoast-schema-graph\">{\"@context\":\"https:\\\/\\\/schema.org\",\"@graph\":[{\"@type\":\"Article\",\"@id\":\"https:\\\/\\\/cuartetoenlaweb.com.ar\\\/sitio\\\/no-me-desaparecieron-la-madre-de-cecilia-stryzsowski-sobre-la-palabra-de-su-hija\\\/#article\",\"isPartOf\":{\"@id\":\"https:\\\/\\\/cuartetoenlaweb.com.ar\\\/sitio\\\/no-me-desaparecieron-la-madre-de-cecilia-stryzsowski-sobre-la-palabra-de-su-hija\\\/\"},\"author\":{\"name\":\"\",\"@id\":\"\"},\"headline\":\"\u201cNo me desaparecieron\u201d: la madre de Cecilia Stryzsowski sobre la palabra de su hija\",\"datePublished\":\"2025-11-26T18:59:39+00:00\",\"mainEntityOfPage\":{\"@id\":\"https:\\\/\\\/cuartetoenlaweb.com.ar\\\/sitio\\\/no-me-desaparecieron-la-madre-de-cecilia-stryzsowski-sobre-la-palabra-de-su-hija\\\/\"},\"wordCount\":480,\"publisher\":{\"@id\":\"http:\\\/\\\/cuartetoenlaweb.com.ar\\\/sitio\\\/#organization\"},\"image\":{\"@id\":\"https:\\\/\\\/cuartetoenlaweb.com.ar\\\/sitio\\\/no-me-desaparecieron-la-madre-de-cecilia-stryzsowski-sobre-la-palabra-de-su-hija\\\/#primaryimage\"},\"thumbnailUrl\":\"https:\\\/\\\/cuartetoenlaweb.com.ar\\\/sitio\\\/wp-content\\\/uploads\\\/2025\\\/11\\\/720-1980.jpeg\",\"articleSection\":[\"PAIS\"],\"inLanguage\":\"es\"},{\"@type\":\"WebPage\",\"@id\":\"https:\\\/\\\/cuartetoenlaweb.com.ar\\\/sitio\\\/no-me-desaparecieron-la-madre-de-cecilia-stryzsowski-sobre-la-palabra-de-su-hija\\\/\",\"url\":\"https:\\\/\\\/cuartetoenlaweb.com.ar\\\/sitio\\\/no-me-desaparecieron-la-madre-de-cecilia-stryzsowski-sobre-la-palabra-de-su-hija\\\/\",\"name\":\"\u201cNo me desaparecieron\u201d: la madre de Cecilia Stryzsowski sobre la palabra de su hija - Cuarteto en la Web\",\"isPartOf\":{\"@id\":\"http:\\\/\\\/cuartetoenlaweb.com.ar\\\/sitio\\\/#website\"},\"primaryImageOfPage\":{\"@id\":\"https:\\\/\\\/cuartetoenlaweb.com.ar\\\/sitio\\\/no-me-desaparecieron-la-madre-de-cecilia-stryzsowski-sobre-la-palabra-de-su-hija\\\/#primaryimage\"},\"image\":{\"@id\":\"https:\\\/\\\/cuartetoenlaweb.com.ar\\\/sitio\\\/no-me-desaparecieron-la-madre-de-cecilia-stryzsowski-sobre-la-palabra-de-su-hija\\\/#primaryimage\"},\"thumbnailUrl\":\"https:\\\/\\\/cuartetoenlaweb.com.ar\\\/sitio\\\/wp-content\\\/uploads\\\/2025\\\/11\\\/720-1980.jpeg\",\"datePublished\":\"2025-11-26T18:59:39+00:00\",\"breadcrumb\":{\"@id\":\"https:\\\/\\\/cuartetoenlaweb.com.ar\\\/sitio\\\/no-me-desaparecieron-la-madre-de-cecilia-stryzsowski-sobre-la-palabra-de-su-hija\\\/#breadcrumb\"},\"inLanguage\":\"es\",\"potentialAction\":[{\"@type\":\"ReadAction\",\"target\":[\"https:\\\/\\\/cuartetoenlaweb.com.ar\\\/sitio\\\/no-me-desaparecieron-la-madre-de-cecilia-stryzsowski-sobre-la-palabra-de-su-hija\\\/\"]}]},{\"@type\":\"ImageObject\",\"inLanguage\":\"es\",\"@id\":\"https:\\\/\\\/cuartetoenlaweb.com.ar\\\/sitio\\\/no-me-desaparecieron-la-madre-de-cecilia-stryzsowski-sobre-la-palabra-de-su-hija\\\/#primaryimage\",\"url\":\"https:\\\/\\\/cuartetoenlaweb.com.ar\\\/sitio\\\/wp-content\\\/uploads\\\/2025\\\/11\\\/720-1980.jpeg\",\"contentUrl\":\"https:\\\/\\\/cuartetoenlaweb.com.ar\\\/sitio\\\/wp-content\\\/uploads\\\/2025\\\/11\\\/720-1980.jpeg\",\"width\":1080,\"height\":720},{\"@type\":\"BreadcrumbList\",\"@id\":\"https:\\\/\\\/cuartetoenlaweb.com.ar\\\/sitio\\\/no-me-desaparecieron-la-madre-de-cecilia-stryzsowski-sobre-la-palabra-de-su-hija\\\/#breadcrumb\",\"itemListElement\":[{\"@type\":\"ListItem\",\"position\":1,\"name\":\"Portada\",\"item\":\"http:\\\/\\\/cuartetoenlaweb.com.ar\\\/sitio\\\/\"},{\"@type\":\"ListItem\",\"position\":2,\"name\":\"\u201cNo me desaparecieron\u201d: la madre de Cecilia Stryzsowski sobre la palabra de su hija\"}]},{\"@type\":\"WebSite\",\"@id\":\"http:\\\/\\\/cuartetoenlaweb.com.ar\\\/sitio\\\/#website\",\"url\":\"http:\\\/\\\/cuartetoenlaweb.com.ar\\\/sitio\\\/\",\"name\":\"Cuarteto en la Web\",\"description\":\"\",\"publisher\":{\"@id\":\"http:\\\/\\\/cuartetoenlaweb.com.ar\\\/sitio\\\/#organization\"},\"potentialAction\":[{\"@type\":\"SearchAction\",\"target\":{\"@type\":\"EntryPoint\",\"urlTemplate\":\"http:\\\/\\\/cuartetoenlaweb.com.ar\\\/sitio\\\/?s={search_term_string}\"},\"query-input\":{\"@type\":\"PropertyValueSpecification\",\"valueRequired\":true,\"valueName\":\"search_term_string\"}}],\"inLanguage\":\"es\"},{\"@type\":\"Organization\",\"@id\":\"http:\\\/\\\/cuartetoenlaweb.com.ar\\\/sitio\\\/#organization\",\"name\":\"Cuarteto en la Web\",\"url\":\"http:\\\/\\\/cuartetoenlaweb.com.ar\\\/sitio\\\/\",\"logo\":{\"@type\":\"ImageObject\",\"inLanguage\":\"es\",\"@id\":\"http:\\\/\\\/cuartetoenlaweb.com.ar\\\/sitio\\\/#\\\/schema\\\/logo\\\/image\\\/\",\"url\":\"https:\\\/\\\/cuartetoenlaweb.com.ar\\\/sitio\\\/wp-content\\\/uploads\\\/2025\\\/07\\\/cropped-cropped-logitoweb21.png\",\"contentUrl\":\"https:\\\/\\\/cuartetoenlaweb.com.ar\\\/sitio\\\/wp-content\\\/uploads\\\/2025\\\/07\\\/cropped-cropped-logitoweb21.png\",\"width\":199,\"height\":199,\"caption\":\"Cuarteto en la Web\"},\"image\":{\"@id\":\"http:\\\/\\\/cuartetoenlaweb.com.ar\\\/sitio\\\/#\\\/schema\\\/logo\\\/image\\\/\"}}]}<\/script>\n<!-- \/ Yoast SEO plugin. -->","yoast_head_json":{"title":"\u201cNo me desaparecieron\u201d: la madre de Cecilia Stryzsowski sobre la palabra de su hija - Cuarteto en la Web","robots":{"index":"index","follow":"follow","max-snippet":"max-snippet:-1","max-image-preview":"max-image-preview:large","max-video-preview":"max-video-preview:-1"},"canonical":"https:\/\/cuartetoenlaweb.com.ar\/sitio\/no-me-desaparecieron-la-madre-de-cecilia-stryzsowski-sobre-la-palabra-de-su-hija\/","og_locale":"es_ES","og_type":"article","og_title":"\u201cNo me desaparecieron\u201d: la madre de Cecilia Stryzsowski sobre la palabra de su hija - Cuarteto en la Web","og_description":"Resistencia, 26 noviembre (NA) \u2013 Gloria Romero, la madre de","og_url":"https:\/\/cuartetoenlaweb.com.ar\/sitio\/no-me-desaparecieron-la-madre-de-cecilia-stryzsowski-sobre-la-palabra-de-su-hija\/","og_site_name":"Cuarteto en la Web","article_published_time":"2025-11-26T18:59:39+00:00","og_image":[{"width":1080,"height":720,"url":"https:\/\/cuartetoenlaweb.com.ar\/sitio\/wp-content\/uploads\/2025\/11\/720-1980.jpeg","type":"image\/jpeg"}],"twitter_card":"summary_large_image","twitter_misc":{"Tiempo de lectura":"2 minutos"},"schema":{"@context":"https:\/\/schema.org","@graph":[{"@type":"Article","@id":"https:\/\/cuartetoenlaweb.com.ar\/sitio\/no-me-desaparecieron-la-madre-de-cecilia-stryzsowski-sobre-la-palabra-de-su-hija\/#article","isPartOf":{"@id":"https:\/\/cuartetoenlaweb.com.ar\/sitio\/no-me-desaparecieron-la-madre-de-cecilia-stryzsowski-sobre-la-palabra-de-su-hija\/"},"author":{"name":"","@id":""},"headline":"\u201cNo me desaparecieron\u201d: la madre de Cecilia Stryzsowski sobre la palabra de su hija","datePublished":"2025-11-26T18:59:39+00:00","mainEntityOfPage":{"@id":"https:\/\/cuartetoenlaweb.com.ar\/sitio\/no-me-desaparecieron-la-madre-de-cecilia-stryzsowski-sobre-la-palabra-de-su-hija\/"},"wordCount":480,"publisher":{"@id":"http:\/\/cuartetoenlaweb.com.ar\/sitio\/#organization"},"image":{"@id":"https:\/\/cuartetoenlaweb.com.ar\/sitio\/no-me-desaparecieron-la-madre-de-cecilia-stryzsowski-sobre-la-palabra-de-su-hija\/#primaryimage"},"thumbnailUrl":"https:\/\/cuartetoenlaweb.com.ar\/sitio\/wp-content\/uploads\/2025\/11\/720-1980.jpeg","articleSection":["PAIS"],"inLanguage":"es"},{"@type":"WebPage","@id":"https:\/\/cuartetoenlaweb.com.ar\/sitio\/no-me-desaparecieron-la-madre-de-cecilia-stryzsowski-sobre-la-palabra-de-su-hija\/","url":"https:\/\/cuartetoenlaweb.com.ar\/sitio\/no-me-desaparecieron-la-madre-de-cecilia-stryzsowski-sobre-la-palabra-de-su-hija\/","name":"\u201cNo me desaparecieron\u201d: la madre de Cecilia Stryzsowski sobre la palabra de su hija - Cuarteto en la Web","isPartOf":{"@id":"http:\/\/cuartetoenlaweb.com.ar\/sitio\/#website"},"primaryImageOfPage":{"@id":"https:\/\/cuartetoenlaweb.com.ar\/sitio\/no-me-desaparecieron-la-madre-de-cecilia-stryzsowski-sobre-la-palabra-de-su-hija\/#primaryimage"},"image":{"@id":"https:\/\/cuartetoenlaweb.com.ar\/sitio\/no-me-desaparecieron-la-madre-de-cecilia-stryzsowski-sobre-la-palabra-de-su-hija\/#primaryimage"},"thumbnailUrl":"https:\/\/cuartetoenlaweb.com.ar\/sitio\/wp-content\/uploads\/2025\/11\/720-1980.jpeg","datePublished":"2025-11-26T18:59:39+00:00","breadcrumb":{"@id":"https:\/\/cuartetoenlaweb.com.ar\/sitio\/no-me-desaparecieron-la-madre-de-cecilia-stryzsowski-sobre-la-palabra-de-su-hija\/#breadcrumb"},"inLanguage":"es","potentialAction":[{"@type":"ReadAction","target":["https:\/\/cuartetoenlaweb.com.ar\/sitio\/no-me-desaparecieron-la-madre-de-cecilia-stryzsowski-sobre-la-palabra-de-su-hija\/"]}]},{"@type":"ImageObject","inLanguage":"es","@id":"https:\/\/cuartetoenlaweb.com.ar\/sitio\/no-me-desaparecieron-la-madre-de-cecilia-stryzsowski-sobre-la-palabra-de-su-hija\/#primaryimage","url":"https:\/\/cuartetoenlaweb.com.ar\/sitio\/wp-content\/uploads\/2025\/11\/720-1980.jpeg","contentUrl":"https:\/\/cuartetoenlaweb.com.ar\/sitio\/wp-content\/uploads\/2025\/11\/720-1980.jpeg","width":1080,"height":720},{"@type":"BreadcrumbList","@id":"https:\/\/cuartetoenlaweb.com.ar\/sitio\/no-me-desaparecieron-la-madre-de-cecilia-stryzsowski-sobre-la-palabra-de-su-hija\/#breadcrumb","itemListElement":[{"@type":"ListItem","position":1,"name":"Portada","item":"http:\/\/cuartetoenlaweb.com.ar\/sitio\/"},{"@type":"ListItem","position":2,"name":"\u201cNo me desaparecieron\u201d: la madre de Cecilia Stryzsowski sobre la palabra de su hija"}]},{"@type":"WebSite","@id":"http:\/\/cuartetoenlaweb.com.ar\/sitio\/#website","url":"http:\/\/cuartetoenlaweb.com.ar\/sitio\/","name":"Cuarteto en la Web","description":"","publisher":{"@id":"http:\/\/cuartetoenlaweb.com.ar\/sitio\/#organization"},"potentialAction":[{"@type":"SearchAction","target":{"@type":"EntryPoint","urlTemplate":"http:\/\/cuartetoenlaweb.com.ar\/sitio\/?s={search_term_string}"},"query-input":{"@type":"PropertyValueSpecification","valueRequired":true,"valueName":"search_term_string"}}],"inLanguage":"es"},{"@type":"Organization","@id":"http:\/\/cuartetoenlaweb.com.ar\/sitio\/#organization","name":"Cuarteto en la Web","url":"http:\/\/cuartetoenlaweb.com.ar\/sitio\/","logo":{"@type":"ImageObject","inLanguage":"es","@id":"http:\/\/cuartetoenlaweb.com.ar\/sitio\/#\/schema\/logo\/image\/","url":"https:\/\/cuartetoenlaweb.com.ar\/sitio\/wp-content\/uploads\/2025\/07\/cropped-cropped-logitoweb21.png","contentUrl":"https:\/\/cuartetoenlaweb.com.ar\/sitio\/wp-content\/uploads\/2025\/07\/cropped-cropped-logitoweb21.png","width":199,"height":199,"caption":"Cuarteto en la Web"},"image":{"@id":"http:\/\/cuartetoenlaweb.com.ar\/sitio\/#\/schema\/logo\/image\/"}}]}},"_links":{"self":[{"href":"https:\/\/cuartetoenlaweb.com.ar\/sitio\/wp-json\/wp\/v2\/posts\/7152","targetHints":{"allow":["GET"]}}],"collection":[{"href":"https:\/\/cuartetoenlaweb.com.ar\/sitio\/wp-json\/wp\/v2\/posts"}],"about":[{"href":"https:\/\/cuartetoenlaweb.com.ar\/sitio\/wp-json\/wp\/v2\/types\/post"}],"replies":[{"embeddable":true,"href":"https:\/\/cuartetoenlaweb.com.ar\/sitio\/wp-json\/wp\/v2\/comments?post=7152"}],"version-history":[{"count":0,"href":"https:\/\/cuartetoenlaweb.com.ar\/sitio\/wp-json\/wp\/v2\/posts\/7152\/revisions"}],"wp:featuredmedia":[{"embeddable":true,"href":"https:\/\/cuartetoenlaweb.com.ar\/sitio\/wp-json\/wp\/v2\/media\/7153"}],"wp:attachment":[{"href":"https:\/\/cuartetoenlaweb.com.ar\/sitio\/wp-json\/wp\/v2\/media?parent=7152"}],"wp:term":[{"taxonomy":"category","embeddable":true,"href":"https:\/\/cuartetoenlaweb.com.ar\/sitio\/wp-json\/wp\/v2\/categories?post=7152"},{"taxonomy":"post_tag","embeddable":true,"href":"https:\/\/cuartetoenlaweb.com.ar\/sitio\/wp-json\/wp\/v2\/tags?post=7152"}],"curies":[{"name":"wp","href":"https:\/\/api.w.org\/{rel}","templated":true}]}}