
{"id":7146,"date":"2025-11-26T15:59:35","date_gmt":"2025-11-26T18:59:35","guid":{"rendered":"https:\/\/cuartetoenlaweb.com.ar\/sitio\/historico-la-china-suarez-conto-como-fue-la-famosa-charla-con-wanda-nara-que-dio-inicio-al-escandalo-jamas-fui-su-amiga\/"},"modified":"2025-11-26T15:59:35","modified_gmt":"2025-11-26T18:59:35","slug":"historico-la-china-suarez-conto-como-fue-la-famosa-charla-con-wanda-nara-que-dio-inicio-al-escandalo-jamas-fui-su-amiga","status":"publish","type":"post","link":"https:\/\/cuartetoenlaweb.com.ar\/sitio\/historico-la-china-suarez-conto-como-fue-la-famosa-charla-con-wanda-nara-que-dio-inicio-al-escandalo-jamas-fui-su-amiga\/","title":{"rendered":"\u00a1Hist\u00f3rico! La China Su\u00e1rez cont\u00f3 c\u00f3mo fue la famosa charla con Wanda Nara que dio inicio al esc\u00e1ndalo: &quot;Jam\u00e1s fui su amiga&quot;"},"content":{"rendered":"<p>Esto pas\u00f3. Esto fue real. Hubo un d\u00eda en que a pesar de la distancia la China Su\u00e1rez y Wanda Nara estuvieron frente a frente y cara a cara. No exist\u00eda el Wandagate -ni siquiera alguien lo pod\u00eda imaginar- pero las malas lenguas, esas que nunca faltan, dicen que cuando charlaron y se dijeron un mont\u00f3n de cosas lindas de ellas y de sus hijos \u00abella ya lo ten\u00eda fichado a Icardi\u00bb y que se hac\u00eda la amiga para ver \u00abc\u00f3mo estaba todo\u00bb al interior de la relaci\u00f3n. <\/p>\n<p>Esto tambi\u00e9n pas\u00f3 y fue real. Hubo un d\u00eda, hoy, en que un grupo de periodistas, los que hacen PuroShow, se animaron a preguntarle a la China por esa jornada, por ese suceso, porque aquella charla que se dio por \u00abface time\u00bb y que para muchos signific\u00f3 el verdadero comienzo del \u00abWandagate\u00bb, el esc\u00e1ndalo farandulero m\u00e1s grande de todos los tiempos. Quienes sostienen esa teor\u00eda argumentan que el recordado \u00abotra familia que te cargaste por zorra\u00bb fue el segundo cap\u00edtulo, que sucedi\u00f3 porque Wanda no vio las \u00abredflags\u00bb del primero.<\/p>\n<p>Caro Molinari, que un rato antes hab\u00eda dado <a href=\"https:\/\/www.paparazzi.com.ar\/romances\/chau-daniel-osvaldo-gianinna-maradona-de-novia-con-un-mega-fachero-que-tiene-un-trabajo-muy-particular-estan-enamorados\/\">la primicia del nuevo romance de Gianinna Maradona<\/a>, complet\u00f3 su jornada de gracia preguntando fuerte y al medio, como pateaba los penales su ex marido Mariano Pavone. \u00ab\u00bfQu\u00e9 hay de esa relaci\u00f3n que ten\u00edas anteriormente con ella? De ese vivo que hicieron juntas, de ese llamado, \u00bfQu\u00e9 pas\u00f3 con eso?\u00bb descerraj\u00f3.<\/p>\n<div class=\"mt-box \">\n<h4 class=\"mt-heading\">Mir\u00e1 Tambi\u00e9n<\/h4>\n<p><a href=\"https:\/\/www.paparazzi.com.ar\/romances\/la-china-suarez-hablo-por-primera-vez-en-su-vida-de-wanda-nara-y-descalifico-su-actitud-mas-polemica-es-penoso-me-da-lastima\/\"><\/p>\n<div class=\"mt-content\">\n<div class=\"mt-image-container\"><img decoding=\"async\" src=\"https:\/\/www.paparazzi.com.ar\/wp-content\/uploads\/2025\/11\/China-Wanda-1-359x226.jpg\" alt=\"La China Su\u00e1rez habl\u00f3 por primera vez en su vida de Wanda Nara y descalific\u00f3 su actitud m\u00e1s pol\u00e9mica: &quot;Es penoso, me da l\u00e1stima&quot;\" class=\"mt-image\" loading=\"lazy\" \/><\/div>\n<h5 class=\"mt-title\">La China Su\u00e1rez habl\u00f3 por primera vez en su vida de Wanda Nara y descalific\u00f3 su actitud m\u00e1s pol\u00e9mica: \u00abEs penoso, me da l\u00e1stima\u00bb<\/h5>\n<\/div>\n<p><\/a><\/div>\n<p>\u00abNo fue ning\u00fan vivo. Mir\u00e1, te voy a decir una cosa. Diga lo que diga, hay muchos medios que est\u00e1n siempre como que les conviene una parte que habla siempre y hacer mierda a la parte que no habla nunca, a la villana que se construyeron. Nunca hice un vivo con ella, nunca fui su amiga, tengo muy pocos amigos en el ambiente, y eso lo saben todos\u00bb.<\/p>\n<h2 class=\"wp-block-heading\">LA CHINA SUAREZ CONT\u00d3 COMO FUE LA FAMOSA CHARLA CON WANDA NARA QUE DIO INICIO AL ESCANDALO<\/h2>\n<p>\u00abEs como que vos hagas un vivo ahora y yo me meta y te salude. Obviamente, en la pandemia hacia muchos vivos como hac\u00edamos todos porque est\u00e1bamos al pedo tratando de sobrevivir y viendo que hac\u00edamos de nuestras vidas. Y se met\u00edan muchos famosos y uno saludaba por cordialidad. Es como que se meta Susana con su \u00abme muero\u00bb tan famoso. Yo estaba hablando todo el d\u00eda as\u00ed porque mi amigo Tomi que se hab\u00eda ido a vivir a M\u00e9xico estaba todo el tiempo diciendo \u00abMe muero, qu\u00e9 flaquita, me muero\u00bb todo el d\u00eda as\u00ed\u00bb.<\/p>\n<p>\u00abPero la realidad es que nunca fuimos amigas. \u00a1C\u00f3mo voy a tener una relaci\u00f3n con alguien que nunca viste en tu vida! El problema es que en este ambiente le reaccion\u00e1s la historia a alguien y chau&#8230; me ha pasado y no lo hago m\u00e1s porque digo \u00abpor ah\u00ed esta persona piensa que somos amigos porque le contest\u00e9 una historia que me hace reir. \u00bfEn qu\u00e9 momento la amistad es eso, contestarte historias? Tengo mi mejor amiga de hace 25 a\u00f1os del colegio, nada que ver\u00bb.<\/p>\n<div class=\"mt-box \">\n<h4 class=\"mt-heading\">Mir\u00e1 Tambi\u00e9n<\/h4>\n<p><a href=\"https:\/\/www.paparazzi.com.ar\/teve\/la-ostentacion-de-yanina-latorre-que-genero-una-ola-de-rechazo-absoluto-100-000-dolares-me-gasto-en-un-mes-en-miami\/\"><\/p>\n<div class=\"mt-content\">\n<div class=\"mt-image-container\"><img decoding=\"async\" src=\"https:\/\/www.paparazzi.com.ar\/wp-content\/uploads\/2025\/11\/yanina-latorre-359x226.jpeg\" alt=\"La ostentaci\u00f3n de Yanina Latorre que gener\u00f3 una ola de rechazo absoluto: &quot;100.000 d\u00f3lares me gasto en un mes en Miami&quot;\" class=\"mt-image\" loading=\"lazy\" \/><\/div>\n<h5 class=\"mt-title\">La ostentaci\u00f3n de Yanina Latorre que gener\u00f3 una ola de rechazo absoluto: \u00ab100.000 d\u00f3lares me gasto en un mes en Miami\u00bb<\/h5>\n<\/div>\n<p><\/a><\/div>\n<div class=\"mt-box \">\n<h4 class=\"mt-heading\">Mir\u00e1 Tambi\u00e9n<\/h4>\n<p><a href=\"https:\/\/www.paparazzi.com.ar\/teve\/morena-rial-cayo-en-depresion-y-atraviesa-un-terrible-momento-en-la-carcel-estoy-con-un-problemon-grave\/\"><\/p>\n<div class=\"mt-content\">\n<div class=\"mt-image-container\"><img decoding=\"async\" src=\"https:\/\/www.paparazzi.com.ar\/wp-content\/uploads\/2025\/11\/Morena-Rial-cayo-en-depresion-y-atraviesa-un-terrible-momento-en-la-carcel-Estoy-con-un-problemon-grave-359x226.jpg\" alt=\"Morena Rial cay\u00f3 en depresi\u00f3n y atraviesa un terrible momento en la c\u00e1rcel: &quot;Estoy con un problem\u00f3n grave&quot;\" class=\"mt-image\" loading=\"lazy\" \/><\/div>\n<h5 class=\"mt-title\">Morena Rial cay\u00f3 en depresi\u00f3n y atraviesa un terrible momento en la c\u00e1rcel: \u00abEstoy con un problem\u00f3n grave\u00bb<\/h5>\n<\/div>\n<p><\/a><\/div>\n<p>The post <a href=\"https:\/\/www.paparazzi.com.ar\/romances\/historico-la-china-suarez-conto-como-fue-la-famosa-charla-con-wanda-nara-que-dio-inicio-al-escandalo-jamas-fui-su-amiga\/\">\u00a1Hist\u00f3rico! La China Su\u00e1rez cont\u00f3 c\u00f3mo fue la famosa charla con Wanda Nara que dio inicio al esc\u00e1ndalo: &quot;Jam\u00e1s fui su amiga&quot;<\/a> appeared first on <a href=\"https:\/\/www.paparazzi.com.ar\">Revista Paparazzi<\/a>.<\/p>\n","protected":false},"excerpt":{"rendered":"<p>Esto pas\u00f3. Esto fue real. Hubo un d\u00eda en que<\/p>\n","protected":false},"author":0,"featured_media":7147,"comment_status":"","ping_status":"","sticky":false,"template":"","format":"standard","meta":{"footnotes":""},"categories":[12],"tags":[],"class_list":["post-7146","post","type-post","status-publish","format-standard","has-post-thumbnail","hentry","category-espectaculo"],"yoast_head":"<!-- This site is optimized with the Yoast SEO plugin v27.4 - https:\/\/yoast.com\/product\/yoast-seo-wordpress\/ -->\n<title>\u00a1Hist\u00f3rico! La China Su\u00e1rez cont\u00f3 c\u00f3mo fue la famosa charla con Wanda Nara que dio inicio al esc\u00e1ndalo: &quot;Jam\u00e1s fui su amiga&quot; - Cuarteto en la Web<\/title>\n<meta name=\"robots\" content=\"index, follow, max-snippet:-1, max-image-preview:large, max-video-preview:-1\" \/>\n<link rel=\"canonical\" href=\"https:\/\/cuartetoenlaweb.com.ar\/sitio\/historico-la-china-suarez-conto-como-fue-la-famosa-charla-con-wanda-nara-que-dio-inicio-al-escandalo-jamas-fui-su-amiga\/\" \/>\n<meta property=\"og:locale\" content=\"es_ES\" \/>\n<meta property=\"og:type\" content=\"article\" \/>\n<meta property=\"og:title\" content=\"\u00a1Hist\u00f3rico! La China Su\u00e1rez cont\u00f3 c\u00f3mo fue la famosa charla con Wanda Nara que dio inicio al esc\u00e1ndalo: &quot;Jam\u00e1s fui su amiga&quot; - Cuarteto en la Web\" \/>\n<meta property=\"og:description\" content=\"Esto pas\u00f3. Esto fue real. Hubo un d\u00eda en que\" \/>\n<meta property=\"og:url\" content=\"https:\/\/cuartetoenlaweb.com.ar\/sitio\/historico-la-china-suarez-conto-como-fue-la-famosa-charla-con-wanda-nara-que-dio-inicio-al-escandalo-jamas-fui-su-amiga\/\" \/>\n<meta property=\"og:site_name\" content=\"Cuarteto en la Web\" \/>\n<meta property=\"article:published_time\" content=\"2025-11-26T18:59:35+00:00\" \/>\n<meta property=\"og:image\" content=\"https:\/\/cuartetoenlaweb.com.ar\/sitio\/wp-content\/uploads\/2025\/11\/China-Wanda-1-359x226-1.jpg\" \/>\n\t<meta property=\"og:image:width\" content=\"359\" \/>\n\t<meta property=\"og:image:height\" content=\"226\" \/>\n\t<meta property=\"og:image:type\" content=\"image\/jpeg\" \/>\n<meta name=\"twitter:card\" content=\"summary_large_image\" \/>\n<meta name=\"twitter:label1\" content=\"Tiempo de lectura\" \/>\n\t<meta name=\"twitter:data1\" content=\"3 minutos\" \/>\n<script type=\"application\/ld+json\" class=\"yoast-schema-graph\">{\"@context\":\"https:\\\/\\\/schema.org\",\"@graph\":[{\"@type\":\"Article\",\"@id\":\"https:\\\/\\\/cuartetoenlaweb.com.ar\\\/sitio\\\/historico-la-china-suarez-conto-como-fue-la-famosa-charla-con-wanda-nara-que-dio-inicio-al-escandalo-jamas-fui-su-amiga\\\/#article\",\"isPartOf\":{\"@id\":\"https:\\\/\\\/cuartetoenlaweb.com.ar\\\/sitio\\\/historico-la-china-suarez-conto-como-fue-la-famosa-charla-con-wanda-nara-que-dio-inicio-al-escandalo-jamas-fui-su-amiga\\\/\"},\"author\":{\"name\":\"\",\"@id\":\"\"},\"headline\":\"\u00a1Hist\u00f3rico! La China Su\u00e1rez cont\u00f3 c\u00f3mo fue la famosa charla con Wanda Nara que dio inicio al esc\u00e1ndalo: &quot;Jam\u00e1s fui su amiga&quot;\",\"datePublished\":\"2025-11-26T18:59:35+00:00\",\"mainEntityOfPage\":{\"@id\":\"https:\\\/\\\/cuartetoenlaweb.com.ar\\\/sitio\\\/historico-la-china-suarez-conto-como-fue-la-famosa-charla-con-wanda-nara-que-dio-inicio-al-escandalo-jamas-fui-su-amiga\\\/\"},\"wordCount\":680,\"publisher\":{\"@id\":\"http:\\\/\\\/cuartetoenlaweb.com.ar\\\/sitio\\\/#organization\"},\"image\":{\"@id\":\"https:\\\/\\\/cuartetoenlaweb.com.ar\\\/sitio\\\/historico-la-china-suarez-conto-como-fue-la-famosa-charla-con-wanda-nara-que-dio-inicio-al-escandalo-jamas-fui-su-amiga\\\/#primaryimage\"},\"thumbnailUrl\":\"https:\\\/\\\/cuartetoenlaweb.com.ar\\\/sitio\\\/wp-content\\\/uploads\\\/2025\\\/11\\\/China-Wanda-1-359x226-1.jpg\",\"articleSection\":[\"ESPECT\u00c1CULO\"],\"inLanguage\":\"es\"},{\"@type\":\"WebPage\",\"@id\":\"https:\\\/\\\/cuartetoenlaweb.com.ar\\\/sitio\\\/historico-la-china-suarez-conto-como-fue-la-famosa-charla-con-wanda-nara-que-dio-inicio-al-escandalo-jamas-fui-su-amiga\\\/\",\"url\":\"https:\\\/\\\/cuartetoenlaweb.com.ar\\\/sitio\\\/historico-la-china-suarez-conto-como-fue-la-famosa-charla-con-wanda-nara-que-dio-inicio-al-escandalo-jamas-fui-su-amiga\\\/\",\"name\":\"\u00a1Hist\u00f3rico! La China Su\u00e1rez cont\u00f3 c\u00f3mo fue la famosa charla con Wanda Nara que dio inicio al esc\u00e1ndalo: &quot;Jam\u00e1s fui su amiga&quot; - Cuarteto en la Web\",\"isPartOf\":{\"@id\":\"http:\\\/\\\/cuartetoenlaweb.com.ar\\\/sitio\\\/#website\"},\"primaryImageOfPage\":{\"@id\":\"https:\\\/\\\/cuartetoenlaweb.com.ar\\\/sitio\\\/historico-la-china-suarez-conto-como-fue-la-famosa-charla-con-wanda-nara-que-dio-inicio-al-escandalo-jamas-fui-su-amiga\\\/#primaryimage\"},\"image\":{\"@id\":\"https:\\\/\\\/cuartetoenlaweb.com.ar\\\/sitio\\\/historico-la-china-suarez-conto-como-fue-la-famosa-charla-con-wanda-nara-que-dio-inicio-al-escandalo-jamas-fui-su-amiga\\\/#primaryimage\"},\"thumbnailUrl\":\"https:\\\/\\\/cuartetoenlaweb.com.ar\\\/sitio\\\/wp-content\\\/uploads\\\/2025\\\/11\\\/China-Wanda-1-359x226-1.jpg\",\"datePublished\":\"2025-11-26T18:59:35+00:00\",\"breadcrumb\":{\"@id\":\"https:\\\/\\\/cuartetoenlaweb.com.ar\\\/sitio\\\/historico-la-china-suarez-conto-como-fue-la-famosa-charla-con-wanda-nara-que-dio-inicio-al-escandalo-jamas-fui-su-amiga\\\/#breadcrumb\"},\"inLanguage\":\"es\",\"potentialAction\":[{\"@type\":\"ReadAction\",\"target\":[\"https:\\\/\\\/cuartetoenlaweb.com.ar\\\/sitio\\\/historico-la-china-suarez-conto-como-fue-la-famosa-charla-con-wanda-nara-que-dio-inicio-al-escandalo-jamas-fui-su-amiga\\\/\"]}]},{\"@type\":\"ImageObject\",\"inLanguage\":\"es\",\"@id\":\"https:\\\/\\\/cuartetoenlaweb.com.ar\\\/sitio\\\/historico-la-china-suarez-conto-como-fue-la-famosa-charla-con-wanda-nara-que-dio-inicio-al-escandalo-jamas-fui-su-amiga\\\/#primaryimage\",\"url\":\"https:\\\/\\\/cuartetoenlaweb.com.ar\\\/sitio\\\/wp-content\\\/uploads\\\/2025\\\/11\\\/China-Wanda-1-359x226-1.jpg\",\"contentUrl\":\"https:\\\/\\\/cuartetoenlaweb.com.ar\\\/sitio\\\/wp-content\\\/uploads\\\/2025\\\/11\\\/China-Wanda-1-359x226-1.jpg\",\"width\":359,\"height\":226},{\"@type\":\"BreadcrumbList\",\"@id\":\"https:\\\/\\\/cuartetoenlaweb.com.ar\\\/sitio\\\/historico-la-china-suarez-conto-como-fue-la-famosa-charla-con-wanda-nara-que-dio-inicio-al-escandalo-jamas-fui-su-amiga\\\/#breadcrumb\",\"itemListElement\":[{\"@type\":\"ListItem\",\"position\":1,\"name\":\"Portada\",\"item\":\"http:\\\/\\\/cuartetoenlaweb.com.ar\\\/sitio\\\/\"},{\"@type\":\"ListItem\",\"position\":2,\"name\":\"\u00a1Hist\u00f3rico! La China Su\u00e1rez cont\u00f3 c\u00f3mo fue la famosa charla con Wanda Nara que dio inicio al esc\u00e1ndalo: &quot;Jam\u00e1s fui su amiga&quot;\"}]},{\"@type\":\"WebSite\",\"@id\":\"http:\\\/\\\/cuartetoenlaweb.com.ar\\\/sitio\\\/#website\",\"url\":\"http:\\\/\\\/cuartetoenlaweb.com.ar\\\/sitio\\\/\",\"name\":\"Cuarteto en la Web\",\"description\":\"\",\"publisher\":{\"@id\":\"http:\\\/\\\/cuartetoenlaweb.com.ar\\\/sitio\\\/#organization\"},\"potentialAction\":[{\"@type\":\"SearchAction\",\"target\":{\"@type\":\"EntryPoint\",\"urlTemplate\":\"http:\\\/\\\/cuartetoenlaweb.com.ar\\\/sitio\\\/?s={search_term_string}\"},\"query-input\":{\"@type\":\"PropertyValueSpecification\",\"valueRequired\":true,\"valueName\":\"search_term_string\"}}],\"inLanguage\":\"es\"},{\"@type\":\"Organization\",\"@id\":\"http:\\\/\\\/cuartetoenlaweb.com.ar\\\/sitio\\\/#organization\",\"name\":\"Cuarteto en la Web\",\"url\":\"http:\\\/\\\/cuartetoenlaweb.com.ar\\\/sitio\\\/\",\"logo\":{\"@type\":\"ImageObject\",\"inLanguage\":\"es\",\"@id\":\"http:\\\/\\\/cuartetoenlaweb.com.ar\\\/sitio\\\/#\\\/schema\\\/logo\\\/image\\\/\",\"url\":\"https:\\\/\\\/cuartetoenlaweb.com.ar\\\/sitio\\\/wp-content\\\/uploads\\\/2025\\\/07\\\/cropped-cropped-logitoweb21.png\",\"contentUrl\":\"https:\\\/\\\/cuartetoenlaweb.com.ar\\\/sitio\\\/wp-content\\\/uploads\\\/2025\\\/07\\\/cropped-cropped-logitoweb21.png\",\"width\":199,\"height\":199,\"caption\":\"Cuarteto en la Web\"},\"image\":{\"@id\":\"http:\\\/\\\/cuartetoenlaweb.com.ar\\\/sitio\\\/#\\\/schema\\\/logo\\\/image\\\/\"}}]}<\/script>\n<!-- \/ Yoast SEO plugin. -->","yoast_head_json":{"title":"\u00a1Hist\u00f3rico! La China Su\u00e1rez cont\u00f3 c\u00f3mo fue la famosa charla con Wanda Nara que dio inicio al esc\u00e1ndalo: &quot;Jam\u00e1s fui su amiga&quot; - Cuarteto en la Web","robots":{"index":"index","follow":"follow","max-snippet":"max-snippet:-1","max-image-preview":"max-image-preview:large","max-video-preview":"max-video-preview:-1"},"canonical":"https:\/\/cuartetoenlaweb.com.ar\/sitio\/historico-la-china-suarez-conto-como-fue-la-famosa-charla-con-wanda-nara-que-dio-inicio-al-escandalo-jamas-fui-su-amiga\/","og_locale":"es_ES","og_type":"article","og_title":"\u00a1Hist\u00f3rico! La China Su\u00e1rez cont\u00f3 c\u00f3mo fue la famosa charla con Wanda Nara que dio inicio al esc\u00e1ndalo: &quot;Jam\u00e1s fui su amiga&quot; - Cuarteto en la Web","og_description":"Esto pas\u00f3. Esto fue real. Hubo un d\u00eda en que","og_url":"https:\/\/cuartetoenlaweb.com.ar\/sitio\/historico-la-china-suarez-conto-como-fue-la-famosa-charla-con-wanda-nara-que-dio-inicio-al-escandalo-jamas-fui-su-amiga\/","og_site_name":"Cuarteto en la Web","article_published_time":"2025-11-26T18:59:35+00:00","og_image":[{"width":359,"height":226,"url":"https:\/\/cuartetoenlaweb.com.ar\/sitio\/wp-content\/uploads\/2025\/11\/China-Wanda-1-359x226-1.jpg","type":"image\/jpeg"}],"twitter_card":"summary_large_image","twitter_misc":{"Tiempo de lectura":"3 minutos"},"schema":{"@context":"https:\/\/schema.org","@graph":[{"@type":"Article","@id":"https:\/\/cuartetoenlaweb.com.ar\/sitio\/historico-la-china-suarez-conto-como-fue-la-famosa-charla-con-wanda-nara-que-dio-inicio-al-escandalo-jamas-fui-su-amiga\/#article","isPartOf":{"@id":"https:\/\/cuartetoenlaweb.com.ar\/sitio\/historico-la-china-suarez-conto-como-fue-la-famosa-charla-con-wanda-nara-que-dio-inicio-al-escandalo-jamas-fui-su-amiga\/"},"author":{"name":"","@id":""},"headline":"\u00a1Hist\u00f3rico! La China Su\u00e1rez cont\u00f3 c\u00f3mo fue la famosa charla con Wanda Nara que dio inicio al esc\u00e1ndalo: &quot;Jam\u00e1s fui su amiga&quot;","datePublished":"2025-11-26T18:59:35+00:00","mainEntityOfPage":{"@id":"https:\/\/cuartetoenlaweb.com.ar\/sitio\/historico-la-china-suarez-conto-como-fue-la-famosa-charla-con-wanda-nara-que-dio-inicio-al-escandalo-jamas-fui-su-amiga\/"},"wordCount":680,"publisher":{"@id":"http:\/\/cuartetoenlaweb.com.ar\/sitio\/#organization"},"image":{"@id":"https:\/\/cuartetoenlaweb.com.ar\/sitio\/historico-la-china-suarez-conto-como-fue-la-famosa-charla-con-wanda-nara-que-dio-inicio-al-escandalo-jamas-fui-su-amiga\/#primaryimage"},"thumbnailUrl":"https:\/\/cuartetoenlaweb.com.ar\/sitio\/wp-content\/uploads\/2025\/11\/China-Wanda-1-359x226-1.jpg","articleSection":["ESPECT\u00c1CULO"],"inLanguage":"es"},{"@type":"WebPage","@id":"https:\/\/cuartetoenlaweb.com.ar\/sitio\/historico-la-china-suarez-conto-como-fue-la-famosa-charla-con-wanda-nara-que-dio-inicio-al-escandalo-jamas-fui-su-amiga\/","url":"https:\/\/cuartetoenlaweb.com.ar\/sitio\/historico-la-china-suarez-conto-como-fue-la-famosa-charla-con-wanda-nara-que-dio-inicio-al-escandalo-jamas-fui-su-amiga\/","name":"\u00a1Hist\u00f3rico! La China Su\u00e1rez cont\u00f3 c\u00f3mo fue la famosa charla con Wanda Nara que dio inicio al esc\u00e1ndalo: &quot;Jam\u00e1s fui su amiga&quot; - Cuarteto en la Web","isPartOf":{"@id":"http:\/\/cuartetoenlaweb.com.ar\/sitio\/#website"},"primaryImageOfPage":{"@id":"https:\/\/cuartetoenlaweb.com.ar\/sitio\/historico-la-china-suarez-conto-como-fue-la-famosa-charla-con-wanda-nara-que-dio-inicio-al-escandalo-jamas-fui-su-amiga\/#primaryimage"},"image":{"@id":"https:\/\/cuartetoenlaweb.com.ar\/sitio\/historico-la-china-suarez-conto-como-fue-la-famosa-charla-con-wanda-nara-que-dio-inicio-al-escandalo-jamas-fui-su-amiga\/#primaryimage"},"thumbnailUrl":"https:\/\/cuartetoenlaweb.com.ar\/sitio\/wp-content\/uploads\/2025\/11\/China-Wanda-1-359x226-1.jpg","datePublished":"2025-11-26T18:59:35+00:00","breadcrumb":{"@id":"https:\/\/cuartetoenlaweb.com.ar\/sitio\/historico-la-china-suarez-conto-como-fue-la-famosa-charla-con-wanda-nara-que-dio-inicio-al-escandalo-jamas-fui-su-amiga\/#breadcrumb"},"inLanguage":"es","potentialAction":[{"@type":"ReadAction","target":["https:\/\/cuartetoenlaweb.com.ar\/sitio\/historico-la-china-suarez-conto-como-fue-la-famosa-charla-con-wanda-nara-que-dio-inicio-al-escandalo-jamas-fui-su-amiga\/"]}]},{"@type":"ImageObject","inLanguage":"es","@id":"https:\/\/cuartetoenlaweb.com.ar\/sitio\/historico-la-china-suarez-conto-como-fue-la-famosa-charla-con-wanda-nara-que-dio-inicio-al-escandalo-jamas-fui-su-amiga\/#primaryimage","url":"https:\/\/cuartetoenlaweb.com.ar\/sitio\/wp-content\/uploads\/2025\/11\/China-Wanda-1-359x226-1.jpg","contentUrl":"https:\/\/cuartetoenlaweb.com.ar\/sitio\/wp-content\/uploads\/2025\/11\/China-Wanda-1-359x226-1.jpg","width":359,"height":226},{"@type":"BreadcrumbList","@id":"https:\/\/cuartetoenlaweb.com.ar\/sitio\/historico-la-china-suarez-conto-como-fue-la-famosa-charla-con-wanda-nara-que-dio-inicio-al-escandalo-jamas-fui-su-amiga\/#breadcrumb","itemListElement":[{"@type":"ListItem","position":1,"name":"Portada","item":"http:\/\/cuartetoenlaweb.com.ar\/sitio\/"},{"@type":"ListItem","position":2,"name":"\u00a1Hist\u00f3rico! La China Su\u00e1rez cont\u00f3 c\u00f3mo fue la famosa charla con Wanda Nara que dio inicio al esc\u00e1ndalo: &quot;Jam\u00e1s fui su amiga&quot;"}]},{"@type":"WebSite","@id":"http:\/\/cuartetoenlaweb.com.ar\/sitio\/#website","url":"http:\/\/cuartetoenlaweb.com.ar\/sitio\/","name":"Cuarteto en la Web","description":"","publisher":{"@id":"http:\/\/cuartetoenlaweb.com.ar\/sitio\/#organization"},"potentialAction":[{"@type":"SearchAction","target":{"@type":"EntryPoint","urlTemplate":"http:\/\/cuartetoenlaweb.com.ar\/sitio\/?s={search_term_string}"},"query-input":{"@type":"PropertyValueSpecification","valueRequired":true,"valueName":"search_term_string"}}],"inLanguage":"es"},{"@type":"Organization","@id":"http:\/\/cuartetoenlaweb.com.ar\/sitio\/#organization","name":"Cuarteto en la Web","url":"http:\/\/cuartetoenlaweb.com.ar\/sitio\/","logo":{"@type":"ImageObject","inLanguage":"es","@id":"http:\/\/cuartetoenlaweb.com.ar\/sitio\/#\/schema\/logo\/image\/","url":"https:\/\/cuartetoenlaweb.com.ar\/sitio\/wp-content\/uploads\/2025\/07\/cropped-cropped-logitoweb21.png","contentUrl":"https:\/\/cuartetoenlaweb.com.ar\/sitio\/wp-content\/uploads\/2025\/07\/cropped-cropped-logitoweb21.png","width":199,"height":199,"caption":"Cuarteto en la Web"},"image":{"@id":"http:\/\/cuartetoenlaweb.com.ar\/sitio\/#\/schema\/logo\/image\/"}}]}},"_links":{"self":[{"href":"https:\/\/cuartetoenlaweb.com.ar\/sitio\/wp-json\/wp\/v2\/posts\/7146","targetHints":{"allow":["GET"]}}],"collection":[{"href":"https:\/\/cuartetoenlaweb.com.ar\/sitio\/wp-json\/wp\/v2\/posts"}],"about":[{"href":"https:\/\/cuartetoenlaweb.com.ar\/sitio\/wp-json\/wp\/v2\/types\/post"}],"replies":[{"embeddable":true,"href":"https:\/\/cuartetoenlaweb.com.ar\/sitio\/wp-json\/wp\/v2\/comments?post=7146"}],"version-history":[{"count":0,"href":"https:\/\/cuartetoenlaweb.com.ar\/sitio\/wp-json\/wp\/v2\/posts\/7146\/revisions"}],"wp:featuredmedia":[{"embeddable":true,"href":"https:\/\/cuartetoenlaweb.com.ar\/sitio\/wp-json\/wp\/v2\/media\/7147"}],"wp:attachment":[{"href":"https:\/\/cuartetoenlaweb.com.ar\/sitio\/wp-json\/wp\/v2\/media?parent=7146"}],"wp:term":[{"taxonomy":"category","embeddable":true,"href":"https:\/\/cuartetoenlaweb.com.ar\/sitio\/wp-json\/wp\/v2\/categories?post=7146"},{"taxonomy":"post_tag","embeddable":true,"href":"https:\/\/cuartetoenlaweb.com.ar\/sitio\/wp-json\/wp\/v2\/tags?post=7146"}],"curies":[{"name":"wp","href":"https:\/\/api.w.org\/{rel}","templated":true}]}}