
{"id":7142,"date":"2025-11-26T14:59:41","date_gmt":"2025-11-26T17:59:41","guid":{"rendered":"https:\/\/cuartetoenlaweb.com.ar\/sitio\/primera-nacional-las-altas-y-bajas-de-los-equipos-para-el-2026\/"},"modified":"2025-11-26T14:59:41","modified_gmt":"2025-11-26T17:59:41","slug":"primera-nacional-las-altas-y-bajas-de-los-equipos-para-el-2026","status":"publish","type":"post","link":"https:\/\/cuartetoenlaweb.com.ar\/sitio\/primera-nacional-las-altas-y-bajas-de-los-equipos-para-el-2026\/","title":{"rendered":"Primera Nacional: las altas y bajas de los equipos para el 2026"},"content":{"rendered":"<p>Buenos Aires, 26 noviembre (NA) \u2013 La Primera Nacional ya est\u00e1 por llegar a su fin, donde el domingo se definir\u00e1 el segundo ascenso entre Deportivo Madryn y Estudiantes de R\u00edo Cuarto, y el resto de los equipos ya arman el plantel para el 2026.<\/p>\n<p>Seg\u00fan conoci\u00f3 la Agencia Noticias Argentinas, All Boys, quien no logr\u00f3 ingresar al Reducido, incorpor\u00f3 al lateral de 28 a\u00f1os, Emiliano Purita, quien llega libre, de \u00faltimo paso en el descendido Arsenal de Sarand\u00ed, y firm\u00f3 contrato hasta diciembre del a\u00f1o pr\u00f3ximo.<\/p>\n<p>A su vez el \u201cAlbo\u201d rescindi\u00f3 el contrato, de com\u00fan acuerdo, con el jugador Nicol\u00e1s D\u00edaz Garc\u00eda.<\/p>\n<p>Por el lado de Almagro, sum\u00f3 su primer refuerzo y fue el delantero de 31 a\u00f1os, Oscar Belinetz, su \u00faltimo equipo fue Quilmes, donde no logr\u00f3 tener una buena temporada.<\/p>\n<p>A su vez, el \u201cTricolor\u201d tendr\u00e1 como director t\u00e9cnico a Gabriel G\u00f3mez. Tambi\u00e9n finaliz\u00f3 el contrato del entrenador Andr\u00e9s Montenegro y de los futbolistas Marcos Pinto, Axel Rodr\u00edguez, Patricio Cucchi, Lucas Bandunciel, Carlo Lattanzio, Ariel Chaves, Lauro Gamba, Nazareno Diosquez, Ramiro R\u00edos, Maximiliano Luayza, Christian Limousin y Luis Jerez Silva.<\/p>\n<p>Atlanta, por su parte, el t\u00e9cnico Luis Garc\u00eda finaliz\u00f3 su acuerdo con la instituci\u00f3n por decisi\u00f3n propia. De esta forma, el nuevo encargado de estar al mando del equipo en 2026 es Cristian Pellerano, que firm\u00f3 hasta diciembre del pr\u00f3ximo a\u00f1o.<\/p>\n<p>En cuanto a Central Norte, tambi\u00e9n se sum\u00f3 a la lista de equipos que se qued\u00f3 sin entrenador, ya que Pablo Fornasari firm\u00f3 su desvinculaci\u00f3n con la instituci\u00f3n.<\/p>\n<p>Col\u00f3n no atraviesa su mejor momento y, en la vuelta a los entrenamientos de esta semana, los jugadores se manifestaron pidiendo que se les pague el sueldo atrasado de tres meses que le deben, antes de que finalicen los contratos en diciembre.<\/p>\n<p>Mientras tanto, el \u201cSabalero\u201d firm\u00f3 contrato con los juveniles Lautaro Galtr\u00e1n y Jon\u00e1s Ravano, que se sumar\u00e1n al plantel de la primera en el 2026.<\/p>\n<p>En cuanto a Defensores de Belgrano, sum\u00f3 al defensor de 30 a\u00f1os, Juan Cruz Monteagudo con un gran \u00faltimo paso en Nacional de Paraguay. Por el lado de los futbolistas que dejaron la instituci\u00f3n, son: Juan Pablo Segovia, Gustavo Mendoza y Mat\u00edas Laba.<\/p>\n<p>Gonzalo Gamarra y Brian G\u00f3mez, firmaron su continuidad con el \u201cDrag\u00f3n\u201d para el pr\u00f3ximo a\u00f1o.<\/p>\n<p>Deportivo Maip\u00fa confirm\u00f3 que se le extendi\u00f3 el contrato, luego de estar tres a\u00f1os en el club, a Luciano Paredes hasta el 2028, pero que ir\u00e1 a pr\u00e9stamo al reci\u00e9n ascendido a la Primera Divisi\u00f3n, Gimnasia de Mendoza.<\/p>\n<p>A su vez, el conjunto mendocino confirm\u00f3 la continuidad de su entrenador Alexis Matteo, acompa\u00f1ado de su ayudante t\u00e9cnico Marco Venezia, con la esperanza de lograr ascender.<\/p>\n<p>Aunque, muchos otros jugadores se desvincularon de Deportivo Maip\u00fa, como Nacho Pietrobono, Emiliano Ozuna, Mat\u00edas Villarreal, Lucas Vallejo, Iv\u00e1n Sandoval y Ruben Sambueza, que se retir\u00f3 del f\u00fatbol profesional.<\/p>\n<p>En cuanto a Deportivo Mor\u00f3n, notific\u00f3 que Fabricio Sanguinetti no continuar\u00e1. ya que cont\u00f3 con una propuesta del exterior y decidi\u00f3 no renovar con el \u201cGallito\u201d.<\/p>\n<p>Ferro, quien no tuvo un gran a\u00f1o aunque logr\u00f3 salvarse del descenso, decidi\u00f3 confiar en sus juveniles y firm\u00f3 contrato con el mediocampista de 18 a\u00f1os, Felipe Obradovich, que ya tuvo su debut en Primera.<\/p>\n<p>Por otro lado, el central de 31 a\u00f1os, Gustavo Canto volvi\u00f3 a la instituci\u00f3n para sellar su tercer paso (2016 a 2018 y 2019 a 2020), luego de llegar libre y firmar contrato hasta diciembre del 2026.<\/p>\n<p>En cuanto al arquero Fernando Monetti, fue uno de los futbolistas que renov\u00f3 su acuerdo con la instituci\u00f3n hasta el pr\u00f3ximo a\u00f1o. En cuanto a los jugadores que rescindieron el contrato con Ferro fueron: Mart\u00edn Vallejos, Juli\u00e1n Cosi, Alan Lorenzo, Gabriel Ram\u00edrez, Facundo Rivero, L\u00e1zaro Romero y Pablo Palacio.<\/p>\n<p>Temperley, por \u00faltimo, dio a conocer que el entrenador Rub\u00e9n Dar\u00edo Forestello continuar\u00e1 su carrera en Patronato y que Diego Magallanes, Bruno Duarte, Federico Milo, Nahuel Gen\u00e9z y Mateo Romero no estar\u00e1n m\u00e1s vinculados al club.<\/p>\n<p>Luciano Nieto y Gabriel Hauche son dos de los jugadores que ya pusieron la firma para continuar en el \u201cGasolero\u201d hasta fines del 2026, con la esperanza de pelear por el ascenso.<\/p>\n<p>De esta forma, los equipos de la Primera Nacional ya van formando sus equipos, ilusionados con lograr pelear por el ascenso a la Liga Profesional en el 2026. #AgenciaNA<\/p>\n","protected":false},"excerpt":{"rendered":"<p>Buenos Aires, 26 noviembre (NA) \u2013 La Primera Nacional ya<\/p>\n","protected":false},"author":0,"featured_media":7143,"comment_status":"","ping_status":"","sticky":false,"template":"","format":"standard","meta":{"footnotes":""},"categories":[65],"tags":[],"class_list":["post-7142","post","type-post","status-publish","format-standard","has-post-thumbnail","hentry","category-pais"],"yoast_head":"<!-- This site is optimized with the Yoast SEO plugin v27.4 - https:\/\/yoast.com\/product\/yoast-seo-wordpress\/ -->\n<title>Primera Nacional: las altas y bajas de los equipos para el 2026 - Cuarteto en la Web<\/title>\n<meta name=\"robots\" content=\"index, follow, max-snippet:-1, max-image-preview:large, max-video-preview:-1\" \/>\n<link rel=\"canonical\" href=\"https:\/\/cuartetoenlaweb.com.ar\/sitio\/primera-nacional-las-altas-y-bajas-de-los-equipos-para-el-2026\/\" \/>\n<meta property=\"og:locale\" content=\"es_ES\" \/>\n<meta property=\"og:type\" content=\"article\" \/>\n<meta property=\"og:title\" content=\"Primera Nacional: las altas y bajas de los equipos para el 2026 - Cuarteto en la Web\" \/>\n<meta property=\"og:description\" content=\"Buenos Aires, 26 noviembre (NA) \u2013 La Primera Nacional ya\" \/>\n<meta property=\"og:url\" content=\"https:\/\/cuartetoenlaweb.com.ar\/sitio\/primera-nacional-las-altas-y-bajas-de-los-equipos-para-el-2026\/\" \/>\n<meta property=\"og:site_name\" content=\"Cuarteto en la Web\" \/>\n<meta property=\"article:published_time\" content=\"2025-11-26T17:59:41+00:00\" \/>\n<meta property=\"og:image\" content=\"https:\/\/cuartetoenlaweb.com.ar\/sitio\/wp-content\/uploads\/2025\/11\/720-1977.jpeg\" \/>\n\t<meta property=\"og:image:width\" content=\"956\" \/>\n\t<meta property=\"og:image:height\" content=\"720\" \/>\n\t<meta property=\"og:image:type\" content=\"image\/jpeg\" \/>\n<meta name=\"twitter:card\" content=\"summary_large_image\" \/>\n<meta name=\"twitter:label1\" content=\"Tiempo de lectura\" \/>\n\t<meta name=\"twitter:data1\" content=\"4 minutos\" \/>\n<script type=\"application\/ld+json\" class=\"yoast-schema-graph\">{\"@context\":\"https:\\\/\\\/schema.org\",\"@graph\":[{\"@type\":\"Article\",\"@id\":\"https:\\\/\\\/cuartetoenlaweb.com.ar\\\/sitio\\\/primera-nacional-las-altas-y-bajas-de-los-equipos-para-el-2026\\\/#article\",\"isPartOf\":{\"@id\":\"https:\\\/\\\/cuartetoenlaweb.com.ar\\\/sitio\\\/primera-nacional-las-altas-y-bajas-de-los-equipos-para-el-2026\\\/\"},\"author\":{\"name\":\"\",\"@id\":\"\"},\"headline\":\"Primera Nacional: las altas y bajas de los equipos para el 2026\",\"datePublished\":\"2025-11-26T17:59:41+00:00\",\"mainEntityOfPage\":{\"@id\":\"https:\\\/\\\/cuartetoenlaweb.com.ar\\\/sitio\\\/primera-nacional-las-altas-y-bajas-de-los-equipos-para-el-2026\\\/\"},\"wordCount\":771,\"publisher\":{\"@id\":\"http:\\\/\\\/cuartetoenlaweb.com.ar\\\/sitio\\\/#organization\"},\"image\":{\"@id\":\"https:\\\/\\\/cuartetoenlaweb.com.ar\\\/sitio\\\/primera-nacional-las-altas-y-bajas-de-los-equipos-para-el-2026\\\/#primaryimage\"},\"thumbnailUrl\":\"https:\\\/\\\/cuartetoenlaweb.com.ar\\\/sitio\\\/wp-content\\\/uploads\\\/2025\\\/11\\\/720-1977.jpeg\",\"articleSection\":[\"PAIS\"],\"inLanguage\":\"es\"},{\"@type\":\"WebPage\",\"@id\":\"https:\\\/\\\/cuartetoenlaweb.com.ar\\\/sitio\\\/primera-nacional-las-altas-y-bajas-de-los-equipos-para-el-2026\\\/\",\"url\":\"https:\\\/\\\/cuartetoenlaweb.com.ar\\\/sitio\\\/primera-nacional-las-altas-y-bajas-de-los-equipos-para-el-2026\\\/\",\"name\":\"Primera Nacional: las altas y bajas de los equipos para el 2026 - Cuarteto en la Web\",\"isPartOf\":{\"@id\":\"http:\\\/\\\/cuartetoenlaweb.com.ar\\\/sitio\\\/#website\"},\"primaryImageOfPage\":{\"@id\":\"https:\\\/\\\/cuartetoenlaweb.com.ar\\\/sitio\\\/primera-nacional-las-altas-y-bajas-de-los-equipos-para-el-2026\\\/#primaryimage\"},\"image\":{\"@id\":\"https:\\\/\\\/cuartetoenlaweb.com.ar\\\/sitio\\\/primera-nacional-las-altas-y-bajas-de-los-equipos-para-el-2026\\\/#primaryimage\"},\"thumbnailUrl\":\"https:\\\/\\\/cuartetoenlaweb.com.ar\\\/sitio\\\/wp-content\\\/uploads\\\/2025\\\/11\\\/720-1977.jpeg\",\"datePublished\":\"2025-11-26T17:59:41+00:00\",\"breadcrumb\":{\"@id\":\"https:\\\/\\\/cuartetoenlaweb.com.ar\\\/sitio\\\/primera-nacional-las-altas-y-bajas-de-los-equipos-para-el-2026\\\/#breadcrumb\"},\"inLanguage\":\"es\",\"potentialAction\":[{\"@type\":\"ReadAction\",\"target\":[\"https:\\\/\\\/cuartetoenlaweb.com.ar\\\/sitio\\\/primera-nacional-las-altas-y-bajas-de-los-equipos-para-el-2026\\\/\"]}]},{\"@type\":\"ImageObject\",\"inLanguage\":\"es\",\"@id\":\"https:\\\/\\\/cuartetoenlaweb.com.ar\\\/sitio\\\/primera-nacional-las-altas-y-bajas-de-los-equipos-para-el-2026\\\/#primaryimage\",\"url\":\"https:\\\/\\\/cuartetoenlaweb.com.ar\\\/sitio\\\/wp-content\\\/uploads\\\/2025\\\/11\\\/720-1977.jpeg\",\"contentUrl\":\"https:\\\/\\\/cuartetoenlaweb.com.ar\\\/sitio\\\/wp-content\\\/uploads\\\/2025\\\/11\\\/720-1977.jpeg\",\"width\":956,\"height\":720},{\"@type\":\"BreadcrumbList\",\"@id\":\"https:\\\/\\\/cuartetoenlaweb.com.ar\\\/sitio\\\/primera-nacional-las-altas-y-bajas-de-los-equipos-para-el-2026\\\/#breadcrumb\",\"itemListElement\":[{\"@type\":\"ListItem\",\"position\":1,\"name\":\"Portada\",\"item\":\"http:\\\/\\\/cuartetoenlaweb.com.ar\\\/sitio\\\/\"},{\"@type\":\"ListItem\",\"position\":2,\"name\":\"Primera Nacional: las altas y bajas de los equipos para el 2026\"}]},{\"@type\":\"WebSite\",\"@id\":\"http:\\\/\\\/cuartetoenlaweb.com.ar\\\/sitio\\\/#website\",\"url\":\"http:\\\/\\\/cuartetoenlaweb.com.ar\\\/sitio\\\/\",\"name\":\"Cuarteto en la Web\",\"description\":\"\",\"publisher\":{\"@id\":\"http:\\\/\\\/cuartetoenlaweb.com.ar\\\/sitio\\\/#organization\"},\"potentialAction\":[{\"@type\":\"SearchAction\",\"target\":{\"@type\":\"EntryPoint\",\"urlTemplate\":\"http:\\\/\\\/cuartetoenlaweb.com.ar\\\/sitio\\\/?s={search_term_string}\"},\"query-input\":{\"@type\":\"PropertyValueSpecification\",\"valueRequired\":true,\"valueName\":\"search_term_string\"}}],\"inLanguage\":\"es\"},{\"@type\":\"Organization\",\"@id\":\"http:\\\/\\\/cuartetoenlaweb.com.ar\\\/sitio\\\/#organization\",\"name\":\"Cuarteto en la Web\",\"url\":\"http:\\\/\\\/cuartetoenlaweb.com.ar\\\/sitio\\\/\",\"logo\":{\"@type\":\"ImageObject\",\"inLanguage\":\"es\",\"@id\":\"http:\\\/\\\/cuartetoenlaweb.com.ar\\\/sitio\\\/#\\\/schema\\\/logo\\\/image\\\/\",\"url\":\"https:\\\/\\\/cuartetoenlaweb.com.ar\\\/sitio\\\/wp-content\\\/uploads\\\/2025\\\/07\\\/cropped-cropped-logitoweb21.png\",\"contentUrl\":\"https:\\\/\\\/cuartetoenlaweb.com.ar\\\/sitio\\\/wp-content\\\/uploads\\\/2025\\\/07\\\/cropped-cropped-logitoweb21.png\",\"width\":199,\"height\":199,\"caption\":\"Cuarteto en la Web\"},\"image\":{\"@id\":\"http:\\\/\\\/cuartetoenlaweb.com.ar\\\/sitio\\\/#\\\/schema\\\/logo\\\/image\\\/\"}}]}<\/script>\n<!-- \/ Yoast SEO plugin. -->","yoast_head_json":{"title":"Primera Nacional: las altas y bajas de los equipos para el 2026 - Cuarteto en la Web","robots":{"index":"index","follow":"follow","max-snippet":"max-snippet:-1","max-image-preview":"max-image-preview:large","max-video-preview":"max-video-preview:-1"},"canonical":"https:\/\/cuartetoenlaweb.com.ar\/sitio\/primera-nacional-las-altas-y-bajas-de-los-equipos-para-el-2026\/","og_locale":"es_ES","og_type":"article","og_title":"Primera Nacional: las altas y bajas de los equipos para el 2026 - Cuarteto en la Web","og_description":"Buenos Aires, 26 noviembre (NA) \u2013 La Primera Nacional ya","og_url":"https:\/\/cuartetoenlaweb.com.ar\/sitio\/primera-nacional-las-altas-y-bajas-de-los-equipos-para-el-2026\/","og_site_name":"Cuarteto en la Web","article_published_time":"2025-11-26T17:59:41+00:00","og_image":[{"width":956,"height":720,"url":"https:\/\/cuartetoenlaweb.com.ar\/sitio\/wp-content\/uploads\/2025\/11\/720-1977.jpeg","type":"image\/jpeg"}],"twitter_card":"summary_large_image","twitter_misc":{"Tiempo de lectura":"4 minutos"},"schema":{"@context":"https:\/\/schema.org","@graph":[{"@type":"Article","@id":"https:\/\/cuartetoenlaweb.com.ar\/sitio\/primera-nacional-las-altas-y-bajas-de-los-equipos-para-el-2026\/#article","isPartOf":{"@id":"https:\/\/cuartetoenlaweb.com.ar\/sitio\/primera-nacional-las-altas-y-bajas-de-los-equipos-para-el-2026\/"},"author":{"name":"","@id":""},"headline":"Primera Nacional: las altas y bajas de los equipos para el 2026","datePublished":"2025-11-26T17:59:41+00:00","mainEntityOfPage":{"@id":"https:\/\/cuartetoenlaweb.com.ar\/sitio\/primera-nacional-las-altas-y-bajas-de-los-equipos-para-el-2026\/"},"wordCount":771,"publisher":{"@id":"http:\/\/cuartetoenlaweb.com.ar\/sitio\/#organization"},"image":{"@id":"https:\/\/cuartetoenlaweb.com.ar\/sitio\/primera-nacional-las-altas-y-bajas-de-los-equipos-para-el-2026\/#primaryimage"},"thumbnailUrl":"https:\/\/cuartetoenlaweb.com.ar\/sitio\/wp-content\/uploads\/2025\/11\/720-1977.jpeg","articleSection":["PAIS"],"inLanguage":"es"},{"@type":"WebPage","@id":"https:\/\/cuartetoenlaweb.com.ar\/sitio\/primera-nacional-las-altas-y-bajas-de-los-equipos-para-el-2026\/","url":"https:\/\/cuartetoenlaweb.com.ar\/sitio\/primera-nacional-las-altas-y-bajas-de-los-equipos-para-el-2026\/","name":"Primera Nacional: las altas y bajas de los equipos para el 2026 - Cuarteto en la Web","isPartOf":{"@id":"http:\/\/cuartetoenlaweb.com.ar\/sitio\/#website"},"primaryImageOfPage":{"@id":"https:\/\/cuartetoenlaweb.com.ar\/sitio\/primera-nacional-las-altas-y-bajas-de-los-equipos-para-el-2026\/#primaryimage"},"image":{"@id":"https:\/\/cuartetoenlaweb.com.ar\/sitio\/primera-nacional-las-altas-y-bajas-de-los-equipos-para-el-2026\/#primaryimage"},"thumbnailUrl":"https:\/\/cuartetoenlaweb.com.ar\/sitio\/wp-content\/uploads\/2025\/11\/720-1977.jpeg","datePublished":"2025-11-26T17:59:41+00:00","breadcrumb":{"@id":"https:\/\/cuartetoenlaweb.com.ar\/sitio\/primera-nacional-las-altas-y-bajas-de-los-equipos-para-el-2026\/#breadcrumb"},"inLanguage":"es","potentialAction":[{"@type":"ReadAction","target":["https:\/\/cuartetoenlaweb.com.ar\/sitio\/primera-nacional-las-altas-y-bajas-de-los-equipos-para-el-2026\/"]}]},{"@type":"ImageObject","inLanguage":"es","@id":"https:\/\/cuartetoenlaweb.com.ar\/sitio\/primera-nacional-las-altas-y-bajas-de-los-equipos-para-el-2026\/#primaryimage","url":"https:\/\/cuartetoenlaweb.com.ar\/sitio\/wp-content\/uploads\/2025\/11\/720-1977.jpeg","contentUrl":"https:\/\/cuartetoenlaweb.com.ar\/sitio\/wp-content\/uploads\/2025\/11\/720-1977.jpeg","width":956,"height":720},{"@type":"BreadcrumbList","@id":"https:\/\/cuartetoenlaweb.com.ar\/sitio\/primera-nacional-las-altas-y-bajas-de-los-equipos-para-el-2026\/#breadcrumb","itemListElement":[{"@type":"ListItem","position":1,"name":"Portada","item":"http:\/\/cuartetoenlaweb.com.ar\/sitio\/"},{"@type":"ListItem","position":2,"name":"Primera Nacional: las altas y bajas de los equipos para el 2026"}]},{"@type":"WebSite","@id":"http:\/\/cuartetoenlaweb.com.ar\/sitio\/#website","url":"http:\/\/cuartetoenlaweb.com.ar\/sitio\/","name":"Cuarteto en la Web","description":"","publisher":{"@id":"http:\/\/cuartetoenlaweb.com.ar\/sitio\/#organization"},"potentialAction":[{"@type":"SearchAction","target":{"@type":"EntryPoint","urlTemplate":"http:\/\/cuartetoenlaweb.com.ar\/sitio\/?s={search_term_string}"},"query-input":{"@type":"PropertyValueSpecification","valueRequired":true,"valueName":"search_term_string"}}],"inLanguage":"es"},{"@type":"Organization","@id":"http:\/\/cuartetoenlaweb.com.ar\/sitio\/#organization","name":"Cuarteto en la Web","url":"http:\/\/cuartetoenlaweb.com.ar\/sitio\/","logo":{"@type":"ImageObject","inLanguage":"es","@id":"http:\/\/cuartetoenlaweb.com.ar\/sitio\/#\/schema\/logo\/image\/","url":"https:\/\/cuartetoenlaweb.com.ar\/sitio\/wp-content\/uploads\/2025\/07\/cropped-cropped-logitoweb21.png","contentUrl":"https:\/\/cuartetoenlaweb.com.ar\/sitio\/wp-content\/uploads\/2025\/07\/cropped-cropped-logitoweb21.png","width":199,"height":199,"caption":"Cuarteto en la Web"},"image":{"@id":"http:\/\/cuartetoenlaweb.com.ar\/sitio\/#\/schema\/logo\/image\/"}}]}},"_links":{"self":[{"href":"https:\/\/cuartetoenlaweb.com.ar\/sitio\/wp-json\/wp\/v2\/posts\/7142","targetHints":{"allow":["GET"]}}],"collection":[{"href":"https:\/\/cuartetoenlaweb.com.ar\/sitio\/wp-json\/wp\/v2\/posts"}],"about":[{"href":"https:\/\/cuartetoenlaweb.com.ar\/sitio\/wp-json\/wp\/v2\/types\/post"}],"replies":[{"embeddable":true,"href":"https:\/\/cuartetoenlaweb.com.ar\/sitio\/wp-json\/wp\/v2\/comments?post=7142"}],"version-history":[{"count":0,"href":"https:\/\/cuartetoenlaweb.com.ar\/sitio\/wp-json\/wp\/v2\/posts\/7142\/revisions"}],"wp:featuredmedia":[{"embeddable":true,"href":"https:\/\/cuartetoenlaweb.com.ar\/sitio\/wp-json\/wp\/v2\/media\/7143"}],"wp:attachment":[{"href":"https:\/\/cuartetoenlaweb.com.ar\/sitio\/wp-json\/wp\/v2\/media?parent=7142"}],"wp:term":[{"taxonomy":"category","embeddable":true,"href":"https:\/\/cuartetoenlaweb.com.ar\/sitio\/wp-json\/wp\/v2\/categories?post=7142"},{"taxonomy":"post_tag","embeddable":true,"href":"https:\/\/cuartetoenlaweb.com.ar\/sitio\/wp-json\/wp\/v2\/tags?post=7142"}],"curies":[{"name":"wp","href":"https:\/\/api.w.org\/{rel}","templated":true}]}}