
{"id":7138,"date":"2025-11-26T14:59:37","date_gmt":"2025-11-26T17:59:37","guid":{"rendered":"https:\/\/cuartetoenlaweb.com.ar\/sitio\/cris-morena-sobre-la-muerte-de-su-nieta-mila-el-numero-ocho-me-persigue\/"},"modified":"2025-11-26T14:59:37","modified_gmt":"2025-11-26T17:59:37","slug":"cris-morena-sobre-la-muerte-de-su-nieta-mila-el-numero-ocho-me-persigue","status":"publish","type":"post","link":"https:\/\/cuartetoenlaweb.com.ar\/sitio\/cris-morena-sobre-la-muerte-de-su-nieta-mila-el-numero-ocho-me-persigue\/","title":{"rendered":"Cris Morena sobre la muerte de su nieta Mila: \u201cEl n\u00famero ocho me persigue\u201d"},"content":{"rendered":"<p>Buenos Aires, 26 noviembre (NA) \u2013 Cris Morena habl\u00f3 p\u00fablicamente por primera vez y su testimonio dej\u00f3 una sensaci\u00f3n de impacto absoluto, al revivirlo, revel\u00f3 una coincidencia dolorosa que la une de manera inquietante con la muerte de su hija Romina Yan.<\/p>\n<p>Mila, de 13 a\u00f1os, falleci\u00f3 en agosto en Miami tras un accidente acu\u00e1tico donde una barcaza choc\u00f3 contra un velero, la embarcaci\u00f3n se hundi\u00f3 y seis personas terminaron en el agua, entre ellas, la hija de Tom\u00e1s Yankelevich.<\/p>\n<p>En un streaming que fue visto por la Agencia Noticias Argentinas, Cris decidi\u00f3 poner en palabras aquello que hasta ahora hab\u00eda guardado en silencio. A\u00fan conmovida, cont\u00f3 que su prioridad es contener a su familia: \u201cMe importa mucho cuidar a mi hijo Tom\u00e1s, a Sof\u00eda, a mi nieto Inti, que est\u00e9n juntos, apoy\u00e1ndose\u201d.<\/p>\n<p>En ese mismo relato revel\u00f3 un dato que dej\u00f3 perplejos a todos: \u201cViv\u00ed una experiencia muy similar, el mismo d\u00eda. No el mismo mes, pero el mismo n\u00famero. El ocho me persigue\u201d.<\/p>\n<p>Ese n\u00famero la atraviesa, ya que es el mes en que muri\u00f3 Romina y el d\u00eda en que muri\u00f3 Mila, un patr\u00f3n que la productora reconoce como una marca dolorosa que vuelve una y otra vez.<\/p>\n<p>Cris habl\u00f3 tambi\u00e9n de la presencia emocional de ambas: \u201cYo hablo de la presencia de la ausencia. Ella est\u00e1 presente permanentemente con nosotros\u201d.<\/p>\n<p>Cont\u00f3 que, del mismo modo en que alguna vez sinti\u00f3 se\u00f1ales de su hija, hoy su familia siente lo mismo con Mila: energ\u00edas, gui\u00f1os, momentos que aparecen sin explicaci\u00f3n.<\/p>\n<p>Sobre el duelo, fue categ\u00f3rica: \u201cNo puedo explicar el dolor, ni puedo explicar la p\u00e9rdida. Los seres humanos queremos entender todo, pero eso aparece muchos a\u00f1os m\u00e1s tarde\u201d.<\/p>\n<p>Uno de los momentos m\u00e1s fuertes de la entrevista fue cuando mostr\u00f3 su \u00fanico tatuaje, un n\u00famero cargado de sentido personal, el 28.<\/p>\n<p>Explic\u00f3 que all\u00ed conviven el 2, el 8 y el s\u00edmbolo del infinito oculto en esa combinaci\u00f3n, para ella es una manera de materializar las \u201cmuchas causalidades y casualidades\u201d que atraviesan la historia de las mujeres de su familia.<\/p>\n<p>Record\u00f3 tambi\u00e9n a sus antepasadas, abuelas, bisabuelas, tatarabuelas mujeres atravesadas por dolores profundos y que, a\u00fan as\u00ed, brillaron.<\/p>\n<p>Cris sintetiz\u00f3 lo que siente su familia desde la tragedia con una frase que expone toda la crudeza: \u201cNo se puede explicar, fue un segundo. No es una enfermedad, no es algo que pudimos manejar, fue tremendo\u201d.<\/p>\n<p>Finalmente, cerr\u00f3 contando que en su casa tiene un cuadro donde est\u00e1n las caras de toda su familia y con el cual conversa todas las ma\u00f1anas. #AgenciaNA<\/p>\n","protected":false},"excerpt":{"rendered":"<p>Buenos Aires, 26 noviembre (NA) \u2013 Cris Morena habl\u00f3 p\u00fablicamente<\/p>\n","protected":false},"author":0,"featured_media":7139,"comment_status":"","ping_status":"","sticky":false,"template":"","format":"standard","meta":{"footnotes":""},"categories":[65],"tags":[],"class_list":["post-7138","post","type-post","status-publish","format-standard","has-post-thumbnail","hentry","category-pais"],"yoast_head":"<!-- This site is optimized with the Yoast SEO plugin v27.4 - https:\/\/yoast.com\/product\/yoast-seo-wordpress\/ -->\n<title>Cris Morena sobre la muerte de su nieta Mila: \u201cEl n\u00famero ocho me persigue\u201d - Cuarteto en la Web<\/title>\n<meta name=\"robots\" content=\"index, follow, max-snippet:-1, max-image-preview:large, max-video-preview:-1\" \/>\n<link rel=\"canonical\" href=\"http:\/\/cuartetoenlaweb.com.ar\/sitio\/cris-morena-sobre-la-muerte-de-su-nieta-mila-el-numero-ocho-me-persigue\/\" \/>\n<meta property=\"og:locale\" content=\"es_ES\" \/>\n<meta property=\"og:type\" content=\"article\" \/>\n<meta property=\"og:title\" content=\"Cris Morena sobre la muerte de su nieta Mila: \u201cEl n\u00famero ocho me persigue\u201d - Cuarteto en la Web\" \/>\n<meta property=\"og:description\" content=\"Buenos Aires, 26 noviembre (NA) \u2013 Cris Morena habl\u00f3 p\u00fablicamente\" \/>\n<meta property=\"og:url\" content=\"http:\/\/cuartetoenlaweb.com.ar\/sitio\/cris-morena-sobre-la-muerte-de-su-nieta-mila-el-numero-ocho-me-persigue\/\" \/>\n<meta property=\"og:site_name\" content=\"Cuarteto en la Web\" \/>\n<meta property=\"article:published_time\" content=\"2025-11-26T17:59:37+00:00\" \/>\n<meta property=\"og:image\" content=\"http:\/\/cuartetoenlaweb.com.ar\/sitio\/wp-content\/uploads\/2025\/11\/720-1975.jpeg\" \/>\n\t<meta property=\"og:image:width\" content=\"1080\" \/>\n\t<meta property=\"og:image:height\" content=\"720\" \/>\n\t<meta property=\"og:image:type\" content=\"image\/jpeg\" \/>\n<meta name=\"twitter:card\" content=\"summary_large_image\" \/>\n<meta name=\"twitter:label1\" content=\"Tiempo de lectura\" \/>\n\t<meta name=\"twitter:data1\" content=\"2 minutos\" \/>\n<script type=\"application\/ld+json\" class=\"yoast-schema-graph\">{\"@context\":\"https:\\\/\\\/schema.org\",\"@graph\":[{\"@type\":\"Article\",\"@id\":\"http:\\\/\\\/cuartetoenlaweb.com.ar\\\/sitio\\\/cris-morena-sobre-la-muerte-de-su-nieta-mila-el-numero-ocho-me-persigue\\\/#article\",\"isPartOf\":{\"@id\":\"http:\\\/\\\/cuartetoenlaweb.com.ar\\\/sitio\\\/cris-morena-sobre-la-muerte-de-su-nieta-mila-el-numero-ocho-me-persigue\\\/\"},\"author\":{\"name\":\"\",\"@id\":\"\"},\"headline\":\"Cris Morena sobre la muerte de su nieta Mila: \u201cEl n\u00famero ocho me persigue\u201d\",\"datePublished\":\"2025-11-26T17:59:37+00:00\",\"mainEntityOfPage\":{\"@id\":\"http:\\\/\\\/cuartetoenlaweb.com.ar\\\/sitio\\\/cris-morena-sobre-la-muerte-de-su-nieta-mila-el-numero-ocho-me-persigue\\\/\"},\"wordCount\":468,\"publisher\":{\"@id\":\"http:\\\/\\\/cuartetoenlaweb.com.ar\\\/sitio\\\/#organization\"},\"image\":{\"@id\":\"http:\\\/\\\/cuartetoenlaweb.com.ar\\\/sitio\\\/cris-morena-sobre-la-muerte-de-su-nieta-mila-el-numero-ocho-me-persigue\\\/#primaryimage\"},\"thumbnailUrl\":\"https:\\\/\\\/cuartetoenlaweb.com.ar\\\/sitio\\\/wp-content\\\/uploads\\\/2025\\\/11\\\/720-1975.jpeg\",\"articleSection\":[\"PAIS\"],\"inLanguage\":\"es\"},{\"@type\":\"WebPage\",\"@id\":\"http:\\\/\\\/cuartetoenlaweb.com.ar\\\/sitio\\\/cris-morena-sobre-la-muerte-de-su-nieta-mila-el-numero-ocho-me-persigue\\\/\",\"url\":\"http:\\\/\\\/cuartetoenlaweb.com.ar\\\/sitio\\\/cris-morena-sobre-la-muerte-de-su-nieta-mila-el-numero-ocho-me-persigue\\\/\",\"name\":\"Cris Morena sobre la muerte de su nieta Mila: \u201cEl n\u00famero ocho me persigue\u201d - Cuarteto en la Web\",\"isPartOf\":{\"@id\":\"http:\\\/\\\/cuartetoenlaweb.com.ar\\\/sitio\\\/#website\"},\"primaryImageOfPage\":{\"@id\":\"http:\\\/\\\/cuartetoenlaweb.com.ar\\\/sitio\\\/cris-morena-sobre-la-muerte-de-su-nieta-mila-el-numero-ocho-me-persigue\\\/#primaryimage\"},\"image\":{\"@id\":\"http:\\\/\\\/cuartetoenlaweb.com.ar\\\/sitio\\\/cris-morena-sobre-la-muerte-de-su-nieta-mila-el-numero-ocho-me-persigue\\\/#primaryimage\"},\"thumbnailUrl\":\"https:\\\/\\\/cuartetoenlaweb.com.ar\\\/sitio\\\/wp-content\\\/uploads\\\/2025\\\/11\\\/720-1975.jpeg\",\"datePublished\":\"2025-11-26T17:59:37+00:00\",\"breadcrumb\":{\"@id\":\"http:\\\/\\\/cuartetoenlaweb.com.ar\\\/sitio\\\/cris-morena-sobre-la-muerte-de-su-nieta-mila-el-numero-ocho-me-persigue\\\/#breadcrumb\"},\"inLanguage\":\"es\",\"potentialAction\":[{\"@type\":\"ReadAction\",\"target\":[\"http:\\\/\\\/cuartetoenlaweb.com.ar\\\/sitio\\\/cris-morena-sobre-la-muerte-de-su-nieta-mila-el-numero-ocho-me-persigue\\\/\"]}]},{\"@type\":\"ImageObject\",\"inLanguage\":\"es\",\"@id\":\"http:\\\/\\\/cuartetoenlaweb.com.ar\\\/sitio\\\/cris-morena-sobre-la-muerte-de-su-nieta-mila-el-numero-ocho-me-persigue\\\/#primaryimage\",\"url\":\"https:\\\/\\\/cuartetoenlaweb.com.ar\\\/sitio\\\/wp-content\\\/uploads\\\/2025\\\/11\\\/720-1975.jpeg\",\"contentUrl\":\"https:\\\/\\\/cuartetoenlaweb.com.ar\\\/sitio\\\/wp-content\\\/uploads\\\/2025\\\/11\\\/720-1975.jpeg\",\"width\":1080,\"height\":720},{\"@type\":\"BreadcrumbList\",\"@id\":\"http:\\\/\\\/cuartetoenlaweb.com.ar\\\/sitio\\\/cris-morena-sobre-la-muerte-de-su-nieta-mila-el-numero-ocho-me-persigue\\\/#breadcrumb\",\"itemListElement\":[{\"@type\":\"ListItem\",\"position\":1,\"name\":\"Portada\",\"item\":\"http:\\\/\\\/cuartetoenlaweb.com.ar\\\/sitio\\\/\"},{\"@type\":\"ListItem\",\"position\":2,\"name\":\"Cris Morena sobre la muerte de su nieta Mila: \u201cEl n\u00famero ocho me persigue\u201d\"}]},{\"@type\":\"WebSite\",\"@id\":\"http:\\\/\\\/cuartetoenlaweb.com.ar\\\/sitio\\\/#website\",\"url\":\"http:\\\/\\\/cuartetoenlaweb.com.ar\\\/sitio\\\/\",\"name\":\"Cuarteto en la Web\",\"description\":\"\",\"publisher\":{\"@id\":\"http:\\\/\\\/cuartetoenlaweb.com.ar\\\/sitio\\\/#organization\"},\"potentialAction\":[{\"@type\":\"SearchAction\",\"target\":{\"@type\":\"EntryPoint\",\"urlTemplate\":\"http:\\\/\\\/cuartetoenlaweb.com.ar\\\/sitio\\\/?s={search_term_string}\"},\"query-input\":{\"@type\":\"PropertyValueSpecification\",\"valueRequired\":true,\"valueName\":\"search_term_string\"}}],\"inLanguage\":\"es\"},{\"@type\":\"Organization\",\"@id\":\"http:\\\/\\\/cuartetoenlaweb.com.ar\\\/sitio\\\/#organization\",\"name\":\"Cuarteto en la Web\",\"url\":\"http:\\\/\\\/cuartetoenlaweb.com.ar\\\/sitio\\\/\",\"logo\":{\"@type\":\"ImageObject\",\"inLanguage\":\"es\",\"@id\":\"http:\\\/\\\/cuartetoenlaweb.com.ar\\\/sitio\\\/#\\\/schema\\\/logo\\\/image\\\/\",\"url\":\"https:\\\/\\\/cuartetoenlaweb.com.ar\\\/sitio\\\/wp-content\\\/uploads\\\/2025\\\/07\\\/cropped-cropped-logitoweb21.png\",\"contentUrl\":\"https:\\\/\\\/cuartetoenlaweb.com.ar\\\/sitio\\\/wp-content\\\/uploads\\\/2025\\\/07\\\/cropped-cropped-logitoweb21.png\",\"width\":199,\"height\":199,\"caption\":\"Cuarteto en la Web\"},\"image\":{\"@id\":\"http:\\\/\\\/cuartetoenlaweb.com.ar\\\/sitio\\\/#\\\/schema\\\/logo\\\/image\\\/\"}}]}<\/script>\n<!-- \/ Yoast SEO plugin. -->","yoast_head_json":{"title":"Cris Morena sobre la muerte de su nieta Mila: \u201cEl n\u00famero ocho me persigue\u201d - Cuarteto en la Web","robots":{"index":"index","follow":"follow","max-snippet":"max-snippet:-1","max-image-preview":"max-image-preview:large","max-video-preview":"max-video-preview:-1"},"canonical":"http:\/\/cuartetoenlaweb.com.ar\/sitio\/cris-morena-sobre-la-muerte-de-su-nieta-mila-el-numero-ocho-me-persigue\/","og_locale":"es_ES","og_type":"article","og_title":"Cris Morena sobre la muerte de su nieta Mila: \u201cEl n\u00famero ocho me persigue\u201d - Cuarteto en la Web","og_description":"Buenos Aires, 26 noviembre (NA) \u2013 Cris Morena habl\u00f3 p\u00fablicamente","og_url":"http:\/\/cuartetoenlaweb.com.ar\/sitio\/cris-morena-sobre-la-muerte-de-su-nieta-mila-el-numero-ocho-me-persigue\/","og_site_name":"Cuarteto en la Web","article_published_time":"2025-11-26T17:59:37+00:00","og_image":[{"width":1080,"height":720,"url":"http:\/\/cuartetoenlaweb.com.ar\/sitio\/wp-content\/uploads\/2025\/11\/720-1975.jpeg","type":"image\/jpeg"}],"twitter_card":"summary_large_image","twitter_misc":{"Tiempo de lectura":"2 minutos"},"schema":{"@context":"https:\/\/schema.org","@graph":[{"@type":"Article","@id":"http:\/\/cuartetoenlaweb.com.ar\/sitio\/cris-morena-sobre-la-muerte-de-su-nieta-mila-el-numero-ocho-me-persigue\/#article","isPartOf":{"@id":"http:\/\/cuartetoenlaweb.com.ar\/sitio\/cris-morena-sobre-la-muerte-de-su-nieta-mila-el-numero-ocho-me-persigue\/"},"author":{"name":"","@id":""},"headline":"Cris Morena sobre la muerte de su nieta Mila: \u201cEl n\u00famero ocho me persigue\u201d","datePublished":"2025-11-26T17:59:37+00:00","mainEntityOfPage":{"@id":"http:\/\/cuartetoenlaweb.com.ar\/sitio\/cris-morena-sobre-la-muerte-de-su-nieta-mila-el-numero-ocho-me-persigue\/"},"wordCount":468,"publisher":{"@id":"http:\/\/cuartetoenlaweb.com.ar\/sitio\/#organization"},"image":{"@id":"http:\/\/cuartetoenlaweb.com.ar\/sitio\/cris-morena-sobre-la-muerte-de-su-nieta-mila-el-numero-ocho-me-persigue\/#primaryimage"},"thumbnailUrl":"https:\/\/cuartetoenlaweb.com.ar\/sitio\/wp-content\/uploads\/2025\/11\/720-1975.jpeg","articleSection":["PAIS"],"inLanguage":"es"},{"@type":"WebPage","@id":"http:\/\/cuartetoenlaweb.com.ar\/sitio\/cris-morena-sobre-la-muerte-de-su-nieta-mila-el-numero-ocho-me-persigue\/","url":"http:\/\/cuartetoenlaweb.com.ar\/sitio\/cris-morena-sobre-la-muerte-de-su-nieta-mila-el-numero-ocho-me-persigue\/","name":"Cris Morena sobre la muerte de su nieta Mila: \u201cEl n\u00famero ocho me persigue\u201d - Cuarteto en la Web","isPartOf":{"@id":"http:\/\/cuartetoenlaweb.com.ar\/sitio\/#website"},"primaryImageOfPage":{"@id":"http:\/\/cuartetoenlaweb.com.ar\/sitio\/cris-morena-sobre-la-muerte-de-su-nieta-mila-el-numero-ocho-me-persigue\/#primaryimage"},"image":{"@id":"http:\/\/cuartetoenlaweb.com.ar\/sitio\/cris-morena-sobre-la-muerte-de-su-nieta-mila-el-numero-ocho-me-persigue\/#primaryimage"},"thumbnailUrl":"https:\/\/cuartetoenlaweb.com.ar\/sitio\/wp-content\/uploads\/2025\/11\/720-1975.jpeg","datePublished":"2025-11-26T17:59:37+00:00","breadcrumb":{"@id":"http:\/\/cuartetoenlaweb.com.ar\/sitio\/cris-morena-sobre-la-muerte-de-su-nieta-mila-el-numero-ocho-me-persigue\/#breadcrumb"},"inLanguage":"es","potentialAction":[{"@type":"ReadAction","target":["http:\/\/cuartetoenlaweb.com.ar\/sitio\/cris-morena-sobre-la-muerte-de-su-nieta-mila-el-numero-ocho-me-persigue\/"]}]},{"@type":"ImageObject","inLanguage":"es","@id":"http:\/\/cuartetoenlaweb.com.ar\/sitio\/cris-morena-sobre-la-muerte-de-su-nieta-mila-el-numero-ocho-me-persigue\/#primaryimage","url":"https:\/\/cuartetoenlaweb.com.ar\/sitio\/wp-content\/uploads\/2025\/11\/720-1975.jpeg","contentUrl":"https:\/\/cuartetoenlaweb.com.ar\/sitio\/wp-content\/uploads\/2025\/11\/720-1975.jpeg","width":1080,"height":720},{"@type":"BreadcrumbList","@id":"http:\/\/cuartetoenlaweb.com.ar\/sitio\/cris-morena-sobre-la-muerte-de-su-nieta-mila-el-numero-ocho-me-persigue\/#breadcrumb","itemListElement":[{"@type":"ListItem","position":1,"name":"Portada","item":"http:\/\/cuartetoenlaweb.com.ar\/sitio\/"},{"@type":"ListItem","position":2,"name":"Cris Morena sobre la muerte de su nieta Mila: \u201cEl n\u00famero ocho me persigue\u201d"}]},{"@type":"WebSite","@id":"http:\/\/cuartetoenlaweb.com.ar\/sitio\/#website","url":"http:\/\/cuartetoenlaweb.com.ar\/sitio\/","name":"Cuarteto en la Web","description":"","publisher":{"@id":"http:\/\/cuartetoenlaweb.com.ar\/sitio\/#organization"},"potentialAction":[{"@type":"SearchAction","target":{"@type":"EntryPoint","urlTemplate":"http:\/\/cuartetoenlaweb.com.ar\/sitio\/?s={search_term_string}"},"query-input":{"@type":"PropertyValueSpecification","valueRequired":true,"valueName":"search_term_string"}}],"inLanguage":"es"},{"@type":"Organization","@id":"http:\/\/cuartetoenlaweb.com.ar\/sitio\/#organization","name":"Cuarteto en la Web","url":"http:\/\/cuartetoenlaweb.com.ar\/sitio\/","logo":{"@type":"ImageObject","inLanguage":"es","@id":"http:\/\/cuartetoenlaweb.com.ar\/sitio\/#\/schema\/logo\/image\/","url":"https:\/\/cuartetoenlaweb.com.ar\/sitio\/wp-content\/uploads\/2025\/07\/cropped-cropped-logitoweb21.png","contentUrl":"https:\/\/cuartetoenlaweb.com.ar\/sitio\/wp-content\/uploads\/2025\/07\/cropped-cropped-logitoweb21.png","width":199,"height":199,"caption":"Cuarteto en la Web"},"image":{"@id":"http:\/\/cuartetoenlaweb.com.ar\/sitio\/#\/schema\/logo\/image\/"}}]}},"_links":{"self":[{"href":"https:\/\/cuartetoenlaweb.com.ar\/sitio\/wp-json\/wp\/v2\/posts\/7138","targetHints":{"allow":["GET"]}}],"collection":[{"href":"https:\/\/cuartetoenlaweb.com.ar\/sitio\/wp-json\/wp\/v2\/posts"}],"about":[{"href":"https:\/\/cuartetoenlaweb.com.ar\/sitio\/wp-json\/wp\/v2\/types\/post"}],"replies":[{"embeddable":true,"href":"https:\/\/cuartetoenlaweb.com.ar\/sitio\/wp-json\/wp\/v2\/comments?post=7138"}],"version-history":[{"count":0,"href":"https:\/\/cuartetoenlaweb.com.ar\/sitio\/wp-json\/wp\/v2\/posts\/7138\/revisions"}],"wp:featuredmedia":[{"embeddable":true,"href":"https:\/\/cuartetoenlaweb.com.ar\/sitio\/wp-json\/wp\/v2\/media\/7139"}],"wp:attachment":[{"href":"https:\/\/cuartetoenlaweb.com.ar\/sitio\/wp-json\/wp\/v2\/media?parent=7138"}],"wp:term":[{"taxonomy":"category","embeddable":true,"href":"https:\/\/cuartetoenlaweb.com.ar\/sitio\/wp-json\/wp\/v2\/categories?post=7138"},{"taxonomy":"post_tag","embeddable":true,"href":"https:\/\/cuartetoenlaweb.com.ar\/sitio\/wp-json\/wp\/v2\/tags?post=7138"}],"curies":[{"name":"wp","href":"https:\/\/api.w.org\/{rel}","templated":true}]}}