
{"id":7136,"date":"2025-11-26T14:59:36","date_gmt":"2025-11-26T17:59:36","guid":{"rendered":"https:\/\/cuartetoenlaweb.com.ar\/sitio\/morena-rial-cayo-en-depresion-y-atraviesa-un-terrible-momento-en-la-carcel-estoy-con-un-problemon-grave\/"},"modified":"2025-11-26T14:59:36","modified_gmt":"2025-11-26T17:59:36","slug":"morena-rial-cayo-en-depresion-y-atraviesa-un-terrible-momento-en-la-carcel-estoy-con-un-problemon-grave","status":"publish","type":"post","link":"https:\/\/cuartetoenlaweb.com.ar\/sitio\/morena-rial-cayo-en-depresion-y-atraviesa-un-terrible-momento-en-la-carcel-estoy-con-un-problemon-grave\/","title":{"rendered":"Morena Rial cay\u00f3 en depresi\u00f3n y atraviesa un terrible momento en la c\u00e1rcel: &quot;Estoy con un problem\u00f3n grave&quot;"},"content":{"rendered":"<p>La vida de <strong><a href=\"https:\/\/www.paparazzi.com.ar\/teve\/morena-rial-atraviesa-su-peor-momento-dentro-de-la-prision-esta-apartada-y\/\">Morena Rial<\/a><\/strong> pas\u00f3 a tornarse muy complicada desde el momento en que qued\u00f3 detenida. Pasando sus d\u00edas tras las rejas, la medi\u00e1tica espera pronto reencontrarse con su hijo menor, que es por lo que tanto est\u00e1 luchando.<\/p>\n<p>Para eso es que est\u00e1 trabajando y mucho en este momento que atraviesa, particularmente haciendo terapia; cabe destacar que este punto es relevante ya que por esa misma raz\u00f3n, pero por no haber asistido a realizar tratamiento psicol\u00f3gico, fue uno de los puntos que tom\u00f3 la Justicia para dictaminar su arresto.<\/p>\n<p>Y en estas \u00faltimas horas, <strong><a href=\"https:\/\/www.paparazzi.com.ar\/romances\/morena-rial-mostro-un-chat-privado-con-alejandro-cipolla-su-abogado-en-medio-de-las-versiones-de-romance\/\">Alejandro Cipolla<\/a><\/strong>, su ex abogado y que sigue velando por los intereses de la joven, expuso la gran preocupaci\u00f3n que tiene. En ese sentido, revel\u00f3 que Morena est\u00e1 transitando por una depresi\u00f3n y que buscan una soluci\u00f3n a todo.<\/p>\n<div class=\"mt-box \">\n<h4 class=\"mt-heading\">Mir\u00e1 Tambi\u00e9n<\/h4>\n<p><a href=\"https:\/\/www.paparazzi.com.ar\/looks\/fotos-exclusivas-el-jugadisimo-cambio-de-look-de-pampita-nueva-era-total\/\"><\/p>\n<div class=\"mt-content\">\n<div class=\"mt-image-container\"><img decoding=\"async\" src=\"https:\/\/www.paparazzi.com.ar\/wp-content\/uploads\/2025\/11\/pampita-1-359x226.jpg\" alt=\"\u00a1Fotos exclusivas! El jugad\u00edsimo cambio de look de Pampita: nueva era total\" class=\"mt-image\" loading=\"lazy\" \/><\/div>\n<h5 class=\"mt-title\">\u00a1Fotos exclusivas! El jugad\u00edsimo cambio de look de Pampita: nueva era total<\/h5>\n<\/div>\n<p><\/a><\/div>\n<p>\u00ab<em>La ley es muy clara. Las madres con hijos menores de 5 a\u00f1os tienen que estar juntos. Estoy teniendo un problem\u00f3n grave, porque no le dejan tener el tel\u00e9fono celular. Yo dej\u00e9 una denuncia porque se lo dan tres horas<\/em>\u201d, asever\u00f3 Cipolla.<\/p>\n<h2 class=\"wp-block-heading\">MORENA RIAL ATRAVIESA UN SENSIBLE MOMENTO EN LA C\u00c1RCEL<\/h2>\n<p>Sobre esas mismas revelaciones, tambi\u00e9n agreg\u00f3: \u201c<em>Ahora estoy con un problema porque ella est\u00e1 como depresiva. La fui a visitar este fin de semana porque ella est\u00e1 absolutamente sola: no tiene tele, no tiene nada<\/em>\u00ab.<\/p>\n<div class=\"mt-box \">\n<h4 class=\"mt-heading\">Mir\u00e1 Tambi\u00e9n<\/h4>\n<p><a href=\"https:\/\/www.paparazzi.com.ar\/teve\/la-polemica-foto-de-morena-rial-desde-la-carcel-que-desato-un-escandalo\/\"><\/p>\n<div class=\"mt-content\">\n<div class=\"mt-image-container\"><img decoding=\"async\" src=\"https:\/\/www.paparazzi.com.ar\/wp-content\/uploads\/2025\/08\/Quien-es-el-famoso-que-esta-en-pareja-y-quiso-seducir-a-Morena-Rial-22Me-mandaba-fotos22.jpg.webp\" alt=\"La pol\u00e9mica foto de Morena Rial desde la c\u00e1rcel que desat\u00f3 un esc\u00e1ndalo\" class=\"mt-image\" loading=\"lazy\" \/><\/div>\n<h5 class=\"mt-title\">La pol\u00e9mica foto de Morena Rial desde la c\u00e1rcel que desat\u00f3 un esc\u00e1ndalo<\/h5>\n<\/div>\n<p><\/a><\/div>\n<p>A modo de reclamo, Cipolla cont\u00f3 que <a href=\"https:\/\/www.paparazzi.com.ar\/romances\/las-fotos-que-confirman-el-romance-entre-morena-rial-y-alejandro-cipolla\/\">Morena<\/a> \u201c<em>cuando se queda sin tel\u00e9fono, lo \u00fanico que hace es mirar la pared<\/em>\u201d y que el resto de todos los presos \u201c<em>tienen tel\u00e9fono<\/em>\u201d. Empero, el \u00fanico punto positivo de esto, es que las terapias est\u00e1n funcionando.<\/p>\n<p>\u201cLas terapias que ella finalmente hizo en prisi\u00f3n, dieron bien. Ahora ya no deber\u00eda tener ninguna otra excusa para seguir dilatando el encuentro de una madre con su hijo. Hicieron lo que pudieron. No hay herramientas para determinar si una mujer puede ser mam\u00e1\u201d, sostuvo <strong>Guido Z\u00e1ffora<\/strong>.<\/p>\n<div class=\"mt-box \">\n<h4 class=\"mt-heading\">Mir\u00e1 Tambi\u00e9n<\/h4>\n<p><a href=\"https:\/\/www.paparazzi.com.ar\/teve\/bomba-angel-de-brito-anuncio-la-separacion-mas-triste-del-ano-con-polemicos-detalles-ella-esta-en-otra\/https:\/\/www.paparazzi.com.ar\/teve\/bomba-angel-de-brito-anuncio-la-separacion-mas-triste-del-ano-con-polemicos-detalles-ella-esta-en-otra\/\"><\/p>\n<div class=\"mt-content\">\n<div class=\"mt-image-container\"><img decoding=\"async\" src=\"https:\/\/www.paparazzi.com.ar\/wp-content\/uploads\/2025\/11\/\u00a1Bomba-Angel-de-Brito-anuncio-la-separacion-mas-triste-del-ano-con-polemicos-detalles-22Ella-esta-en-otra22-359x226.jpg\" alt=\"\u00a1Bomba! \u00c1ngel de Brito anunci\u00f3 la separaci\u00f3n m\u00e1s triste del a\u00f1o con pol\u00e9micos detalles: &quot;Ella est\u00e1 en otra&quot;\" class=\"mt-image\" loading=\"lazy\" \/><\/div>\n<h5 class=\"mt-title\">\u00a1Bomba! \u00c1ngel de Brito anunci\u00f3 la separaci\u00f3n m\u00e1s triste del a\u00f1o con pol\u00e9micos detalles: \u00abElla est\u00e1 en otra\u00bb<\/h5>\n<\/div>\n<p><\/a><\/div>\n<div class=\"mt-box \">\n<h4 class=\"mt-heading\">Mir\u00e1 Tambi\u00e9n<\/h4>\n<p><a href=\"https:\/\/www.paparazzi.com.ar\/teve\/que-ver-en-netflix-la-miniserie-de-8-capitulos-que-arraso-durante-el-fin-de-semana-largo-en-argentina\/\"><\/p>\n<div class=\"mt-content\">\n<div class=\"mt-image-container\"><img decoding=\"async\" src=\"https:\/\/www.paparazzi.com.ar\/wp-content\/uploads\/2025\/11\/Que-ver-en-Netflix-la-miniserie-de-8-capitulos-que-arraso-durante-el-fin-de-semana-largo-en-Argentina-359x226.jpg\" alt=\"Qu\u00e9 ver en Netflix: la miniserie de 8 cap\u00edtulos que arras\u00f3 durante el fin de semana largo en Argentina\" class=\"mt-image\" loading=\"lazy\" \/><\/div>\n<h5 class=\"mt-title\">Qu\u00e9 ver en Netflix: la miniserie de 8 cap\u00edtulos que arras\u00f3 durante el fin de semana largo en Argentina<\/h5>\n<\/div>\n<p><\/a><\/div>\n<\/p>\n<p>The post <a href=\"https:\/\/www.paparazzi.com.ar\/teve\/morena-rial-cayo-en-depresion-y-atraviesa-un-terrible-momento-en-la-carcel-estoy-con-un-problemon-grave\/\">Morena Rial cay\u00f3 en depresi\u00f3n y atraviesa un terrible momento en la c\u00e1rcel: &quot;Estoy con un problem\u00f3n grave&quot;<\/a> appeared first on <a href=\"https:\/\/www.paparazzi.com.ar\">Revista Paparazzi<\/a>.<\/p>\n","protected":false},"excerpt":{"rendered":"<p>La vida de Morena Rial pas\u00f3 a tornarse muy complicada<\/p>\n","protected":false},"author":0,"featured_media":7137,"comment_status":"","ping_status":"","sticky":false,"template":"","format":"standard","meta":{"footnotes":""},"categories":[12],"tags":[],"class_list":["post-7136","post","type-post","status-publish","format-standard","has-post-thumbnail","hentry","category-espectaculo"],"yoast_head":"<!-- This site is optimized with the Yoast SEO plugin v27.4 - https:\/\/yoast.com\/product\/yoast-seo-wordpress\/ -->\n<title>Morena Rial cay\u00f3 en depresi\u00f3n y atraviesa un terrible momento en la c\u00e1rcel: &quot;Estoy con un problem\u00f3n grave&quot; - Cuarteto en la Web<\/title>\n<meta name=\"robots\" content=\"index, follow, max-snippet:-1, max-image-preview:large, max-video-preview:-1\" \/>\n<link rel=\"canonical\" href=\"https:\/\/cuartetoenlaweb.com.ar\/sitio\/morena-rial-cayo-en-depresion-y-atraviesa-un-terrible-momento-en-la-carcel-estoy-con-un-problemon-grave\/\" \/>\n<meta property=\"og:locale\" content=\"es_ES\" \/>\n<meta property=\"og:type\" content=\"article\" \/>\n<meta property=\"og:title\" content=\"Morena Rial cay\u00f3 en depresi\u00f3n y atraviesa un terrible momento en la c\u00e1rcel: &quot;Estoy con un problem\u00f3n grave&quot; - Cuarteto en la Web\" \/>\n<meta property=\"og:description\" content=\"La vida de Morena Rial pas\u00f3 a tornarse muy complicada\" \/>\n<meta property=\"og:url\" content=\"https:\/\/cuartetoenlaweb.com.ar\/sitio\/morena-rial-cayo-en-depresion-y-atraviesa-un-terrible-momento-en-la-carcel-estoy-con-un-problemon-grave\/\" \/>\n<meta property=\"og:site_name\" content=\"Cuarteto en la Web\" \/>\n<meta property=\"article:published_time\" content=\"2025-11-26T17:59:36+00:00\" \/>\n<meta property=\"og:image\" content=\"https:\/\/cuartetoenlaweb.com.ar\/sitio\/wp-content\/uploads\/2025\/11\/pampita-1-359x226-24.jpg\" \/>\n\t<meta property=\"og:image:width\" content=\"359\" \/>\n\t<meta property=\"og:image:height\" content=\"226\" \/>\n\t<meta property=\"og:image:type\" content=\"image\/jpeg\" \/>\n<meta name=\"twitter:card\" content=\"summary_large_image\" \/>\n<meta name=\"twitter:label1\" content=\"Tiempo de lectura\" \/>\n\t<meta name=\"twitter:data1\" content=\"2 minutos\" \/>\n<script type=\"application\/ld+json\" class=\"yoast-schema-graph\">{\"@context\":\"https:\\\/\\\/schema.org\",\"@graph\":[{\"@type\":\"Article\",\"@id\":\"https:\\\/\\\/cuartetoenlaweb.com.ar\\\/sitio\\\/morena-rial-cayo-en-depresion-y-atraviesa-un-terrible-momento-en-la-carcel-estoy-con-un-problemon-grave\\\/#article\",\"isPartOf\":{\"@id\":\"https:\\\/\\\/cuartetoenlaweb.com.ar\\\/sitio\\\/morena-rial-cayo-en-depresion-y-atraviesa-un-terrible-momento-en-la-carcel-estoy-con-un-problemon-grave\\\/\"},\"author\":{\"name\":\"\",\"@id\":\"\"},\"headline\":\"Morena Rial cay\u00f3 en depresi\u00f3n y atraviesa un terrible momento en la c\u00e1rcel: &quot;Estoy con un problem\u00f3n grave&quot;\",\"datePublished\":\"2025-11-26T17:59:36+00:00\",\"mainEntityOfPage\":{\"@id\":\"https:\\\/\\\/cuartetoenlaweb.com.ar\\\/sitio\\\/morena-rial-cayo-en-depresion-y-atraviesa-un-terrible-momento-en-la-carcel-estoy-con-un-problemon-grave\\\/\"},\"wordCount\":464,\"publisher\":{\"@id\":\"http:\\\/\\\/cuartetoenlaweb.com.ar\\\/sitio\\\/#organization\"},\"image\":{\"@id\":\"https:\\\/\\\/cuartetoenlaweb.com.ar\\\/sitio\\\/morena-rial-cayo-en-depresion-y-atraviesa-un-terrible-momento-en-la-carcel-estoy-con-un-problemon-grave\\\/#primaryimage\"},\"thumbnailUrl\":\"https:\\\/\\\/cuartetoenlaweb.com.ar\\\/sitio\\\/wp-content\\\/uploads\\\/2025\\\/11\\\/pampita-1-359x226-24.jpg\",\"articleSection\":[\"ESPECT\u00c1CULO\"],\"inLanguage\":\"es\"},{\"@type\":\"WebPage\",\"@id\":\"https:\\\/\\\/cuartetoenlaweb.com.ar\\\/sitio\\\/morena-rial-cayo-en-depresion-y-atraviesa-un-terrible-momento-en-la-carcel-estoy-con-un-problemon-grave\\\/\",\"url\":\"https:\\\/\\\/cuartetoenlaweb.com.ar\\\/sitio\\\/morena-rial-cayo-en-depresion-y-atraviesa-un-terrible-momento-en-la-carcel-estoy-con-un-problemon-grave\\\/\",\"name\":\"Morena Rial cay\u00f3 en depresi\u00f3n y atraviesa un terrible momento en la c\u00e1rcel: &quot;Estoy con un problem\u00f3n grave&quot; - Cuarteto en la Web\",\"isPartOf\":{\"@id\":\"http:\\\/\\\/cuartetoenlaweb.com.ar\\\/sitio\\\/#website\"},\"primaryImageOfPage\":{\"@id\":\"https:\\\/\\\/cuartetoenlaweb.com.ar\\\/sitio\\\/morena-rial-cayo-en-depresion-y-atraviesa-un-terrible-momento-en-la-carcel-estoy-con-un-problemon-grave\\\/#primaryimage\"},\"image\":{\"@id\":\"https:\\\/\\\/cuartetoenlaweb.com.ar\\\/sitio\\\/morena-rial-cayo-en-depresion-y-atraviesa-un-terrible-momento-en-la-carcel-estoy-con-un-problemon-grave\\\/#primaryimage\"},\"thumbnailUrl\":\"https:\\\/\\\/cuartetoenlaweb.com.ar\\\/sitio\\\/wp-content\\\/uploads\\\/2025\\\/11\\\/pampita-1-359x226-24.jpg\",\"datePublished\":\"2025-11-26T17:59:36+00:00\",\"breadcrumb\":{\"@id\":\"https:\\\/\\\/cuartetoenlaweb.com.ar\\\/sitio\\\/morena-rial-cayo-en-depresion-y-atraviesa-un-terrible-momento-en-la-carcel-estoy-con-un-problemon-grave\\\/#breadcrumb\"},\"inLanguage\":\"es\",\"potentialAction\":[{\"@type\":\"ReadAction\",\"target\":[\"https:\\\/\\\/cuartetoenlaweb.com.ar\\\/sitio\\\/morena-rial-cayo-en-depresion-y-atraviesa-un-terrible-momento-en-la-carcel-estoy-con-un-problemon-grave\\\/\"]}]},{\"@type\":\"ImageObject\",\"inLanguage\":\"es\",\"@id\":\"https:\\\/\\\/cuartetoenlaweb.com.ar\\\/sitio\\\/morena-rial-cayo-en-depresion-y-atraviesa-un-terrible-momento-en-la-carcel-estoy-con-un-problemon-grave\\\/#primaryimage\",\"url\":\"https:\\\/\\\/cuartetoenlaweb.com.ar\\\/sitio\\\/wp-content\\\/uploads\\\/2025\\\/11\\\/pampita-1-359x226-24.jpg\",\"contentUrl\":\"https:\\\/\\\/cuartetoenlaweb.com.ar\\\/sitio\\\/wp-content\\\/uploads\\\/2025\\\/11\\\/pampita-1-359x226-24.jpg\",\"width\":359,\"height\":226},{\"@type\":\"BreadcrumbList\",\"@id\":\"https:\\\/\\\/cuartetoenlaweb.com.ar\\\/sitio\\\/morena-rial-cayo-en-depresion-y-atraviesa-un-terrible-momento-en-la-carcel-estoy-con-un-problemon-grave\\\/#breadcrumb\",\"itemListElement\":[{\"@type\":\"ListItem\",\"position\":1,\"name\":\"Portada\",\"item\":\"http:\\\/\\\/cuartetoenlaweb.com.ar\\\/sitio\\\/\"},{\"@type\":\"ListItem\",\"position\":2,\"name\":\"Morena Rial cay\u00f3 en depresi\u00f3n y atraviesa un terrible momento en la c\u00e1rcel: &quot;Estoy con un problem\u00f3n grave&quot;\"}]},{\"@type\":\"WebSite\",\"@id\":\"http:\\\/\\\/cuartetoenlaweb.com.ar\\\/sitio\\\/#website\",\"url\":\"http:\\\/\\\/cuartetoenlaweb.com.ar\\\/sitio\\\/\",\"name\":\"Cuarteto en la Web\",\"description\":\"\",\"publisher\":{\"@id\":\"http:\\\/\\\/cuartetoenlaweb.com.ar\\\/sitio\\\/#organization\"},\"potentialAction\":[{\"@type\":\"SearchAction\",\"target\":{\"@type\":\"EntryPoint\",\"urlTemplate\":\"http:\\\/\\\/cuartetoenlaweb.com.ar\\\/sitio\\\/?s={search_term_string}\"},\"query-input\":{\"@type\":\"PropertyValueSpecification\",\"valueRequired\":true,\"valueName\":\"search_term_string\"}}],\"inLanguage\":\"es\"},{\"@type\":\"Organization\",\"@id\":\"http:\\\/\\\/cuartetoenlaweb.com.ar\\\/sitio\\\/#organization\",\"name\":\"Cuarteto en la Web\",\"url\":\"http:\\\/\\\/cuartetoenlaweb.com.ar\\\/sitio\\\/\",\"logo\":{\"@type\":\"ImageObject\",\"inLanguage\":\"es\",\"@id\":\"http:\\\/\\\/cuartetoenlaweb.com.ar\\\/sitio\\\/#\\\/schema\\\/logo\\\/image\\\/\",\"url\":\"https:\\\/\\\/cuartetoenlaweb.com.ar\\\/sitio\\\/wp-content\\\/uploads\\\/2025\\\/07\\\/cropped-cropped-logitoweb21.png\",\"contentUrl\":\"https:\\\/\\\/cuartetoenlaweb.com.ar\\\/sitio\\\/wp-content\\\/uploads\\\/2025\\\/07\\\/cropped-cropped-logitoweb21.png\",\"width\":199,\"height\":199,\"caption\":\"Cuarteto en la Web\"},\"image\":{\"@id\":\"http:\\\/\\\/cuartetoenlaweb.com.ar\\\/sitio\\\/#\\\/schema\\\/logo\\\/image\\\/\"}}]}<\/script>\n<!-- \/ Yoast SEO plugin. -->","yoast_head_json":{"title":"Morena Rial cay\u00f3 en depresi\u00f3n y atraviesa un terrible momento en la c\u00e1rcel: &quot;Estoy con un problem\u00f3n grave&quot; - Cuarteto en la Web","robots":{"index":"index","follow":"follow","max-snippet":"max-snippet:-1","max-image-preview":"max-image-preview:large","max-video-preview":"max-video-preview:-1"},"canonical":"https:\/\/cuartetoenlaweb.com.ar\/sitio\/morena-rial-cayo-en-depresion-y-atraviesa-un-terrible-momento-en-la-carcel-estoy-con-un-problemon-grave\/","og_locale":"es_ES","og_type":"article","og_title":"Morena Rial cay\u00f3 en depresi\u00f3n y atraviesa un terrible momento en la c\u00e1rcel: &quot;Estoy con un problem\u00f3n grave&quot; - Cuarteto en la Web","og_description":"La vida de Morena Rial pas\u00f3 a tornarse muy complicada","og_url":"https:\/\/cuartetoenlaweb.com.ar\/sitio\/morena-rial-cayo-en-depresion-y-atraviesa-un-terrible-momento-en-la-carcel-estoy-con-un-problemon-grave\/","og_site_name":"Cuarteto en la Web","article_published_time":"2025-11-26T17:59:36+00:00","og_image":[{"width":359,"height":226,"url":"https:\/\/cuartetoenlaweb.com.ar\/sitio\/wp-content\/uploads\/2025\/11\/pampita-1-359x226-24.jpg","type":"image\/jpeg"}],"twitter_card":"summary_large_image","twitter_misc":{"Tiempo de lectura":"2 minutos"},"schema":{"@context":"https:\/\/schema.org","@graph":[{"@type":"Article","@id":"https:\/\/cuartetoenlaweb.com.ar\/sitio\/morena-rial-cayo-en-depresion-y-atraviesa-un-terrible-momento-en-la-carcel-estoy-con-un-problemon-grave\/#article","isPartOf":{"@id":"https:\/\/cuartetoenlaweb.com.ar\/sitio\/morena-rial-cayo-en-depresion-y-atraviesa-un-terrible-momento-en-la-carcel-estoy-con-un-problemon-grave\/"},"author":{"name":"","@id":""},"headline":"Morena Rial cay\u00f3 en depresi\u00f3n y atraviesa un terrible momento en la c\u00e1rcel: &quot;Estoy con un problem\u00f3n grave&quot;","datePublished":"2025-11-26T17:59:36+00:00","mainEntityOfPage":{"@id":"https:\/\/cuartetoenlaweb.com.ar\/sitio\/morena-rial-cayo-en-depresion-y-atraviesa-un-terrible-momento-en-la-carcel-estoy-con-un-problemon-grave\/"},"wordCount":464,"publisher":{"@id":"http:\/\/cuartetoenlaweb.com.ar\/sitio\/#organization"},"image":{"@id":"https:\/\/cuartetoenlaweb.com.ar\/sitio\/morena-rial-cayo-en-depresion-y-atraviesa-un-terrible-momento-en-la-carcel-estoy-con-un-problemon-grave\/#primaryimage"},"thumbnailUrl":"https:\/\/cuartetoenlaweb.com.ar\/sitio\/wp-content\/uploads\/2025\/11\/pampita-1-359x226-24.jpg","articleSection":["ESPECT\u00c1CULO"],"inLanguage":"es"},{"@type":"WebPage","@id":"https:\/\/cuartetoenlaweb.com.ar\/sitio\/morena-rial-cayo-en-depresion-y-atraviesa-un-terrible-momento-en-la-carcel-estoy-con-un-problemon-grave\/","url":"https:\/\/cuartetoenlaweb.com.ar\/sitio\/morena-rial-cayo-en-depresion-y-atraviesa-un-terrible-momento-en-la-carcel-estoy-con-un-problemon-grave\/","name":"Morena Rial cay\u00f3 en depresi\u00f3n y atraviesa un terrible momento en la c\u00e1rcel: &quot;Estoy con un problem\u00f3n grave&quot; - Cuarteto en la Web","isPartOf":{"@id":"http:\/\/cuartetoenlaweb.com.ar\/sitio\/#website"},"primaryImageOfPage":{"@id":"https:\/\/cuartetoenlaweb.com.ar\/sitio\/morena-rial-cayo-en-depresion-y-atraviesa-un-terrible-momento-en-la-carcel-estoy-con-un-problemon-grave\/#primaryimage"},"image":{"@id":"https:\/\/cuartetoenlaweb.com.ar\/sitio\/morena-rial-cayo-en-depresion-y-atraviesa-un-terrible-momento-en-la-carcel-estoy-con-un-problemon-grave\/#primaryimage"},"thumbnailUrl":"https:\/\/cuartetoenlaweb.com.ar\/sitio\/wp-content\/uploads\/2025\/11\/pampita-1-359x226-24.jpg","datePublished":"2025-11-26T17:59:36+00:00","breadcrumb":{"@id":"https:\/\/cuartetoenlaweb.com.ar\/sitio\/morena-rial-cayo-en-depresion-y-atraviesa-un-terrible-momento-en-la-carcel-estoy-con-un-problemon-grave\/#breadcrumb"},"inLanguage":"es","potentialAction":[{"@type":"ReadAction","target":["https:\/\/cuartetoenlaweb.com.ar\/sitio\/morena-rial-cayo-en-depresion-y-atraviesa-un-terrible-momento-en-la-carcel-estoy-con-un-problemon-grave\/"]}]},{"@type":"ImageObject","inLanguage":"es","@id":"https:\/\/cuartetoenlaweb.com.ar\/sitio\/morena-rial-cayo-en-depresion-y-atraviesa-un-terrible-momento-en-la-carcel-estoy-con-un-problemon-grave\/#primaryimage","url":"https:\/\/cuartetoenlaweb.com.ar\/sitio\/wp-content\/uploads\/2025\/11\/pampita-1-359x226-24.jpg","contentUrl":"https:\/\/cuartetoenlaweb.com.ar\/sitio\/wp-content\/uploads\/2025\/11\/pampita-1-359x226-24.jpg","width":359,"height":226},{"@type":"BreadcrumbList","@id":"https:\/\/cuartetoenlaweb.com.ar\/sitio\/morena-rial-cayo-en-depresion-y-atraviesa-un-terrible-momento-en-la-carcel-estoy-con-un-problemon-grave\/#breadcrumb","itemListElement":[{"@type":"ListItem","position":1,"name":"Portada","item":"http:\/\/cuartetoenlaweb.com.ar\/sitio\/"},{"@type":"ListItem","position":2,"name":"Morena Rial cay\u00f3 en depresi\u00f3n y atraviesa un terrible momento en la c\u00e1rcel: &quot;Estoy con un problem\u00f3n grave&quot;"}]},{"@type":"WebSite","@id":"http:\/\/cuartetoenlaweb.com.ar\/sitio\/#website","url":"http:\/\/cuartetoenlaweb.com.ar\/sitio\/","name":"Cuarteto en la Web","description":"","publisher":{"@id":"http:\/\/cuartetoenlaweb.com.ar\/sitio\/#organization"},"potentialAction":[{"@type":"SearchAction","target":{"@type":"EntryPoint","urlTemplate":"http:\/\/cuartetoenlaweb.com.ar\/sitio\/?s={search_term_string}"},"query-input":{"@type":"PropertyValueSpecification","valueRequired":true,"valueName":"search_term_string"}}],"inLanguage":"es"},{"@type":"Organization","@id":"http:\/\/cuartetoenlaweb.com.ar\/sitio\/#organization","name":"Cuarteto en la Web","url":"http:\/\/cuartetoenlaweb.com.ar\/sitio\/","logo":{"@type":"ImageObject","inLanguage":"es","@id":"http:\/\/cuartetoenlaweb.com.ar\/sitio\/#\/schema\/logo\/image\/","url":"https:\/\/cuartetoenlaweb.com.ar\/sitio\/wp-content\/uploads\/2025\/07\/cropped-cropped-logitoweb21.png","contentUrl":"https:\/\/cuartetoenlaweb.com.ar\/sitio\/wp-content\/uploads\/2025\/07\/cropped-cropped-logitoweb21.png","width":199,"height":199,"caption":"Cuarteto en la Web"},"image":{"@id":"http:\/\/cuartetoenlaweb.com.ar\/sitio\/#\/schema\/logo\/image\/"}}]}},"_links":{"self":[{"href":"https:\/\/cuartetoenlaweb.com.ar\/sitio\/wp-json\/wp\/v2\/posts\/7136","targetHints":{"allow":["GET"]}}],"collection":[{"href":"https:\/\/cuartetoenlaweb.com.ar\/sitio\/wp-json\/wp\/v2\/posts"}],"about":[{"href":"https:\/\/cuartetoenlaweb.com.ar\/sitio\/wp-json\/wp\/v2\/types\/post"}],"replies":[{"embeddable":true,"href":"https:\/\/cuartetoenlaweb.com.ar\/sitio\/wp-json\/wp\/v2\/comments?post=7136"}],"version-history":[{"count":0,"href":"https:\/\/cuartetoenlaweb.com.ar\/sitio\/wp-json\/wp\/v2\/posts\/7136\/revisions"}],"wp:featuredmedia":[{"embeddable":true,"href":"https:\/\/cuartetoenlaweb.com.ar\/sitio\/wp-json\/wp\/v2\/media\/7137"}],"wp:attachment":[{"href":"https:\/\/cuartetoenlaweb.com.ar\/sitio\/wp-json\/wp\/v2\/media?parent=7136"}],"wp:term":[{"taxonomy":"category","embeddable":true,"href":"https:\/\/cuartetoenlaweb.com.ar\/sitio\/wp-json\/wp\/v2\/categories?post=7136"},{"taxonomy":"post_tag","embeddable":true,"href":"https:\/\/cuartetoenlaweb.com.ar\/sitio\/wp-json\/wp\/v2\/tags?post=7136"}],"curies":[{"name":"wp","href":"https:\/\/api.w.org\/{rel}","templated":true}]}}