
{"id":6590,"date":"2025-11-24T13:00:15","date_gmt":"2025-11-24T16:00:15","guid":{"rendered":"https:\/\/cuartetoenlaweb.com.ar\/sitio\/dolor-extremo-en-la-seleccion-argentina-la-muerte-que-demolio-a-lionel-messi-y-golpeo-con-todo-a-la-scaloneta\/"},"modified":"2025-11-24T13:00:15","modified_gmt":"2025-11-24T16:00:15","slug":"dolor-extremo-en-la-seleccion-argentina-la-muerte-que-demolio-a-lionel-messi-y-golpeo-con-todo-a-la-scaloneta","status":"publish","type":"post","link":"https:\/\/cuartetoenlaweb.com.ar\/sitio\/dolor-extremo-en-la-seleccion-argentina-la-muerte-que-demolio-a-lionel-messi-y-golpeo-con-todo-a-la-scaloneta\/","title":{"rendered":"Dolor extremo en la Selecci\u00f3n Argentina: la muerte que demoli\u00f3 a Lionel Messi y golpe\u00f3 con todo a la Scaloneta"},"content":{"rendered":"<p>A siete meses del mundial de 2026, la selecci\u00f3n argentina que ir\u00e1 a M\u00e9xico, Estados Unidos y Canad\u00e1 a defender  el t\u00edtulo logrado en Qatar recibi\u00f3 un golpe dur\u00edsimo. Omar Souto, un estrecho colaborador tanto de los jugadores como de los cuerpos t\u00e9cnicos y los dirigentes de AFA, falleci\u00f3 en las \u00faltimas horas luego de dar una ejemplar pelea contra una enfermedad. El dolor dentro de La Scaloneta es absoluto y total.<\/p>\n<p>Uno de los que se manifest\u00f3 en sus redes sociales fue Lionel Messi, quien no termin\u00f3 de disfrutar que su equipo Inter de Miami consigui\u00f3 el pasaje a la final de conferencia de la MLS (con una descomunal faena suya) porque estaba muy acongojado, algo que reflej\u00f3 en sus redes sociales una vez que tuvo un ratito libre entre tanta concentraci\u00f3n, entrenamiento y partido.<\/p>\n<p><em><strong>\u00abSiempre estuviste presente y fuiste la persona que abri\u00f3 el camino para que la AFA se fijara en m\u00ed. Un ser humano enorme, imposible de olvidar para todos los que tuvimos el privilegio de pasar por la Selecci\u00f3n. Tu huella queda para siempre. Nunca te vamos a olvidar, Omar. Que descanses en paz\u00bb<\/strong><\/em> escribi\u00f3 La Pulga en su cuenta de Instagram.<\/p>\n<div class=\"mt-box \">\n<h4 class=\"mt-heading\">Mir\u00e1 Tambi\u00e9n<\/h4>\n<p><a href=\"https:\/\/www.paparazzi.com.ar\/teve\/polemicas-sentencias-de-moria-casan-sobre-lowrdez-fernandez-y-la-vuelta-de-bandana-muy-medicada-hablo-y-se-le-entiende\/\"><\/p>\n<div class=\"mt-content\">\n<div class=\"mt-image-container\"><img decoding=\"async\" src=\"https:\/\/www.paparazzi.com.ar\/wp-content\/uploads\/2025\/11\/Moria-aper-1-359x226.jpg\" alt=\"Pol\u00e9micas sentencias de Moria Cas\u00e1n sobre Lowrdez Fern\u00e1ndez y la vuelta de Bandana: &quot;Muy medicada, \u00bfHabl\u00f3 y se le entiende?&quot;\" class=\"mt-image\" loading=\"lazy\" \/><\/div>\n<h5 class=\"mt-title\">Pol\u00e9micas sentencias de Moria Cas\u00e1n sobre Lowrdez Fern\u00e1ndez y la vuelta de Bandana: \u00abMuy medicada, \u00bfHabl\u00f3 y se le entiende?\u00bb<\/h5>\n<\/div>\n<p><\/a><\/div>\n<p>Pero Messi no fue el \u00fanico. Todos los futbolistas expresaron su angustia y su tristeza por el fallecimiento de Souto, a quien, m\u00e1s all\u00e1 de destacar su labor y su profesionalismo, todos lo recordaron como un \u00abhombre de primera l\u00ednea, macanudo, querible, bueno, bonach\u00f3n, que supo ganarse la confianza y la admiraci\u00f3n de los jugadores y los t\u00e9cnicos porque siempre estaba dispuesto y pon\u00eda el pecho como loco\u00bb.<\/p>\n<h2 class=\"wp-block-heading\">DOLOR EXTREMO EN LA SELECCION ARGENTINA: LA MUERTE QUE GOLPEO FUERTE A LIONEL MESSI Y A TODA LA SCALONETA<\/h2>\n<p>La muerte de Souto cal\u00f3 hondo, tambi\u00e9n, en la dirigencia del f\u00fatbol, que en medio de la pol\u00e9mica que la alcanz\u00f3 en los \u00faltimos d\u00edas dispuso la implementaci\u00f3n de un minuto de silencio en todos los partidos del f\u00fatbol argentino en memoria de su estrecho colaborador. <\/p>\n<p>En su cuenta de Twitter, la casa mayor del f\u00fatbol argentino expres\u00f3 su <em><strong>\u00abProfundo dolor. Con enorme pesar y tristeza, la Asociaci\u00f3n del F\u00fatbol Argentino informa el fallecimiento de Omar Souto, hist\u00f3rico Gerente de Selecciones Nacionales de Argentina. Simplemente gracias, Omar. Gracias por tu solidaridad, tu compromiso inigualable con la albiceleste y por ser un verdadero ejemplo a seguir dentro de la AFA. Abrazamos a tu familia, amigos y seres queridos en este duro momento\u00bb.<\/strong><\/em><\/p>\n<figure class=\"wp-block-image size-full\"><img decoding=\"async\" width=\"768\" height=\"363\" src=\"https:\/\/www.paparazzi.com.ar\/wp-content\/uploads\/2025\/11\/Messi-Souto-2.jpg.webp\" loading=\"lazy\" alt=\"LA DESPEDIDA DE MESSI EN INSTAGRAM.\" class=\"wp-image-454192\" \/><figcaption class=\"wp-element-caption\"><strong>LA DESPEDIDA DE MESSI EN INSTAGRAM.<\/strong><\/figcaption><\/figure>\n<figure class=\"wp-block-image size-full\"><img decoding=\"async\" width=\"580\" height=\"561\" src=\"https:\/\/www.paparazzi.com.ar\/wp-content\/uploads\/2025\/11\/AFA-SOUTO-1.jpg.webp\" loading=\"lazy\" alt=\"EL DOLOR DE LA AFA POR LA MUERTE DE HUGO SOUTO.\" class=\"wp-image-454194\" \/><figcaption class=\"wp-element-caption\"><strong>EL DOLOR DE LA AFA POR LA MUERTE DE HUGO SOUTO.<\/strong><\/figcaption><\/figure>\n<div class=\"mt-box \">\n<h4 class=\"mt-heading\">Mir\u00e1 Tambi\u00e9n<\/h4>\n<p><a href=\"https:\/\/www.paparazzi.com.ar\/teve\/pobre-ventura-yanina-latorre-vio-los-martin-fierro-latinos-y-exploto-de-indignacion-verguenza-arruinaron-el-premio\/\"><\/p>\n<div class=\"mt-content\">\n<div class=\"mt-image-container\"><img decoding=\"async\" src=\"https:\/\/www.paparazzi.com.ar\/wp-content\/uploads\/2025\/11\/Yanina-Latorre-Martin-Fierro-1-359x226.jpg\" alt=\"\u00a1Pobre Ventura! Yanina Latorre vio los Mart\u00edn Fierro Latinos y explot\u00f3 de indignaci\u00f3n: &quot;Verg\u00fcenza, arruinaron el premio&quot;\" class=\"mt-image\" loading=\"lazy\" \/><\/div>\n<h5 class=\"mt-title\">\u00a1Pobre Ventura! Yanina Latorre vio los Mart\u00edn Fierro Latinos y explot\u00f3 de indignaci\u00f3n: \u00abVerg\u00fcenza, arruinaron el premio\u00bb<\/h5>\n<\/div>\n<p><\/a><\/div>\n<div class=\"mt-box \">\n<h4 class=\"mt-heading\">Mir\u00e1 Tambi\u00e9n<\/h4>\n<p><a href=\"https:\/\/www.paparazzi.com.ar\/romances\/la-china-suarez-festejo-el-gol-de-mauro-icardi-y-el-galatasaray-exploto-que-le-gritaron-los-hinchas\/\"><\/p>\n<div class=\"mt-content\">\n<div class=\"mt-image-container\"><img decoding=\"async\" src=\"https:\/\/www.paparazzi.com.ar\/wp-content\/uploads\/2025\/11\/China-Suarez-Mauro-Icardi-Galatasaray-359x226.jpg\" alt=\"La China Su\u00e1rez festej\u00f3 el gol de Mauro Icardi y el Galatasaray explot\u00f3: qu\u00e9 le gritaron los hinchas\" class=\"mt-image\" loading=\"lazy\" \/><\/div>\n<h5 class=\"mt-title\">La China Su\u00e1rez festej\u00f3 el gol de Mauro Icardi y el Galatasaray explot\u00f3: qu\u00e9 le gritaron los hinchas<\/h5>\n<\/div>\n<p><\/a><\/div>\n<p>The post <a href=\"https:\/\/www.paparazzi.com.ar\/deportes\/dolor-extremo-en-la-seleccion-argentina-la-muerte-que-demolio-a-lionel-messi-y-golpeo-con-todo-a-la-scaloneta\/\">Dolor extremo en la Selecci\u00f3n Argentina: la muerte que demoli\u00f3 a Lionel Messi y golpe\u00f3 con todo a la Scaloneta<\/a> appeared first on <a href=\"https:\/\/www.paparazzi.com.ar\">Revista Paparazzi<\/a>.<\/p>\n","protected":false},"excerpt":{"rendered":"<p>A siete meses del mundial de 2026, la selecci\u00f3n argentina<\/p>\n","protected":false},"author":0,"featured_media":6591,"comment_status":"","ping_status":"","sticky":false,"template":"","format":"standard","meta":{"footnotes":""},"categories":[12],"tags":[],"class_list":["post-6590","post","type-post","status-publish","format-standard","has-post-thumbnail","hentry","category-espectaculo"],"yoast_head":"<!-- This site is optimized with the Yoast SEO plugin v27.4 - https:\/\/yoast.com\/product\/yoast-seo-wordpress\/ -->\n<title>Dolor extremo en la Selecci\u00f3n Argentina: la muerte que demoli\u00f3 a Lionel Messi y golpe\u00f3 con todo a la Scaloneta - Cuarteto en la Web<\/title>\n<meta name=\"robots\" content=\"index, follow, max-snippet:-1, max-image-preview:large, max-video-preview:-1\" \/>\n<link rel=\"canonical\" href=\"https:\/\/cuartetoenlaweb.com.ar\/sitio\/dolor-extremo-en-la-seleccion-argentina-la-muerte-que-demolio-a-lionel-messi-y-golpeo-con-todo-a-la-scaloneta\/\" \/>\n<meta property=\"og:locale\" content=\"es_ES\" \/>\n<meta property=\"og:type\" content=\"article\" \/>\n<meta property=\"og:title\" content=\"Dolor extremo en la Selecci\u00f3n Argentina: la muerte que demoli\u00f3 a Lionel Messi y golpe\u00f3 con todo a la Scaloneta - Cuarteto en la Web\" \/>\n<meta property=\"og:description\" content=\"A siete meses del mundial de 2026, la selecci\u00f3n argentina\" \/>\n<meta property=\"og:url\" content=\"https:\/\/cuartetoenlaweb.com.ar\/sitio\/dolor-extremo-en-la-seleccion-argentina-la-muerte-que-demolio-a-lionel-messi-y-golpeo-con-todo-a-la-scaloneta\/\" \/>\n<meta property=\"og:site_name\" content=\"Cuarteto en la Web\" \/>\n<meta property=\"article:published_time\" content=\"2025-11-24T16:00:15+00:00\" \/>\n<meta property=\"og:image\" content=\"https:\/\/cuartetoenlaweb.com.ar\/sitio\/wp-content\/uploads\/2025\/11\/Moria-aper-1-359x226-1.jpg\" \/>\n\t<meta property=\"og:image:width\" content=\"359\" \/>\n\t<meta property=\"og:image:height\" content=\"226\" \/>\n\t<meta property=\"og:image:type\" content=\"image\/jpeg\" \/>\n<meta name=\"twitter:card\" content=\"summary_large_image\" \/>\n<meta name=\"twitter:label1\" content=\"Tiempo de lectura\" \/>\n\t<meta name=\"twitter:data1\" content=\"3 minutos\" \/>\n<script type=\"application\/ld+json\" class=\"yoast-schema-graph\">{\"@context\":\"https:\\\/\\\/schema.org\",\"@graph\":[{\"@type\":\"Article\",\"@id\":\"https:\\\/\\\/cuartetoenlaweb.com.ar\\\/sitio\\\/dolor-extremo-en-la-seleccion-argentina-la-muerte-que-demolio-a-lionel-messi-y-golpeo-con-todo-a-la-scaloneta\\\/#article\",\"isPartOf\":{\"@id\":\"https:\\\/\\\/cuartetoenlaweb.com.ar\\\/sitio\\\/dolor-extremo-en-la-seleccion-argentina-la-muerte-que-demolio-a-lionel-messi-y-golpeo-con-todo-a-la-scaloneta\\\/\"},\"author\":{\"name\":\"\",\"@id\":\"\"},\"headline\":\"Dolor extremo en la Selecci\u00f3n Argentina: la muerte que demoli\u00f3 a Lionel Messi y golpe\u00f3 con todo a la Scaloneta\",\"datePublished\":\"2025-11-24T16:00:15+00:00\",\"mainEntityOfPage\":{\"@id\":\"https:\\\/\\\/cuartetoenlaweb.com.ar\\\/sitio\\\/dolor-extremo-en-la-seleccion-argentina-la-muerte-que-demolio-a-lionel-messi-y-golpeo-con-todo-a-la-scaloneta\\\/\"},\"wordCount\":564,\"publisher\":{\"@id\":\"https:\\\/\\\/cuartetoenlaweb.com.ar\\\/sitio\\\/#organization\"},\"image\":{\"@id\":\"https:\\\/\\\/cuartetoenlaweb.com.ar\\\/sitio\\\/dolor-extremo-en-la-seleccion-argentina-la-muerte-que-demolio-a-lionel-messi-y-golpeo-con-todo-a-la-scaloneta\\\/#primaryimage\"},\"thumbnailUrl\":\"https:\\\/\\\/cuartetoenlaweb.com.ar\\\/sitio\\\/wp-content\\\/uploads\\\/2025\\\/11\\\/Moria-aper-1-359x226-1.jpg\",\"articleSection\":[\"ESPECT\u00c1CULO\"],\"inLanguage\":\"es\"},{\"@type\":\"WebPage\",\"@id\":\"https:\\\/\\\/cuartetoenlaweb.com.ar\\\/sitio\\\/dolor-extremo-en-la-seleccion-argentina-la-muerte-que-demolio-a-lionel-messi-y-golpeo-con-todo-a-la-scaloneta\\\/\",\"url\":\"https:\\\/\\\/cuartetoenlaweb.com.ar\\\/sitio\\\/dolor-extremo-en-la-seleccion-argentina-la-muerte-que-demolio-a-lionel-messi-y-golpeo-con-todo-a-la-scaloneta\\\/\",\"name\":\"Dolor extremo en la Selecci\u00f3n Argentina: la muerte que demoli\u00f3 a Lionel Messi y golpe\u00f3 con todo a la Scaloneta - Cuarteto en la Web\",\"isPartOf\":{\"@id\":\"https:\\\/\\\/cuartetoenlaweb.com.ar\\\/sitio\\\/#website\"},\"primaryImageOfPage\":{\"@id\":\"https:\\\/\\\/cuartetoenlaweb.com.ar\\\/sitio\\\/dolor-extremo-en-la-seleccion-argentina-la-muerte-que-demolio-a-lionel-messi-y-golpeo-con-todo-a-la-scaloneta\\\/#primaryimage\"},\"image\":{\"@id\":\"https:\\\/\\\/cuartetoenlaweb.com.ar\\\/sitio\\\/dolor-extremo-en-la-seleccion-argentina-la-muerte-que-demolio-a-lionel-messi-y-golpeo-con-todo-a-la-scaloneta\\\/#primaryimage\"},\"thumbnailUrl\":\"https:\\\/\\\/cuartetoenlaweb.com.ar\\\/sitio\\\/wp-content\\\/uploads\\\/2025\\\/11\\\/Moria-aper-1-359x226-1.jpg\",\"datePublished\":\"2025-11-24T16:00:15+00:00\",\"breadcrumb\":{\"@id\":\"https:\\\/\\\/cuartetoenlaweb.com.ar\\\/sitio\\\/dolor-extremo-en-la-seleccion-argentina-la-muerte-que-demolio-a-lionel-messi-y-golpeo-con-todo-a-la-scaloneta\\\/#breadcrumb\"},\"inLanguage\":\"es\",\"potentialAction\":[{\"@type\":\"ReadAction\",\"target\":[\"https:\\\/\\\/cuartetoenlaweb.com.ar\\\/sitio\\\/dolor-extremo-en-la-seleccion-argentina-la-muerte-que-demolio-a-lionel-messi-y-golpeo-con-todo-a-la-scaloneta\\\/\"]}]},{\"@type\":\"ImageObject\",\"inLanguage\":\"es\",\"@id\":\"https:\\\/\\\/cuartetoenlaweb.com.ar\\\/sitio\\\/dolor-extremo-en-la-seleccion-argentina-la-muerte-que-demolio-a-lionel-messi-y-golpeo-con-todo-a-la-scaloneta\\\/#primaryimage\",\"url\":\"https:\\\/\\\/cuartetoenlaweb.com.ar\\\/sitio\\\/wp-content\\\/uploads\\\/2025\\\/11\\\/Moria-aper-1-359x226-1.jpg\",\"contentUrl\":\"https:\\\/\\\/cuartetoenlaweb.com.ar\\\/sitio\\\/wp-content\\\/uploads\\\/2025\\\/11\\\/Moria-aper-1-359x226-1.jpg\",\"width\":359,\"height\":226},{\"@type\":\"BreadcrumbList\",\"@id\":\"https:\\\/\\\/cuartetoenlaweb.com.ar\\\/sitio\\\/dolor-extremo-en-la-seleccion-argentina-la-muerte-que-demolio-a-lionel-messi-y-golpeo-con-todo-a-la-scaloneta\\\/#breadcrumb\",\"itemListElement\":[{\"@type\":\"ListItem\",\"position\":1,\"name\":\"Portada\",\"item\":\"https:\\\/\\\/cuartetoenlaweb.com.ar\\\/sitio\\\/\"},{\"@type\":\"ListItem\",\"position\":2,\"name\":\"Dolor extremo en la Selecci\u00f3n Argentina: la muerte que demoli\u00f3 a Lionel Messi y golpe\u00f3 con todo a la Scaloneta\"}]},{\"@type\":\"WebSite\",\"@id\":\"https:\\\/\\\/cuartetoenlaweb.com.ar\\\/sitio\\\/#website\",\"url\":\"https:\\\/\\\/cuartetoenlaweb.com.ar\\\/sitio\\\/\",\"name\":\"Cuarteto en la Web\",\"description\":\"\",\"publisher\":{\"@id\":\"https:\\\/\\\/cuartetoenlaweb.com.ar\\\/sitio\\\/#organization\"},\"potentialAction\":[{\"@type\":\"SearchAction\",\"target\":{\"@type\":\"EntryPoint\",\"urlTemplate\":\"https:\\\/\\\/cuartetoenlaweb.com.ar\\\/sitio\\\/?s={search_term_string}\"},\"query-input\":{\"@type\":\"PropertyValueSpecification\",\"valueRequired\":true,\"valueName\":\"search_term_string\"}}],\"inLanguage\":\"es\"},{\"@type\":\"Organization\",\"@id\":\"https:\\\/\\\/cuartetoenlaweb.com.ar\\\/sitio\\\/#organization\",\"name\":\"Cuarteto en la Web\",\"url\":\"https:\\\/\\\/cuartetoenlaweb.com.ar\\\/sitio\\\/\",\"logo\":{\"@type\":\"ImageObject\",\"inLanguage\":\"es\",\"@id\":\"https:\\\/\\\/cuartetoenlaweb.com.ar\\\/sitio\\\/#\\\/schema\\\/logo\\\/image\\\/\",\"url\":\"https:\\\/\\\/cuartetoenlaweb.com.ar\\\/sitio\\\/wp-content\\\/uploads\\\/2025\\\/07\\\/cropped-cropped-logitoweb21.png\",\"contentUrl\":\"https:\\\/\\\/cuartetoenlaweb.com.ar\\\/sitio\\\/wp-content\\\/uploads\\\/2025\\\/07\\\/cropped-cropped-logitoweb21.png\",\"width\":199,\"height\":199,\"caption\":\"Cuarteto en la Web\"},\"image\":{\"@id\":\"https:\\\/\\\/cuartetoenlaweb.com.ar\\\/sitio\\\/#\\\/schema\\\/logo\\\/image\\\/\"}}]}<\/script>\n<!-- \/ Yoast SEO plugin. -->","yoast_head_json":{"title":"Dolor extremo en la Selecci\u00f3n Argentina: la muerte que demoli\u00f3 a Lionel Messi y golpe\u00f3 con todo a la Scaloneta - Cuarteto en la Web","robots":{"index":"index","follow":"follow","max-snippet":"max-snippet:-1","max-image-preview":"max-image-preview:large","max-video-preview":"max-video-preview:-1"},"canonical":"https:\/\/cuartetoenlaweb.com.ar\/sitio\/dolor-extremo-en-la-seleccion-argentina-la-muerte-que-demolio-a-lionel-messi-y-golpeo-con-todo-a-la-scaloneta\/","og_locale":"es_ES","og_type":"article","og_title":"Dolor extremo en la Selecci\u00f3n Argentina: la muerte que demoli\u00f3 a Lionel Messi y golpe\u00f3 con todo a la Scaloneta - Cuarteto en la Web","og_description":"A siete meses del mundial de 2026, la selecci\u00f3n argentina","og_url":"https:\/\/cuartetoenlaweb.com.ar\/sitio\/dolor-extremo-en-la-seleccion-argentina-la-muerte-que-demolio-a-lionel-messi-y-golpeo-con-todo-a-la-scaloneta\/","og_site_name":"Cuarteto en la Web","article_published_time":"2025-11-24T16:00:15+00:00","og_image":[{"width":359,"height":226,"url":"https:\/\/cuartetoenlaweb.com.ar\/sitio\/wp-content\/uploads\/2025\/11\/Moria-aper-1-359x226-1.jpg","type":"image\/jpeg"}],"twitter_card":"summary_large_image","twitter_misc":{"Tiempo de lectura":"3 minutos"},"schema":{"@context":"https:\/\/schema.org","@graph":[{"@type":"Article","@id":"https:\/\/cuartetoenlaweb.com.ar\/sitio\/dolor-extremo-en-la-seleccion-argentina-la-muerte-que-demolio-a-lionel-messi-y-golpeo-con-todo-a-la-scaloneta\/#article","isPartOf":{"@id":"https:\/\/cuartetoenlaweb.com.ar\/sitio\/dolor-extremo-en-la-seleccion-argentina-la-muerte-que-demolio-a-lionel-messi-y-golpeo-con-todo-a-la-scaloneta\/"},"author":{"name":"","@id":""},"headline":"Dolor extremo en la Selecci\u00f3n Argentina: la muerte que demoli\u00f3 a Lionel Messi y golpe\u00f3 con todo a la Scaloneta","datePublished":"2025-11-24T16:00:15+00:00","mainEntityOfPage":{"@id":"https:\/\/cuartetoenlaweb.com.ar\/sitio\/dolor-extremo-en-la-seleccion-argentina-la-muerte-que-demolio-a-lionel-messi-y-golpeo-con-todo-a-la-scaloneta\/"},"wordCount":564,"publisher":{"@id":"https:\/\/cuartetoenlaweb.com.ar\/sitio\/#organization"},"image":{"@id":"https:\/\/cuartetoenlaweb.com.ar\/sitio\/dolor-extremo-en-la-seleccion-argentina-la-muerte-que-demolio-a-lionel-messi-y-golpeo-con-todo-a-la-scaloneta\/#primaryimage"},"thumbnailUrl":"https:\/\/cuartetoenlaweb.com.ar\/sitio\/wp-content\/uploads\/2025\/11\/Moria-aper-1-359x226-1.jpg","articleSection":["ESPECT\u00c1CULO"],"inLanguage":"es"},{"@type":"WebPage","@id":"https:\/\/cuartetoenlaweb.com.ar\/sitio\/dolor-extremo-en-la-seleccion-argentina-la-muerte-que-demolio-a-lionel-messi-y-golpeo-con-todo-a-la-scaloneta\/","url":"https:\/\/cuartetoenlaweb.com.ar\/sitio\/dolor-extremo-en-la-seleccion-argentina-la-muerte-que-demolio-a-lionel-messi-y-golpeo-con-todo-a-la-scaloneta\/","name":"Dolor extremo en la Selecci\u00f3n Argentina: la muerte que demoli\u00f3 a Lionel Messi y golpe\u00f3 con todo a la Scaloneta - Cuarteto en la Web","isPartOf":{"@id":"https:\/\/cuartetoenlaweb.com.ar\/sitio\/#website"},"primaryImageOfPage":{"@id":"https:\/\/cuartetoenlaweb.com.ar\/sitio\/dolor-extremo-en-la-seleccion-argentina-la-muerte-que-demolio-a-lionel-messi-y-golpeo-con-todo-a-la-scaloneta\/#primaryimage"},"image":{"@id":"https:\/\/cuartetoenlaweb.com.ar\/sitio\/dolor-extremo-en-la-seleccion-argentina-la-muerte-que-demolio-a-lionel-messi-y-golpeo-con-todo-a-la-scaloneta\/#primaryimage"},"thumbnailUrl":"https:\/\/cuartetoenlaweb.com.ar\/sitio\/wp-content\/uploads\/2025\/11\/Moria-aper-1-359x226-1.jpg","datePublished":"2025-11-24T16:00:15+00:00","breadcrumb":{"@id":"https:\/\/cuartetoenlaweb.com.ar\/sitio\/dolor-extremo-en-la-seleccion-argentina-la-muerte-que-demolio-a-lionel-messi-y-golpeo-con-todo-a-la-scaloneta\/#breadcrumb"},"inLanguage":"es","potentialAction":[{"@type":"ReadAction","target":["https:\/\/cuartetoenlaweb.com.ar\/sitio\/dolor-extremo-en-la-seleccion-argentina-la-muerte-que-demolio-a-lionel-messi-y-golpeo-con-todo-a-la-scaloneta\/"]}]},{"@type":"ImageObject","inLanguage":"es","@id":"https:\/\/cuartetoenlaweb.com.ar\/sitio\/dolor-extremo-en-la-seleccion-argentina-la-muerte-que-demolio-a-lionel-messi-y-golpeo-con-todo-a-la-scaloneta\/#primaryimage","url":"https:\/\/cuartetoenlaweb.com.ar\/sitio\/wp-content\/uploads\/2025\/11\/Moria-aper-1-359x226-1.jpg","contentUrl":"https:\/\/cuartetoenlaweb.com.ar\/sitio\/wp-content\/uploads\/2025\/11\/Moria-aper-1-359x226-1.jpg","width":359,"height":226},{"@type":"BreadcrumbList","@id":"https:\/\/cuartetoenlaweb.com.ar\/sitio\/dolor-extremo-en-la-seleccion-argentina-la-muerte-que-demolio-a-lionel-messi-y-golpeo-con-todo-a-la-scaloneta\/#breadcrumb","itemListElement":[{"@type":"ListItem","position":1,"name":"Portada","item":"https:\/\/cuartetoenlaweb.com.ar\/sitio\/"},{"@type":"ListItem","position":2,"name":"Dolor extremo en la Selecci\u00f3n Argentina: la muerte que demoli\u00f3 a Lionel Messi y golpe\u00f3 con todo a la Scaloneta"}]},{"@type":"WebSite","@id":"https:\/\/cuartetoenlaweb.com.ar\/sitio\/#website","url":"https:\/\/cuartetoenlaweb.com.ar\/sitio\/","name":"Cuarteto en la Web","description":"","publisher":{"@id":"https:\/\/cuartetoenlaweb.com.ar\/sitio\/#organization"},"potentialAction":[{"@type":"SearchAction","target":{"@type":"EntryPoint","urlTemplate":"https:\/\/cuartetoenlaweb.com.ar\/sitio\/?s={search_term_string}"},"query-input":{"@type":"PropertyValueSpecification","valueRequired":true,"valueName":"search_term_string"}}],"inLanguage":"es"},{"@type":"Organization","@id":"https:\/\/cuartetoenlaweb.com.ar\/sitio\/#organization","name":"Cuarteto en la Web","url":"https:\/\/cuartetoenlaweb.com.ar\/sitio\/","logo":{"@type":"ImageObject","inLanguage":"es","@id":"https:\/\/cuartetoenlaweb.com.ar\/sitio\/#\/schema\/logo\/image\/","url":"https:\/\/cuartetoenlaweb.com.ar\/sitio\/wp-content\/uploads\/2025\/07\/cropped-cropped-logitoweb21.png","contentUrl":"https:\/\/cuartetoenlaweb.com.ar\/sitio\/wp-content\/uploads\/2025\/07\/cropped-cropped-logitoweb21.png","width":199,"height":199,"caption":"Cuarteto en la Web"},"image":{"@id":"https:\/\/cuartetoenlaweb.com.ar\/sitio\/#\/schema\/logo\/image\/"}}]}},"_links":{"self":[{"href":"https:\/\/cuartetoenlaweb.com.ar\/sitio\/wp-json\/wp\/v2\/posts\/6590","targetHints":{"allow":["GET"]}}],"collection":[{"href":"https:\/\/cuartetoenlaweb.com.ar\/sitio\/wp-json\/wp\/v2\/posts"}],"about":[{"href":"https:\/\/cuartetoenlaweb.com.ar\/sitio\/wp-json\/wp\/v2\/types\/post"}],"replies":[{"embeddable":true,"href":"https:\/\/cuartetoenlaweb.com.ar\/sitio\/wp-json\/wp\/v2\/comments?post=6590"}],"version-history":[{"count":0,"href":"https:\/\/cuartetoenlaweb.com.ar\/sitio\/wp-json\/wp\/v2\/posts\/6590\/revisions"}],"wp:featuredmedia":[{"embeddable":true,"href":"https:\/\/cuartetoenlaweb.com.ar\/sitio\/wp-json\/wp\/v2\/media\/6591"}],"wp:attachment":[{"href":"https:\/\/cuartetoenlaweb.com.ar\/sitio\/wp-json\/wp\/v2\/media?parent=6590"}],"wp:term":[{"taxonomy":"category","embeddable":true,"href":"https:\/\/cuartetoenlaweb.com.ar\/sitio\/wp-json\/wp\/v2\/categories?post=6590"},{"taxonomy":"post_tag","embeddable":true,"href":"https:\/\/cuartetoenlaweb.com.ar\/sitio\/wp-json\/wp\/v2\/tags?post=6590"}],"curies":[{"name":"wp","href":"https:\/\/api.w.org\/{rel}","templated":true}]}}