
{"id":6586,"date":"2025-11-24T11:59:43","date_gmt":"2025-11-24T14:59:43","guid":{"rendered":"https:\/\/cuartetoenlaweb.com.ar\/sitio\/lionel-messi-despidio-a-omar-souto-tu-huella-queda-para-siempre\/"},"modified":"2025-11-24T11:59:43","modified_gmt":"2025-11-24T14:59:43","slug":"lionel-messi-despidio-a-omar-souto-tu-huella-queda-para-siempre","status":"publish","type":"post","link":"https:\/\/cuartetoenlaweb.com.ar\/sitio\/lionel-messi-despidio-a-omar-souto-tu-huella-queda-para-siempre\/","title":{"rendered":"Lionel Messi despidi\u00f3 a Omar Souto: \u201cTu huella queda para siempre\u201d"},"content":{"rendered":"<p>Buenos Aires, 24 noviembre (NA) \u2014 El futbolista Lionel Messi despidi\u00f3 con profundo dolor a Omar Souto, hist\u00f3rico Gerente de Selecciones Nacionales, quien falleci\u00f3 a los 73 a\u00f1os y dej\u00f3 una marca imborrable dentro de la AFA.<\/p>\n<p>Seg\u00fan pudo saber la Agencia Noticias Argentinas,  el capit\u00e1n argentino public\u00f3 un sentido mensaje a trav\u00e9s de su cuenta de Instagram en el que record\u00f3 el papel fundamental que tuvo Souto para que \u00e9l pudiera iniciar su camino con la camiseta argentina.<\/p>\n<p>\u201cSiempre estuviste presente y fuiste la persona que abri\u00f3 el camino para que la AFA se fijara en m\u00ed. Un ser humano enorme, imposible de olvidar para todos los que tuvimos el privilegio de pasar por la Selecci\u00f3n. Tu huella queda para siempre. Nunca te vamos a olvidar, Omar. Que descanses en paz\u201d, escribi\u00f3 Messi.<\/p>\n<p>Souto fue una pieza clave dentro de la estructura de la Selecci\u00f3n argentina durante d\u00e9cadas y, especialmente, en la llegada del entonces juvenil Messi. En m\u00e1s de una ocasi\u00f3n, el propio Omar cont\u00f3 c\u00f3mo tom\u00f3 un locutorio en Monte Grande, pidi\u00f3 una gu\u00eda telef\u00f3nica de Rosario y comenz\u00f3 a llamar uno por uno a los Messi hasta dar con la familia del crack. <\/p>\n<p>\u201cCuando llam\u00e9 al padre me dijo: \u2018Al fin lo van a convocar. Mi hijo quiere jugar en la Selecci\u00f3n Argentina\u2019\u201d, record\u00f3 en una entrevista con TyC Sports.<\/p>\n<p>La AFA hab\u00eda confirmado su fallecimiento con un comunicado en redes sociales en el que expres\u00f3: \u201cCon enorme pesar y tristeza, la Asociaci\u00f3n del F\u00fatbol Argentino lamenta el fallecimiento de Omar Souto. Simplemente gracias, Omar. Gracias por tu solidaridad, tu compromiso inigualable con la albiceleste y por ser un verdadero ejemplo a seguir dentro de la casa del f\u00fatbol\u201d.<\/p>\n<p>Con su legado intacto, Souto quedar\u00e1 en la historia grande del f\u00fatbol argentino no solo por su dedicaci\u00f3n diaria, sino tambi\u00e9n por haber sido el puente inicial que conect\u00f3 a Messi con la Selecci\u00f3n.<\/p>\n<p>Su trabajo, silencioso y decisivo, es hoy reconocido por el m\u00e1ximo \u00eddolo de la \u201cAlbiceleste\u201d y por generaciones de jugadores que lo consideraron una figura esencial dentro del equipo nacional. #AgenciaNA<\/p>\n","protected":false},"excerpt":{"rendered":"<p>Buenos Aires, 24 noviembre (NA) \u2014 El futbolista Lionel Messi<\/p>\n","protected":false},"author":0,"featured_media":6587,"comment_status":"","ping_status":"","sticky":false,"template":"","format":"standard","meta":{"footnotes":""},"categories":[65],"tags":[],"class_list":["post-6586","post","type-post","status-publish","format-standard","has-post-thumbnail","hentry","category-pais"],"yoast_head":"<!-- This site is optimized with the Yoast SEO plugin v27.5 - https:\/\/yoast.com\/product\/yoast-seo-wordpress\/ -->\n<title>Lionel Messi despidi\u00f3 a Omar Souto: \u201cTu huella queda para siempre\u201d - Cuarteto en la Web<\/title>\n<meta name=\"robots\" content=\"index, follow, max-snippet:-1, max-image-preview:large, max-video-preview:-1\" \/>\n<link rel=\"canonical\" href=\"https:\/\/cuartetoenlaweb.com.ar\/sitio\/lionel-messi-despidio-a-omar-souto-tu-huella-queda-para-siempre\/\" \/>\n<meta property=\"og:locale\" content=\"es_ES\" \/>\n<meta property=\"og:type\" content=\"article\" \/>\n<meta property=\"og:title\" content=\"Lionel Messi despidi\u00f3 a Omar Souto: \u201cTu huella queda para siempre\u201d - Cuarteto en la Web\" \/>\n<meta property=\"og:description\" content=\"Buenos Aires, 24 noviembre (NA) \u2014 El futbolista Lionel Messi\" \/>\n<meta property=\"og:url\" content=\"https:\/\/cuartetoenlaweb.com.ar\/sitio\/lionel-messi-despidio-a-omar-souto-tu-huella-queda-para-siempre\/\" \/>\n<meta property=\"og:site_name\" content=\"Cuarteto en la Web\" \/>\n<meta property=\"article:published_time\" content=\"2025-11-24T14:59:43+00:00\" \/>\n<meta property=\"og:image\" content=\"https:\/\/cuartetoenlaweb.com.ar\/sitio\/wp-content\/uploads\/2025\/11\/720-1787.jpeg\" \/>\n\t<meta property=\"og:image:width\" content=\"553\" \/>\n\t<meta property=\"og:image:height\" content=\"720\" \/>\n\t<meta property=\"og:image:type\" content=\"image\/jpeg\" \/>\n<meta name=\"twitter:card\" content=\"summary_large_image\" \/>\n<meta name=\"twitter:label1\" content=\"Tiempo de lectura\" \/>\n\t<meta name=\"twitter:data1\" content=\"2 minutos\" \/>\n<script type=\"application\/ld+json\" class=\"yoast-schema-graph\">{\"@context\":\"https:\\\/\\\/schema.org\",\"@graph\":[{\"@type\":\"Article\",\"@id\":\"https:\\\/\\\/cuartetoenlaweb.com.ar\\\/sitio\\\/lionel-messi-despidio-a-omar-souto-tu-huella-queda-para-siempre\\\/#article\",\"isPartOf\":{\"@id\":\"https:\\\/\\\/cuartetoenlaweb.com.ar\\\/sitio\\\/lionel-messi-despidio-a-omar-souto-tu-huella-queda-para-siempre\\\/\"},\"author\":{\"name\":\"\",\"@id\":\"\"},\"headline\":\"Lionel Messi despidi\u00f3 a Omar Souto: \u201cTu huella queda para siempre\u201d\",\"datePublished\":\"2025-11-24T14:59:43+00:00\",\"mainEntityOfPage\":{\"@id\":\"https:\\\/\\\/cuartetoenlaweb.com.ar\\\/sitio\\\/lionel-messi-despidio-a-omar-souto-tu-huella-queda-para-siempre\\\/\"},\"wordCount\":379,\"publisher\":{\"@id\":\"http:\\\/\\\/cuartetoenlaweb.com.ar\\\/sitio\\\/#organization\"},\"image\":{\"@id\":\"https:\\\/\\\/cuartetoenlaweb.com.ar\\\/sitio\\\/lionel-messi-despidio-a-omar-souto-tu-huella-queda-para-siempre\\\/#primaryimage\"},\"thumbnailUrl\":\"https:\\\/\\\/cuartetoenlaweb.com.ar\\\/sitio\\\/wp-content\\\/uploads\\\/2025\\\/11\\\/720-1787.jpeg\",\"articleSection\":[\"PAIS\"],\"inLanguage\":\"es\"},{\"@type\":\"WebPage\",\"@id\":\"https:\\\/\\\/cuartetoenlaweb.com.ar\\\/sitio\\\/lionel-messi-despidio-a-omar-souto-tu-huella-queda-para-siempre\\\/\",\"url\":\"https:\\\/\\\/cuartetoenlaweb.com.ar\\\/sitio\\\/lionel-messi-despidio-a-omar-souto-tu-huella-queda-para-siempre\\\/\",\"name\":\"Lionel Messi despidi\u00f3 a Omar Souto: \u201cTu huella queda para siempre\u201d - Cuarteto en la Web\",\"isPartOf\":{\"@id\":\"http:\\\/\\\/cuartetoenlaweb.com.ar\\\/sitio\\\/#website\"},\"primaryImageOfPage\":{\"@id\":\"https:\\\/\\\/cuartetoenlaweb.com.ar\\\/sitio\\\/lionel-messi-despidio-a-omar-souto-tu-huella-queda-para-siempre\\\/#primaryimage\"},\"image\":{\"@id\":\"https:\\\/\\\/cuartetoenlaweb.com.ar\\\/sitio\\\/lionel-messi-despidio-a-omar-souto-tu-huella-queda-para-siempre\\\/#primaryimage\"},\"thumbnailUrl\":\"https:\\\/\\\/cuartetoenlaweb.com.ar\\\/sitio\\\/wp-content\\\/uploads\\\/2025\\\/11\\\/720-1787.jpeg\",\"datePublished\":\"2025-11-24T14:59:43+00:00\",\"breadcrumb\":{\"@id\":\"https:\\\/\\\/cuartetoenlaweb.com.ar\\\/sitio\\\/lionel-messi-despidio-a-omar-souto-tu-huella-queda-para-siempre\\\/#breadcrumb\"},\"inLanguage\":\"es\",\"potentialAction\":[{\"@type\":\"ReadAction\",\"target\":[\"https:\\\/\\\/cuartetoenlaweb.com.ar\\\/sitio\\\/lionel-messi-despidio-a-omar-souto-tu-huella-queda-para-siempre\\\/\"]}]},{\"@type\":\"ImageObject\",\"inLanguage\":\"es\",\"@id\":\"https:\\\/\\\/cuartetoenlaweb.com.ar\\\/sitio\\\/lionel-messi-despidio-a-omar-souto-tu-huella-queda-para-siempre\\\/#primaryimage\",\"url\":\"https:\\\/\\\/cuartetoenlaweb.com.ar\\\/sitio\\\/wp-content\\\/uploads\\\/2025\\\/11\\\/720-1787.jpeg\",\"contentUrl\":\"https:\\\/\\\/cuartetoenlaweb.com.ar\\\/sitio\\\/wp-content\\\/uploads\\\/2025\\\/11\\\/720-1787.jpeg\",\"width\":553,\"height\":720},{\"@type\":\"BreadcrumbList\",\"@id\":\"https:\\\/\\\/cuartetoenlaweb.com.ar\\\/sitio\\\/lionel-messi-despidio-a-omar-souto-tu-huella-queda-para-siempre\\\/#breadcrumb\",\"itemListElement\":[{\"@type\":\"ListItem\",\"position\":1,\"name\":\"Portada\",\"item\":\"http:\\\/\\\/cuartetoenlaweb.com.ar\\\/sitio\\\/\"},{\"@type\":\"ListItem\",\"position\":2,\"name\":\"Lionel Messi despidi\u00f3 a Omar Souto: \u201cTu huella queda para siempre\u201d\"}]},{\"@type\":\"WebSite\",\"@id\":\"http:\\\/\\\/cuartetoenlaweb.com.ar\\\/sitio\\\/#website\",\"url\":\"http:\\\/\\\/cuartetoenlaweb.com.ar\\\/sitio\\\/\",\"name\":\"Cuarteto en la Web\",\"description\":\"\",\"publisher\":{\"@id\":\"http:\\\/\\\/cuartetoenlaweb.com.ar\\\/sitio\\\/#organization\"},\"potentialAction\":[{\"@type\":\"SearchAction\",\"target\":{\"@type\":\"EntryPoint\",\"urlTemplate\":\"http:\\\/\\\/cuartetoenlaweb.com.ar\\\/sitio\\\/?s={search_term_string}\"},\"query-input\":{\"@type\":\"PropertyValueSpecification\",\"valueRequired\":true,\"valueName\":\"search_term_string\"}}],\"inLanguage\":\"es\"},{\"@type\":\"Organization\",\"@id\":\"http:\\\/\\\/cuartetoenlaweb.com.ar\\\/sitio\\\/#organization\",\"name\":\"Cuarteto en la Web\",\"url\":\"http:\\\/\\\/cuartetoenlaweb.com.ar\\\/sitio\\\/\",\"logo\":{\"@type\":\"ImageObject\",\"inLanguage\":\"es\",\"@id\":\"http:\\\/\\\/cuartetoenlaweb.com.ar\\\/sitio\\\/#\\\/schema\\\/logo\\\/image\\\/\",\"url\":\"https:\\\/\\\/cuartetoenlaweb.com.ar\\\/sitio\\\/wp-content\\\/uploads\\\/2025\\\/07\\\/cropped-cropped-logitoweb21.png\",\"contentUrl\":\"https:\\\/\\\/cuartetoenlaweb.com.ar\\\/sitio\\\/wp-content\\\/uploads\\\/2025\\\/07\\\/cropped-cropped-logitoweb21.png\",\"width\":199,\"height\":199,\"caption\":\"Cuarteto en la Web\"},\"image\":{\"@id\":\"http:\\\/\\\/cuartetoenlaweb.com.ar\\\/sitio\\\/#\\\/schema\\\/logo\\\/image\\\/\"}}]}<\/script>\n<!-- \/ Yoast SEO plugin. -->","yoast_head_json":{"title":"Lionel Messi despidi\u00f3 a Omar Souto: \u201cTu huella queda para siempre\u201d - Cuarteto en la Web","robots":{"index":"index","follow":"follow","max-snippet":"max-snippet:-1","max-image-preview":"max-image-preview:large","max-video-preview":"max-video-preview:-1"},"canonical":"https:\/\/cuartetoenlaweb.com.ar\/sitio\/lionel-messi-despidio-a-omar-souto-tu-huella-queda-para-siempre\/","og_locale":"es_ES","og_type":"article","og_title":"Lionel Messi despidi\u00f3 a Omar Souto: \u201cTu huella queda para siempre\u201d - Cuarteto en la Web","og_description":"Buenos Aires, 24 noviembre (NA) \u2014 El futbolista Lionel Messi","og_url":"https:\/\/cuartetoenlaweb.com.ar\/sitio\/lionel-messi-despidio-a-omar-souto-tu-huella-queda-para-siempre\/","og_site_name":"Cuarteto en la Web","article_published_time":"2025-11-24T14:59:43+00:00","og_image":[{"width":553,"height":720,"url":"https:\/\/cuartetoenlaweb.com.ar\/sitio\/wp-content\/uploads\/2025\/11\/720-1787.jpeg","type":"image\/jpeg"}],"twitter_card":"summary_large_image","twitter_misc":{"Tiempo de lectura":"2 minutos"},"schema":{"@context":"https:\/\/schema.org","@graph":[{"@type":"Article","@id":"https:\/\/cuartetoenlaweb.com.ar\/sitio\/lionel-messi-despidio-a-omar-souto-tu-huella-queda-para-siempre\/#article","isPartOf":{"@id":"https:\/\/cuartetoenlaweb.com.ar\/sitio\/lionel-messi-despidio-a-omar-souto-tu-huella-queda-para-siempre\/"},"author":{"name":"","@id":""},"headline":"Lionel Messi despidi\u00f3 a Omar Souto: \u201cTu huella queda para siempre\u201d","datePublished":"2025-11-24T14:59:43+00:00","mainEntityOfPage":{"@id":"https:\/\/cuartetoenlaweb.com.ar\/sitio\/lionel-messi-despidio-a-omar-souto-tu-huella-queda-para-siempre\/"},"wordCount":379,"publisher":{"@id":"http:\/\/cuartetoenlaweb.com.ar\/sitio\/#organization"},"image":{"@id":"https:\/\/cuartetoenlaweb.com.ar\/sitio\/lionel-messi-despidio-a-omar-souto-tu-huella-queda-para-siempre\/#primaryimage"},"thumbnailUrl":"https:\/\/cuartetoenlaweb.com.ar\/sitio\/wp-content\/uploads\/2025\/11\/720-1787.jpeg","articleSection":["PAIS"],"inLanguage":"es"},{"@type":"WebPage","@id":"https:\/\/cuartetoenlaweb.com.ar\/sitio\/lionel-messi-despidio-a-omar-souto-tu-huella-queda-para-siempre\/","url":"https:\/\/cuartetoenlaweb.com.ar\/sitio\/lionel-messi-despidio-a-omar-souto-tu-huella-queda-para-siempre\/","name":"Lionel Messi despidi\u00f3 a Omar Souto: \u201cTu huella queda para siempre\u201d - Cuarteto en la Web","isPartOf":{"@id":"http:\/\/cuartetoenlaweb.com.ar\/sitio\/#website"},"primaryImageOfPage":{"@id":"https:\/\/cuartetoenlaweb.com.ar\/sitio\/lionel-messi-despidio-a-omar-souto-tu-huella-queda-para-siempre\/#primaryimage"},"image":{"@id":"https:\/\/cuartetoenlaweb.com.ar\/sitio\/lionel-messi-despidio-a-omar-souto-tu-huella-queda-para-siempre\/#primaryimage"},"thumbnailUrl":"https:\/\/cuartetoenlaweb.com.ar\/sitio\/wp-content\/uploads\/2025\/11\/720-1787.jpeg","datePublished":"2025-11-24T14:59:43+00:00","breadcrumb":{"@id":"https:\/\/cuartetoenlaweb.com.ar\/sitio\/lionel-messi-despidio-a-omar-souto-tu-huella-queda-para-siempre\/#breadcrumb"},"inLanguage":"es","potentialAction":[{"@type":"ReadAction","target":["https:\/\/cuartetoenlaweb.com.ar\/sitio\/lionel-messi-despidio-a-omar-souto-tu-huella-queda-para-siempre\/"]}]},{"@type":"ImageObject","inLanguage":"es","@id":"https:\/\/cuartetoenlaweb.com.ar\/sitio\/lionel-messi-despidio-a-omar-souto-tu-huella-queda-para-siempre\/#primaryimage","url":"https:\/\/cuartetoenlaweb.com.ar\/sitio\/wp-content\/uploads\/2025\/11\/720-1787.jpeg","contentUrl":"https:\/\/cuartetoenlaweb.com.ar\/sitio\/wp-content\/uploads\/2025\/11\/720-1787.jpeg","width":553,"height":720},{"@type":"BreadcrumbList","@id":"https:\/\/cuartetoenlaweb.com.ar\/sitio\/lionel-messi-despidio-a-omar-souto-tu-huella-queda-para-siempre\/#breadcrumb","itemListElement":[{"@type":"ListItem","position":1,"name":"Portada","item":"http:\/\/cuartetoenlaweb.com.ar\/sitio\/"},{"@type":"ListItem","position":2,"name":"Lionel Messi despidi\u00f3 a Omar Souto: \u201cTu huella queda para siempre\u201d"}]},{"@type":"WebSite","@id":"http:\/\/cuartetoenlaweb.com.ar\/sitio\/#website","url":"http:\/\/cuartetoenlaweb.com.ar\/sitio\/","name":"Cuarteto en la Web","description":"","publisher":{"@id":"http:\/\/cuartetoenlaweb.com.ar\/sitio\/#organization"},"potentialAction":[{"@type":"SearchAction","target":{"@type":"EntryPoint","urlTemplate":"http:\/\/cuartetoenlaweb.com.ar\/sitio\/?s={search_term_string}"},"query-input":{"@type":"PropertyValueSpecification","valueRequired":true,"valueName":"search_term_string"}}],"inLanguage":"es"},{"@type":"Organization","@id":"http:\/\/cuartetoenlaweb.com.ar\/sitio\/#organization","name":"Cuarteto en la Web","url":"http:\/\/cuartetoenlaweb.com.ar\/sitio\/","logo":{"@type":"ImageObject","inLanguage":"es","@id":"http:\/\/cuartetoenlaweb.com.ar\/sitio\/#\/schema\/logo\/image\/","url":"https:\/\/cuartetoenlaweb.com.ar\/sitio\/wp-content\/uploads\/2025\/07\/cropped-cropped-logitoweb21.png","contentUrl":"https:\/\/cuartetoenlaweb.com.ar\/sitio\/wp-content\/uploads\/2025\/07\/cropped-cropped-logitoweb21.png","width":199,"height":199,"caption":"Cuarteto en la Web"},"image":{"@id":"http:\/\/cuartetoenlaweb.com.ar\/sitio\/#\/schema\/logo\/image\/"}}]}},"_links":{"self":[{"href":"https:\/\/cuartetoenlaweb.com.ar\/sitio\/wp-json\/wp\/v2\/posts\/6586","targetHints":{"allow":["GET"]}}],"collection":[{"href":"https:\/\/cuartetoenlaweb.com.ar\/sitio\/wp-json\/wp\/v2\/posts"}],"about":[{"href":"https:\/\/cuartetoenlaweb.com.ar\/sitio\/wp-json\/wp\/v2\/types\/post"}],"replies":[{"embeddable":true,"href":"https:\/\/cuartetoenlaweb.com.ar\/sitio\/wp-json\/wp\/v2\/comments?post=6586"}],"version-history":[{"count":0,"href":"https:\/\/cuartetoenlaweb.com.ar\/sitio\/wp-json\/wp\/v2\/posts\/6586\/revisions"}],"wp:featuredmedia":[{"embeddable":true,"href":"https:\/\/cuartetoenlaweb.com.ar\/sitio\/wp-json\/wp\/v2\/media\/6587"}],"wp:attachment":[{"href":"https:\/\/cuartetoenlaweb.com.ar\/sitio\/wp-json\/wp\/v2\/media?parent=6586"}],"wp:term":[{"taxonomy":"category","embeddable":true,"href":"https:\/\/cuartetoenlaweb.com.ar\/sitio\/wp-json\/wp\/v2\/categories?post=6586"},{"taxonomy":"post_tag","embeddable":true,"href":"https:\/\/cuartetoenlaweb.com.ar\/sitio\/wp-json\/wp\/v2\/tags?post=6586"}],"curies":[{"name":"wp","href":"https:\/\/api.w.org\/{rel}","templated":true}]}}