
{"id":6580,"date":"2025-11-24T11:59:35","date_gmt":"2025-11-24T14:59:35","guid":{"rendered":"https:\/\/cuartetoenlaweb.com.ar\/sitio\/mauro-icardi-el-reencuentro-con-sus-hijas-y-el-escandalo-que-lo-envuelve\/"},"modified":"2025-11-24T11:59:35","modified_gmt":"2025-11-24T14:59:35","slug":"mauro-icardi-el-reencuentro-con-sus-hijas-y-el-escandalo-que-lo-envuelve","status":"publish","type":"post","link":"https:\/\/cuartetoenlaweb.com.ar\/sitio\/mauro-icardi-el-reencuentro-con-sus-hijas-y-el-escandalo-que-lo-envuelve\/","title":{"rendered":"Mauro Icardi: el reencuentro con sus hijas y el esc\u00e1ndalo que lo envuelve"},"content":{"rendered":"<p>Buenos Aires, 24 noviembre (NA) \u2013 El futbolista Mauro Icardi volvi\u00f3 a Turqu\u00eda despu\u00e9s de pasar una semana en la Argentina, donde se reencontr\u00f3 con sus hijas Isabella y Francesca tras cinco meses sin verlas y dio una conferencia en la cual respondi\u00f3 todo lo que le preguntaron.<\/p>\n<p>Seg\u00fan supo la Agencia Noticias Argentinas, el delantero volvi\u00f3 al Galatasaray en plena oleada de rumores, pero respondi\u00f3 dentro de la cancha, al ganar 3-2 ante el Gen\u00e7lerbirligi con su equipo<\/p>\n<p>Tras el partido, Icardi dijo acerca de su rendimiento f\u00edsico: \u201cDespu\u00e9s de un par\u00f3n es dif\u00edcil volver y seguir al ritmo de partido cada tres d\u00edas. Volv\u00ed antes de una lesi\u00f3n muy grave. Me siento muy bien f\u00edsicamente, me siento bien con el equipo, me entreno cada d\u00eda de la mejor manera\u201d.<\/p>\n<p>En los \u00faltimos d\u00edas, distintos medios turcos especularon con que Icardi no seguir\u00eda en el club en 2026 y, ante eso, manifest\u00f3: \u201cEntiendo que se hable mucho de m\u00ed, pero como digo siempre, los dejo hablar tranquilos a todos los periodistas y a todos los que quieren comentar en redes sociales\u201d.<\/p>\n<p>Sin que se lo consultaran, Icardi tambi\u00e9n abord\u00f3 los comentarios que surgieron durante su estad\u00eda en Buenos Aires, donde fue fotografiado junto a Eugenia \u201cChina\u201d Su\u00e1rez y tambi\u00e9n tuvo encuentros con sus hijas:<\/p>\n<p>\u201cMi trabajo en Galatasaray siempre lo cumplo, soy un profesional. Voy a aclarar que ten\u00eda un permiso del club para estar con mis hijas, que hac\u00eda cinco meses que no las ve\u00eda\u201d, destac\u00f3.<\/p>\n<p>Finalmente, cerr\u00f3: \u201cNo tengo que darle explicaciones a nadie. Las explicaciones las doy en el campo, como ya hemos visto. Tengo 102 partidos y 70 goles en Galatasaray. No creo que necesite hablar de cosas extrafutbol\u00edsticas\u201d. <\/p>\n<p>#AgenciaNA<\/p>\n","protected":false},"excerpt":{"rendered":"<p>Buenos Aires, 24 noviembre (NA) \u2013 El futbolista Mauro Icardi<\/p>\n","protected":false},"author":0,"featured_media":6581,"comment_status":"","ping_status":"","sticky":false,"template":"","format":"standard","meta":{"footnotes":""},"categories":[65],"tags":[],"class_list":["post-6580","post","type-post","status-publish","format-standard","has-post-thumbnail","hentry","category-pais"],"yoast_head":"<!-- This site is optimized with the Yoast SEO plugin v27.5 - https:\/\/yoast.com\/product\/yoast-seo-wordpress\/ -->\n<title>Mauro Icardi: el reencuentro con sus hijas y el esc\u00e1ndalo que lo envuelve - Cuarteto en la Web<\/title>\n<meta name=\"robots\" content=\"index, follow, max-snippet:-1, max-image-preview:large, max-video-preview:-1\" \/>\n<link rel=\"canonical\" href=\"https:\/\/cuartetoenlaweb.com.ar\/sitio\/mauro-icardi-el-reencuentro-con-sus-hijas-y-el-escandalo-que-lo-envuelve\/\" \/>\n<meta property=\"og:locale\" content=\"es_ES\" \/>\n<meta property=\"og:type\" content=\"article\" \/>\n<meta property=\"og:title\" content=\"Mauro Icardi: el reencuentro con sus hijas y el esc\u00e1ndalo que lo envuelve - Cuarteto en la Web\" \/>\n<meta property=\"og:description\" content=\"Buenos Aires, 24 noviembre (NA) \u2013 El futbolista Mauro Icardi\" \/>\n<meta property=\"og:url\" content=\"https:\/\/cuartetoenlaweb.com.ar\/sitio\/mauro-icardi-el-reencuentro-con-sus-hijas-y-el-escandalo-que-lo-envuelve\/\" \/>\n<meta property=\"og:site_name\" content=\"Cuarteto en la Web\" \/>\n<meta property=\"article:published_time\" content=\"2025-11-24T14:59:35+00:00\" \/>\n<meta property=\"og:image\" content=\"https:\/\/cuartetoenlaweb.com.ar\/sitio\/wp-content\/uploads\/2025\/11\/720-1784.jpeg\" \/>\n\t<meta property=\"og:image:width\" content=\"1280\" \/>\n\t<meta property=\"og:image:height\" content=\"719\" \/>\n\t<meta property=\"og:image:type\" content=\"image\/jpeg\" \/>\n<meta name=\"twitter:card\" content=\"summary_large_image\" \/>\n<meta name=\"twitter:label1\" content=\"Tiempo de lectura\" \/>\n\t<meta name=\"twitter:data1\" content=\"2 minutos\" \/>\n<script type=\"application\/ld+json\" class=\"yoast-schema-graph\">{\"@context\":\"https:\\\/\\\/schema.org\",\"@graph\":[{\"@type\":\"Article\",\"@id\":\"https:\\\/\\\/cuartetoenlaweb.com.ar\\\/sitio\\\/mauro-icardi-el-reencuentro-con-sus-hijas-y-el-escandalo-que-lo-envuelve\\\/#article\",\"isPartOf\":{\"@id\":\"https:\\\/\\\/cuartetoenlaweb.com.ar\\\/sitio\\\/mauro-icardi-el-reencuentro-con-sus-hijas-y-el-escandalo-que-lo-envuelve\\\/\"},\"author\":{\"name\":\"\",\"@id\":\"\"},\"headline\":\"Mauro Icardi: el reencuentro con sus hijas y el esc\u00e1ndalo que lo envuelve\",\"datePublished\":\"2025-11-24T14:59:35+00:00\",\"mainEntityOfPage\":{\"@id\":\"https:\\\/\\\/cuartetoenlaweb.com.ar\\\/sitio\\\/mauro-icardi-el-reencuentro-con-sus-hijas-y-el-escandalo-que-lo-envuelve\\\/\"},\"wordCount\":316,\"publisher\":{\"@id\":\"http:\\\/\\\/cuartetoenlaweb.com.ar\\\/sitio\\\/#organization\"},\"image\":{\"@id\":\"https:\\\/\\\/cuartetoenlaweb.com.ar\\\/sitio\\\/mauro-icardi-el-reencuentro-con-sus-hijas-y-el-escandalo-que-lo-envuelve\\\/#primaryimage\"},\"thumbnailUrl\":\"https:\\\/\\\/cuartetoenlaweb.com.ar\\\/sitio\\\/wp-content\\\/uploads\\\/2025\\\/11\\\/720-1784.jpeg\",\"articleSection\":[\"PAIS\"],\"inLanguage\":\"es\"},{\"@type\":\"WebPage\",\"@id\":\"https:\\\/\\\/cuartetoenlaweb.com.ar\\\/sitio\\\/mauro-icardi-el-reencuentro-con-sus-hijas-y-el-escandalo-que-lo-envuelve\\\/\",\"url\":\"https:\\\/\\\/cuartetoenlaweb.com.ar\\\/sitio\\\/mauro-icardi-el-reencuentro-con-sus-hijas-y-el-escandalo-que-lo-envuelve\\\/\",\"name\":\"Mauro Icardi: el reencuentro con sus hijas y el esc\u00e1ndalo que lo envuelve - Cuarteto en la Web\",\"isPartOf\":{\"@id\":\"http:\\\/\\\/cuartetoenlaweb.com.ar\\\/sitio\\\/#website\"},\"primaryImageOfPage\":{\"@id\":\"https:\\\/\\\/cuartetoenlaweb.com.ar\\\/sitio\\\/mauro-icardi-el-reencuentro-con-sus-hijas-y-el-escandalo-que-lo-envuelve\\\/#primaryimage\"},\"image\":{\"@id\":\"https:\\\/\\\/cuartetoenlaweb.com.ar\\\/sitio\\\/mauro-icardi-el-reencuentro-con-sus-hijas-y-el-escandalo-que-lo-envuelve\\\/#primaryimage\"},\"thumbnailUrl\":\"https:\\\/\\\/cuartetoenlaweb.com.ar\\\/sitio\\\/wp-content\\\/uploads\\\/2025\\\/11\\\/720-1784.jpeg\",\"datePublished\":\"2025-11-24T14:59:35+00:00\",\"breadcrumb\":{\"@id\":\"https:\\\/\\\/cuartetoenlaweb.com.ar\\\/sitio\\\/mauro-icardi-el-reencuentro-con-sus-hijas-y-el-escandalo-que-lo-envuelve\\\/#breadcrumb\"},\"inLanguage\":\"es\",\"potentialAction\":[{\"@type\":\"ReadAction\",\"target\":[\"https:\\\/\\\/cuartetoenlaweb.com.ar\\\/sitio\\\/mauro-icardi-el-reencuentro-con-sus-hijas-y-el-escandalo-que-lo-envuelve\\\/\"]}]},{\"@type\":\"ImageObject\",\"inLanguage\":\"es\",\"@id\":\"https:\\\/\\\/cuartetoenlaweb.com.ar\\\/sitio\\\/mauro-icardi-el-reencuentro-con-sus-hijas-y-el-escandalo-que-lo-envuelve\\\/#primaryimage\",\"url\":\"https:\\\/\\\/cuartetoenlaweb.com.ar\\\/sitio\\\/wp-content\\\/uploads\\\/2025\\\/11\\\/720-1784.jpeg\",\"contentUrl\":\"https:\\\/\\\/cuartetoenlaweb.com.ar\\\/sitio\\\/wp-content\\\/uploads\\\/2025\\\/11\\\/720-1784.jpeg\",\"width\":1280,\"height\":719},{\"@type\":\"BreadcrumbList\",\"@id\":\"https:\\\/\\\/cuartetoenlaweb.com.ar\\\/sitio\\\/mauro-icardi-el-reencuentro-con-sus-hijas-y-el-escandalo-que-lo-envuelve\\\/#breadcrumb\",\"itemListElement\":[{\"@type\":\"ListItem\",\"position\":1,\"name\":\"Portada\",\"item\":\"http:\\\/\\\/cuartetoenlaweb.com.ar\\\/sitio\\\/\"},{\"@type\":\"ListItem\",\"position\":2,\"name\":\"Mauro Icardi: el reencuentro con sus hijas y el esc\u00e1ndalo que lo envuelve\"}]},{\"@type\":\"WebSite\",\"@id\":\"http:\\\/\\\/cuartetoenlaweb.com.ar\\\/sitio\\\/#website\",\"url\":\"http:\\\/\\\/cuartetoenlaweb.com.ar\\\/sitio\\\/\",\"name\":\"Cuarteto en la Web\",\"description\":\"\",\"publisher\":{\"@id\":\"http:\\\/\\\/cuartetoenlaweb.com.ar\\\/sitio\\\/#organization\"},\"potentialAction\":[{\"@type\":\"SearchAction\",\"target\":{\"@type\":\"EntryPoint\",\"urlTemplate\":\"http:\\\/\\\/cuartetoenlaweb.com.ar\\\/sitio\\\/?s={search_term_string}\"},\"query-input\":{\"@type\":\"PropertyValueSpecification\",\"valueRequired\":true,\"valueName\":\"search_term_string\"}}],\"inLanguage\":\"es\"},{\"@type\":\"Organization\",\"@id\":\"http:\\\/\\\/cuartetoenlaweb.com.ar\\\/sitio\\\/#organization\",\"name\":\"Cuarteto en la Web\",\"url\":\"http:\\\/\\\/cuartetoenlaweb.com.ar\\\/sitio\\\/\",\"logo\":{\"@type\":\"ImageObject\",\"inLanguage\":\"es\",\"@id\":\"http:\\\/\\\/cuartetoenlaweb.com.ar\\\/sitio\\\/#\\\/schema\\\/logo\\\/image\\\/\",\"url\":\"https:\\\/\\\/cuartetoenlaweb.com.ar\\\/sitio\\\/wp-content\\\/uploads\\\/2025\\\/07\\\/cropped-cropped-logitoweb21.png\",\"contentUrl\":\"https:\\\/\\\/cuartetoenlaweb.com.ar\\\/sitio\\\/wp-content\\\/uploads\\\/2025\\\/07\\\/cropped-cropped-logitoweb21.png\",\"width\":199,\"height\":199,\"caption\":\"Cuarteto en la Web\"},\"image\":{\"@id\":\"http:\\\/\\\/cuartetoenlaweb.com.ar\\\/sitio\\\/#\\\/schema\\\/logo\\\/image\\\/\"}}]}<\/script>\n<!-- \/ Yoast SEO plugin. -->","yoast_head_json":{"title":"Mauro Icardi: el reencuentro con sus hijas y el esc\u00e1ndalo que lo envuelve - Cuarteto en la Web","robots":{"index":"index","follow":"follow","max-snippet":"max-snippet:-1","max-image-preview":"max-image-preview:large","max-video-preview":"max-video-preview:-1"},"canonical":"https:\/\/cuartetoenlaweb.com.ar\/sitio\/mauro-icardi-el-reencuentro-con-sus-hijas-y-el-escandalo-que-lo-envuelve\/","og_locale":"es_ES","og_type":"article","og_title":"Mauro Icardi: el reencuentro con sus hijas y el esc\u00e1ndalo que lo envuelve - Cuarteto en la Web","og_description":"Buenos Aires, 24 noviembre (NA) \u2013 El futbolista Mauro Icardi","og_url":"https:\/\/cuartetoenlaweb.com.ar\/sitio\/mauro-icardi-el-reencuentro-con-sus-hijas-y-el-escandalo-que-lo-envuelve\/","og_site_name":"Cuarteto en la Web","article_published_time":"2025-11-24T14:59:35+00:00","og_image":[{"width":1280,"height":719,"url":"https:\/\/cuartetoenlaweb.com.ar\/sitio\/wp-content\/uploads\/2025\/11\/720-1784.jpeg","type":"image\/jpeg"}],"twitter_card":"summary_large_image","twitter_misc":{"Tiempo de lectura":"2 minutos"},"schema":{"@context":"https:\/\/schema.org","@graph":[{"@type":"Article","@id":"https:\/\/cuartetoenlaweb.com.ar\/sitio\/mauro-icardi-el-reencuentro-con-sus-hijas-y-el-escandalo-que-lo-envuelve\/#article","isPartOf":{"@id":"https:\/\/cuartetoenlaweb.com.ar\/sitio\/mauro-icardi-el-reencuentro-con-sus-hijas-y-el-escandalo-que-lo-envuelve\/"},"author":{"name":"","@id":""},"headline":"Mauro Icardi: el reencuentro con sus hijas y el esc\u00e1ndalo que lo envuelve","datePublished":"2025-11-24T14:59:35+00:00","mainEntityOfPage":{"@id":"https:\/\/cuartetoenlaweb.com.ar\/sitio\/mauro-icardi-el-reencuentro-con-sus-hijas-y-el-escandalo-que-lo-envuelve\/"},"wordCount":316,"publisher":{"@id":"http:\/\/cuartetoenlaweb.com.ar\/sitio\/#organization"},"image":{"@id":"https:\/\/cuartetoenlaweb.com.ar\/sitio\/mauro-icardi-el-reencuentro-con-sus-hijas-y-el-escandalo-que-lo-envuelve\/#primaryimage"},"thumbnailUrl":"https:\/\/cuartetoenlaweb.com.ar\/sitio\/wp-content\/uploads\/2025\/11\/720-1784.jpeg","articleSection":["PAIS"],"inLanguage":"es"},{"@type":"WebPage","@id":"https:\/\/cuartetoenlaweb.com.ar\/sitio\/mauro-icardi-el-reencuentro-con-sus-hijas-y-el-escandalo-que-lo-envuelve\/","url":"https:\/\/cuartetoenlaweb.com.ar\/sitio\/mauro-icardi-el-reencuentro-con-sus-hijas-y-el-escandalo-que-lo-envuelve\/","name":"Mauro Icardi: el reencuentro con sus hijas y el esc\u00e1ndalo que lo envuelve - Cuarteto en la Web","isPartOf":{"@id":"http:\/\/cuartetoenlaweb.com.ar\/sitio\/#website"},"primaryImageOfPage":{"@id":"https:\/\/cuartetoenlaweb.com.ar\/sitio\/mauro-icardi-el-reencuentro-con-sus-hijas-y-el-escandalo-que-lo-envuelve\/#primaryimage"},"image":{"@id":"https:\/\/cuartetoenlaweb.com.ar\/sitio\/mauro-icardi-el-reencuentro-con-sus-hijas-y-el-escandalo-que-lo-envuelve\/#primaryimage"},"thumbnailUrl":"https:\/\/cuartetoenlaweb.com.ar\/sitio\/wp-content\/uploads\/2025\/11\/720-1784.jpeg","datePublished":"2025-11-24T14:59:35+00:00","breadcrumb":{"@id":"https:\/\/cuartetoenlaweb.com.ar\/sitio\/mauro-icardi-el-reencuentro-con-sus-hijas-y-el-escandalo-que-lo-envuelve\/#breadcrumb"},"inLanguage":"es","potentialAction":[{"@type":"ReadAction","target":["https:\/\/cuartetoenlaweb.com.ar\/sitio\/mauro-icardi-el-reencuentro-con-sus-hijas-y-el-escandalo-que-lo-envuelve\/"]}]},{"@type":"ImageObject","inLanguage":"es","@id":"https:\/\/cuartetoenlaweb.com.ar\/sitio\/mauro-icardi-el-reencuentro-con-sus-hijas-y-el-escandalo-que-lo-envuelve\/#primaryimage","url":"https:\/\/cuartetoenlaweb.com.ar\/sitio\/wp-content\/uploads\/2025\/11\/720-1784.jpeg","contentUrl":"https:\/\/cuartetoenlaweb.com.ar\/sitio\/wp-content\/uploads\/2025\/11\/720-1784.jpeg","width":1280,"height":719},{"@type":"BreadcrumbList","@id":"https:\/\/cuartetoenlaweb.com.ar\/sitio\/mauro-icardi-el-reencuentro-con-sus-hijas-y-el-escandalo-que-lo-envuelve\/#breadcrumb","itemListElement":[{"@type":"ListItem","position":1,"name":"Portada","item":"http:\/\/cuartetoenlaweb.com.ar\/sitio\/"},{"@type":"ListItem","position":2,"name":"Mauro Icardi: el reencuentro con sus hijas y el esc\u00e1ndalo que lo envuelve"}]},{"@type":"WebSite","@id":"http:\/\/cuartetoenlaweb.com.ar\/sitio\/#website","url":"http:\/\/cuartetoenlaweb.com.ar\/sitio\/","name":"Cuarteto en la Web","description":"","publisher":{"@id":"http:\/\/cuartetoenlaweb.com.ar\/sitio\/#organization"},"potentialAction":[{"@type":"SearchAction","target":{"@type":"EntryPoint","urlTemplate":"http:\/\/cuartetoenlaweb.com.ar\/sitio\/?s={search_term_string}"},"query-input":{"@type":"PropertyValueSpecification","valueRequired":true,"valueName":"search_term_string"}}],"inLanguage":"es"},{"@type":"Organization","@id":"http:\/\/cuartetoenlaweb.com.ar\/sitio\/#organization","name":"Cuarteto en la Web","url":"http:\/\/cuartetoenlaweb.com.ar\/sitio\/","logo":{"@type":"ImageObject","inLanguage":"es","@id":"http:\/\/cuartetoenlaweb.com.ar\/sitio\/#\/schema\/logo\/image\/","url":"https:\/\/cuartetoenlaweb.com.ar\/sitio\/wp-content\/uploads\/2025\/07\/cropped-cropped-logitoweb21.png","contentUrl":"https:\/\/cuartetoenlaweb.com.ar\/sitio\/wp-content\/uploads\/2025\/07\/cropped-cropped-logitoweb21.png","width":199,"height":199,"caption":"Cuarteto en la Web"},"image":{"@id":"http:\/\/cuartetoenlaweb.com.ar\/sitio\/#\/schema\/logo\/image\/"}}]}},"_links":{"self":[{"href":"https:\/\/cuartetoenlaweb.com.ar\/sitio\/wp-json\/wp\/v2\/posts\/6580","targetHints":{"allow":["GET"]}}],"collection":[{"href":"https:\/\/cuartetoenlaweb.com.ar\/sitio\/wp-json\/wp\/v2\/posts"}],"about":[{"href":"https:\/\/cuartetoenlaweb.com.ar\/sitio\/wp-json\/wp\/v2\/types\/post"}],"replies":[{"embeddable":true,"href":"https:\/\/cuartetoenlaweb.com.ar\/sitio\/wp-json\/wp\/v2\/comments?post=6580"}],"version-history":[{"count":0,"href":"https:\/\/cuartetoenlaweb.com.ar\/sitio\/wp-json\/wp\/v2\/posts\/6580\/revisions"}],"wp:featuredmedia":[{"embeddable":true,"href":"https:\/\/cuartetoenlaweb.com.ar\/sitio\/wp-json\/wp\/v2\/media\/6581"}],"wp:attachment":[{"href":"https:\/\/cuartetoenlaweb.com.ar\/sitio\/wp-json\/wp\/v2\/media?parent=6580"}],"wp:term":[{"taxonomy":"category","embeddable":true,"href":"https:\/\/cuartetoenlaweb.com.ar\/sitio\/wp-json\/wp\/v2\/categories?post=6580"},{"taxonomy":"post_tag","embeddable":true,"href":"https:\/\/cuartetoenlaweb.com.ar\/sitio\/wp-json\/wp\/v2\/tags?post=6580"}],"curies":[{"name":"wp","href":"https:\/\/api.w.org\/{rel}","templated":true}]}}