
{"id":6578,"date":"2025-11-24T11:59:33","date_gmt":"2025-11-24T14:59:33","guid":{"rendered":"https:\/\/cuartetoenlaweb.com.ar\/sitio\/polemicas-sentencias-de-moria-casan-sobre-lowrdez-fernandez-y-la-vuelta-de-bandana-muy-medicada-hablo-y-se-le-entiende\/"},"modified":"2025-11-24T11:59:33","modified_gmt":"2025-11-24T14:59:33","slug":"polemicas-sentencias-de-moria-casan-sobre-lowrdez-fernandez-y-la-vuelta-de-bandana-muy-medicada-hablo-y-se-le-entiende","status":"publish","type":"post","link":"https:\/\/cuartetoenlaweb.com.ar\/sitio\/polemicas-sentencias-de-moria-casan-sobre-lowrdez-fernandez-y-la-vuelta-de-bandana-muy-medicada-hablo-y-se-le-entiende\/","title":{"rendered":"Pol\u00e9micas sentencias de Moria Cas\u00e1n sobre Lowrdez Fern\u00e1ndez y la vuelta de Bandana: &quot;Muy medicada, \u00bfHabl\u00f3 y se le entiende?&quot;"},"content":{"rendered":"<p>La vuelta de Bandana a los escenarios tras 25 a\u00f1os de ausencia ten\u00eda que ser una fiesta y termin\u00f3 convertida en una sucesi\u00f3n de hechos escandalosos que eclipsaron lo que se anticipaba como uno los hechos art\u00edsticos de la temporada. En virtud de eso, Moria Cas\u00e1n habl\u00f3 en su programa de Canal 13 y dej\u00f3 una serie de frases pol\u00e9micas y un fuerte consejo para las integrantes del grupo.<\/p>\n<p>En el arranque de la emisi\u00f3n del ciclo (fueron en vivo m\u00e1s all\u00e1 del feriado), Moria present\u00f3 uno de los temas del d\u00eda: el regreso de las Bandana, o de 4 de ellas (Lowrdez, Lissa, Valeria y Virginia) ya que la quinta, Ivonne, prefiere seguir su carrera por \u00abotras latitudes musicales\u00bb. Lo primero que le llam\u00f3 la atenci\u00f3n a la diva fue que la tan anunciada vuelta se dio en un show montado por un dj. <\/p>\n<p>Despu\u00e9s, le contaron que hab\u00edan hablado tanto Lowrdez Fern\u00e1ndez como Lissa Vera, protagonistas de los dos \u00abmomentos ruidosos\u00bb que precedieron \u00abla reentr\u00e9\u00bb. Fue all\u00ed que Moria solt\u00f3 amarras y tir\u00f3 una frase que gener\u00f3 reacciones, sobre todo entre sus compa\u00f1eros y en las redes sociales. \u00ab\u00bfHabl\u00f3 Lowrdez? Qu\u00e9 bueno. \u00bfY se le entendi\u00f3? Porque \u00faltimamente est\u00e1 muy medicadita. Muy medicada est\u00e1 es chica\u00bb, tir\u00f3.<\/p>\n<div class=\"mt-box \">\n<h4 class=\"mt-heading\">Mir\u00e1 Tambi\u00e9n<\/h4>\n<p><a href=\"https:\/\/www.paparazzi.com.ar\/teve\/la-terrible-pelea-de-momi-giardina-y-andy-chango-en-masterchef-gritos-y-reclamos\/\"><\/p>\n<div class=\"mt-content\">\n<div class=\"mt-image-container\"><img decoding=\"async\" src=\"https:\/\/www.paparazzi.com.ar\/wp-content\/uploads\/2025\/11\/Momi-Giardina-y-Andy-Chango-359x226.jpg\" alt=\"La terrible pelea de Momi Giardina y Andy Chango en MasterChef: gritos y reclamos\" class=\"mt-image\" loading=\"lazy\" \/><\/div>\n<h5 class=\"mt-title\">La terrible pelea de Momi Giardina y Andy Chango en MasterChef: gritos y reclamos<\/h5>\n<\/div>\n<p><\/a><\/div>\n<p>Pero mientras las chicas del panel (Naza Di Serio, Mar\u00eda Fernanda Callej\u00f3n, Amal\u00eda Diaz Gui\u00f1az\u00fa) celebraron su ocurrencia, la gente llen\u00f3 tuiter con otro tipo de sentencias, en muchos casos cr\u00edticas y en otros con preguntas acerca de si hab\u00eda sido correcta o un tanto desatinada la intervenci\u00f3n de la diva. C\u00f3mo fuera, ella sigui\u00f3 hablando del tema como si nada.<\/p>\n<h2 class=\"wp-block-heading\">POLEMICAS SENETENCIAS DE MORIA CASAN SOBRE LOWRDEZ FERNANDEZ Y LA VUELTA DE BANDANA<\/h2>\n<p>Moria record\u00f3 adem\u00e1s que \u00abel otro d\u00eda fui meme porque la despert\u00e9 a Lissa\u00bb, <a href=\"https:\/\/www.paparazzi.com.ar\/teve\/que-le-pasa-a-lissa-de-bandana-insulto-en-una-nota-y-moria-casan-le-dijo-me-asuste-al-verte-tan-desarreglada\/\">y al recordar el hecho sucedido el viernes (que fue tendencia en las redes sociales<\/a>) y fue en ese momento que \u00abtir\u00f3 un palito\u00bb para las dos y para el resto de las chicas. \u00abTienen que llenar un Movistar, tienen que volver con todo, entonces menos dramas, menos angustia, menos desprolijidades y presentadas m\u00e1s arregladas y en mejor estado. Vamos, que esto es show y que cuidar esos aspectos\u00bb.<\/p>\n<p>Tres semanas atr\u00e1s, el \u00abpa\u00eds farandulero\u00bb se detuvo y qued\u00f3 conmocionado cuando Lowrdez Fern\u00e1ndez literalmente no aparec\u00eda por ning\u00fan lado y su mam\u00e1 tuvo que presentar una denuncia para saber d\u00f3nde estaba. Su novio termin\u00f3 preso y todo indica que la ten\u00eda \u00abencerrada\u00bb, si bien ambos negaron todo. La semana pasada, cuando deb\u00edan presentarse en LAM para promocionar la vuelta, no fueron porque Lissa no estaba en condiciones porque estaba \u00abcon inconvenientes\u00bb que nunca fueron precisados. <\/p>\n<div class=\"mt-box \">\n<h4 class=\"mt-heading\">Mir\u00e1 Tambi\u00e9n<\/h4>\n<p><a href=\"https:\/\/www.paparazzi.com.ar\/romances\/juli-poggio-volvio-de-tailandia-y-revelo-lo-primero-que-hizo-con-su-novio-la-intima-foto\/\"><\/p>\n<div class=\"mt-content\">\n<div class=\"mt-image-container\"><img decoding=\"async\" src=\"https:\/\/www.paparazzi.com.ar\/wp-content\/uploads\/2025\/11\/Juli-Pogio-en-Tailandia-359x226.jpg\" alt=\"Juli Poggio volvi\u00f3 de Tailandia y revel\u00f3 lo primero que hizo con su novio: la \u00edntima foto\" class=\"mt-image\" loading=\"lazy\" \/><\/div>\n<h5 class=\"mt-title\">Juli Poggio volvi\u00f3 de Tailandia y revel\u00f3 lo primero que hizo con su novio: la \u00edntima foto<\/h5>\n<\/div>\n<p><\/a><\/div>\n<div class=\"mt-box \">\n<h4 class=\"mt-heading\">Mir\u00e1 Tambi\u00e9n<\/h4>\n<p><a href=\"https:\/\/www.paparazzi.com.ar\/romances\/la-china-suarez-festejo-el-gol-de-mauro-icardi-y-el-galatasaray-exploto-que-le-gritaron-los-hinchas\/\"><\/p>\n<div class=\"mt-content\">\n<div class=\"mt-image-container\"><img decoding=\"async\" src=\"https:\/\/www.paparazzi.com.ar\/wp-content\/uploads\/2025\/11\/China-Suarez-Mauro-Icardi-Galatasaray-359x226.jpg\" alt=\"La China Su\u00e1rez festej\u00f3 el gol de Mauro Icardi y el Galatasaray explot\u00f3: qu\u00e9 le gritaron los hinchas\" class=\"mt-image\" loading=\"lazy\" \/><\/div>\n<h5 class=\"mt-title\">La China Su\u00e1rez festej\u00f3 el gol de Mauro Icardi y el Galatasaray explot\u00f3: qu\u00e9 le gritaron los hinchas<\/h5>\n<\/div>\n<p><\/a><\/div>\n<\/p>\n<p>The post <a href=\"https:\/\/www.paparazzi.com.ar\/teve\/polemicas-sentencias-de-moria-casan-sobre-lowrdez-fernandez-y-la-vuelta-de-bandana-muy-medicada-hablo-y-se-le-entiende\/\">Pol\u00e9micas sentencias de Moria Cas\u00e1n sobre Lowrdez Fern\u00e1ndez y la vuelta de Bandana: &quot;Muy medicada, \u00bfHabl\u00f3 y se le entiende?&quot;<\/a> appeared first on <a href=\"https:\/\/www.paparazzi.com.ar\">Revista Paparazzi<\/a>.<\/p>\n","protected":false},"excerpt":{"rendered":"<p>La vuelta de Bandana a los escenarios tras 25 a\u00f1os<\/p>\n","protected":false},"author":0,"featured_media":6579,"comment_status":"","ping_status":"","sticky":false,"template":"","format":"standard","meta":{"footnotes":""},"categories":[12],"tags":[],"class_list":["post-6578","post","type-post","status-publish","format-standard","has-post-thumbnail","hentry","category-espectaculo"],"yoast_head":"<!-- This site is optimized with the Yoast SEO plugin v27.5 - https:\/\/yoast.com\/product\/yoast-seo-wordpress\/ -->\n<title>Pol\u00e9micas sentencias de Moria Cas\u00e1n sobre Lowrdez Fern\u00e1ndez y la vuelta de Bandana: &quot;Muy medicada, \u00bfHabl\u00f3 y se le entiende?&quot; - Cuarteto en la Web<\/title>\n<meta name=\"robots\" content=\"index, follow, max-snippet:-1, max-image-preview:large, max-video-preview:-1\" \/>\n<link rel=\"canonical\" href=\"https:\/\/cuartetoenlaweb.com.ar\/sitio\/polemicas-sentencias-de-moria-casan-sobre-lowrdez-fernandez-y-la-vuelta-de-bandana-muy-medicada-hablo-y-se-le-entiende\/\" \/>\n<meta property=\"og:locale\" content=\"es_ES\" \/>\n<meta property=\"og:type\" content=\"article\" \/>\n<meta property=\"og:title\" content=\"Pol\u00e9micas sentencias de Moria Cas\u00e1n sobre Lowrdez Fern\u00e1ndez y la vuelta de Bandana: &quot;Muy medicada, \u00bfHabl\u00f3 y se le entiende?&quot; - Cuarteto en la Web\" \/>\n<meta property=\"og:description\" content=\"La vuelta de Bandana a los escenarios tras 25 a\u00f1os\" \/>\n<meta property=\"og:url\" content=\"https:\/\/cuartetoenlaweb.com.ar\/sitio\/polemicas-sentencias-de-moria-casan-sobre-lowrdez-fernandez-y-la-vuelta-de-bandana-muy-medicada-hablo-y-se-le-entiende\/\" \/>\n<meta property=\"og:site_name\" content=\"Cuarteto en la Web\" \/>\n<meta property=\"article:published_time\" content=\"2025-11-24T14:59:33+00:00\" \/>\n<meta property=\"og:image\" content=\"https:\/\/cuartetoenlaweb.com.ar\/sitio\/wp-content\/uploads\/2025\/11\/Momi-Giardina-y-Andy-Chango-359x226-1.jpg\" \/>\n\t<meta property=\"og:image:width\" content=\"359\" \/>\n\t<meta property=\"og:image:height\" content=\"226\" \/>\n\t<meta property=\"og:image:type\" content=\"image\/jpeg\" \/>\n<meta name=\"twitter:card\" content=\"summary_large_image\" \/>\n<meta name=\"twitter:label1\" content=\"Tiempo de lectura\" \/>\n\t<meta name=\"twitter:data1\" content=\"3 minutos\" \/>\n<script type=\"application\/ld+json\" class=\"yoast-schema-graph\">{\"@context\":\"https:\\\/\\\/schema.org\",\"@graph\":[{\"@type\":\"Article\",\"@id\":\"https:\\\/\\\/cuartetoenlaweb.com.ar\\\/sitio\\\/polemicas-sentencias-de-moria-casan-sobre-lowrdez-fernandez-y-la-vuelta-de-bandana-muy-medicada-hablo-y-se-le-entiende\\\/#article\",\"isPartOf\":{\"@id\":\"https:\\\/\\\/cuartetoenlaweb.com.ar\\\/sitio\\\/polemicas-sentencias-de-moria-casan-sobre-lowrdez-fernandez-y-la-vuelta-de-bandana-muy-medicada-hablo-y-se-le-entiende\\\/\"},\"author\":{\"name\":\"\",\"@id\":\"\"},\"headline\":\"Pol\u00e9micas sentencias de Moria Cas\u00e1n sobre Lowrdez Fern\u00e1ndez y la vuelta de Bandana: &quot;Muy medicada, \u00bfHabl\u00f3 y se le entiende?&quot;\",\"datePublished\":\"2025-11-24T14:59:33+00:00\",\"mainEntityOfPage\":{\"@id\":\"https:\\\/\\\/cuartetoenlaweb.com.ar\\\/sitio\\\/polemicas-sentencias-de-moria-casan-sobre-lowrdez-fernandez-y-la-vuelta-de-bandana-muy-medicada-hablo-y-se-le-entiende\\\/\"},\"wordCount\":588,\"publisher\":{\"@id\":\"http:\\\/\\\/cuartetoenlaweb.com.ar\\\/sitio\\\/#organization\"},\"image\":{\"@id\":\"https:\\\/\\\/cuartetoenlaweb.com.ar\\\/sitio\\\/polemicas-sentencias-de-moria-casan-sobre-lowrdez-fernandez-y-la-vuelta-de-bandana-muy-medicada-hablo-y-se-le-entiende\\\/#primaryimage\"},\"thumbnailUrl\":\"https:\\\/\\\/cuartetoenlaweb.com.ar\\\/sitio\\\/wp-content\\\/uploads\\\/2025\\\/11\\\/Momi-Giardina-y-Andy-Chango-359x226-1.jpg\",\"articleSection\":[\"ESPECT\u00c1CULO\"],\"inLanguage\":\"es\"},{\"@type\":\"WebPage\",\"@id\":\"https:\\\/\\\/cuartetoenlaweb.com.ar\\\/sitio\\\/polemicas-sentencias-de-moria-casan-sobre-lowrdez-fernandez-y-la-vuelta-de-bandana-muy-medicada-hablo-y-se-le-entiende\\\/\",\"url\":\"https:\\\/\\\/cuartetoenlaweb.com.ar\\\/sitio\\\/polemicas-sentencias-de-moria-casan-sobre-lowrdez-fernandez-y-la-vuelta-de-bandana-muy-medicada-hablo-y-se-le-entiende\\\/\",\"name\":\"Pol\u00e9micas sentencias de Moria Cas\u00e1n sobre Lowrdez Fern\u00e1ndez y la vuelta de Bandana: &quot;Muy medicada, \u00bfHabl\u00f3 y se le entiende?&quot; - Cuarteto en la Web\",\"isPartOf\":{\"@id\":\"http:\\\/\\\/cuartetoenlaweb.com.ar\\\/sitio\\\/#website\"},\"primaryImageOfPage\":{\"@id\":\"https:\\\/\\\/cuartetoenlaweb.com.ar\\\/sitio\\\/polemicas-sentencias-de-moria-casan-sobre-lowrdez-fernandez-y-la-vuelta-de-bandana-muy-medicada-hablo-y-se-le-entiende\\\/#primaryimage\"},\"image\":{\"@id\":\"https:\\\/\\\/cuartetoenlaweb.com.ar\\\/sitio\\\/polemicas-sentencias-de-moria-casan-sobre-lowrdez-fernandez-y-la-vuelta-de-bandana-muy-medicada-hablo-y-se-le-entiende\\\/#primaryimage\"},\"thumbnailUrl\":\"https:\\\/\\\/cuartetoenlaweb.com.ar\\\/sitio\\\/wp-content\\\/uploads\\\/2025\\\/11\\\/Momi-Giardina-y-Andy-Chango-359x226-1.jpg\",\"datePublished\":\"2025-11-24T14:59:33+00:00\",\"breadcrumb\":{\"@id\":\"https:\\\/\\\/cuartetoenlaweb.com.ar\\\/sitio\\\/polemicas-sentencias-de-moria-casan-sobre-lowrdez-fernandez-y-la-vuelta-de-bandana-muy-medicada-hablo-y-se-le-entiende\\\/#breadcrumb\"},\"inLanguage\":\"es\",\"potentialAction\":[{\"@type\":\"ReadAction\",\"target\":[\"https:\\\/\\\/cuartetoenlaweb.com.ar\\\/sitio\\\/polemicas-sentencias-de-moria-casan-sobre-lowrdez-fernandez-y-la-vuelta-de-bandana-muy-medicada-hablo-y-se-le-entiende\\\/\"]}]},{\"@type\":\"ImageObject\",\"inLanguage\":\"es\",\"@id\":\"https:\\\/\\\/cuartetoenlaweb.com.ar\\\/sitio\\\/polemicas-sentencias-de-moria-casan-sobre-lowrdez-fernandez-y-la-vuelta-de-bandana-muy-medicada-hablo-y-se-le-entiende\\\/#primaryimage\",\"url\":\"https:\\\/\\\/cuartetoenlaweb.com.ar\\\/sitio\\\/wp-content\\\/uploads\\\/2025\\\/11\\\/Momi-Giardina-y-Andy-Chango-359x226-1.jpg\",\"contentUrl\":\"https:\\\/\\\/cuartetoenlaweb.com.ar\\\/sitio\\\/wp-content\\\/uploads\\\/2025\\\/11\\\/Momi-Giardina-y-Andy-Chango-359x226-1.jpg\",\"width\":359,\"height\":226},{\"@type\":\"BreadcrumbList\",\"@id\":\"https:\\\/\\\/cuartetoenlaweb.com.ar\\\/sitio\\\/polemicas-sentencias-de-moria-casan-sobre-lowrdez-fernandez-y-la-vuelta-de-bandana-muy-medicada-hablo-y-se-le-entiende\\\/#breadcrumb\",\"itemListElement\":[{\"@type\":\"ListItem\",\"position\":1,\"name\":\"Portada\",\"item\":\"http:\\\/\\\/cuartetoenlaweb.com.ar\\\/sitio\\\/\"},{\"@type\":\"ListItem\",\"position\":2,\"name\":\"Pol\u00e9micas sentencias de Moria Cas\u00e1n sobre Lowrdez Fern\u00e1ndez y la vuelta de Bandana: &quot;Muy medicada, \u00bfHabl\u00f3 y se le entiende?&quot;\"}]},{\"@type\":\"WebSite\",\"@id\":\"http:\\\/\\\/cuartetoenlaweb.com.ar\\\/sitio\\\/#website\",\"url\":\"http:\\\/\\\/cuartetoenlaweb.com.ar\\\/sitio\\\/\",\"name\":\"Cuarteto en la Web\",\"description\":\"\",\"publisher\":{\"@id\":\"http:\\\/\\\/cuartetoenlaweb.com.ar\\\/sitio\\\/#organization\"},\"potentialAction\":[{\"@type\":\"SearchAction\",\"target\":{\"@type\":\"EntryPoint\",\"urlTemplate\":\"http:\\\/\\\/cuartetoenlaweb.com.ar\\\/sitio\\\/?s={search_term_string}\"},\"query-input\":{\"@type\":\"PropertyValueSpecification\",\"valueRequired\":true,\"valueName\":\"search_term_string\"}}],\"inLanguage\":\"es\"},{\"@type\":\"Organization\",\"@id\":\"http:\\\/\\\/cuartetoenlaweb.com.ar\\\/sitio\\\/#organization\",\"name\":\"Cuarteto en la Web\",\"url\":\"http:\\\/\\\/cuartetoenlaweb.com.ar\\\/sitio\\\/\",\"logo\":{\"@type\":\"ImageObject\",\"inLanguage\":\"es\",\"@id\":\"http:\\\/\\\/cuartetoenlaweb.com.ar\\\/sitio\\\/#\\\/schema\\\/logo\\\/image\\\/\",\"url\":\"https:\\\/\\\/cuartetoenlaweb.com.ar\\\/sitio\\\/wp-content\\\/uploads\\\/2025\\\/07\\\/cropped-cropped-logitoweb21.png\",\"contentUrl\":\"https:\\\/\\\/cuartetoenlaweb.com.ar\\\/sitio\\\/wp-content\\\/uploads\\\/2025\\\/07\\\/cropped-cropped-logitoweb21.png\",\"width\":199,\"height\":199,\"caption\":\"Cuarteto en la Web\"},\"image\":{\"@id\":\"http:\\\/\\\/cuartetoenlaweb.com.ar\\\/sitio\\\/#\\\/schema\\\/logo\\\/image\\\/\"}}]}<\/script>\n<!-- \/ Yoast SEO plugin. -->","yoast_head_json":{"title":"Pol\u00e9micas sentencias de Moria Cas\u00e1n sobre Lowrdez Fern\u00e1ndez y la vuelta de Bandana: &quot;Muy medicada, \u00bfHabl\u00f3 y se le entiende?&quot; - Cuarteto en la Web","robots":{"index":"index","follow":"follow","max-snippet":"max-snippet:-1","max-image-preview":"max-image-preview:large","max-video-preview":"max-video-preview:-1"},"canonical":"https:\/\/cuartetoenlaweb.com.ar\/sitio\/polemicas-sentencias-de-moria-casan-sobre-lowrdez-fernandez-y-la-vuelta-de-bandana-muy-medicada-hablo-y-se-le-entiende\/","og_locale":"es_ES","og_type":"article","og_title":"Pol\u00e9micas sentencias de Moria Cas\u00e1n sobre Lowrdez Fern\u00e1ndez y la vuelta de Bandana: &quot;Muy medicada, \u00bfHabl\u00f3 y se le entiende?&quot; - Cuarteto en la Web","og_description":"La vuelta de Bandana a los escenarios tras 25 a\u00f1os","og_url":"https:\/\/cuartetoenlaweb.com.ar\/sitio\/polemicas-sentencias-de-moria-casan-sobre-lowrdez-fernandez-y-la-vuelta-de-bandana-muy-medicada-hablo-y-se-le-entiende\/","og_site_name":"Cuarteto en la Web","article_published_time":"2025-11-24T14:59:33+00:00","og_image":[{"width":359,"height":226,"url":"https:\/\/cuartetoenlaweb.com.ar\/sitio\/wp-content\/uploads\/2025\/11\/Momi-Giardina-y-Andy-Chango-359x226-1.jpg","type":"image\/jpeg"}],"twitter_card":"summary_large_image","twitter_misc":{"Tiempo de lectura":"3 minutos"},"schema":{"@context":"https:\/\/schema.org","@graph":[{"@type":"Article","@id":"https:\/\/cuartetoenlaweb.com.ar\/sitio\/polemicas-sentencias-de-moria-casan-sobre-lowrdez-fernandez-y-la-vuelta-de-bandana-muy-medicada-hablo-y-se-le-entiende\/#article","isPartOf":{"@id":"https:\/\/cuartetoenlaweb.com.ar\/sitio\/polemicas-sentencias-de-moria-casan-sobre-lowrdez-fernandez-y-la-vuelta-de-bandana-muy-medicada-hablo-y-se-le-entiende\/"},"author":{"name":"","@id":""},"headline":"Pol\u00e9micas sentencias de Moria Cas\u00e1n sobre Lowrdez Fern\u00e1ndez y la vuelta de Bandana: &quot;Muy medicada, \u00bfHabl\u00f3 y se le entiende?&quot;","datePublished":"2025-11-24T14:59:33+00:00","mainEntityOfPage":{"@id":"https:\/\/cuartetoenlaweb.com.ar\/sitio\/polemicas-sentencias-de-moria-casan-sobre-lowrdez-fernandez-y-la-vuelta-de-bandana-muy-medicada-hablo-y-se-le-entiende\/"},"wordCount":588,"publisher":{"@id":"http:\/\/cuartetoenlaweb.com.ar\/sitio\/#organization"},"image":{"@id":"https:\/\/cuartetoenlaweb.com.ar\/sitio\/polemicas-sentencias-de-moria-casan-sobre-lowrdez-fernandez-y-la-vuelta-de-bandana-muy-medicada-hablo-y-se-le-entiende\/#primaryimage"},"thumbnailUrl":"https:\/\/cuartetoenlaweb.com.ar\/sitio\/wp-content\/uploads\/2025\/11\/Momi-Giardina-y-Andy-Chango-359x226-1.jpg","articleSection":["ESPECT\u00c1CULO"],"inLanguage":"es"},{"@type":"WebPage","@id":"https:\/\/cuartetoenlaweb.com.ar\/sitio\/polemicas-sentencias-de-moria-casan-sobre-lowrdez-fernandez-y-la-vuelta-de-bandana-muy-medicada-hablo-y-se-le-entiende\/","url":"https:\/\/cuartetoenlaweb.com.ar\/sitio\/polemicas-sentencias-de-moria-casan-sobre-lowrdez-fernandez-y-la-vuelta-de-bandana-muy-medicada-hablo-y-se-le-entiende\/","name":"Pol\u00e9micas sentencias de Moria Cas\u00e1n sobre Lowrdez Fern\u00e1ndez y la vuelta de Bandana: &quot;Muy medicada, \u00bfHabl\u00f3 y se le entiende?&quot; - Cuarteto en la Web","isPartOf":{"@id":"http:\/\/cuartetoenlaweb.com.ar\/sitio\/#website"},"primaryImageOfPage":{"@id":"https:\/\/cuartetoenlaweb.com.ar\/sitio\/polemicas-sentencias-de-moria-casan-sobre-lowrdez-fernandez-y-la-vuelta-de-bandana-muy-medicada-hablo-y-se-le-entiende\/#primaryimage"},"image":{"@id":"https:\/\/cuartetoenlaweb.com.ar\/sitio\/polemicas-sentencias-de-moria-casan-sobre-lowrdez-fernandez-y-la-vuelta-de-bandana-muy-medicada-hablo-y-se-le-entiende\/#primaryimage"},"thumbnailUrl":"https:\/\/cuartetoenlaweb.com.ar\/sitio\/wp-content\/uploads\/2025\/11\/Momi-Giardina-y-Andy-Chango-359x226-1.jpg","datePublished":"2025-11-24T14:59:33+00:00","breadcrumb":{"@id":"https:\/\/cuartetoenlaweb.com.ar\/sitio\/polemicas-sentencias-de-moria-casan-sobre-lowrdez-fernandez-y-la-vuelta-de-bandana-muy-medicada-hablo-y-se-le-entiende\/#breadcrumb"},"inLanguage":"es","potentialAction":[{"@type":"ReadAction","target":["https:\/\/cuartetoenlaweb.com.ar\/sitio\/polemicas-sentencias-de-moria-casan-sobre-lowrdez-fernandez-y-la-vuelta-de-bandana-muy-medicada-hablo-y-se-le-entiende\/"]}]},{"@type":"ImageObject","inLanguage":"es","@id":"https:\/\/cuartetoenlaweb.com.ar\/sitio\/polemicas-sentencias-de-moria-casan-sobre-lowrdez-fernandez-y-la-vuelta-de-bandana-muy-medicada-hablo-y-se-le-entiende\/#primaryimage","url":"https:\/\/cuartetoenlaweb.com.ar\/sitio\/wp-content\/uploads\/2025\/11\/Momi-Giardina-y-Andy-Chango-359x226-1.jpg","contentUrl":"https:\/\/cuartetoenlaweb.com.ar\/sitio\/wp-content\/uploads\/2025\/11\/Momi-Giardina-y-Andy-Chango-359x226-1.jpg","width":359,"height":226},{"@type":"BreadcrumbList","@id":"https:\/\/cuartetoenlaweb.com.ar\/sitio\/polemicas-sentencias-de-moria-casan-sobre-lowrdez-fernandez-y-la-vuelta-de-bandana-muy-medicada-hablo-y-se-le-entiende\/#breadcrumb","itemListElement":[{"@type":"ListItem","position":1,"name":"Portada","item":"http:\/\/cuartetoenlaweb.com.ar\/sitio\/"},{"@type":"ListItem","position":2,"name":"Pol\u00e9micas sentencias de Moria Cas\u00e1n sobre Lowrdez Fern\u00e1ndez y la vuelta de Bandana: &quot;Muy medicada, \u00bfHabl\u00f3 y se le entiende?&quot;"}]},{"@type":"WebSite","@id":"http:\/\/cuartetoenlaweb.com.ar\/sitio\/#website","url":"http:\/\/cuartetoenlaweb.com.ar\/sitio\/","name":"Cuarteto en la Web","description":"","publisher":{"@id":"http:\/\/cuartetoenlaweb.com.ar\/sitio\/#organization"},"potentialAction":[{"@type":"SearchAction","target":{"@type":"EntryPoint","urlTemplate":"http:\/\/cuartetoenlaweb.com.ar\/sitio\/?s={search_term_string}"},"query-input":{"@type":"PropertyValueSpecification","valueRequired":true,"valueName":"search_term_string"}}],"inLanguage":"es"},{"@type":"Organization","@id":"http:\/\/cuartetoenlaweb.com.ar\/sitio\/#organization","name":"Cuarteto en la Web","url":"http:\/\/cuartetoenlaweb.com.ar\/sitio\/","logo":{"@type":"ImageObject","inLanguage":"es","@id":"http:\/\/cuartetoenlaweb.com.ar\/sitio\/#\/schema\/logo\/image\/","url":"https:\/\/cuartetoenlaweb.com.ar\/sitio\/wp-content\/uploads\/2025\/07\/cropped-cropped-logitoweb21.png","contentUrl":"https:\/\/cuartetoenlaweb.com.ar\/sitio\/wp-content\/uploads\/2025\/07\/cropped-cropped-logitoweb21.png","width":199,"height":199,"caption":"Cuarteto en la Web"},"image":{"@id":"http:\/\/cuartetoenlaweb.com.ar\/sitio\/#\/schema\/logo\/image\/"}}]}},"_links":{"self":[{"href":"https:\/\/cuartetoenlaweb.com.ar\/sitio\/wp-json\/wp\/v2\/posts\/6578","targetHints":{"allow":["GET"]}}],"collection":[{"href":"https:\/\/cuartetoenlaweb.com.ar\/sitio\/wp-json\/wp\/v2\/posts"}],"about":[{"href":"https:\/\/cuartetoenlaweb.com.ar\/sitio\/wp-json\/wp\/v2\/types\/post"}],"replies":[{"embeddable":true,"href":"https:\/\/cuartetoenlaweb.com.ar\/sitio\/wp-json\/wp\/v2\/comments?post=6578"}],"version-history":[{"count":0,"href":"https:\/\/cuartetoenlaweb.com.ar\/sitio\/wp-json\/wp\/v2\/posts\/6578\/revisions"}],"wp:featuredmedia":[{"embeddable":true,"href":"https:\/\/cuartetoenlaweb.com.ar\/sitio\/wp-json\/wp\/v2\/media\/6579"}],"wp:attachment":[{"href":"https:\/\/cuartetoenlaweb.com.ar\/sitio\/wp-json\/wp\/v2\/media?parent=6578"}],"wp:term":[{"taxonomy":"category","embeddable":true,"href":"https:\/\/cuartetoenlaweb.com.ar\/sitio\/wp-json\/wp\/v2\/categories?post=6578"},{"taxonomy":"post_tag","embeddable":true,"href":"https:\/\/cuartetoenlaweb.com.ar\/sitio\/wp-json\/wp\/v2\/tags?post=6578"}],"curies":[{"name":"wp","href":"https:\/\/api.w.org\/{rel}","templated":true}]}}