
{"id":5227,"date":"2025-11-18T20:00:23","date_gmt":"2025-11-18T23:00:23","guid":{"rendered":"https:\/\/cuartetoenlaweb.com.ar\/sitio\/corte-suprema-dejo-firme-la-condena-a-romina-picolotti\/"},"modified":"2025-11-18T20:00:23","modified_gmt":"2025-11-18T23:00:23","slug":"corte-suprema-dejo-firme-la-condena-a-romina-picolotti","status":"publish","type":"post","link":"https:\/\/cuartetoenlaweb.com.ar\/sitio\/corte-suprema-dejo-firme-la-condena-a-romina-picolotti\/","title":{"rendered":"Corte Suprema dej\u00f3 firme la condena a Romina Picolotti"},"content":{"rendered":"<p>Buenos Aires, 18 noviembre de 2025 (NA) \u2013 La Corte Suprema de Justicia dej\u00f3 firme la condena a tres a\u00f1os de prisi\u00f3n en suspenso contra la ex secretaria de Ambiente y Desarrollo Sustentable de la Naci\u00f3n Romina Picolotti por defraudaci\u00f3n en perjuicio de la administraci\u00f3n p\u00fablica, al considerar extempor\u00e1nea la presentaci\u00f3n realizada por su defensa.<\/p>\n<p>Los jueces Horacio Rosatti, Carlos Rosenkrantz y Ricardo Lorenzetti rechazaron el planteo y confirmaron as\u00ed la sentencia que tambi\u00e9n incluye la inhabilitaci\u00f3n de por vida para ejercer cargos p\u00fablicos, dictada por el Tribunal Oral Federal 6 en 2021 y ratificada por la C\u00e1mara Federal de Casaci\u00f3n Penal en 2023.<\/p>\n<p>Seg\u00fan pudo confirmar la Agencia Noticias Argentinas, durante el juicio se tuvo por acreditado que Picolotti, mientras estuvo al frente de la Secretar\u00eda de Ambiente entre 2006 y 2007, utiliz\u00f3 fondos p\u00fablicos para gastos personales y de familiares, entre ellos comidas, pasajes a\u00e9reos, flores, productos de farmacia, carga de combustible, lavado de autos, servicios de lavander\u00eda, alimento para mascotas y hasta compras en locales de regalos y art\u00edculos arom\u00e1ticos.<\/p>\n<p>Seg\u00fan el expediente, tambi\u00e9n se detectaron pagos de almuerzos casi diarios sin justificaci\u00f3n, vuelos ch\u00e1rter y pasajes para allegados sin v\u00ednculo con el organismo. Incluso se incorpor\u00f3 un ticket de un bar atendido por mujeres semidesnudas con la leyenda \u201cMuchas gracias\u201d, adem\u00e1s de compras destinadas a cumplea\u00f1os de familiares.<\/p>\n<p>El fiscal Diego Luciani, al alegar, sostuvo que existi\u00f3 \u201cun manejo absolutamente irregular\u201d de los fondos p\u00fablicos y lo calific\u00f3 como \u201cun verdadero fraude en el ejercicio de la funci\u00f3n p\u00fablica\u201d, por lo que hab\u00eda solicitado tres a\u00f1os y nueve meses de prisi\u00f3n. La ex funcionaria sigui\u00f3 el proceso desde Estados Unidos, donde reside.<\/p>\n<p>Picolotti neg\u00f3 durante toda la causa la existencia de delito y reclam\u00f3 su absoluci\u00f3n. No obstante, la condena qued\u00f3 firme y, una vez ejecutada, deber\u00e1 devolver al Estado casi siete millones de pesos actualizados, monto que se calcul\u00f3 como el perjuicio ocasionado y que fue fijado tambi\u00e9n como fianza por los jueces del Tribunal Oral Federal 6. #AgenciaNA<\/p>\n","protected":false},"excerpt":{"rendered":"<p>Buenos Aires, 18 noviembre de 2025 (NA) \u2013 La Corte<\/p>\n","protected":false},"author":0,"featured_media":5228,"comment_status":"","ping_status":"","sticky":false,"template":"","format":"standard","meta":{"footnotes":""},"categories":[65],"tags":[],"class_list":["post-5227","post","type-post","status-publish","format-standard","has-post-thumbnail","hentry","category-pais"],"yoast_head":"<!-- This site is optimized with the Yoast SEO plugin v27.5 - https:\/\/yoast.com\/product\/yoast-seo-wordpress\/ -->\n<title>Corte Suprema dej\u00f3 firme la condena a Romina Picolotti - Cuarteto en la Web<\/title>\n<meta name=\"robots\" content=\"index, follow, max-snippet:-1, max-image-preview:large, max-video-preview:-1\" \/>\n<link rel=\"canonical\" href=\"https:\/\/cuartetoenlaweb.com.ar\/sitio\/corte-suprema-dejo-firme-la-condena-a-romina-picolotti\/\" \/>\n<meta property=\"og:locale\" content=\"es_ES\" \/>\n<meta property=\"og:type\" content=\"article\" \/>\n<meta property=\"og:title\" content=\"Corte Suprema dej\u00f3 firme la condena a Romina Picolotti - Cuarteto en la Web\" \/>\n<meta property=\"og:description\" content=\"Buenos Aires, 18 noviembre de 2025 (NA) \u2013 La Corte\" \/>\n<meta property=\"og:url\" content=\"https:\/\/cuartetoenlaweb.com.ar\/sitio\/corte-suprema-dejo-firme-la-condena-a-romina-picolotti\/\" \/>\n<meta property=\"og:site_name\" content=\"Cuarteto en la Web\" \/>\n<meta property=\"article:published_time\" content=\"2025-11-18T23:00:23+00:00\" \/>\n<meta property=\"og:image\" content=\"https:\/\/cuartetoenlaweb.com.ar\/sitio\/wp-content\/uploads\/2025\/11\/image-51.jpg\" \/>\n\t<meta property=\"og:image:width\" content=\"1024\" \/>\n\t<meta property=\"og:image:height\" content=\"779\" \/>\n\t<meta property=\"og:image:type\" content=\"image\/jpeg\" \/>\n<meta name=\"twitter:card\" content=\"summary_large_image\" \/>\n<meta name=\"twitter:label1\" content=\"Tiempo de lectura\" \/>\n\t<meta name=\"twitter:data1\" content=\"2 minutos\" \/>\n<script type=\"application\/ld+json\" class=\"yoast-schema-graph\">{\"@context\":\"https:\\\/\\\/schema.org\",\"@graph\":[{\"@type\":\"Article\",\"@id\":\"https:\\\/\\\/cuartetoenlaweb.com.ar\\\/sitio\\\/corte-suprema-dejo-firme-la-condena-a-romina-picolotti\\\/#article\",\"isPartOf\":{\"@id\":\"https:\\\/\\\/cuartetoenlaweb.com.ar\\\/sitio\\\/corte-suprema-dejo-firme-la-condena-a-romina-picolotti\\\/\"},\"author\":{\"name\":\"\",\"@id\":\"\"},\"headline\":\"Corte Suprema dej\u00f3 firme la condena a Romina Picolotti\",\"datePublished\":\"2025-11-18T23:00:23+00:00\",\"mainEntityOfPage\":{\"@id\":\"https:\\\/\\\/cuartetoenlaweb.com.ar\\\/sitio\\\/corte-suprema-dejo-firme-la-condena-a-romina-picolotti\\\/\"},\"wordCount\":369,\"publisher\":{\"@id\":\"http:\\\/\\\/cuartetoenlaweb.com.ar\\\/sitio\\\/#organization\"},\"image\":{\"@id\":\"https:\\\/\\\/cuartetoenlaweb.com.ar\\\/sitio\\\/corte-suprema-dejo-firme-la-condena-a-romina-picolotti\\\/#primaryimage\"},\"thumbnailUrl\":\"https:\\\/\\\/cuartetoenlaweb.com.ar\\\/sitio\\\/wp-content\\\/uploads\\\/2025\\\/11\\\/image-51.jpg\",\"articleSection\":[\"PAIS\"],\"inLanguage\":\"es\"},{\"@type\":\"WebPage\",\"@id\":\"https:\\\/\\\/cuartetoenlaweb.com.ar\\\/sitio\\\/corte-suprema-dejo-firme-la-condena-a-romina-picolotti\\\/\",\"url\":\"https:\\\/\\\/cuartetoenlaweb.com.ar\\\/sitio\\\/corte-suprema-dejo-firme-la-condena-a-romina-picolotti\\\/\",\"name\":\"Corte Suprema dej\u00f3 firme la condena a Romina Picolotti - Cuarteto en la Web\",\"isPartOf\":{\"@id\":\"http:\\\/\\\/cuartetoenlaweb.com.ar\\\/sitio\\\/#website\"},\"primaryImageOfPage\":{\"@id\":\"https:\\\/\\\/cuartetoenlaweb.com.ar\\\/sitio\\\/corte-suprema-dejo-firme-la-condena-a-romina-picolotti\\\/#primaryimage\"},\"image\":{\"@id\":\"https:\\\/\\\/cuartetoenlaweb.com.ar\\\/sitio\\\/corte-suprema-dejo-firme-la-condena-a-romina-picolotti\\\/#primaryimage\"},\"thumbnailUrl\":\"https:\\\/\\\/cuartetoenlaweb.com.ar\\\/sitio\\\/wp-content\\\/uploads\\\/2025\\\/11\\\/image-51.jpg\",\"datePublished\":\"2025-11-18T23:00:23+00:00\",\"breadcrumb\":{\"@id\":\"https:\\\/\\\/cuartetoenlaweb.com.ar\\\/sitio\\\/corte-suprema-dejo-firme-la-condena-a-romina-picolotti\\\/#breadcrumb\"},\"inLanguage\":\"es\",\"potentialAction\":[{\"@type\":\"ReadAction\",\"target\":[\"https:\\\/\\\/cuartetoenlaweb.com.ar\\\/sitio\\\/corte-suprema-dejo-firme-la-condena-a-romina-picolotti\\\/\"]}]},{\"@type\":\"ImageObject\",\"inLanguage\":\"es\",\"@id\":\"https:\\\/\\\/cuartetoenlaweb.com.ar\\\/sitio\\\/corte-suprema-dejo-firme-la-condena-a-romina-picolotti\\\/#primaryimage\",\"url\":\"https:\\\/\\\/cuartetoenlaweb.com.ar\\\/sitio\\\/wp-content\\\/uploads\\\/2025\\\/11\\\/image-51.jpg\",\"contentUrl\":\"https:\\\/\\\/cuartetoenlaweb.com.ar\\\/sitio\\\/wp-content\\\/uploads\\\/2025\\\/11\\\/image-51.jpg\",\"width\":1024,\"height\":779},{\"@type\":\"BreadcrumbList\",\"@id\":\"https:\\\/\\\/cuartetoenlaweb.com.ar\\\/sitio\\\/corte-suprema-dejo-firme-la-condena-a-romina-picolotti\\\/#breadcrumb\",\"itemListElement\":[{\"@type\":\"ListItem\",\"position\":1,\"name\":\"Portada\",\"item\":\"http:\\\/\\\/cuartetoenlaweb.com.ar\\\/sitio\\\/\"},{\"@type\":\"ListItem\",\"position\":2,\"name\":\"Corte Suprema dej\u00f3 firme la condena a Romina Picolotti\"}]},{\"@type\":\"WebSite\",\"@id\":\"http:\\\/\\\/cuartetoenlaweb.com.ar\\\/sitio\\\/#website\",\"url\":\"http:\\\/\\\/cuartetoenlaweb.com.ar\\\/sitio\\\/\",\"name\":\"Cuarteto en la Web\",\"description\":\"\",\"publisher\":{\"@id\":\"http:\\\/\\\/cuartetoenlaweb.com.ar\\\/sitio\\\/#organization\"},\"potentialAction\":[{\"@type\":\"SearchAction\",\"target\":{\"@type\":\"EntryPoint\",\"urlTemplate\":\"http:\\\/\\\/cuartetoenlaweb.com.ar\\\/sitio\\\/?s={search_term_string}\"},\"query-input\":{\"@type\":\"PropertyValueSpecification\",\"valueRequired\":true,\"valueName\":\"search_term_string\"}}],\"inLanguage\":\"es\"},{\"@type\":\"Organization\",\"@id\":\"http:\\\/\\\/cuartetoenlaweb.com.ar\\\/sitio\\\/#organization\",\"name\":\"Cuarteto en la Web\",\"url\":\"http:\\\/\\\/cuartetoenlaweb.com.ar\\\/sitio\\\/\",\"logo\":{\"@type\":\"ImageObject\",\"inLanguage\":\"es\",\"@id\":\"http:\\\/\\\/cuartetoenlaweb.com.ar\\\/sitio\\\/#\\\/schema\\\/logo\\\/image\\\/\",\"url\":\"https:\\\/\\\/cuartetoenlaweb.com.ar\\\/sitio\\\/wp-content\\\/uploads\\\/2025\\\/07\\\/cropped-cropped-logitoweb21.png\",\"contentUrl\":\"https:\\\/\\\/cuartetoenlaweb.com.ar\\\/sitio\\\/wp-content\\\/uploads\\\/2025\\\/07\\\/cropped-cropped-logitoweb21.png\",\"width\":199,\"height\":199,\"caption\":\"Cuarteto en la Web\"},\"image\":{\"@id\":\"http:\\\/\\\/cuartetoenlaweb.com.ar\\\/sitio\\\/#\\\/schema\\\/logo\\\/image\\\/\"}}]}<\/script>\n<!-- \/ Yoast SEO plugin. -->","yoast_head_json":{"title":"Corte Suprema dej\u00f3 firme la condena a Romina Picolotti - Cuarteto en la Web","robots":{"index":"index","follow":"follow","max-snippet":"max-snippet:-1","max-image-preview":"max-image-preview:large","max-video-preview":"max-video-preview:-1"},"canonical":"https:\/\/cuartetoenlaweb.com.ar\/sitio\/corte-suprema-dejo-firme-la-condena-a-romina-picolotti\/","og_locale":"es_ES","og_type":"article","og_title":"Corte Suprema dej\u00f3 firme la condena a Romina Picolotti - Cuarteto en la Web","og_description":"Buenos Aires, 18 noviembre de 2025 (NA) \u2013 La Corte","og_url":"https:\/\/cuartetoenlaweb.com.ar\/sitio\/corte-suprema-dejo-firme-la-condena-a-romina-picolotti\/","og_site_name":"Cuarteto en la Web","article_published_time":"2025-11-18T23:00:23+00:00","og_image":[{"width":1024,"height":779,"url":"https:\/\/cuartetoenlaweb.com.ar\/sitio\/wp-content\/uploads\/2025\/11\/image-51.jpg","type":"image\/jpeg"}],"twitter_card":"summary_large_image","twitter_misc":{"Tiempo de lectura":"2 minutos"},"schema":{"@context":"https:\/\/schema.org","@graph":[{"@type":"Article","@id":"https:\/\/cuartetoenlaweb.com.ar\/sitio\/corte-suprema-dejo-firme-la-condena-a-romina-picolotti\/#article","isPartOf":{"@id":"https:\/\/cuartetoenlaweb.com.ar\/sitio\/corte-suprema-dejo-firme-la-condena-a-romina-picolotti\/"},"author":{"name":"","@id":""},"headline":"Corte Suprema dej\u00f3 firme la condena a Romina Picolotti","datePublished":"2025-11-18T23:00:23+00:00","mainEntityOfPage":{"@id":"https:\/\/cuartetoenlaweb.com.ar\/sitio\/corte-suprema-dejo-firme-la-condena-a-romina-picolotti\/"},"wordCount":369,"publisher":{"@id":"http:\/\/cuartetoenlaweb.com.ar\/sitio\/#organization"},"image":{"@id":"https:\/\/cuartetoenlaweb.com.ar\/sitio\/corte-suprema-dejo-firme-la-condena-a-romina-picolotti\/#primaryimage"},"thumbnailUrl":"https:\/\/cuartetoenlaweb.com.ar\/sitio\/wp-content\/uploads\/2025\/11\/image-51.jpg","articleSection":["PAIS"],"inLanguage":"es"},{"@type":"WebPage","@id":"https:\/\/cuartetoenlaweb.com.ar\/sitio\/corte-suprema-dejo-firme-la-condena-a-romina-picolotti\/","url":"https:\/\/cuartetoenlaweb.com.ar\/sitio\/corte-suprema-dejo-firme-la-condena-a-romina-picolotti\/","name":"Corte Suprema dej\u00f3 firme la condena a Romina Picolotti - Cuarteto en la Web","isPartOf":{"@id":"http:\/\/cuartetoenlaweb.com.ar\/sitio\/#website"},"primaryImageOfPage":{"@id":"https:\/\/cuartetoenlaweb.com.ar\/sitio\/corte-suprema-dejo-firme-la-condena-a-romina-picolotti\/#primaryimage"},"image":{"@id":"https:\/\/cuartetoenlaweb.com.ar\/sitio\/corte-suprema-dejo-firme-la-condena-a-romina-picolotti\/#primaryimage"},"thumbnailUrl":"https:\/\/cuartetoenlaweb.com.ar\/sitio\/wp-content\/uploads\/2025\/11\/image-51.jpg","datePublished":"2025-11-18T23:00:23+00:00","breadcrumb":{"@id":"https:\/\/cuartetoenlaweb.com.ar\/sitio\/corte-suprema-dejo-firme-la-condena-a-romina-picolotti\/#breadcrumb"},"inLanguage":"es","potentialAction":[{"@type":"ReadAction","target":["https:\/\/cuartetoenlaweb.com.ar\/sitio\/corte-suprema-dejo-firme-la-condena-a-romina-picolotti\/"]}]},{"@type":"ImageObject","inLanguage":"es","@id":"https:\/\/cuartetoenlaweb.com.ar\/sitio\/corte-suprema-dejo-firme-la-condena-a-romina-picolotti\/#primaryimage","url":"https:\/\/cuartetoenlaweb.com.ar\/sitio\/wp-content\/uploads\/2025\/11\/image-51.jpg","contentUrl":"https:\/\/cuartetoenlaweb.com.ar\/sitio\/wp-content\/uploads\/2025\/11\/image-51.jpg","width":1024,"height":779},{"@type":"BreadcrumbList","@id":"https:\/\/cuartetoenlaweb.com.ar\/sitio\/corte-suprema-dejo-firme-la-condena-a-romina-picolotti\/#breadcrumb","itemListElement":[{"@type":"ListItem","position":1,"name":"Portada","item":"http:\/\/cuartetoenlaweb.com.ar\/sitio\/"},{"@type":"ListItem","position":2,"name":"Corte Suprema dej\u00f3 firme la condena a Romina Picolotti"}]},{"@type":"WebSite","@id":"http:\/\/cuartetoenlaweb.com.ar\/sitio\/#website","url":"http:\/\/cuartetoenlaweb.com.ar\/sitio\/","name":"Cuarteto en la Web","description":"","publisher":{"@id":"http:\/\/cuartetoenlaweb.com.ar\/sitio\/#organization"},"potentialAction":[{"@type":"SearchAction","target":{"@type":"EntryPoint","urlTemplate":"http:\/\/cuartetoenlaweb.com.ar\/sitio\/?s={search_term_string}"},"query-input":{"@type":"PropertyValueSpecification","valueRequired":true,"valueName":"search_term_string"}}],"inLanguage":"es"},{"@type":"Organization","@id":"http:\/\/cuartetoenlaweb.com.ar\/sitio\/#organization","name":"Cuarteto en la Web","url":"http:\/\/cuartetoenlaweb.com.ar\/sitio\/","logo":{"@type":"ImageObject","inLanguage":"es","@id":"http:\/\/cuartetoenlaweb.com.ar\/sitio\/#\/schema\/logo\/image\/","url":"https:\/\/cuartetoenlaweb.com.ar\/sitio\/wp-content\/uploads\/2025\/07\/cropped-cropped-logitoweb21.png","contentUrl":"https:\/\/cuartetoenlaweb.com.ar\/sitio\/wp-content\/uploads\/2025\/07\/cropped-cropped-logitoweb21.png","width":199,"height":199,"caption":"Cuarteto en la Web"},"image":{"@id":"http:\/\/cuartetoenlaweb.com.ar\/sitio\/#\/schema\/logo\/image\/"}}]}},"_links":{"self":[{"href":"https:\/\/cuartetoenlaweb.com.ar\/sitio\/wp-json\/wp\/v2\/posts\/5227","targetHints":{"allow":["GET"]}}],"collection":[{"href":"https:\/\/cuartetoenlaweb.com.ar\/sitio\/wp-json\/wp\/v2\/posts"}],"about":[{"href":"https:\/\/cuartetoenlaweb.com.ar\/sitio\/wp-json\/wp\/v2\/types\/post"}],"replies":[{"embeddable":true,"href":"https:\/\/cuartetoenlaweb.com.ar\/sitio\/wp-json\/wp\/v2\/comments?post=5227"}],"version-history":[{"count":0,"href":"https:\/\/cuartetoenlaweb.com.ar\/sitio\/wp-json\/wp\/v2\/posts\/5227\/revisions"}],"wp:featuredmedia":[{"embeddable":true,"href":"https:\/\/cuartetoenlaweb.com.ar\/sitio\/wp-json\/wp\/v2\/media\/5228"}],"wp:attachment":[{"href":"https:\/\/cuartetoenlaweb.com.ar\/sitio\/wp-json\/wp\/v2\/media?parent=5227"}],"wp:term":[{"taxonomy":"category","embeddable":true,"href":"https:\/\/cuartetoenlaweb.com.ar\/sitio\/wp-json\/wp\/v2\/categories?post=5227"},{"taxonomy":"post_tag","embeddable":true,"href":"https:\/\/cuartetoenlaweb.com.ar\/sitio\/wp-json\/wp\/v2\/tags?post=5227"}],"curies":[{"name":"wp","href":"https:\/\/api.w.org\/{rel}","templated":true}]}}