
{"id":5223,"date":"2025-11-18T20:00:16","date_gmt":"2025-11-18T23:00:16","guid":{"rendered":"https:\/\/cuartetoenlaweb.com.ar\/sitio\/vialidad-ordenan-decomisar-bienes-de-cristina-kirchner-y-otros-condenados\/"},"modified":"2025-11-18T20:00:16","modified_gmt":"2025-11-18T23:00:16","slug":"vialidad-ordenan-decomisar-bienes-de-cristina-kirchner-y-otros-condenados","status":"publish","type":"post","link":"https:\/\/cuartetoenlaweb.com.ar\/sitio\/vialidad-ordenan-decomisar-bienes-de-cristina-kirchner-y-otros-condenados\/","title":{"rendered":"Vialidad: ordenan decomisar bienes de Cristina Kirchner y otros condenados"},"content":{"rendered":"<p>Buenos Aires, 18 noviembre (NA) \u2013 El tribunal de la causa Vialidad solicit\u00f3 este martes decomisar los bienes de la ex presidenta Cristina Kirchner, quien cumple una condena de prisi\u00f3n domiciliaria de seis a\u00f1os , junto a los de otros condenados por ese expediente, seg\u00fan pudo confirmar la Agencia Noticias Argentinas de fuentes judiciales.  <\/p>\n<p>As\u00ed lo resolvi\u00f3 el Tribunal Oral Federal 2 (TOF) que integran Jorge Gorini, Rodrigo Gim\u00e9nez Uriburu y Andr\u00e9s Basso.<\/p>\n<p>Noticia en desarrollo\u2026<\/p>\n<p>#AgenciaNA<\/p>\n","protected":false},"excerpt":{"rendered":"<p>Buenos Aires, 18 noviembre (NA) \u2013 El tribunal de la<\/p>\n","protected":false},"author":0,"featured_media":5224,"comment_status":"","ping_status":"","sticky":false,"template":"","format":"standard","meta":{"footnotes":""},"categories":[65],"tags":[],"class_list":["post-5223","post","type-post","status-publish","format-standard","has-post-thumbnail","hentry","category-pais"],"yoast_head":"<!-- This site is optimized with the Yoast SEO plugin v27.5 - https:\/\/yoast.com\/product\/yoast-seo-wordpress\/ -->\n<title>Vialidad: ordenan decomisar bienes de Cristina Kirchner y otros condenados - Cuarteto en la Web<\/title>\n<meta name=\"robots\" content=\"index, follow, max-snippet:-1, max-image-preview:large, max-video-preview:-1\" \/>\n<link rel=\"canonical\" href=\"https:\/\/cuartetoenlaweb.com.ar\/sitio\/vialidad-ordenan-decomisar-bienes-de-cristina-kirchner-y-otros-condenados\/\" \/>\n<meta property=\"og:locale\" content=\"es_ES\" \/>\n<meta property=\"og:type\" content=\"article\" \/>\n<meta property=\"og:title\" content=\"Vialidad: ordenan decomisar bienes de Cristina Kirchner y otros condenados - Cuarteto en la Web\" \/>\n<meta property=\"og:description\" content=\"Buenos Aires, 18 noviembre (NA) \u2013 El tribunal de la\" \/>\n<meta property=\"og:url\" content=\"https:\/\/cuartetoenlaweb.com.ar\/sitio\/vialidad-ordenan-decomisar-bienes-de-cristina-kirchner-y-otros-condenados\/\" \/>\n<meta property=\"og:site_name\" content=\"Cuarteto en la Web\" \/>\n<meta property=\"article:published_time\" content=\"2025-11-18T23:00:16+00:00\" \/>\n<meta property=\"og:image\" content=\"https:\/\/cuartetoenlaweb.com.ar\/sitio\/wp-content\/uploads\/2025\/11\/720-1321.jpeg\" \/>\n\t<meta property=\"og:image:width\" content=\"1065\" \/>\n\t<meta property=\"og:image:height\" content=\"720\" \/>\n\t<meta property=\"og:image:type\" content=\"image\/jpeg\" \/>\n<meta name=\"twitter:card\" content=\"summary_large_image\" \/>\n<script type=\"application\/ld+json\" class=\"yoast-schema-graph\">{\"@context\":\"https:\\\/\\\/schema.org\",\"@graph\":[{\"@type\":\"Article\",\"@id\":\"https:\\\/\\\/cuartetoenlaweb.com.ar\\\/sitio\\\/vialidad-ordenan-decomisar-bienes-de-cristina-kirchner-y-otros-condenados\\\/#article\",\"isPartOf\":{\"@id\":\"https:\\\/\\\/cuartetoenlaweb.com.ar\\\/sitio\\\/vialidad-ordenan-decomisar-bienes-de-cristina-kirchner-y-otros-condenados\\\/\"},\"author\":{\"name\":\"\",\"@id\":\"\"},\"headline\":\"Vialidad: ordenan decomisar bienes de Cristina Kirchner y otros condenados\",\"datePublished\":\"2025-11-18T23:00:16+00:00\",\"mainEntityOfPage\":{\"@id\":\"https:\\\/\\\/cuartetoenlaweb.com.ar\\\/sitio\\\/vialidad-ordenan-decomisar-bienes-de-cristina-kirchner-y-otros-condenados\\\/\"},\"wordCount\":88,\"publisher\":{\"@id\":\"http:\\\/\\\/cuartetoenlaweb.com.ar\\\/sitio\\\/#organization\"},\"image\":{\"@id\":\"https:\\\/\\\/cuartetoenlaweb.com.ar\\\/sitio\\\/vialidad-ordenan-decomisar-bienes-de-cristina-kirchner-y-otros-condenados\\\/#primaryimage\"},\"thumbnailUrl\":\"https:\\\/\\\/cuartetoenlaweb.com.ar\\\/sitio\\\/wp-content\\\/uploads\\\/2025\\\/11\\\/720-1321.jpeg\",\"articleSection\":[\"PAIS\"],\"inLanguage\":\"es\"},{\"@type\":\"WebPage\",\"@id\":\"https:\\\/\\\/cuartetoenlaweb.com.ar\\\/sitio\\\/vialidad-ordenan-decomisar-bienes-de-cristina-kirchner-y-otros-condenados\\\/\",\"url\":\"https:\\\/\\\/cuartetoenlaweb.com.ar\\\/sitio\\\/vialidad-ordenan-decomisar-bienes-de-cristina-kirchner-y-otros-condenados\\\/\",\"name\":\"Vialidad: ordenan decomisar bienes de Cristina Kirchner y otros condenados - Cuarteto en la Web\",\"isPartOf\":{\"@id\":\"http:\\\/\\\/cuartetoenlaweb.com.ar\\\/sitio\\\/#website\"},\"primaryImageOfPage\":{\"@id\":\"https:\\\/\\\/cuartetoenlaweb.com.ar\\\/sitio\\\/vialidad-ordenan-decomisar-bienes-de-cristina-kirchner-y-otros-condenados\\\/#primaryimage\"},\"image\":{\"@id\":\"https:\\\/\\\/cuartetoenlaweb.com.ar\\\/sitio\\\/vialidad-ordenan-decomisar-bienes-de-cristina-kirchner-y-otros-condenados\\\/#primaryimage\"},\"thumbnailUrl\":\"https:\\\/\\\/cuartetoenlaweb.com.ar\\\/sitio\\\/wp-content\\\/uploads\\\/2025\\\/11\\\/720-1321.jpeg\",\"datePublished\":\"2025-11-18T23:00:16+00:00\",\"breadcrumb\":{\"@id\":\"https:\\\/\\\/cuartetoenlaweb.com.ar\\\/sitio\\\/vialidad-ordenan-decomisar-bienes-de-cristina-kirchner-y-otros-condenados\\\/#breadcrumb\"},\"inLanguage\":\"es\",\"potentialAction\":[{\"@type\":\"ReadAction\",\"target\":[\"https:\\\/\\\/cuartetoenlaweb.com.ar\\\/sitio\\\/vialidad-ordenan-decomisar-bienes-de-cristina-kirchner-y-otros-condenados\\\/\"]}]},{\"@type\":\"ImageObject\",\"inLanguage\":\"es\",\"@id\":\"https:\\\/\\\/cuartetoenlaweb.com.ar\\\/sitio\\\/vialidad-ordenan-decomisar-bienes-de-cristina-kirchner-y-otros-condenados\\\/#primaryimage\",\"url\":\"https:\\\/\\\/cuartetoenlaweb.com.ar\\\/sitio\\\/wp-content\\\/uploads\\\/2025\\\/11\\\/720-1321.jpeg\",\"contentUrl\":\"https:\\\/\\\/cuartetoenlaweb.com.ar\\\/sitio\\\/wp-content\\\/uploads\\\/2025\\\/11\\\/720-1321.jpeg\",\"width\":1065,\"height\":720},{\"@type\":\"BreadcrumbList\",\"@id\":\"https:\\\/\\\/cuartetoenlaweb.com.ar\\\/sitio\\\/vialidad-ordenan-decomisar-bienes-de-cristina-kirchner-y-otros-condenados\\\/#breadcrumb\",\"itemListElement\":[{\"@type\":\"ListItem\",\"position\":1,\"name\":\"Portada\",\"item\":\"http:\\\/\\\/cuartetoenlaweb.com.ar\\\/sitio\\\/\"},{\"@type\":\"ListItem\",\"position\":2,\"name\":\"Vialidad: ordenan decomisar bienes de Cristina Kirchner y otros condenados\"}]},{\"@type\":\"WebSite\",\"@id\":\"http:\\\/\\\/cuartetoenlaweb.com.ar\\\/sitio\\\/#website\",\"url\":\"http:\\\/\\\/cuartetoenlaweb.com.ar\\\/sitio\\\/\",\"name\":\"Cuarteto en la Web\",\"description\":\"\",\"publisher\":{\"@id\":\"http:\\\/\\\/cuartetoenlaweb.com.ar\\\/sitio\\\/#organization\"},\"potentialAction\":[{\"@type\":\"SearchAction\",\"target\":{\"@type\":\"EntryPoint\",\"urlTemplate\":\"http:\\\/\\\/cuartetoenlaweb.com.ar\\\/sitio\\\/?s={search_term_string}\"},\"query-input\":{\"@type\":\"PropertyValueSpecification\",\"valueRequired\":true,\"valueName\":\"search_term_string\"}}],\"inLanguage\":\"es\"},{\"@type\":\"Organization\",\"@id\":\"http:\\\/\\\/cuartetoenlaweb.com.ar\\\/sitio\\\/#organization\",\"name\":\"Cuarteto en la Web\",\"url\":\"http:\\\/\\\/cuartetoenlaweb.com.ar\\\/sitio\\\/\",\"logo\":{\"@type\":\"ImageObject\",\"inLanguage\":\"es\",\"@id\":\"http:\\\/\\\/cuartetoenlaweb.com.ar\\\/sitio\\\/#\\\/schema\\\/logo\\\/image\\\/\",\"url\":\"https:\\\/\\\/cuartetoenlaweb.com.ar\\\/sitio\\\/wp-content\\\/uploads\\\/2025\\\/07\\\/cropped-cropped-logitoweb21.png\",\"contentUrl\":\"https:\\\/\\\/cuartetoenlaweb.com.ar\\\/sitio\\\/wp-content\\\/uploads\\\/2025\\\/07\\\/cropped-cropped-logitoweb21.png\",\"width\":199,\"height\":199,\"caption\":\"Cuarteto en la Web\"},\"image\":{\"@id\":\"http:\\\/\\\/cuartetoenlaweb.com.ar\\\/sitio\\\/#\\\/schema\\\/logo\\\/image\\\/\"}}]}<\/script>\n<!-- \/ Yoast SEO plugin. -->","yoast_head_json":{"title":"Vialidad: ordenan decomisar bienes de Cristina Kirchner y otros condenados - Cuarteto en la Web","robots":{"index":"index","follow":"follow","max-snippet":"max-snippet:-1","max-image-preview":"max-image-preview:large","max-video-preview":"max-video-preview:-1"},"canonical":"https:\/\/cuartetoenlaweb.com.ar\/sitio\/vialidad-ordenan-decomisar-bienes-de-cristina-kirchner-y-otros-condenados\/","og_locale":"es_ES","og_type":"article","og_title":"Vialidad: ordenan decomisar bienes de Cristina Kirchner y otros condenados - Cuarteto en la Web","og_description":"Buenos Aires, 18 noviembre (NA) \u2013 El tribunal de la","og_url":"https:\/\/cuartetoenlaweb.com.ar\/sitio\/vialidad-ordenan-decomisar-bienes-de-cristina-kirchner-y-otros-condenados\/","og_site_name":"Cuarteto en la Web","article_published_time":"2025-11-18T23:00:16+00:00","og_image":[{"width":1065,"height":720,"url":"https:\/\/cuartetoenlaweb.com.ar\/sitio\/wp-content\/uploads\/2025\/11\/720-1321.jpeg","type":"image\/jpeg"}],"twitter_card":"summary_large_image","schema":{"@context":"https:\/\/schema.org","@graph":[{"@type":"Article","@id":"https:\/\/cuartetoenlaweb.com.ar\/sitio\/vialidad-ordenan-decomisar-bienes-de-cristina-kirchner-y-otros-condenados\/#article","isPartOf":{"@id":"https:\/\/cuartetoenlaweb.com.ar\/sitio\/vialidad-ordenan-decomisar-bienes-de-cristina-kirchner-y-otros-condenados\/"},"author":{"name":"","@id":""},"headline":"Vialidad: ordenan decomisar bienes de Cristina Kirchner y otros condenados","datePublished":"2025-11-18T23:00:16+00:00","mainEntityOfPage":{"@id":"https:\/\/cuartetoenlaweb.com.ar\/sitio\/vialidad-ordenan-decomisar-bienes-de-cristina-kirchner-y-otros-condenados\/"},"wordCount":88,"publisher":{"@id":"http:\/\/cuartetoenlaweb.com.ar\/sitio\/#organization"},"image":{"@id":"https:\/\/cuartetoenlaweb.com.ar\/sitio\/vialidad-ordenan-decomisar-bienes-de-cristina-kirchner-y-otros-condenados\/#primaryimage"},"thumbnailUrl":"https:\/\/cuartetoenlaweb.com.ar\/sitio\/wp-content\/uploads\/2025\/11\/720-1321.jpeg","articleSection":["PAIS"],"inLanguage":"es"},{"@type":"WebPage","@id":"https:\/\/cuartetoenlaweb.com.ar\/sitio\/vialidad-ordenan-decomisar-bienes-de-cristina-kirchner-y-otros-condenados\/","url":"https:\/\/cuartetoenlaweb.com.ar\/sitio\/vialidad-ordenan-decomisar-bienes-de-cristina-kirchner-y-otros-condenados\/","name":"Vialidad: ordenan decomisar bienes de Cristina Kirchner y otros condenados - Cuarteto en la Web","isPartOf":{"@id":"http:\/\/cuartetoenlaweb.com.ar\/sitio\/#website"},"primaryImageOfPage":{"@id":"https:\/\/cuartetoenlaweb.com.ar\/sitio\/vialidad-ordenan-decomisar-bienes-de-cristina-kirchner-y-otros-condenados\/#primaryimage"},"image":{"@id":"https:\/\/cuartetoenlaweb.com.ar\/sitio\/vialidad-ordenan-decomisar-bienes-de-cristina-kirchner-y-otros-condenados\/#primaryimage"},"thumbnailUrl":"https:\/\/cuartetoenlaweb.com.ar\/sitio\/wp-content\/uploads\/2025\/11\/720-1321.jpeg","datePublished":"2025-11-18T23:00:16+00:00","breadcrumb":{"@id":"https:\/\/cuartetoenlaweb.com.ar\/sitio\/vialidad-ordenan-decomisar-bienes-de-cristina-kirchner-y-otros-condenados\/#breadcrumb"},"inLanguage":"es","potentialAction":[{"@type":"ReadAction","target":["https:\/\/cuartetoenlaweb.com.ar\/sitio\/vialidad-ordenan-decomisar-bienes-de-cristina-kirchner-y-otros-condenados\/"]}]},{"@type":"ImageObject","inLanguage":"es","@id":"https:\/\/cuartetoenlaweb.com.ar\/sitio\/vialidad-ordenan-decomisar-bienes-de-cristina-kirchner-y-otros-condenados\/#primaryimage","url":"https:\/\/cuartetoenlaweb.com.ar\/sitio\/wp-content\/uploads\/2025\/11\/720-1321.jpeg","contentUrl":"https:\/\/cuartetoenlaweb.com.ar\/sitio\/wp-content\/uploads\/2025\/11\/720-1321.jpeg","width":1065,"height":720},{"@type":"BreadcrumbList","@id":"https:\/\/cuartetoenlaweb.com.ar\/sitio\/vialidad-ordenan-decomisar-bienes-de-cristina-kirchner-y-otros-condenados\/#breadcrumb","itemListElement":[{"@type":"ListItem","position":1,"name":"Portada","item":"http:\/\/cuartetoenlaweb.com.ar\/sitio\/"},{"@type":"ListItem","position":2,"name":"Vialidad: ordenan decomisar bienes de Cristina Kirchner y otros condenados"}]},{"@type":"WebSite","@id":"http:\/\/cuartetoenlaweb.com.ar\/sitio\/#website","url":"http:\/\/cuartetoenlaweb.com.ar\/sitio\/","name":"Cuarteto en la Web","description":"","publisher":{"@id":"http:\/\/cuartetoenlaweb.com.ar\/sitio\/#organization"},"potentialAction":[{"@type":"SearchAction","target":{"@type":"EntryPoint","urlTemplate":"http:\/\/cuartetoenlaweb.com.ar\/sitio\/?s={search_term_string}"},"query-input":{"@type":"PropertyValueSpecification","valueRequired":true,"valueName":"search_term_string"}}],"inLanguage":"es"},{"@type":"Organization","@id":"http:\/\/cuartetoenlaweb.com.ar\/sitio\/#organization","name":"Cuarteto en la Web","url":"http:\/\/cuartetoenlaweb.com.ar\/sitio\/","logo":{"@type":"ImageObject","inLanguage":"es","@id":"http:\/\/cuartetoenlaweb.com.ar\/sitio\/#\/schema\/logo\/image\/","url":"https:\/\/cuartetoenlaweb.com.ar\/sitio\/wp-content\/uploads\/2025\/07\/cropped-cropped-logitoweb21.png","contentUrl":"https:\/\/cuartetoenlaweb.com.ar\/sitio\/wp-content\/uploads\/2025\/07\/cropped-cropped-logitoweb21.png","width":199,"height":199,"caption":"Cuarteto en la Web"},"image":{"@id":"http:\/\/cuartetoenlaweb.com.ar\/sitio\/#\/schema\/logo\/image\/"}}]}},"_links":{"self":[{"href":"https:\/\/cuartetoenlaweb.com.ar\/sitio\/wp-json\/wp\/v2\/posts\/5223","targetHints":{"allow":["GET"]}}],"collection":[{"href":"https:\/\/cuartetoenlaweb.com.ar\/sitio\/wp-json\/wp\/v2\/posts"}],"about":[{"href":"https:\/\/cuartetoenlaweb.com.ar\/sitio\/wp-json\/wp\/v2\/types\/post"}],"replies":[{"embeddable":true,"href":"https:\/\/cuartetoenlaweb.com.ar\/sitio\/wp-json\/wp\/v2\/comments?post=5223"}],"version-history":[{"count":0,"href":"https:\/\/cuartetoenlaweb.com.ar\/sitio\/wp-json\/wp\/v2\/posts\/5223\/revisions"}],"wp:featuredmedia":[{"embeddable":true,"href":"https:\/\/cuartetoenlaweb.com.ar\/sitio\/wp-json\/wp\/v2\/media\/5224"}],"wp:attachment":[{"href":"https:\/\/cuartetoenlaweb.com.ar\/sitio\/wp-json\/wp\/v2\/media?parent=5223"}],"wp:term":[{"taxonomy":"category","embeddable":true,"href":"https:\/\/cuartetoenlaweb.com.ar\/sitio\/wp-json\/wp\/v2\/categories?post=5223"},{"taxonomy":"post_tag","embeddable":true,"href":"https:\/\/cuartetoenlaweb.com.ar\/sitio\/wp-json\/wp\/v2\/tags?post=5223"}],"curies":[{"name":"wp","href":"https:\/\/api.w.org\/{rel}","templated":true}]}}