
{"id":5221,"date":"2025-11-18T20:00:13","date_gmt":"2025-11-18T23:00:13","guid":{"rendered":"https:\/\/cuartetoenlaweb.com.ar\/sitio\/rechazo-de-la-corte-a-una-presentacion-en-la-causa-por-el-patrimonio-de-daniel-munoz\/"},"modified":"2025-11-18T20:00:13","modified_gmt":"2025-11-18T23:00:13","slug":"rechazo-de-la-corte-a-una-presentacion-en-la-causa-por-el-patrimonio-de-daniel-munoz","status":"publish","type":"post","link":"https:\/\/cuartetoenlaweb.com.ar\/sitio\/rechazo-de-la-corte-a-una-presentacion-en-la-causa-por-el-patrimonio-de-daniel-munoz\/","title":{"rendered":"Rechazo de la Corte a una presentaci\u00f3n en la causa por el patrimonio de Daniel Mu\u00f1oz"},"content":{"rendered":"<p>Buenos Aires, 18 noviembre (NA) \u2013 La Corte Suprema de Justicia rechaz\u00f3 una presentaci\u00f3n de Daniel Omar Blanco, uno de los acusados en la investigaci\u00f3n sobre el patrimonio del fallecido exsecretario privado de N\u00e9stor Kirchner, Daniel Mu\u00f1oz, en uno de los expedientes vinculados a la megacausa conocida como \u201cCuadernos\u201d.<\/p>\n<p>El planteo de Blanco \u2014t\u00edo de Carolina Pochetti, viuda de Mu\u00f1oz y arrepentida en el expediente\u2014 fue desestimado por los jueces Horacio Rosatti, Carlos Rosenkrantz y Ricardo Lorenzetti al considerar que el escrito no cumpli\u00f3 con las formalidades exigidas por la acordada 4\/2007, por lo que la queja no avanzar\u00e1.<\/p>\n<p>Como anticip\u00f3 la Agencia Noticias Argentinas, Blanco buscaba que se lo alcanzara el sobreseimiento que el exjuez federal Luis Rodr\u00edguez hab\u00eda dictado en 2015 en favor de Mu\u00f1oz, Pochetti y el exgobernador santacruce\u00f1o Daniel Peralta. Aquella causa se hab\u00eda iniciado en 2013 tras una denuncia de Miriam Quiroga, exsecretaria de Kirchner, quien asegur\u00f3 haber visto bolsos con dinero en la Casa Rosada que eran trasladados a Olivos y R\u00edo Gallegos.<\/p>\n<p>El caso tom\u00f3 un giro en 2016, cuando el esc\u00e1ndalo internacional \u201cPanam\u00e1 Papers\u201d revel\u00f3 que Mu\u00f1oz \u2014fallecido ese mismo a\u00f1o\u2014 y su entorno hab\u00edan conformado un entramado de sociedades para adquirir m\u00e1s de veinte propiedades en el exterior y diversas inversiones. Se presume que los fondos proven\u00edan de la recaudaci\u00f3n investigada en los \u201ccuadernos de la corrupci\u00f3n\u201d. Detenida en ese marco, Pochetti declar\u00f3 como arrepentida y asegur\u00f3 que, siguiendo instrucciones de su defensa, pag\u00f3 una coima al juez para cerrar el expediente, adem\u00e1s de detallar los movimientos de dinero realizados por su marido.<\/p>\n<p>Hace dos semanas, la Corte ya hab\u00eda revocado los sobreseimientos de 2015 al hacer lugar a un recurso de la Procuraci\u00f3n General, al considerar que no abarcaban el delito de lavado de dinero.<\/p>\n<p>Seg\u00fan la fiscal\u00eda, Mu\u00f1oz y su entorno lavaron al menos 70 millones de d\u00f3lares que sacaron del pa\u00eds para invertir en 16 propiedades de lujo en Miami, dos en Nueva York y un proyecto tur\u00edstico en un terreno costero de 16 hect\u00e1reas en las islas Turks and Caicos destinado a un resort.<\/p>\n<p>Las revelaciones de V\u00edctor Manzanares, contador de los Kirchner y arrepentido, ampliaron el mapa del patrimonio oculto al incluir inversiones superiores a 100 millones de d\u00f3lares en la Argentina, con la compra de m\u00e1s de un centenar de inmuebles, entre ellos dos estancias en Santa Cruz \u2014una de 20.000 hect\u00e1reas\u2014, complejos de caba\u00f1as en Villa La Angostura, El Calafate y San Mart\u00edn de los Andes, edificios de cocheras, viviendas y departamentos en Buenos Aires y R\u00edo Gallegos, adem\u00e1s de veh\u00edculos, maquinaria vial y hoteles. Parte de los involucrados confesaron como imputados colaboradores en la causa.<\/p>\n<p>El cap\u00edtulo Mu\u00f1oz no formaba parte del temario inicial del Tribunal Oral Federal 7 para el juicio de los \u201cCuadernos\u201d, iniciado el 6 de noviembre con una audiencia semanal. Tras cuestionamientos por la extensi\u00f3n que podr\u00eda tener el debate, el tribunal anunci\u00f3 que agregar\u00eda un segundo d\u00eda de audiencias y confirm\u00f3 que el expediente Mu\u00f1oz comenzar\u00e1 a tratarse en marzo.<\/p>\n<p>#AgenciaNA<\/p>\n","protected":false},"excerpt":{"rendered":"<p>Buenos Aires, 18 noviembre (NA) \u2013 La Corte Suprema de<\/p>\n","protected":false},"author":0,"featured_media":5222,"comment_status":"","ping_status":"","sticky":false,"template":"","format":"standard","meta":{"footnotes":""},"categories":[65],"tags":[],"class_list":["post-5221","post","type-post","status-publish","format-standard","has-post-thumbnail","hentry","category-pais"],"yoast_head":"<!-- This site is optimized with the Yoast SEO plugin v27.5 - https:\/\/yoast.com\/product\/yoast-seo-wordpress\/ -->\n<title>Rechazo de la Corte a una presentaci\u00f3n en la causa por el patrimonio de Daniel Mu\u00f1oz - Cuarteto en la Web<\/title>\n<meta name=\"robots\" content=\"index, follow, max-snippet:-1, max-image-preview:large, max-video-preview:-1\" \/>\n<link rel=\"canonical\" href=\"https:\/\/cuartetoenlaweb.com.ar\/sitio\/rechazo-de-la-corte-a-una-presentacion-en-la-causa-por-el-patrimonio-de-daniel-munoz\/\" \/>\n<meta property=\"og:locale\" content=\"es_ES\" \/>\n<meta property=\"og:type\" content=\"article\" \/>\n<meta property=\"og:title\" content=\"Rechazo de la Corte a una presentaci\u00f3n en la causa por el patrimonio de Daniel Mu\u00f1oz - Cuarteto en la Web\" \/>\n<meta property=\"og:description\" content=\"Buenos Aires, 18 noviembre (NA) \u2013 La Corte Suprema de\" \/>\n<meta property=\"og:url\" content=\"https:\/\/cuartetoenlaweb.com.ar\/sitio\/rechazo-de-la-corte-a-una-presentacion-en-la-causa-por-el-patrimonio-de-daniel-munoz\/\" \/>\n<meta property=\"og:site_name\" content=\"Cuarteto en la Web\" \/>\n<meta property=\"article:published_time\" content=\"2025-11-18T23:00:13+00:00\" \/>\n<meta property=\"og:image\" content=\"https:\/\/cuartetoenlaweb.com.ar\/sitio\/wp-content\/uploads\/2025\/11\/image-50.jpg\" \/>\n\t<meta property=\"og:image:width\" content=\"1024\" \/>\n\t<meta property=\"og:image:height\" content=\"650\" \/>\n\t<meta property=\"og:image:type\" content=\"image\/jpeg\" \/>\n<meta name=\"twitter:card\" content=\"summary_large_image\" \/>\n<meta name=\"twitter:label1\" content=\"Tiempo de lectura\" \/>\n\t<meta name=\"twitter:data1\" content=\"3 minutos\" \/>\n<script type=\"application\/ld+json\" class=\"yoast-schema-graph\">{\"@context\":\"https:\\\/\\\/schema.org\",\"@graph\":[{\"@type\":\"Article\",\"@id\":\"https:\\\/\\\/cuartetoenlaweb.com.ar\\\/sitio\\\/rechazo-de-la-corte-a-una-presentacion-en-la-causa-por-el-patrimonio-de-daniel-munoz\\\/#article\",\"isPartOf\":{\"@id\":\"https:\\\/\\\/cuartetoenlaweb.com.ar\\\/sitio\\\/rechazo-de-la-corte-a-una-presentacion-en-la-causa-por-el-patrimonio-de-daniel-munoz\\\/\"},\"author\":{\"name\":\"\",\"@id\":\"\"},\"headline\":\"Rechazo de la Corte a una presentaci\u00f3n en la causa por el patrimonio de Daniel Mu\u00f1oz\",\"datePublished\":\"2025-11-18T23:00:13+00:00\",\"mainEntityOfPage\":{\"@id\":\"https:\\\/\\\/cuartetoenlaweb.com.ar\\\/sitio\\\/rechazo-de-la-corte-a-una-presentacion-en-la-causa-por-el-patrimonio-de-daniel-munoz\\\/\"},\"wordCount\":553,\"publisher\":{\"@id\":\"http:\\\/\\\/cuartetoenlaweb.com.ar\\\/sitio\\\/#organization\"},\"image\":{\"@id\":\"https:\\\/\\\/cuartetoenlaweb.com.ar\\\/sitio\\\/rechazo-de-la-corte-a-una-presentacion-en-la-causa-por-el-patrimonio-de-daniel-munoz\\\/#primaryimage\"},\"thumbnailUrl\":\"https:\\\/\\\/cuartetoenlaweb.com.ar\\\/sitio\\\/wp-content\\\/uploads\\\/2025\\\/11\\\/image-50.jpg\",\"articleSection\":[\"PAIS\"],\"inLanguage\":\"es\"},{\"@type\":\"WebPage\",\"@id\":\"https:\\\/\\\/cuartetoenlaweb.com.ar\\\/sitio\\\/rechazo-de-la-corte-a-una-presentacion-en-la-causa-por-el-patrimonio-de-daniel-munoz\\\/\",\"url\":\"https:\\\/\\\/cuartetoenlaweb.com.ar\\\/sitio\\\/rechazo-de-la-corte-a-una-presentacion-en-la-causa-por-el-patrimonio-de-daniel-munoz\\\/\",\"name\":\"Rechazo de la Corte a una presentaci\u00f3n en la causa por el patrimonio de Daniel Mu\u00f1oz - Cuarteto en la Web\",\"isPartOf\":{\"@id\":\"http:\\\/\\\/cuartetoenlaweb.com.ar\\\/sitio\\\/#website\"},\"primaryImageOfPage\":{\"@id\":\"https:\\\/\\\/cuartetoenlaweb.com.ar\\\/sitio\\\/rechazo-de-la-corte-a-una-presentacion-en-la-causa-por-el-patrimonio-de-daniel-munoz\\\/#primaryimage\"},\"image\":{\"@id\":\"https:\\\/\\\/cuartetoenlaweb.com.ar\\\/sitio\\\/rechazo-de-la-corte-a-una-presentacion-en-la-causa-por-el-patrimonio-de-daniel-munoz\\\/#primaryimage\"},\"thumbnailUrl\":\"https:\\\/\\\/cuartetoenlaweb.com.ar\\\/sitio\\\/wp-content\\\/uploads\\\/2025\\\/11\\\/image-50.jpg\",\"datePublished\":\"2025-11-18T23:00:13+00:00\",\"breadcrumb\":{\"@id\":\"https:\\\/\\\/cuartetoenlaweb.com.ar\\\/sitio\\\/rechazo-de-la-corte-a-una-presentacion-en-la-causa-por-el-patrimonio-de-daniel-munoz\\\/#breadcrumb\"},\"inLanguage\":\"es\",\"potentialAction\":[{\"@type\":\"ReadAction\",\"target\":[\"https:\\\/\\\/cuartetoenlaweb.com.ar\\\/sitio\\\/rechazo-de-la-corte-a-una-presentacion-en-la-causa-por-el-patrimonio-de-daniel-munoz\\\/\"]}]},{\"@type\":\"ImageObject\",\"inLanguage\":\"es\",\"@id\":\"https:\\\/\\\/cuartetoenlaweb.com.ar\\\/sitio\\\/rechazo-de-la-corte-a-una-presentacion-en-la-causa-por-el-patrimonio-de-daniel-munoz\\\/#primaryimage\",\"url\":\"https:\\\/\\\/cuartetoenlaweb.com.ar\\\/sitio\\\/wp-content\\\/uploads\\\/2025\\\/11\\\/image-50.jpg\",\"contentUrl\":\"https:\\\/\\\/cuartetoenlaweb.com.ar\\\/sitio\\\/wp-content\\\/uploads\\\/2025\\\/11\\\/image-50.jpg\",\"width\":1024,\"height\":650},{\"@type\":\"BreadcrumbList\",\"@id\":\"https:\\\/\\\/cuartetoenlaweb.com.ar\\\/sitio\\\/rechazo-de-la-corte-a-una-presentacion-en-la-causa-por-el-patrimonio-de-daniel-munoz\\\/#breadcrumb\",\"itemListElement\":[{\"@type\":\"ListItem\",\"position\":1,\"name\":\"Portada\",\"item\":\"http:\\\/\\\/cuartetoenlaweb.com.ar\\\/sitio\\\/\"},{\"@type\":\"ListItem\",\"position\":2,\"name\":\"Rechazo de la Corte a una presentaci\u00f3n en la causa por el patrimonio de Daniel Mu\u00f1oz\"}]},{\"@type\":\"WebSite\",\"@id\":\"http:\\\/\\\/cuartetoenlaweb.com.ar\\\/sitio\\\/#website\",\"url\":\"http:\\\/\\\/cuartetoenlaweb.com.ar\\\/sitio\\\/\",\"name\":\"Cuarteto en la Web\",\"description\":\"\",\"publisher\":{\"@id\":\"http:\\\/\\\/cuartetoenlaweb.com.ar\\\/sitio\\\/#organization\"},\"potentialAction\":[{\"@type\":\"SearchAction\",\"target\":{\"@type\":\"EntryPoint\",\"urlTemplate\":\"http:\\\/\\\/cuartetoenlaweb.com.ar\\\/sitio\\\/?s={search_term_string}\"},\"query-input\":{\"@type\":\"PropertyValueSpecification\",\"valueRequired\":true,\"valueName\":\"search_term_string\"}}],\"inLanguage\":\"es\"},{\"@type\":\"Organization\",\"@id\":\"http:\\\/\\\/cuartetoenlaweb.com.ar\\\/sitio\\\/#organization\",\"name\":\"Cuarteto en la Web\",\"url\":\"http:\\\/\\\/cuartetoenlaweb.com.ar\\\/sitio\\\/\",\"logo\":{\"@type\":\"ImageObject\",\"inLanguage\":\"es\",\"@id\":\"http:\\\/\\\/cuartetoenlaweb.com.ar\\\/sitio\\\/#\\\/schema\\\/logo\\\/image\\\/\",\"url\":\"https:\\\/\\\/cuartetoenlaweb.com.ar\\\/sitio\\\/wp-content\\\/uploads\\\/2025\\\/07\\\/cropped-cropped-logitoweb21.png\",\"contentUrl\":\"https:\\\/\\\/cuartetoenlaweb.com.ar\\\/sitio\\\/wp-content\\\/uploads\\\/2025\\\/07\\\/cropped-cropped-logitoweb21.png\",\"width\":199,\"height\":199,\"caption\":\"Cuarteto en la Web\"},\"image\":{\"@id\":\"http:\\\/\\\/cuartetoenlaweb.com.ar\\\/sitio\\\/#\\\/schema\\\/logo\\\/image\\\/\"}}]}<\/script>\n<!-- \/ Yoast SEO plugin. -->","yoast_head_json":{"title":"Rechazo de la Corte a una presentaci\u00f3n en la causa por el patrimonio de Daniel Mu\u00f1oz - Cuarteto en la Web","robots":{"index":"index","follow":"follow","max-snippet":"max-snippet:-1","max-image-preview":"max-image-preview:large","max-video-preview":"max-video-preview:-1"},"canonical":"https:\/\/cuartetoenlaweb.com.ar\/sitio\/rechazo-de-la-corte-a-una-presentacion-en-la-causa-por-el-patrimonio-de-daniel-munoz\/","og_locale":"es_ES","og_type":"article","og_title":"Rechazo de la Corte a una presentaci\u00f3n en la causa por el patrimonio de Daniel Mu\u00f1oz - Cuarteto en la Web","og_description":"Buenos Aires, 18 noviembre (NA) \u2013 La Corte Suprema de","og_url":"https:\/\/cuartetoenlaweb.com.ar\/sitio\/rechazo-de-la-corte-a-una-presentacion-en-la-causa-por-el-patrimonio-de-daniel-munoz\/","og_site_name":"Cuarteto en la Web","article_published_time":"2025-11-18T23:00:13+00:00","og_image":[{"width":1024,"height":650,"url":"https:\/\/cuartetoenlaweb.com.ar\/sitio\/wp-content\/uploads\/2025\/11\/image-50.jpg","type":"image\/jpeg"}],"twitter_card":"summary_large_image","twitter_misc":{"Tiempo de lectura":"3 minutos"},"schema":{"@context":"https:\/\/schema.org","@graph":[{"@type":"Article","@id":"https:\/\/cuartetoenlaweb.com.ar\/sitio\/rechazo-de-la-corte-a-una-presentacion-en-la-causa-por-el-patrimonio-de-daniel-munoz\/#article","isPartOf":{"@id":"https:\/\/cuartetoenlaweb.com.ar\/sitio\/rechazo-de-la-corte-a-una-presentacion-en-la-causa-por-el-patrimonio-de-daniel-munoz\/"},"author":{"name":"","@id":""},"headline":"Rechazo de la Corte a una presentaci\u00f3n en la causa por el patrimonio de Daniel Mu\u00f1oz","datePublished":"2025-11-18T23:00:13+00:00","mainEntityOfPage":{"@id":"https:\/\/cuartetoenlaweb.com.ar\/sitio\/rechazo-de-la-corte-a-una-presentacion-en-la-causa-por-el-patrimonio-de-daniel-munoz\/"},"wordCount":553,"publisher":{"@id":"http:\/\/cuartetoenlaweb.com.ar\/sitio\/#organization"},"image":{"@id":"https:\/\/cuartetoenlaweb.com.ar\/sitio\/rechazo-de-la-corte-a-una-presentacion-en-la-causa-por-el-patrimonio-de-daniel-munoz\/#primaryimage"},"thumbnailUrl":"https:\/\/cuartetoenlaweb.com.ar\/sitio\/wp-content\/uploads\/2025\/11\/image-50.jpg","articleSection":["PAIS"],"inLanguage":"es"},{"@type":"WebPage","@id":"https:\/\/cuartetoenlaweb.com.ar\/sitio\/rechazo-de-la-corte-a-una-presentacion-en-la-causa-por-el-patrimonio-de-daniel-munoz\/","url":"https:\/\/cuartetoenlaweb.com.ar\/sitio\/rechazo-de-la-corte-a-una-presentacion-en-la-causa-por-el-patrimonio-de-daniel-munoz\/","name":"Rechazo de la Corte a una presentaci\u00f3n en la causa por el patrimonio de Daniel Mu\u00f1oz - Cuarteto en la Web","isPartOf":{"@id":"http:\/\/cuartetoenlaweb.com.ar\/sitio\/#website"},"primaryImageOfPage":{"@id":"https:\/\/cuartetoenlaweb.com.ar\/sitio\/rechazo-de-la-corte-a-una-presentacion-en-la-causa-por-el-patrimonio-de-daniel-munoz\/#primaryimage"},"image":{"@id":"https:\/\/cuartetoenlaweb.com.ar\/sitio\/rechazo-de-la-corte-a-una-presentacion-en-la-causa-por-el-patrimonio-de-daniel-munoz\/#primaryimage"},"thumbnailUrl":"https:\/\/cuartetoenlaweb.com.ar\/sitio\/wp-content\/uploads\/2025\/11\/image-50.jpg","datePublished":"2025-11-18T23:00:13+00:00","breadcrumb":{"@id":"https:\/\/cuartetoenlaweb.com.ar\/sitio\/rechazo-de-la-corte-a-una-presentacion-en-la-causa-por-el-patrimonio-de-daniel-munoz\/#breadcrumb"},"inLanguage":"es","potentialAction":[{"@type":"ReadAction","target":["https:\/\/cuartetoenlaweb.com.ar\/sitio\/rechazo-de-la-corte-a-una-presentacion-en-la-causa-por-el-patrimonio-de-daniel-munoz\/"]}]},{"@type":"ImageObject","inLanguage":"es","@id":"https:\/\/cuartetoenlaweb.com.ar\/sitio\/rechazo-de-la-corte-a-una-presentacion-en-la-causa-por-el-patrimonio-de-daniel-munoz\/#primaryimage","url":"https:\/\/cuartetoenlaweb.com.ar\/sitio\/wp-content\/uploads\/2025\/11\/image-50.jpg","contentUrl":"https:\/\/cuartetoenlaweb.com.ar\/sitio\/wp-content\/uploads\/2025\/11\/image-50.jpg","width":1024,"height":650},{"@type":"BreadcrumbList","@id":"https:\/\/cuartetoenlaweb.com.ar\/sitio\/rechazo-de-la-corte-a-una-presentacion-en-la-causa-por-el-patrimonio-de-daniel-munoz\/#breadcrumb","itemListElement":[{"@type":"ListItem","position":1,"name":"Portada","item":"http:\/\/cuartetoenlaweb.com.ar\/sitio\/"},{"@type":"ListItem","position":2,"name":"Rechazo de la Corte a una presentaci\u00f3n en la causa por el patrimonio de Daniel Mu\u00f1oz"}]},{"@type":"WebSite","@id":"http:\/\/cuartetoenlaweb.com.ar\/sitio\/#website","url":"http:\/\/cuartetoenlaweb.com.ar\/sitio\/","name":"Cuarteto en la Web","description":"","publisher":{"@id":"http:\/\/cuartetoenlaweb.com.ar\/sitio\/#organization"},"potentialAction":[{"@type":"SearchAction","target":{"@type":"EntryPoint","urlTemplate":"http:\/\/cuartetoenlaweb.com.ar\/sitio\/?s={search_term_string}"},"query-input":{"@type":"PropertyValueSpecification","valueRequired":true,"valueName":"search_term_string"}}],"inLanguage":"es"},{"@type":"Organization","@id":"http:\/\/cuartetoenlaweb.com.ar\/sitio\/#organization","name":"Cuarteto en la Web","url":"http:\/\/cuartetoenlaweb.com.ar\/sitio\/","logo":{"@type":"ImageObject","inLanguage":"es","@id":"http:\/\/cuartetoenlaweb.com.ar\/sitio\/#\/schema\/logo\/image\/","url":"https:\/\/cuartetoenlaweb.com.ar\/sitio\/wp-content\/uploads\/2025\/07\/cropped-cropped-logitoweb21.png","contentUrl":"https:\/\/cuartetoenlaweb.com.ar\/sitio\/wp-content\/uploads\/2025\/07\/cropped-cropped-logitoweb21.png","width":199,"height":199,"caption":"Cuarteto en la Web"},"image":{"@id":"http:\/\/cuartetoenlaweb.com.ar\/sitio\/#\/schema\/logo\/image\/"}}]}},"_links":{"self":[{"href":"https:\/\/cuartetoenlaweb.com.ar\/sitio\/wp-json\/wp\/v2\/posts\/5221","targetHints":{"allow":["GET"]}}],"collection":[{"href":"https:\/\/cuartetoenlaweb.com.ar\/sitio\/wp-json\/wp\/v2\/posts"}],"about":[{"href":"https:\/\/cuartetoenlaweb.com.ar\/sitio\/wp-json\/wp\/v2\/types\/post"}],"replies":[{"embeddable":true,"href":"https:\/\/cuartetoenlaweb.com.ar\/sitio\/wp-json\/wp\/v2\/comments?post=5221"}],"version-history":[{"count":0,"href":"https:\/\/cuartetoenlaweb.com.ar\/sitio\/wp-json\/wp\/v2\/posts\/5221\/revisions"}],"wp:featuredmedia":[{"embeddable":true,"href":"https:\/\/cuartetoenlaweb.com.ar\/sitio\/wp-json\/wp\/v2\/media\/5222"}],"wp:attachment":[{"href":"https:\/\/cuartetoenlaweb.com.ar\/sitio\/wp-json\/wp\/v2\/media?parent=5221"}],"wp:term":[{"taxonomy":"category","embeddable":true,"href":"https:\/\/cuartetoenlaweb.com.ar\/sitio\/wp-json\/wp\/v2\/categories?post=5221"},{"taxonomy":"post_tag","embeddable":true,"href":"https:\/\/cuartetoenlaweb.com.ar\/sitio\/wp-json\/wp\/v2\/tags?post=5221"}],"curies":[{"name":"wp","href":"https:\/\/api.w.org\/{rel}","templated":true}]}}