
{"id":5219,"date":"2025-11-18T20:00:11","date_gmt":"2025-11-18T23:00:11","guid":{"rendered":"https:\/\/cuartetoenlaweb.com.ar\/sitio\/viviana-canosa-rompio-el-silencio-y-le-respondio-a-fabiola-yanez-sobre-su-romance-con-alberto-fernandez\/"},"modified":"2025-11-18T20:00:11","modified_gmt":"2025-11-18T23:00:11","slug":"viviana-canosa-rompio-el-silencio-y-le-respondio-a-fabiola-yanez-sobre-su-romance-con-alberto-fernandez","status":"publish","type":"post","link":"https:\/\/cuartetoenlaweb.com.ar\/sitio\/viviana-canosa-rompio-el-silencio-y-le-respondio-a-fabiola-yanez-sobre-su-romance-con-alberto-fernandez\/","title":{"rendered":"Viviana Canosa rompi\u00f3 el silencio y le respondi\u00f3 a Fabiola Y\u00e1\u00f1ez sobre su romance con Alberto Fern\u00e1ndez"},"content":{"rendered":"<p><strong>Fabiola Y\u00e1\u00f1ez<\/strong> encendi\u00f3 una tonelada de controversias con una entrevista que le brind\u00f3 a <strong>\u00c1ngel de Brito<\/strong>. En ese contexto, la ex primera dama solt\u00f3 una monta\u00f1a de detalles respecto a detalles muy \u00edntimos de su extensa relaci\u00f3n con <strong><a href=\"https:\/\/www.paparazzi.com.ar\/teve\/mirtha-legrand-descoloco-a-fabiola-yanez-por-el-escandalo-con-alberto-fernandez-te-pintaron-los-moretones\/\">Alberto Fern\u00e1ndez<\/a><\/strong>.<\/p>\n<p>En esa charla extremadamente sincera, la famosa dio a entender que el ex presidente de la Naci\u00f3n mantuvo una especie de relaci\u00f3n muy cari\u00f1osa con <strong><a href=\"https:\/\/www.paparazzi.com.ar\/romances\/fabiola-yanez-confirmo-que-viviana-canosa-fue-amante-de-alberto-fernandez-como-los-descubrio\/\">Viviana Canosa<\/a><\/strong>. Ese dato activ\u00f3 de inmediato una oleada de repercusiones explosivas, con ramificaciones de toda \u00edndole.<\/p>\n<p>Fabiola le cont\u00f3 al conductor de LAM pormenores del tipo de v\u00ednculo que tendr\u00edan la periodista y el ex pol\u00edtico. \u00ab<em>(Alberto le dijo) que le hab\u00eda pedido la secretar\u00eda de comunicaci\u00f3n, y como \u00e9l dijo que no, Viviana Canosa se enoj\u00f3 y lo empez\u00f3 a defenestrar cuando antes su relaci\u00f3n era muy, muy cercana, muy \u00edntima<\/em>\u201d, sostuvo.\u00a0<\/p>\n<div class=\"mt-box \">\n<h4 class=\"mt-heading\">Mir\u00e1 Tambi\u00e9n<\/h4>\n<p><a href=\"https:\/\/www.paparazzi.com.ar\/romances\/mauro-icardi-le-devolvio-a-wanda-nara-a-sus-dos-hijas-en-su-edificio-como-fue-el-tenso-cara-a-cara\/\"><\/p>\n<div class=\"mt-content\">\n<div class=\"mt-image-container\"><img decoding=\"async\" src=\"https:\/\/www.paparazzi.com.ar\/wp-content\/uploads\/2025\/11\/Mauro-icardi-Wanda-Nara-2-359x226.jpg\" alt=\"Mauro Icardi le devolvi\u00f3 a Wanda Nara a sus dos hijas en su edificio: c\u00f3mo fue el tenso cara a cara\" class=\"mt-image\" loading=\"lazy\" \/><\/div>\n<h5 class=\"mt-title\">Mauro Icardi le devolvi\u00f3 a Wanda Nara a sus dos hijas en su edificio: c\u00f3mo fue el tenso cara a cara<\/h5>\n<\/div>\n<p><\/a><\/div>\n<p>Y para redondear el panorama y deslizar que todo se enrolaba en un feedback de cierta complicidad, Y\u00e1\u00f1ez expres\u00f3: \u201cMuy de hablar todo el tiempo, de verse todo el tiempo. De esas entrevistas que bueno, hasta verg\u00fcenza ajena daban porque la verdad faltaba que se le tirara encima, era as\u00ed\u00bb.<\/p>\n<h2 class=\"wp-block-heading\">VIVIANA CANOSA LE RESPONDI\u00d3 A FABIOLA Y\u00c1\u00d1EZ<\/h2>\n<p>La mirada se direccion\u00f3 a la reacci\u00f3n de Canosa, que finalmente se produjo y en el espacio p\u00fablico. La animadora de Carnaval Stream recogi\u00f3 el&nbsp; guante y sali\u00f3 a mostrar sus cartas. Sin titubeos, la famosa poste\u00f3 un tuit tremendo, en el que deja en claro su postura.<\/p>\n<p>\u00ab<em>Iniciaremos, en forma inmediata, acciones en sede civil por da\u00f1os y perjuicios. Y estamos evaluando la interposici\u00f3n de una denuncia penal. Sus expresiones son absolutamente falaces y afectan mi buen nombre y honor. Fin\u00bb<\/em>, exterioriz\u00f3 Viviana con mucha vehemencia.<\/p>\n<figure class=\"wp-block-image size-full\"><img decoding=\"async\" width=\"488\" height=\"195\" src=\"https:\/\/www.paparazzi.com.ar\/wp-content\/uploads\/2025\/11\/Captura-de-pantalla-2025-11-18-a-las-19.02.34.png.webp\" loading=\"lazy\" alt=\"\" class=\"wp-image-453652\" \/><\/figure>\n<div class=\"mt-box \">\n<h4 class=\"mt-heading\">Mir\u00e1 Tambi\u00e9n<\/h4>\n<p><a href=\"https:\/\/www.paparazzi.com.ar\/romances\/fabiola-yanez-confirmo-que-viviana-canosa-fue-amante-de-alberto-fernandez-como-los-descubrio\/\"><\/p>\n<div class=\"mt-content\">\n<div class=\"mt-image-container\"><img decoding=\"async\" src=\"https:\/\/www.paparazzi.com.ar\/wp-content\/uploads\/2024\/09\/Viviana-Canosa.jpg.webp\" alt=\"Fabiola Y\u00e1\u00f1ez confirm\u00f3 que Viviana Canosa fue amante de Alberto Fern\u00e1ndez: c\u00f3mo los descubri\u00f3\" class=\"mt-image\" loading=\"lazy\" \/><\/div>\n<h5 class=\"mt-title\">Fabiola Y\u00e1\u00f1ez confirm\u00f3 que Viviana Canosa fue amante de Alberto Fern\u00e1ndez: c\u00f3mo los descubri\u00f3<\/h5>\n<\/div>\n<p><\/a><\/div>\n<div class=\"mt-box \">\n<h4 class=\"mt-heading\">Mir\u00e1 Tambi\u00e9n<\/h4>\n<p><a href=\"https:\/\/www.paparazzi.com.ar\/teve\/mirtha-legrand-descoloco-a-fabiola-yanez-por-el-escandalo-con-alberto-fernandez-te-pintaron-los-moretones\/\"><\/p>\n<div class=\"mt-content\">\n<div class=\"mt-image-container\"><img decoding=\"async\" src=\"https:\/\/www.paparazzi.com.ar\/wp-content\/uploads\/2025\/11\/Fabiola-Yanez-y-Mirtha-Legrand-1.1-359x226.jpg\" alt=\"Mirtha Legrand descoloc\u00f3 a Fabiola Y\u00e1\u00f1ez por el esc\u00e1ndalo con Alberto Fern\u00e1ndez: &quot;\u00bfTe pintaron los moretones?&quot;\" class=\"mt-image\" loading=\"lazy\" \/><\/div>\n<h5 class=\"mt-title\">Mirtha Legrand descoloc\u00f3 a Fabiola Y\u00e1\u00f1ez por el esc\u00e1ndalo con Alberto Fern\u00e1ndez: \u00ab\u00bfTe pintaron los moretones?\u00bb<\/h5>\n<\/div>\n<p><\/a><\/div>\n<p>The post <a href=\"https:\/\/www.paparazzi.com.ar\/romances\/viviana-canosa-rompio-el-silencio-y-le-respondio-a-fabiola-yanez-sobre-su-romance-con-alberto-fernandez\/\">Viviana Canosa rompi\u00f3 el silencio y le respondi\u00f3 a Fabiola Y\u00e1\u00f1ez sobre su romance con Alberto Fern\u00e1ndez<\/a> appeared first on <a href=\"https:\/\/www.paparazzi.com.ar\">Revista Paparazzi<\/a>.<\/p>\n","protected":false},"excerpt":{"rendered":"<p>Fabiola Y\u00e1\u00f1ez encendi\u00f3 una tonelada de controversias con una entrevista<\/p>\n","protected":false},"author":0,"featured_media":5220,"comment_status":"","ping_status":"","sticky":false,"template":"","format":"standard","meta":{"footnotes":""},"categories":[12],"tags":[],"class_list":["post-5219","post","type-post","status-publish","format-standard","has-post-thumbnail","hentry","category-espectaculo"],"yoast_head":"<!-- This site is optimized with the Yoast SEO plugin v27.5 - https:\/\/yoast.com\/product\/yoast-seo-wordpress\/ -->\n<title>Viviana Canosa rompi\u00f3 el silencio y le respondi\u00f3 a Fabiola Y\u00e1\u00f1ez sobre su romance con Alberto Fern\u00e1ndez - Cuarteto en la Web<\/title>\n<meta name=\"robots\" content=\"index, follow, max-snippet:-1, max-image-preview:large, max-video-preview:-1\" \/>\n<link rel=\"canonical\" href=\"https:\/\/cuartetoenlaweb.com.ar\/sitio\/viviana-canosa-rompio-el-silencio-y-le-respondio-a-fabiola-yanez-sobre-su-romance-con-alberto-fernandez\/\" \/>\n<meta property=\"og:locale\" content=\"es_ES\" \/>\n<meta property=\"og:type\" content=\"article\" \/>\n<meta property=\"og:title\" content=\"Viviana Canosa rompi\u00f3 el silencio y le respondi\u00f3 a Fabiola Y\u00e1\u00f1ez sobre su romance con Alberto Fern\u00e1ndez - Cuarteto en la Web\" \/>\n<meta property=\"og:description\" content=\"Fabiola Y\u00e1\u00f1ez encendi\u00f3 una tonelada de controversias con una entrevista\" \/>\n<meta property=\"og:url\" content=\"https:\/\/cuartetoenlaweb.com.ar\/sitio\/viviana-canosa-rompio-el-silencio-y-le-respondio-a-fabiola-yanez-sobre-su-romance-con-alberto-fernandez\/\" \/>\n<meta property=\"og:site_name\" content=\"Cuarteto en la Web\" \/>\n<meta property=\"article:published_time\" content=\"2025-11-18T23:00:11+00:00\" \/>\n<meta property=\"og:image\" content=\"https:\/\/cuartetoenlaweb.com.ar\/sitio\/wp-content\/uploads\/2025\/11\/Mauro-icardi-Wanda-Nara-2-359x226-1.jpg\" \/>\n\t<meta property=\"og:image:width\" content=\"359\" \/>\n\t<meta property=\"og:image:height\" content=\"226\" \/>\n\t<meta property=\"og:image:type\" content=\"image\/jpeg\" \/>\n<meta name=\"twitter:card\" content=\"summary_large_image\" \/>\n<meta name=\"twitter:label1\" content=\"Tiempo de lectura\" \/>\n\t<meta name=\"twitter:data1\" content=\"2 minutos\" \/>\n<script type=\"application\/ld+json\" class=\"yoast-schema-graph\">{\"@context\":\"https:\\\/\\\/schema.org\",\"@graph\":[{\"@type\":\"Article\",\"@id\":\"https:\\\/\\\/cuartetoenlaweb.com.ar\\\/sitio\\\/viviana-canosa-rompio-el-silencio-y-le-respondio-a-fabiola-yanez-sobre-su-romance-con-alberto-fernandez\\\/#article\",\"isPartOf\":{\"@id\":\"https:\\\/\\\/cuartetoenlaweb.com.ar\\\/sitio\\\/viviana-canosa-rompio-el-silencio-y-le-respondio-a-fabiola-yanez-sobre-su-romance-con-alberto-fernandez\\\/\"},\"author\":{\"name\":\"\",\"@id\":\"\"},\"headline\":\"Viviana Canosa rompi\u00f3 el silencio y le respondi\u00f3 a Fabiola Y\u00e1\u00f1ez sobre su romance con Alberto Fern\u00e1ndez\",\"datePublished\":\"2025-11-18T23:00:11+00:00\",\"mainEntityOfPage\":{\"@id\":\"https:\\\/\\\/cuartetoenlaweb.com.ar\\\/sitio\\\/viviana-canosa-rompio-el-silencio-y-le-respondio-a-fabiola-yanez-sobre-su-romance-con-alberto-fernandez\\\/\"},\"wordCount\":418,\"publisher\":{\"@id\":\"http:\\\/\\\/cuartetoenlaweb.com.ar\\\/sitio\\\/#organization\"},\"image\":{\"@id\":\"https:\\\/\\\/cuartetoenlaweb.com.ar\\\/sitio\\\/viviana-canosa-rompio-el-silencio-y-le-respondio-a-fabiola-yanez-sobre-su-romance-con-alberto-fernandez\\\/#primaryimage\"},\"thumbnailUrl\":\"https:\\\/\\\/cuartetoenlaweb.com.ar\\\/sitio\\\/wp-content\\\/uploads\\\/2025\\\/11\\\/Mauro-icardi-Wanda-Nara-2-359x226-1.jpg\",\"articleSection\":[\"ESPECT\u00c1CULO\"],\"inLanguage\":\"es\"},{\"@type\":\"WebPage\",\"@id\":\"https:\\\/\\\/cuartetoenlaweb.com.ar\\\/sitio\\\/viviana-canosa-rompio-el-silencio-y-le-respondio-a-fabiola-yanez-sobre-su-romance-con-alberto-fernandez\\\/\",\"url\":\"https:\\\/\\\/cuartetoenlaweb.com.ar\\\/sitio\\\/viviana-canosa-rompio-el-silencio-y-le-respondio-a-fabiola-yanez-sobre-su-romance-con-alberto-fernandez\\\/\",\"name\":\"Viviana Canosa rompi\u00f3 el silencio y le respondi\u00f3 a Fabiola Y\u00e1\u00f1ez sobre su romance con Alberto Fern\u00e1ndez - Cuarteto en la Web\",\"isPartOf\":{\"@id\":\"http:\\\/\\\/cuartetoenlaweb.com.ar\\\/sitio\\\/#website\"},\"primaryImageOfPage\":{\"@id\":\"https:\\\/\\\/cuartetoenlaweb.com.ar\\\/sitio\\\/viviana-canosa-rompio-el-silencio-y-le-respondio-a-fabiola-yanez-sobre-su-romance-con-alberto-fernandez\\\/#primaryimage\"},\"image\":{\"@id\":\"https:\\\/\\\/cuartetoenlaweb.com.ar\\\/sitio\\\/viviana-canosa-rompio-el-silencio-y-le-respondio-a-fabiola-yanez-sobre-su-romance-con-alberto-fernandez\\\/#primaryimage\"},\"thumbnailUrl\":\"https:\\\/\\\/cuartetoenlaweb.com.ar\\\/sitio\\\/wp-content\\\/uploads\\\/2025\\\/11\\\/Mauro-icardi-Wanda-Nara-2-359x226-1.jpg\",\"datePublished\":\"2025-11-18T23:00:11+00:00\",\"breadcrumb\":{\"@id\":\"https:\\\/\\\/cuartetoenlaweb.com.ar\\\/sitio\\\/viviana-canosa-rompio-el-silencio-y-le-respondio-a-fabiola-yanez-sobre-su-romance-con-alberto-fernandez\\\/#breadcrumb\"},\"inLanguage\":\"es\",\"potentialAction\":[{\"@type\":\"ReadAction\",\"target\":[\"https:\\\/\\\/cuartetoenlaweb.com.ar\\\/sitio\\\/viviana-canosa-rompio-el-silencio-y-le-respondio-a-fabiola-yanez-sobre-su-romance-con-alberto-fernandez\\\/\"]}]},{\"@type\":\"ImageObject\",\"inLanguage\":\"es\",\"@id\":\"https:\\\/\\\/cuartetoenlaweb.com.ar\\\/sitio\\\/viviana-canosa-rompio-el-silencio-y-le-respondio-a-fabiola-yanez-sobre-su-romance-con-alberto-fernandez\\\/#primaryimage\",\"url\":\"https:\\\/\\\/cuartetoenlaweb.com.ar\\\/sitio\\\/wp-content\\\/uploads\\\/2025\\\/11\\\/Mauro-icardi-Wanda-Nara-2-359x226-1.jpg\",\"contentUrl\":\"https:\\\/\\\/cuartetoenlaweb.com.ar\\\/sitio\\\/wp-content\\\/uploads\\\/2025\\\/11\\\/Mauro-icardi-Wanda-Nara-2-359x226-1.jpg\",\"width\":359,\"height\":226},{\"@type\":\"BreadcrumbList\",\"@id\":\"https:\\\/\\\/cuartetoenlaweb.com.ar\\\/sitio\\\/viviana-canosa-rompio-el-silencio-y-le-respondio-a-fabiola-yanez-sobre-su-romance-con-alberto-fernandez\\\/#breadcrumb\",\"itemListElement\":[{\"@type\":\"ListItem\",\"position\":1,\"name\":\"Portada\",\"item\":\"http:\\\/\\\/cuartetoenlaweb.com.ar\\\/sitio\\\/\"},{\"@type\":\"ListItem\",\"position\":2,\"name\":\"Viviana Canosa rompi\u00f3 el silencio y le respondi\u00f3 a Fabiola Y\u00e1\u00f1ez sobre su romance con Alberto Fern\u00e1ndez\"}]},{\"@type\":\"WebSite\",\"@id\":\"http:\\\/\\\/cuartetoenlaweb.com.ar\\\/sitio\\\/#website\",\"url\":\"http:\\\/\\\/cuartetoenlaweb.com.ar\\\/sitio\\\/\",\"name\":\"Cuarteto en la Web\",\"description\":\"\",\"publisher\":{\"@id\":\"http:\\\/\\\/cuartetoenlaweb.com.ar\\\/sitio\\\/#organization\"},\"potentialAction\":[{\"@type\":\"SearchAction\",\"target\":{\"@type\":\"EntryPoint\",\"urlTemplate\":\"http:\\\/\\\/cuartetoenlaweb.com.ar\\\/sitio\\\/?s={search_term_string}\"},\"query-input\":{\"@type\":\"PropertyValueSpecification\",\"valueRequired\":true,\"valueName\":\"search_term_string\"}}],\"inLanguage\":\"es\"},{\"@type\":\"Organization\",\"@id\":\"http:\\\/\\\/cuartetoenlaweb.com.ar\\\/sitio\\\/#organization\",\"name\":\"Cuarteto en la Web\",\"url\":\"http:\\\/\\\/cuartetoenlaweb.com.ar\\\/sitio\\\/\",\"logo\":{\"@type\":\"ImageObject\",\"inLanguage\":\"es\",\"@id\":\"http:\\\/\\\/cuartetoenlaweb.com.ar\\\/sitio\\\/#\\\/schema\\\/logo\\\/image\\\/\",\"url\":\"https:\\\/\\\/cuartetoenlaweb.com.ar\\\/sitio\\\/wp-content\\\/uploads\\\/2025\\\/07\\\/cropped-cropped-logitoweb21.png\",\"contentUrl\":\"https:\\\/\\\/cuartetoenlaweb.com.ar\\\/sitio\\\/wp-content\\\/uploads\\\/2025\\\/07\\\/cropped-cropped-logitoweb21.png\",\"width\":199,\"height\":199,\"caption\":\"Cuarteto en la Web\"},\"image\":{\"@id\":\"http:\\\/\\\/cuartetoenlaweb.com.ar\\\/sitio\\\/#\\\/schema\\\/logo\\\/image\\\/\"}}]}<\/script>\n<!-- \/ Yoast SEO plugin. -->","yoast_head_json":{"title":"Viviana Canosa rompi\u00f3 el silencio y le respondi\u00f3 a Fabiola Y\u00e1\u00f1ez sobre su romance con Alberto Fern\u00e1ndez - Cuarteto en la Web","robots":{"index":"index","follow":"follow","max-snippet":"max-snippet:-1","max-image-preview":"max-image-preview:large","max-video-preview":"max-video-preview:-1"},"canonical":"https:\/\/cuartetoenlaweb.com.ar\/sitio\/viviana-canosa-rompio-el-silencio-y-le-respondio-a-fabiola-yanez-sobre-su-romance-con-alberto-fernandez\/","og_locale":"es_ES","og_type":"article","og_title":"Viviana Canosa rompi\u00f3 el silencio y le respondi\u00f3 a Fabiola Y\u00e1\u00f1ez sobre su romance con Alberto Fern\u00e1ndez - Cuarteto en la Web","og_description":"Fabiola Y\u00e1\u00f1ez encendi\u00f3 una tonelada de controversias con una entrevista","og_url":"https:\/\/cuartetoenlaweb.com.ar\/sitio\/viviana-canosa-rompio-el-silencio-y-le-respondio-a-fabiola-yanez-sobre-su-romance-con-alberto-fernandez\/","og_site_name":"Cuarteto en la Web","article_published_time":"2025-11-18T23:00:11+00:00","og_image":[{"width":359,"height":226,"url":"https:\/\/cuartetoenlaweb.com.ar\/sitio\/wp-content\/uploads\/2025\/11\/Mauro-icardi-Wanda-Nara-2-359x226-1.jpg","type":"image\/jpeg"}],"twitter_card":"summary_large_image","twitter_misc":{"Tiempo de lectura":"2 minutos"},"schema":{"@context":"https:\/\/schema.org","@graph":[{"@type":"Article","@id":"https:\/\/cuartetoenlaweb.com.ar\/sitio\/viviana-canosa-rompio-el-silencio-y-le-respondio-a-fabiola-yanez-sobre-su-romance-con-alberto-fernandez\/#article","isPartOf":{"@id":"https:\/\/cuartetoenlaweb.com.ar\/sitio\/viviana-canosa-rompio-el-silencio-y-le-respondio-a-fabiola-yanez-sobre-su-romance-con-alberto-fernandez\/"},"author":{"name":"","@id":""},"headline":"Viviana Canosa rompi\u00f3 el silencio y le respondi\u00f3 a Fabiola Y\u00e1\u00f1ez sobre su romance con Alberto Fern\u00e1ndez","datePublished":"2025-11-18T23:00:11+00:00","mainEntityOfPage":{"@id":"https:\/\/cuartetoenlaweb.com.ar\/sitio\/viviana-canosa-rompio-el-silencio-y-le-respondio-a-fabiola-yanez-sobre-su-romance-con-alberto-fernandez\/"},"wordCount":418,"publisher":{"@id":"http:\/\/cuartetoenlaweb.com.ar\/sitio\/#organization"},"image":{"@id":"https:\/\/cuartetoenlaweb.com.ar\/sitio\/viviana-canosa-rompio-el-silencio-y-le-respondio-a-fabiola-yanez-sobre-su-romance-con-alberto-fernandez\/#primaryimage"},"thumbnailUrl":"https:\/\/cuartetoenlaweb.com.ar\/sitio\/wp-content\/uploads\/2025\/11\/Mauro-icardi-Wanda-Nara-2-359x226-1.jpg","articleSection":["ESPECT\u00c1CULO"],"inLanguage":"es"},{"@type":"WebPage","@id":"https:\/\/cuartetoenlaweb.com.ar\/sitio\/viviana-canosa-rompio-el-silencio-y-le-respondio-a-fabiola-yanez-sobre-su-romance-con-alberto-fernandez\/","url":"https:\/\/cuartetoenlaweb.com.ar\/sitio\/viviana-canosa-rompio-el-silencio-y-le-respondio-a-fabiola-yanez-sobre-su-romance-con-alberto-fernandez\/","name":"Viviana Canosa rompi\u00f3 el silencio y le respondi\u00f3 a Fabiola Y\u00e1\u00f1ez sobre su romance con Alberto Fern\u00e1ndez - Cuarteto en la Web","isPartOf":{"@id":"http:\/\/cuartetoenlaweb.com.ar\/sitio\/#website"},"primaryImageOfPage":{"@id":"https:\/\/cuartetoenlaweb.com.ar\/sitio\/viviana-canosa-rompio-el-silencio-y-le-respondio-a-fabiola-yanez-sobre-su-romance-con-alberto-fernandez\/#primaryimage"},"image":{"@id":"https:\/\/cuartetoenlaweb.com.ar\/sitio\/viviana-canosa-rompio-el-silencio-y-le-respondio-a-fabiola-yanez-sobre-su-romance-con-alberto-fernandez\/#primaryimage"},"thumbnailUrl":"https:\/\/cuartetoenlaweb.com.ar\/sitio\/wp-content\/uploads\/2025\/11\/Mauro-icardi-Wanda-Nara-2-359x226-1.jpg","datePublished":"2025-11-18T23:00:11+00:00","breadcrumb":{"@id":"https:\/\/cuartetoenlaweb.com.ar\/sitio\/viviana-canosa-rompio-el-silencio-y-le-respondio-a-fabiola-yanez-sobre-su-romance-con-alberto-fernandez\/#breadcrumb"},"inLanguage":"es","potentialAction":[{"@type":"ReadAction","target":["https:\/\/cuartetoenlaweb.com.ar\/sitio\/viviana-canosa-rompio-el-silencio-y-le-respondio-a-fabiola-yanez-sobre-su-romance-con-alberto-fernandez\/"]}]},{"@type":"ImageObject","inLanguage":"es","@id":"https:\/\/cuartetoenlaweb.com.ar\/sitio\/viviana-canosa-rompio-el-silencio-y-le-respondio-a-fabiola-yanez-sobre-su-romance-con-alberto-fernandez\/#primaryimage","url":"https:\/\/cuartetoenlaweb.com.ar\/sitio\/wp-content\/uploads\/2025\/11\/Mauro-icardi-Wanda-Nara-2-359x226-1.jpg","contentUrl":"https:\/\/cuartetoenlaweb.com.ar\/sitio\/wp-content\/uploads\/2025\/11\/Mauro-icardi-Wanda-Nara-2-359x226-1.jpg","width":359,"height":226},{"@type":"BreadcrumbList","@id":"https:\/\/cuartetoenlaweb.com.ar\/sitio\/viviana-canosa-rompio-el-silencio-y-le-respondio-a-fabiola-yanez-sobre-su-romance-con-alberto-fernandez\/#breadcrumb","itemListElement":[{"@type":"ListItem","position":1,"name":"Portada","item":"http:\/\/cuartetoenlaweb.com.ar\/sitio\/"},{"@type":"ListItem","position":2,"name":"Viviana Canosa rompi\u00f3 el silencio y le respondi\u00f3 a Fabiola Y\u00e1\u00f1ez sobre su romance con Alberto Fern\u00e1ndez"}]},{"@type":"WebSite","@id":"http:\/\/cuartetoenlaweb.com.ar\/sitio\/#website","url":"http:\/\/cuartetoenlaweb.com.ar\/sitio\/","name":"Cuarteto en la Web","description":"","publisher":{"@id":"http:\/\/cuartetoenlaweb.com.ar\/sitio\/#organization"},"potentialAction":[{"@type":"SearchAction","target":{"@type":"EntryPoint","urlTemplate":"http:\/\/cuartetoenlaweb.com.ar\/sitio\/?s={search_term_string}"},"query-input":{"@type":"PropertyValueSpecification","valueRequired":true,"valueName":"search_term_string"}}],"inLanguage":"es"},{"@type":"Organization","@id":"http:\/\/cuartetoenlaweb.com.ar\/sitio\/#organization","name":"Cuarteto en la Web","url":"http:\/\/cuartetoenlaweb.com.ar\/sitio\/","logo":{"@type":"ImageObject","inLanguage":"es","@id":"http:\/\/cuartetoenlaweb.com.ar\/sitio\/#\/schema\/logo\/image\/","url":"https:\/\/cuartetoenlaweb.com.ar\/sitio\/wp-content\/uploads\/2025\/07\/cropped-cropped-logitoweb21.png","contentUrl":"https:\/\/cuartetoenlaweb.com.ar\/sitio\/wp-content\/uploads\/2025\/07\/cropped-cropped-logitoweb21.png","width":199,"height":199,"caption":"Cuarteto en la Web"},"image":{"@id":"http:\/\/cuartetoenlaweb.com.ar\/sitio\/#\/schema\/logo\/image\/"}}]}},"_links":{"self":[{"href":"https:\/\/cuartetoenlaweb.com.ar\/sitio\/wp-json\/wp\/v2\/posts\/5219","targetHints":{"allow":["GET"]}}],"collection":[{"href":"https:\/\/cuartetoenlaweb.com.ar\/sitio\/wp-json\/wp\/v2\/posts"}],"about":[{"href":"https:\/\/cuartetoenlaweb.com.ar\/sitio\/wp-json\/wp\/v2\/types\/post"}],"replies":[{"embeddable":true,"href":"https:\/\/cuartetoenlaweb.com.ar\/sitio\/wp-json\/wp\/v2\/comments?post=5219"}],"version-history":[{"count":0,"href":"https:\/\/cuartetoenlaweb.com.ar\/sitio\/wp-json\/wp\/v2\/posts\/5219\/revisions"}],"wp:featuredmedia":[{"embeddable":true,"href":"https:\/\/cuartetoenlaweb.com.ar\/sitio\/wp-json\/wp\/v2\/media\/5220"}],"wp:attachment":[{"href":"https:\/\/cuartetoenlaweb.com.ar\/sitio\/wp-json\/wp\/v2\/media?parent=5219"}],"wp:term":[{"taxonomy":"category","embeddable":true,"href":"https:\/\/cuartetoenlaweb.com.ar\/sitio\/wp-json\/wp\/v2\/categories?post=5219"},{"taxonomy":"post_tag","embeddable":true,"href":"https:\/\/cuartetoenlaweb.com.ar\/sitio\/wp-json\/wp\/v2\/tags?post=5219"}],"curies":[{"name":"wp","href":"https:\/\/api.w.org\/{rel}","templated":true}]}}