
{"id":5209,"date":"2025-11-18T19:00:17","date_gmt":"2025-11-18T22:00:17","guid":{"rendered":"https:\/\/cuartetoenlaweb.com.ar\/sitio\/abril-miranda-dos-meses-desaparecida-nuevos-allanamientos-y-testimonios\/"},"modified":"2025-11-18T19:00:17","modified_gmt":"2025-11-18T22:00:17","slug":"abril-miranda-dos-meses-desaparecida-nuevos-allanamientos-y-testimonios","status":"publish","type":"post","link":"https:\/\/cuartetoenlaweb.com.ar\/sitio\/abril-miranda-dos-meses-desaparecida-nuevos-allanamientos-y-testimonios\/","title":{"rendered":"Abril Miranda, dos meses desaparecida: nuevos allanamientos y testimonios"},"content":{"rendered":"<p>Buenos Aires, 18 noviembre (NA) &#8212; Abril Romero Miranda, la joven de 17 a\u00f1os oriunda de la localidad bonaerense de General Rodr\u00edguez, lleva dos meses desaparecida luego de haberse ido presuntamente con un hombre de 32 a\u00f1os, por lo que se realizan nuevos allanamientos en Salta, en la frontera con Bolivia, y se aguardan por nuevos testimonios.<\/p>\n<p>En di\u00e1logo con la Agencia Noticias Argentinas, Jorgelina Miranda, madre de la v\u00edctima indic\u00f3 que la b\u00fasqueda de la adolescente se expandi\u00f3 hacia \u201cla entrada de Bolivia\u201d y se llevar\u00e1 a cabo un nuevo allanamiento entre hoy y ma\u00f1ana en Salta.<\/p>\n<p>Es que Cristian Esteban Velazco, el hombre salte\u00f1o con quien Abril se habr\u00eda ido, convivi\u00f3 por dos meses con ella, lo que concluy\u00f3 con una denuncia por violencia de g\u00e9nero y, el pasado 18 de septiembre, cuando se la vio por \u00faltima vez, la menor le dej\u00f3 una carta a su mam\u00e1 donde indic\u00f3 que se fue junto a \u201cel amor de su vida\u201d.<\/p>\n<p>Al respecto, Jorgelina, en conversaci\u00f3n con este medio, cont\u00f3 que Nadia, una hermana de Cristian, viaj\u00f3 a Bella Vista desde Salta, el pasado viernes y esta tarde aportar\u00e1 su declaraci\u00f3n.<\/p>\n<p>Anteriormente se realizaron inspecciones en la localidad salte\u00f1a de Tartagal, \u201cen la casa del t\u00edo de Cristian y no estaban ah\u00ed\u201d, hab\u00eda explicado la madre de la menor y a\u00f1adi\u00f3: \u201c\u00c9l minti\u00f3 al decir que ten\u00eda 25 a\u00f1os. Ahora nos enteramos que es mayor. \u00c9l fue a retirar a Abril del colegio, no lo dejaron y lo echaron de la escuela\u201d.<\/p>\n<p>Semanas atr\u00e1s, Miranda sostuvo que Cristian y su hija se conocieron en \u201cel barrio\u201d y record\u00f3 que la menor se comunic\u00f3 con ella el pasado 25 de octubre \u201ca las 8.46 de la ma\u00f1ana y me pidi\u00f3 que no la busc\u00e1ramos, que ella estaba bien. La llamada fue sospechosa\u201d.<\/p>\n<p>La t\u00eda de la joven a\u00f1adi\u00f3: \u201cSospecho que \u00e9l -Velazco- la est\u00e1 manipulando\u201d. Por \u00faltimo, la madre de la menor revel\u00f3 que Abril \u201ctom\u00f3 un colectivo el 18 de octubre a las 4.30 de la ma\u00f1ana, el transporte va hacia Moreno, sac\u00f3 dos pasajes y se bajaron antes\u201d. #AgenciaNA<\/p>\n","protected":false},"excerpt":{"rendered":"<p>Buenos Aires, 18 noviembre (NA) &#8212; Abril Romero Miranda, la<\/p>\n","protected":false},"author":0,"featured_media":5210,"comment_status":"","ping_status":"","sticky":false,"template":"","format":"standard","meta":{"footnotes":""},"categories":[65],"tags":[],"class_list":["post-5209","post","type-post","status-publish","format-standard","has-post-thumbnail","hentry","category-pais"],"yoast_head":"<!-- This site is optimized with the Yoast SEO plugin v27.5 - https:\/\/yoast.com\/product\/yoast-seo-wordpress\/ -->\n<title>Abril Miranda, dos meses desaparecida: nuevos allanamientos y testimonios - Cuarteto en la Web<\/title>\n<meta name=\"robots\" content=\"index, follow, max-snippet:-1, max-image-preview:large, max-video-preview:-1\" \/>\n<link rel=\"canonical\" href=\"http:\/\/cuartetoenlaweb.com.ar\/sitio\/abril-miranda-dos-meses-desaparecida-nuevos-allanamientos-y-testimonios\/\" \/>\n<meta property=\"og:locale\" content=\"es_ES\" \/>\n<meta property=\"og:type\" content=\"article\" \/>\n<meta property=\"og:title\" content=\"Abril Miranda, dos meses desaparecida: nuevos allanamientos y testimonios - Cuarteto en la Web\" \/>\n<meta property=\"og:description\" content=\"Buenos Aires, 18 noviembre (NA) &#8212; Abril Romero Miranda, la\" \/>\n<meta property=\"og:url\" content=\"http:\/\/cuartetoenlaweb.com.ar\/sitio\/abril-miranda-dos-meses-desaparecida-nuevos-allanamientos-y-testimonios\/\" \/>\n<meta property=\"og:site_name\" content=\"Cuarteto en la Web\" \/>\n<meta property=\"article:published_time\" content=\"2025-11-18T22:00:17+00:00\" \/>\n<meta property=\"og:image\" content=\"http:\/\/cuartetoenlaweb.com.ar\/sitio\/wp-content\/uploads\/2025\/11\/720-1318.jpeg\" \/>\n\t<meta property=\"og:image:width\" content=\"720\" \/>\n\t<meta property=\"og:image:height\" content=\"720\" \/>\n\t<meta property=\"og:image:type\" content=\"image\/jpeg\" \/>\n<meta name=\"twitter:card\" content=\"summary_large_image\" \/>\n<meta name=\"twitter:label1\" content=\"Tiempo de lectura\" \/>\n\t<meta name=\"twitter:data1\" content=\"2 minutos\" \/>\n<script type=\"application\/ld+json\" class=\"yoast-schema-graph\">{\"@context\":\"https:\\\/\\\/schema.org\",\"@graph\":[{\"@type\":\"Article\",\"@id\":\"http:\\\/\\\/cuartetoenlaweb.com.ar\\\/sitio\\\/abril-miranda-dos-meses-desaparecida-nuevos-allanamientos-y-testimonios\\\/#article\",\"isPartOf\":{\"@id\":\"http:\\\/\\\/cuartetoenlaweb.com.ar\\\/sitio\\\/abril-miranda-dos-meses-desaparecida-nuevos-allanamientos-y-testimonios\\\/\"},\"author\":{\"name\":\"\",\"@id\":\"\"},\"headline\":\"Abril Miranda, dos meses desaparecida: nuevos allanamientos y testimonios\",\"datePublished\":\"2025-11-18T22:00:17+00:00\",\"mainEntityOfPage\":{\"@id\":\"http:\\\/\\\/cuartetoenlaweb.com.ar\\\/sitio\\\/abril-miranda-dos-meses-desaparecida-nuevos-allanamientos-y-testimonios\\\/\"},\"wordCount\":375,\"publisher\":{\"@id\":\"http:\\\/\\\/cuartetoenlaweb.com.ar\\\/sitio\\\/#organization\"},\"image\":{\"@id\":\"http:\\\/\\\/cuartetoenlaweb.com.ar\\\/sitio\\\/abril-miranda-dos-meses-desaparecida-nuevos-allanamientos-y-testimonios\\\/#primaryimage\"},\"thumbnailUrl\":\"https:\\\/\\\/cuartetoenlaweb.com.ar\\\/sitio\\\/wp-content\\\/uploads\\\/2025\\\/11\\\/720-1318.jpeg\",\"articleSection\":[\"PAIS\"],\"inLanguage\":\"es\"},{\"@type\":\"WebPage\",\"@id\":\"http:\\\/\\\/cuartetoenlaweb.com.ar\\\/sitio\\\/abril-miranda-dos-meses-desaparecida-nuevos-allanamientos-y-testimonios\\\/\",\"url\":\"http:\\\/\\\/cuartetoenlaweb.com.ar\\\/sitio\\\/abril-miranda-dos-meses-desaparecida-nuevos-allanamientos-y-testimonios\\\/\",\"name\":\"Abril Miranda, dos meses desaparecida: nuevos allanamientos y testimonios - Cuarteto en la Web\",\"isPartOf\":{\"@id\":\"http:\\\/\\\/cuartetoenlaweb.com.ar\\\/sitio\\\/#website\"},\"primaryImageOfPage\":{\"@id\":\"http:\\\/\\\/cuartetoenlaweb.com.ar\\\/sitio\\\/abril-miranda-dos-meses-desaparecida-nuevos-allanamientos-y-testimonios\\\/#primaryimage\"},\"image\":{\"@id\":\"http:\\\/\\\/cuartetoenlaweb.com.ar\\\/sitio\\\/abril-miranda-dos-meses-desaparecida-nuevos-allanamientos-y-testimonios\\\/#primaryimage\"},\"thumbnailUrl\":\"https:\\\/\\\/cuartetoenlaweb.com.ar\\\/sitio\\\/wp-content\\\/uploads\\\/2025\\\/11\\\/720-1318.jpeg\",\"datePublished\":\"2025-11-18T22:00:17+00:00\",\"breadcrumb\":{\"@id\":\"http:\\\/\\\/cuartetoenlaweb.com.ar\\\/sitio\\\/abril-miranda-dos-meses-desaparecida-nuevos-allanamientos-y-testimonios\\\/#breadcrumb\"},\"inLanguage\":\"es\",\"potentialAction\":[{\"@type\":\"ReadAction\",\"target\":[\"http:\\\/\\\/cuartetoenlaweb.com.ar\\\/sitio\\\/abril-miranda-dos-meses-desaparecida-nuevos-allanamientos-y-testimonios\\\/\"]}]},{\"@type\":\"ImageObject\",\"inLanguage\":\"es\",\"@id\":\"http:\\\/\\\/cuartetoenlaweb.com.ar\\\/sitio\\\/abril-miranda-dos-meses-desaparecida-nuevos-allanamientos-y-testimonios\\\/#primaryimage\",\"url\":\"https:\\\/\\\/cuartetoenlaweb.com.ar\\\/sitio\\\/wp-content\\\/uploads\\\/2025\\\/11\\\/720-1318.jpeg\",\"contentUrl\":\"https:\\\/\\\/cuartetoenlaweb.com.ar\\\/sitio\\\/wp-content\\\/uploads\\\/2025\\\/11\\\/720-1318.jpeg\",\"width\":720,\"height\":720},{\"@type\":\"BreadcrumbList\",\"@id\":\"http:\\\/\\\/cuartetoenlaweb.com.ar\\\/sitio\\\/abril-miranda-dos-meses-desaparecida-nuevos-allanamientos-y-testimonios\\\/#breadcrumb\",\"itemListElement\":[{\"@type\":\"ListItem\",\"position\":1,\"name\":\"Portada\",\"item\":\"http:\\\/\\\/cuartetoenlaweb.com.ar\\\/sitio\\\/\"},{\"@type\":\"ListItem\",\"position\":2,\"name\":\"Abril Miranda, dos meses desaparecida: nuevos allanamientos y testimonios\"}]},{\"@type\":\"WebSite\",\"@id\":\"http:\\\/\\\/cuartetoenlaweb.com.ar\\\/sitio\\\/#website\",\"url\":\"http:\\\/\\\/cuartetoenlaweb.com.ar\\\/sitio\\\/\",\"name\":\"Cuarteto en la Web\",\"description\":\"\",\"publisher\":{\"@id\":\"http:\\\/\\\/cuartetoenlaweb.com.ar\\\/sitio\\\/#organization\"},\"potentialAction\":[{\"@type\":\"SearchAction\",\"target\":{\"@type\":\"EntryPoint\",\"urlTemplate\":\"http:\\\/\\\/cuartetoenlaweb.com.ar\\\/sitio\\\/?s={search_term_string}\"},\"query-input\":{\"@type\":\"PropertyValueSpecification\",\"valueRequired\":true,\"valueName\":\"search_term_string\"}}],\"inLanguage\":\"es\"},{\"@type\":\"Organization\",\"@id\":\"http:\\\/\\\/cuartetoenlaweb.com.ar\\\/sitio\\\/#organization\",\"name\":\"Cuarteto en la Web\",\"url\":\"http:\\\/\\\/cuartetoenlaweb.com.ar\\\/sitio\\\/\",\"logo\":{\"@type\":\"ImageObject\",\"inLanguage\":\"es\",\"@id\":\"http:\\\/\\\/cuartetoenlaweb.com.ar\\\/sitio\\\/#\\\/schema\\\/logo\\\/image\\\/\",\"url\":\"https:\\\/\\\/cuartetoenlaweb.com.ar\\\/sitio\\\/wp-content\\\/uploads\\\/2025\\\/07\\\/cropped-cropped-logitoweb21.png\",\"contentUrl\":\"https:\\\/\\\/cuartetoenlaweb.com.ar\\\/sitio\\\/wp-content\\\/uploads\\\/2025\\\/07\\\/cropped-cropped-logitoweb21.png\",\"width\":199,\"height\":199,\"caption\":\"Cuarteto en la Web\"},\"image\":{\"@id\":\"http:\\\/\\\/cuartetoenlaweb.com.ar\\\/sitio\\\/#\\\/schema\\\/logo\\\/image\\\/\"}}]}<\/script>\n<!-- \/ Yoast SEO plugin. -->","yoast_head_json":{"title":"Abril Miranda, dos meses desaparecida: nuevos allanamientos y testimonios - Cuarteto en la Web","robots":{"index":"index","follow":"follow","max-snippet":"max-snippet:-1","max-image-preview":"max-image-preview:large","max-video-preview":"max-video-preview:-1"},"canonical":"http:\/\/cuartetoenlaweb.com.ar\/sitio\/abril-miranda-dos-meses-desaparecida-nuevos-allanamientos-y-testimonios\/","og_locale":"es_ES","og_type":"article","og_title":"Abril Miranda, dos meses desaparecida: nuevos allanamientos y testimonios - Cuarteto en la Web","og_description":"Buenos Aires, 18 noviembre (NA) &#8212; Abril Romero Miranda, la","og_url":"http:\/\/cuartetoenlaweb.com.ar\/sitio\/abril-miranda-dos-meses-desaparecida-nuevos-allanamientos-y-testimonios\/","og_site_name":"Cuarteto en la Web","article_published_time":"2025-11-18T22:00:17+00:00","og_image":[{"width":720,"height":720,"url":"http:\/\/cuartetoenlaweb.com.ar\/sitio\/wp-content\/uploads\/2025\/11\/720-1318.jpeg","type":"image\/jpeg"}],"twitter_card":"summary_large_image","twitter_misc":{"Tiempo de lectura":"2 minutos"},"schema":{"@context":"https:\/\/schema.org","@graph":[{"@type":"Article","@id":"http:\/\/cuartetoenlaweb.com.ar\/sitio\/abril-miranda-dos-meses-desaparecida-nuevos-allanamientos-y-testimonios\/#article","isPartOf":{"@id":"http:\/\/cuartetoenlaweb.com.ar\/sitio\/abril-miranda-dos-meses-desaparecida-nuevos-allanamientos-y-testimonios\/"},"author":{"name":"","@id":""},"headline":"Abril Miranda, dos meses desaparecida: nuevos allanamientos y testimonios","datePublished":"2025-11-18T22:00:17+00:00","mainEntityOfPage":{"@id":"http:\/\/cuartetoenlaweb.com.ar\/sitio\/abril-miranda-dos-meses-desaparecida-nuevos-allanamientos-y-testimonios\/"},"wordCount":375,"publisher":{"@id":"http:\/\/cuartetoenlaweb.com.ar\/sitio\/#organization"},"image":{"@id":"http:\/\/cuartetoenlaweb.com.ar\/sitio\/abril-miranda-dos-meses-desaparecida-nuevos-allanamientos-y-testimonios\/#primaryimage"},"thumbnailUrl":"https:\/\/cuartetoenlaweb.com.ar\/sitio\/wp-content\/uploads\/2025\/11\/720-1318.jpeg","articleSection":["PAIS"],"inLanguage":"es"},{"@type":"WebPage","@id":"http:\/\/cuartetoenlaweb.com.ar\/sitio\/abril-miranda-dos-meses-desaparecida-nuevos-allanamientos-y-testimonios\/","url":"http:\/\/cuartetoenlaweb.com.ar\/sitio\/abril-miranda-dos-meses-desaparecida-nuevos-allanamientos-y-testimonios\/","name":"Abril Miranda, dos meses desaparecida: nuevos allanamientos y testimonios - Cuarteto en la Web","isPartOf":{"@id":"http:\/\/cuartetoenlaweb.com.ar\/sitio\/#website"},"primaryImageOfPage":{"@id":"http:\/\/cuartetoenlaweb.com.ar\/sitio\/abril-miranda-dos-meses-desaparecida-nuevos-allanamientos-y-testimonios\/#primaryimage"},"image":{"@id":"http:\/\/cuartetoenlaweb.com.ar\/sitio\/abril-miranda-dos-meses-desaparecida-nuevos-allanamientos-y-testimonios\/#primaryimage"},"thumbnailUrl":"https:\/\/cuartetoenlaweb.com.ar\/sitio\/wp-content\/uploads\/2025\/11\/720-1318.jpeg","datePublished":"2025-11-18T22:00:17+00:00","breadcrumb":{"@id":"http:\/\/cuartetoenlaweb.com.ar\/sitio\/abril-miranda-dos-meses-desaparecida-nuevos-allanamientos-y-testimonios\/#breadcrumb"},"inLanguage":"es","potentialAction":[{"@type":"ReadAction","target":["http:\/\/cuartetoenlaweb.com.ar\/sitio\/abril-miranda-dos-meses-desaparecida-nuevos-allanamientos-y-testimonios\/"]}]},{"@type":"ImageObject","inLanguage":"es","@id":"http:\/\/cuartetoenlaweb.com.ar\/sitio\/abril-miranda-dos-meses-desaparecida-nuevos-allanamientos-y-testimonios\/#primaryimage","url":"https:\/\/cuartetoenlaweb.com.ar\/sitio\/wp-content\/uploads\/2025\/11\/720-1318.jpeg","contentUrl":"https:\/\/cuartetoenlaweb.com.ar\/sitio\/wp-content\/uploads\/2025\/11\/720-1318.jpeg","width":720,"height":720},{"@type":"BreadcrumbList","@id":"http:\/\/cuartetoenlaweb.com.ar\/sitio\/abril-miranda-dos-meses-desaparecida-nuevos-allanamientos-y-testimonios\/#breadcrumb","itemListElement":[{"@type":"ListItem","position":1,"name":"Portada","item":"http:\/\/cuartetoenlaweb.com.ar\/sitio\/"},{"@type":"ListItem","position":2,"name":"Abril Miranda, dos meses desaparecida: nuevos allanamientos y testimonios"}]},{"@type":"WebSite","@id":"http:\/\/cuartetoenlaweb.com.ar\/sitio\/#website","url":"http:\/\/cuartetoenlaweb.com.ar\/sitio\/","name":"Cuarteto en la Web","description":"","publisher":{"@id":"http:\/\/cuartetoenlaweb.com.ar\/sitio\/#organization"},"potentialAction":[{"@type":"SearchAction","target":{"@type":"EntryPoint","urlTemplate":"http:\/\/cuartetoenlaweb.com.ar\/sitio\/?s={search_term_string}"},"query-input":{"@type":"PropertyValueSpecification","valueRequired":true,"valueName":"search_term_string"}}],"inLanguage":"es"},{"@type":"Organization","@id":"http:\/\/cuartetoenlaweb.com.ar\/sitio\/#organization","name":"Cuarteto en la Web","url":"http:\/\/cuartetoenlaweb.com.ar\/sitio\/","logo":{"@type":"ImageObject","inLanguage":"es","@id":"http:\/\/cuartetoenlaweb.com.ar\/sitio\/#\/schema\/logo\/image\/","url":"https:\/\/cuartetoenlaweb.com.ar\/sitio\/wp-content\/uploads\/2025\/07\/cropped-cropped-logitoweb21.png","contentUrl":"https:\/\/cuartetoenlaweb.com.ar\/sitio\/wp-content\/uploads\/2025\/07\/cropped-cropped-logitoweb21.png","width":199,"height":199,"caption":"Cuarteto en la Web"},"image":{"@id":"http:\/\/cuartetoenlaweb.com.ar\/sitio\/#\/schema\/logo\/image\/"}}]}},"_links":{"self":[{"href":"https:\/\/cuartetoenlaweb.com.ar\/sitio\/wp-json\/wp\/v2\/posts\/5209","targetHints":{"allow":["GET"]}}],"collection":[{"href":"https:\/\/cuartetoenlaweb.com.ar\/sitio\/wp-json\/wp\/v2\/posts"}],"about":[{"href":"https:\/\/cuartetoenlaweb.com.ar\/sitio\/wp-json\/wp\/v2\/types\/post"}],"replies":[{"embeddable":true,"href":"https:\/\/cuartetoenlaweb.com.ar\/sitio\/wp-json\/wp\/v2\/comments?post=5209"}],"version-history":[{"count":0,"href":"https:\/\/cuartetoenlaweb.com.ar\/sitio\/wp-json\/wp\/v2\/posts\/5209\/revisions"}],"wp:featuredmedia":[{"embeddable":true,"href":"https:\/\/cuartetoenlaweb.com.ar\/sitio\/wp-json\/wp\/v2\/media\/5210"}],"wp:attachment":[{"href":"https:\/\/cuartetoenlaweb.com.ar\/sitio\/wp-json\/wp\/v2\/media?parent=5209"}],"wp:term":[{"taxonomy":"category","embeddable":true,"href":"https:\/\/cuartetoenlaweb.com.ar\/sitio\/wp-json\/wp\/v2\/categories?post=5209"},{"taxonomy":"post_tag","embeddable":true,"href":"https:\/\/cuartetoenlaweb.com.ar\/sitio\/wp-json\/wp\/v2\/tags?post=5209"}],"curies":[{"name":"wp","href":"https:\/\/api.w.org\/{rel}","templated":true}]}}