
{"id":5203,"date":"2025-11-18T19:00:10","date_gmt":"2025-11-18T22:00:10","guid":{"rendered":"https:\/\/cuartetoenlaweb.com.ar\/sitio\/mauro-icardi-le-devolvio-a-wanda-nara-a-sus-dos-hijas-en-su-edificio-como-fue-el-tenso-cara-a-cara\/"},"modified":"2025-11-18T19:00:10","modified_gmt":"2025-11-18T22:00:10","slug":"mauro-icardi-le-devolvio-a-wanda-nara-a-sus-dos-hijas-en-su-edificio-como-fue-el-tenso-cara-a-cara","status":"publish","type":"post","link":"https:\/\/cuartetoenlaweb.com.ar\/sitio\/mauro-icardi-le-devolvio-a-wanda-nara-a-sus-dos-hijas-en-su-edificio-como-fue-el-tenso-cara-a-cara\/","title":{"rendered":"Mauro Icardi le devolvi\u00f3 a Wanda Nara a sus dos hijas en su edificio: c\u00f3mo fue el tenso cara a cara"},"content":{"rendered":"<p>Todas las miradas apuntaron a sus movimientos, a cada uno de los detalles de su extra\u00f1a estad\u00eda en el pa\u00eds. La visita, rel\u00e1mpago, de<strong> Mauro Icardi<\/strong> a Argentina caus\u00f3 furor y sacudi\u00f3 el firmamento de la opini\u00f3n p\u00fablica, por su enorme cantidad de controversias.<\/p>\n<p>El futbolista abri\u00f3 un espacio en su agenda de Turqu\u00eda para acompa\u00f1ar a su novia, la <strong>China Su\u00e1rez<\/strong>, que no pudo evitar retornar a estas tierras para asumir compromisos laborales y promocionar una serie. Por eso, el delantero ofici\u00f3 de ladero inseparable de la blonda.<\/p>\n<p>En todo ese raid medi\u00e1tico, con las dos <a href=\"https:\/\/www.paparazzi.com.ar\/romances\/la-china-suarez-destapo-un-dato-bomba-del-wandagate-con-mauro-icardi-cuando-empezamos-ellos-estaban\/\">entrevistas<\/a> que brind\u00f3 la actriz, Mauro se mostr\u00f3 al pie del ca\u00f1\u00f3n y activ\u00f3 cuestionamientos sobre su actitud, dado que muchas voces criticaron la p\u00e9rdida de tiempo de calidad con sus dos hijas, <strong>Francesca e Isabella<\/strong>.<\/p>\n<div class=\"mt-box \">\n<h4 class=\"mt-heading\">Mir\u00e1 Tambi\u00e9n<\/h4>\n<p><a href=\"https:\/\/www.paparazzi.com.ar\/romances\/la-nieta-de-susana-gimenez-anuncio-que-esta-de-novia-con-una-figura-de-boca-juniors\/\"><\/p>\n<div class=\"mt-content\">\n<div class=\"mt-image-container\"><img decoding=\"async\" src=\"https:\/\/www.paparazzi.com.ar\/wp-content\/uploads\/2025\/11\/Boca-Juniors-Celasco-359x226.jpg\" alt=\"La nieta de Susana Gim\u00e9nez anunci\u00f3 que est\u00e1 de novia con una figura de Boca Juniors\" class=\"mt-image\" loading=\"lazy\" \/><\/div>\n<h5 class=\"mt-title\">La nieta de Susana Gim\u00e9nez anunci\u00f3 que est\u00e1 de novia con una figura de Boca Juniors<\/h5>\n<\/div>\n<p><\/a><\/div>\n<p>En definitiva, se acab\u00f3 la aventura para Mauro, que debe regresar a Estambul por pedido expreso del Galatasaray. Entonces se aguardaba con mucha avidez la entrega de las ni\u00f1as a <strong>Wanda Nara<\/strong>. Eso sucedi\u00f3 este mediod\u00eda y se filtr\u00f3 el operativo que emprendi\u00f3 el jugador para llevar a las peque\u00f1as al edificio de N\u00fa\u00f1ez.<\/p>\n<h2 class=\"wp-block-heading\">MAURO ICARDI LE LLEV\u00d3 SUS DOS HIJAS A WANDA NARA<\/h2>\n<p>La informaci\u00f3n la desperdigaron en El Diario de Mariana, donde el panelista Guido Z\u00e1ffora desarroll\u00f3: \u201cEsto acaba de pasar, es un \u00faltimo momento y acaba de pasar. Mauro Icardi acaba de dejar a las ni\u00f1as con su mam\u00e1\u201d. Inquieta, Marian Fabbiani le pregunt\u00f3: \u201c\u00c9l en persona. \u00bfD\u00f3nde las dej\u00f3?\u201d.<\/p>\n<p>As\u00ed, el periodista corrobor\u00f3 la particular situaci\u00f3n del traslado de Mauro al departamento de Wanda: \u201c\u00c9l en persona, \u00e9l en persona, obviamente acompa\u00f1ado con los abogados y dem\u00e1s. Las dej\u00f3 en el Chateau Libertador\u201d. Y a\u00f1adi\u00f3:&nbsp; \u201cIcardi dej\u00f3 a sus hijas porque Icardi se vuelve a Turqu\u00eda en las pr\u00f3ximas horas\u201d.<\/p>\n<div class=\"mt-box \">\n<h4 class=\"mt-heading\">Mir\u00e1 Tambi\u00e9n<\/h4>\n<p><a href=\"https:\/\/www.paparazzi.com.ar\/romances\/la-china-suarez-destapo-un-dato-bomba-del-wandagate-con-mauro-icardi-cuando-empezamos-ellos-estaban\/\"><\/p>\n<div class=\"mt-content\">\n<div class=\"mt-image-container\"><img decoding=\"async\" src=\"https:\/\/www.paparazzi.com.ar\/wp-content\/uploads\/2025\/11\/mauro-icardi-china-suarez-wanda-nara-359x226.jpg\" alt=\"La China Su\u00e1rez destap\u00f3 un dato bomba del Wandagate con Mauro Icardi: &quot;Cuando empezamos, ellos estaban\u2026&quot;\" class=\"mt-image\" loading=\"lazy\" \/><\/div>\n<h5 class=\"mt-title\">La China Su\u00e1rez destap\u00f3 un dato bomba del Wandagate con Mauro Icardi: \u00abCuando empezamos, ellos estaban\u2026\u00bb<\/h5>\n<\/div>\n<p><\/a><\/div>\n<div class=\"mt-box \">\n<h4 class=\"mt-heading\">Mir\u00e1 Tambi\u00e9n<\/h4>\n<p><a href=\"https:\/\/www.paparazzi.com.ar\/teve\/cual-fue-la-dura-advertencia-que-telefe-le-hizo-a-wanda-nara-tras-la-entrevista-de-la-china-suarez\/\"><\/p>\n<div class=\"mt-content\">\n<div class=\"mt-image-container\"><img decoding=\"async\" src=\"https:\/\/www.paparazzi.com.ar\/wp-content\/uploads\/2025\/10\/China-Suarez-Wanda-Nara-359x226.jpg\" alt=\"Cu\u00e1l fue la dura advertencia que Telefe le hizo a Wanda Nara tras la entrevista de la China Su\u00e1rez\" class=\"mt-image\" loading=\"lazy\" \/><\/div>\n<h5 class=\"mt-title\">Cu\u00e1l fue la dura advertencia que Telefe le hizo a Wanda Nara tras la entrevista de la China Su\u00e1rez<\/h5>\n<\/div>\n<p><\/a><\/div>\n<p>The post <a href=\"https:\/\/www.paparazzi.com.ar\/romances\/mauro-icardi-le-devolvio-a-wanda-nara-a-sus-dos-hijas-en-su-edificio-como-fue-el-tenso-cara-a-cara\/\">Mauro Icardi le devolvi\u00f3 a Wanda Nara a sus dos hijas en su edificio: c\u00f3mo fue el tenso cara a cara<\/a> appeared first on <a href=\"https:\/\/www.paparazzi.com.ar\">Revista Paparazzi<\/a>.<\/p>\n","protected":false},"excerpt":{"rendered":"<p>Todas las miradas apuntaron a sus movimientos, a cada uno<\/p>\n","protected":false},"author":0,"featured_media":5204,"comment_status":"","ping_status":"","sticky":false,"template":"","format":"standard","meta":{"footnotes":""},"categories":[12],"tags":[],"class_list":["post-5203","post","type-post","status-publish","format-standard","has-post-thumbnail","hentry","category-espectaculo"],"yoast_head":"<!-- This site is optimized with the Yoast SEO plugin v27.5 - https:\/\/yoast.com\/product\/yoast-seo-wordpress\/ -->\n<title>Mauro Icardi le devolvi\u00f3 a Wanda Nara a sus dos hijas en su edificio: c\u00f3mo fue el tenso cara a cara - Cuarteto en la Web<\/title>\n<meta name=\"robots\" content=\"index, follow, max-snippet:-1, max-image-preview:large, max-video-preview:-1\" \/>\n<link rel=\"canonical\" href=\"https:\/\/cuartetoenlaweb.com.ar\/sitio\/mauro-icardi-le-devolvio-a-wanda-nara-a-sus-dos-hijas-en-su-edificio-como-fue-el-tenso-cara-a-cara\/\" \/>\n<meta property=\"og:locale\" content=\"es_ES\" \/>\n<meta property=\"og:type\" content=\"article\" \/>\n<meta property=\"og:title\" content=\"Mauro Icardi le devolvi\u00f3 a Wanda Nara a sus dos hijas en su edificio: c\u00f3mo fue el tenso cara a cara - Cuarteto en la Web\" \/>\n<meta property=\"og:description\" content=\"Todas las miradas apuntaron a sus movimientos, a cada uno\" \/>\n<meta property=\"og:url\" content=\"https:\/\/cuartetoenlaweb.com.ar\/sitio\/mauro-icardi-le-devolvio-a-wanda-nara-a-sus-dos-hijas-en-su-edificio-como-fue-el-tenso-cara-a-cara\/\" \/>\n<meta property=\"og:site_name\" content=\"Cuarteto en la Web\" \/>\n<meta property=\"article:published_time\" content=\"2025-11-18T22:00:10+00:00\" \/>\n<meta property=\"og:image\" content=\"https:\/\/cuartetoenlaweb.com.ar\/sitio\/wp-content\/uploads\/2025\/11\/Boca-Juniors-Celasco-359x226-1.jpg\" \/>\n\t<meta property=\"og:image:width\" content=\"359\" \/>\n\t<meta property=\"og:image:height\" content=\"226\" \/>\n\t<meta property=\"og:image:type\" content=\"image\/jpeg\" \/>\n<meta name=\"twitter:card\" content=\"summary_large_image\" \/>\n<meta name=\"twitter:label1\" content=\"Tiempo de lectura\" \/>\n\t<meta name=\"twitter:data1\" content=\"2 minutos\" \/>\n<script type=\"application\/ld+json\" class=\"yoast-schema-graph\">{\"@context\":\"https:\\\/\\\/schema.org\",\"@graph\":[{\"@type\":\"Article\",\"@id\":\"https:\\\/\\\/cuartetoenlaweb.com.ar\\\/sitio\\\/mauro-icardi-le-devolvio-a-wanda-nara-a-sus-dos-hijas-en-su-edificio-como-fue-el-tenso-cara-a-cara\\\/#article\",\"isPartOf\":{\"@id\":\"https:\\\/\\\/cuartetoenlaweb.com.ar\\\/sitio\\\/mauro-icardi-le-devolvio-a-wanda-nara-a-sus-dos-hijas-en-su-edificio-como-fue-el-tenso-cara-a-cara\\\/\"},\"author\":{\"name\":\"\",\"@id\":\"\"},\"headline\":\"Mauro Icardi le devolvi\u00f3 a Wanda Nara a sus dos hijas en su edificio: c\u00f3mo fue el tenso cara a cara\",\"datePublished\":\"2025-11-18T22:00:10+00:00\",\"mainEntityOfPage\":{\"@id\":\"https:\\\/\\\/cuartetoenlaweb.com.ar\\\/sitio\\\/mauro-icardi-le-devolvio-a-wanda-nara-a-sus-dos-hijas-en-su-edificio-como-fue-el-tenso-cara-a-cara\\\/\"},\"wordCount\":439,\"publisher\":{\"@id\":\"http:\\\/\\\/cuartetoenlaweb.com.ar\\\/sitio\\\/#organization\"},\"image\":{\"@id\":\"https:\\\/\\\/cuartetoenlaweb.com.ar\\\/sitio\\\/mauro-icardi-le-devolvio-a-wanda-nara-a-sus-dos-hijas-en-su-edificio-como-fue-el-tenso-cara-a-cara\\\/#primaryimage\"},\"thumbnailUrl\":\"https:\\\/\\\/cuartetoenlaweb.com.ar\\\/sitio\\\/wp-content\\\/uploads\\\/2025\\\/11\\\/Boca-Juniors-Celasco-359x226-1.jpg\",\"articleSection\":[\"ESPECT\u00c1CULO\"],\"inLanguage\":\"es\"},{\"@type\":\"WebPage\",\"@id\":\"https:\\\/\\\/cuartetoenlaweb.com.ar\\\/sitio\\\/mauro-icardi-le-devolvio-a-wanda-nara-a-sus-dos-hijas-en-su-edificio-como-fue-el-tenso-cara-a-cara\\\/\",\"url\":\"https:\\\/\\\/cuartetoenlaweb.com.ar\\\/sitio\\\/mauro-icardi-le-devolvio-a-wanda-nara-a-sus-dos-hijas-en-su-edificio-como-fue-el-tenso-cara-a-cara\\\/\",\"name\":\"Mauro Icardi le devolvi\u00f3 a Wanda Nara a sus dos hijas en su edificio: c\u00f3mo fue el tenso cara a cara - Cuarteto en la Web\",\"isPartOf\":{\"@id\":\"http:\\\/\\\/cuartetoenlaweb.com.ar\\\/sitio\\\/#website\"},\"primaryImageOfPage\":{\"@id\":\"https:\\\/\\\/cuartetoenlaweb.com.ar\\\/sitio\\\/mauro-icardi-le-devolvio-a-wanda-nara-a-sus-dos-hijas-en-su-edificio-como-fue-el-tenso-cara-a-cara\\\/#primaryimage\"},\"image\":{\"@id\":\"https:\\\/\\\/cuartetoenlaweb.com.ar\\\/sitio\\\/mauro-icardi-le-devolvio-a-wanda-nara-a-sus-dos-hijas-en-su-edificio-como-fue-el-tenso-cara-a-cara\\\/#primaryimage\"},\"thumbnailUrl\":\"https:\\\/\\\/cuartetoenlaweb.com.ar\\\/sitio\\\/wp-content\\\/uploads\\\/2025\\\/11\\\/Boca-Juniors-Celasco-359x226-1.jpg\",\"datePublished\":\"2025-11-18T22:00:10+00:00\",\"breadcrumb\":{\"@id\":\"https:\\\/\\\/cuartetoenlaweb.com.ar\\\/sitio\\\/mauro-icardi-le-devolvio-a-wanda-nara-a-sus-dos-hijas-en-su-edificio-como-fue-el-tenso-cara-a-cara\\\/#breadcrumb\"},\"inLanguage\":\"es\",\"potentialAction\":[{\"@type\":\"ReadAction\",\"target\":[\"https:\\\/\\\/cuartetoenlaweb.com.ar\\\/sitio\\\/mauro-icardi-le-devolvio-a-wanda-nara-a-sus-dos-hijas-en-su-edificio-como-fue-el-tenso-cara-a-cara\\\/\"]}]},{\"@type\":\"ImageObject\",\"inLanguage\":\"es\",\"@id\":\"https:\\\/\\\/cuartetoenlaweb.com.ar\\\/sitio\\\/mauro-icardi-le-devolvio-a-wanda-nara-a-sus-dos-hijas-en-su-edificio-como-fue-el-tenso-cara-a-cara\\\/#primaryimage\",\"url\":\"https:\\\/\\\/cuartetoenlaweb.com.ar\\\/sitio\\\/wp-content\\\/uploads\\\/2025\\\/11\\\/Boca-Juniors-Celasco-359x226-1.jpg\",\"contentUrl\":\"https:\\\/\\\/cuartetoenlaweb.com.ar\\\/sitio\\\/wp-content\\\/uploads\\\/2025\\\/11\\\/Boca-Juniors-Celasco-359x226-1.jpg\",\"width\":359,\"height\":226},{\"@type\":\"BreadcrumbList\",\"@id\":\"https:\\\/\\\/cuartetoenlaweb.com.ar\\\/sitio\\\/mauro-icardi-le-devolvio-a-wanda-nara-a-sus-dos-hijas-en-su-edificio-como-fue-el-tenso-cara-a-cara\\\/#breadcrumb\",\"itemListElement\":[{\"@type\":\"ListItem\",\"position\":1,\"name\":\"Portada\",\"item\":\"http:\\\/\\\/cuartetoenlaweb.com.ar\\\/sitio\\\/\"},{\"@type\":\"ListItem\",\"position\":2,\"name\":\"Mauro Icardi le devolvi\u00f3 a Wanda Nara a sus dos hijas en su edificio: c\u00f3mo fue el tenso cara a cara\"}]},{\"@type\":\"WebSite\",\"@id\":\"http:\\\/\\\/cuartetoenlaweb.com.ar\\\/sitio\\\/#website\",\"url\":\"http:\\\/\\\/cuartetoenlaweb.com.ar\\\/sitio\\\/\",\"name\":\"Cuarteto en la Web\",\"description\":\"\",\"publisher\":{\"@id\":\"http:\\\/\\\/cuartetoenlaweb.com.ar\\\/sitio\\\/#organization\"},\"potentialAction\":[{\"@type\":\"SearchAction\",\"target\":{\"@type\":\"EntryPoint\",\"urlTemplate\":\"http:\\\/\\\/cuartetoenlaweb.com.ar\\\/sitio\\\/?s={search_term_string}\"},\"query-input\":{\"@type\":\"PropertyValueSpecification\",\"valueRequired\":true,\"valueName\":\"search_term_string\"}}],\"inLanguage\":\"es\"},{\"@type\":\"Organization\",\"@id\":\"http:\\\/\\\/cuartetoenlaweb.com.ar\\\/sitio\\\/#organization\",\"name\":\"Cuarteto en la Web\",\"url\":\"http:\\\/\\\/cuartetoenlaweb.com.ar\\\/sitio\\\/\",\"logo\":{\"@type\":\"ImageObject\",\"inLanguage\":\"es\",\"@id\":\"http:\\\/\\\/cuartetoenlaweb.com.ar\\\/sitio\\\/#\\\/schema\\\/logo\\\/image\\\/\",\"url\":\"https:\\\/\\\/cuartetoenlaweb.com.ar\\\/sitio\\\/wp-content\\\/uploads\\\/2025\\\/07\\\/cropped-cropped-logitoweb21.png\",\"contentUrl\":\"https:\\\/\\\/cuartetoenlaweb.com.ar\\\/sitio\\\/wp-content\\\/uploads\\\/2025\\\/07\\\/cropped-cropped-logitoweb21.png\",\"width\":199,\"height\":199,\"caption\":\"Cuarteto en la Web\"},\"image\":{\"@id\":\"http:\\\/\\\/cuartetoenlaweb.com.ar\\\/sitio\\\/#\\\/schema\\\/logo\\\/image\\\/\"}}]}<\/script>\n<!-- \/ Yoast SEO plugin. -->","yoast_head_json":{"title":"Mauro Icardi le devolvi\u00f3 a Wanda Nara a sus dos hijas en su edificio: c\u00f3mo fue el tenso cara a cara - Cuarteto en la Web","robots":{"index":"index","follow":"follow","max-snippet":"max-snippet:-1","max-image-preview":"max-image-preview:large","max-video-preview":"max-video-preview:-1"},"canonical":"https:\/\/cuartetoenlaweb.com.ar\/sitio\/mauro-icardi-le-devolvio-a-wanda-nara-a-sus-dos-hijas-en-su-edificio-como-fue-el-tenso-cara-a-cara\/","og_locale":"es_ES","og_type":"article","og_title":"Mauro Icardi le devolvi\u00f3 a Wanda Nara a sus dos hijas en su edificio: c\u00f3mo fue el tenso cara a cara - Cuarteto en la Web","og_description":"Todas las miradas apuntaron a sus movimientos, a cada uno","og_url":"https:\/\/cuartetoenlaweb.com.ar\/sitio\/mauro-icardi-le-devolvio-a-wanda-nara-a-sus-dos-hijas-en-su-edificio-como-fue-el-tenso-cara-a-cara\/","og_site_name":"Cuarteto en la Web","article_published_time":"2025-11-18T22:00:10+00:00","og_image":[{"width":359,"height":226,"url":"https:\/\/cuartetoenlaweb.com.ar\/sitio\/wp-content\/uploads\/2025\/11\/Boca-Juniors-Celasco-359x226-1.jpg","type":"image\/jpeg"}],"twitter_card":"summary_large_image","twitter_misc":{"Tiempo de lectura":"2 minutos"},"schema":{"@context":"https:\/\/schema.org","@graph":[{"@type":"Article","@id":"https:\/\/cuartetoenlaweb.com.ar\/sitio\/mauro-icardi-le-devolvio-a-wanda-nara-a-sus-dos-hijas-en-su-edificio-como-fue-el-tenso-cara-a-cara\/#article","isPartOf":{"@id":"https:\/\/cuartetoenlaweb.com.ar\/sitio\/mauro-icardi-le-devolvio-a-wanda-nara-a-sus-dos-hijas-en-su-edificio-como-fue-el-tenso-cara-a-cara\/"},"author":{"name":"","@id":""},"headline":"Mauro Icardi le devolvi\u00f3 a Wanda Nara a sus dos hijas en su edificio: c\u00f3mo fue el tenso cara a cara","datePublished":"2025-11-18T22:00:10+00:00","mainEntityOfPage":{"@id":"https:\/\/cuartetoenlaweb.com.ar\/sitio\/mauro-icardi-le-devolvio-a-wanda-nara-a-sus-dos-hijas-en-su-edificio-como-fue-el-tenso-cara-a-cara\/"},"wordCount":439,"publisher":{"@id":"http:\/\/cuartetoenlaweb.com.ar\/sitio\/#organization"},"image":{"@id":"https:\/\/cuartetoenlaweb.com.ar\/sitio\/mauro-icardi-le-devolvio-a-wanda-nara-a-sus-dos-hijas-en-su-edificio-como-fue-el-tenso-cara-a-cara\/#primaryimage"},"thumbnailUrl":"https:\/\/cuartetoenlaweb.com.ar\/sitio\/wp-content\/uploads\/2025\/11\/Boca-Juniors-Celasco-359x226-1.jpg","articleSection":["ESPECT\u00c1CULO"],"inLanguage":"es"},{"@type":"WebPage","@id":"https:\/\/cuartetoenlaweb.com.ar\/sitio\/mauro-icardi-le-devolvio-a-wanda-nara-a-sus-dos-hijas-en-su-edificio-como-fue-el-tenso-cara-a-cara\/","url":"https:\/\/cuartetoenlaweb.com.ar\/sitio\/mauro-icardi-le-devolvio-a-wanda-nara-a-sus-dos-hijas-en-su-edificio-como-fue-el-tenso-cara-a-cara\/","name":"Mauro Icardi le devolvi\u00f3 a Wanda Nara a sus dos hijas en su edificio: c\u00f3mo fue el tenso cara a cara - Cuarteto en la Web","isPartOf":{"@id":"http:\/\/cuartetoenlaweb.com.ar\/sitio\/#website"},"primaryImageOfPage":{"@id":"https:\/\/cuartetoenlaweb.com.ar\/sitio\/mauro-icardi-le-devolvio-a-wanda-nara-a-sus-dos-hijas-en-su-edificio-como-fue-el-tenso-cara-a-cara\/#primaryimage"},"image":{"@id":"https:\/\/cuartetoenlaweb.com.ar\/sitio\/mauro-icardi-le-devolvio-a-wanda-nara-a-sus-dos-hijas-en-su-edificio-como-fue-el-tenso-cara-a-cara\/#primaryimage"},"thumbnailUrl":"https:\/\/cuartetoenlaweb.com.ar\/sitio\/wp-content\/uploads\/2025\/11\/Boca-Juniors-Celasco-359x226-1.jpg","datePublished":"2025-11-18T22:00:10+00:00","breadcrumb":{"@id":"https:\/\/cuartetoenlaweb.com.ar\/sitio\/mauro-icardi-le-devolvio-a-wanda-nara-a-sus-dos-hijas-en-su-edificio-como-fue-el-tenso-cara-a-cara\/#breadcrumb"},"inLanguage":"es","potentialAction":[{"@type":"ReadAction","target":["https:\/\/cuartetoenlaweb.com.ar\/sitio\/mauro-icardi-le-devolvio-a-wanda-nara-a-sus-dos-hijas-en-su-edificio-como-fue-el-tenso-cara-a-cara\/"]}]},{"@type":"ImageObject","inLanguage":"es","@id":"https:\/\/cuartetoenlaweb.com.ar\/sitio\/mauro-icardi-le-devolvio-a-wanda-nara-a-sus-dos-hijas-en-su-edificio-como-fue-el-tenso-cara-a-cara\/#primaryimage","url":"https:\/\/cuartetoenlaweb.com.ar\/sitio\/wp-content\/uploads\/2025\/11\/Boca-Juniors-Celasco-359x226-1.jpg","contentUrl":"https:\/\/cuartetoenlaweb.com.ar\/sitio\/wp-content\/uploads\/2025\/11\/Boca-Juniors-Celasco-359x226-1.jpg","width":359,"height":226},{"@type":"BreadcrumbList","@id":"https:\/\/cuartetoenlaweb.com.ar\/sitio\/mauro-icardi-le-devolvio-a-wanda-nara-a-sus-dos-hijas-en-su-edificio-como-fue-el-tenso-cara-a-cara\/#breadcrumb","itemListElement":[{"@type":"ListItem","position":1,"name":"Portada","item":"http:\/\/cuartetoenlaweb.com.ar\/sitio\/"},{"@type":"ListItem","position":2,"name":"Mauro Icardi le devolvi\u00f3 a Wanda Nara a sus dos hijas en su edificio: c\u00f3mo fue el tenso cara a cara"}]},{"@type":"WebSite","@id":"http:\/\/cuartetoenlaweb.com.ar\/sitio\/#website","url":"http:\/\/cuartetoenlaweb.com.ar\/sitio\/","name":"Cuarteto en la Web","description":"","publisher":{"@id":"http:\/\/cuartetoenlaweb.com.ar\/sitio\/#organization"},"potentialAction":[{"@type":"SearchAction","target":{"@type":"EntryPoint","urlTemplate":"http:\/\/cuartetoenlaweb.com.ar\/sitio\/?s={search_term_string}"},"query-input":{"@type":"PropertyValueSpecification","valueRequired":true,"valueName":"search_term_string"}}],"inLanguage":"es"},{"@type":"Organization","@id":"http:\/\/cuartetoenlaweb.com.ar\/sitio\/#organization","name":"Cuarteto en la Web","url":"http:\/\/cuartetoenlaweb.com.ar\/sitio\/","logo":{"@type":"ImageObject","inLanguage":"es","@id":"http:\/\/cuartetoenlaweb.com.ar\/sitio\/#\/schema\/logo\/image\/","url":"https:\/\/cuartetoenlaweb.com.ar\/sitio\/wp-content\/uploads\/2025\/07\/cropped-cropped-logitoweb21.png","contentUrl":"https:\/\/cuartetoenlaweb.com.ar\/sitio\/wp-content\/uploads\/2025\/07\/cropped-cropped-logitoweb21.png","width":199,"height":199,"caption":"Cuarteto en la Web"},"image":{"@id":"http:\/\/cuartetoenlaweb.com.ar\/sitio\/#\/schema\/logo\/image\/"}}]}},"_links":{"self":[{"href":"https:\/\/cuartetoenlaweb.com.ar\/sitio\/wp-json\/wp\/v2\/posts\/5203","targetHints":{"allow":["GET"]}}],"collection":[{"href":"https:\/\/cuartetoenlaweb.com.ar\/sitio\/wp-json\/wp\/v2\/posts"}],"about":[{"href":"https:\/\/cuartetoenlaweb.com.ar\/sitio\/wp-json\/wp\/v2\/types\/post"}],"replies":[{"embeddable":true,"href":"https:\/\/cuartetoenlaweb.com.ar\/sitio\/wp-json\/wp\/v2\/comments?post=5203"}],"version-history":[{"count":0,"href":"https:\/\/cuartetoenlaweb.com.ar\/sitio\/wp-json\/wp\/v2\/posts\/5203\/revisions"}],"wp:featuredmedia":[{"embeddable":true,"href":"https:\/\/cuartetoenlaweb.com.ar\/sitio\/wp-json\/wp\/v2\/media\/5204"}],"wp:attachment":[{"href":"https:\/\/cuartetoenlaweb.com.ar\/sitio\/wp-json\/wp\/v2\/media?parent=5203"}],"wp:term":[{"taxonomy":"category","embeddable":true,"href":"https:\/\/cuartetoenlaweb.com.ar\/sitio\/wp-json\/wp\/v2\/categories?post=5203"},{"taxonomy":"post_tag","embeddable":true,"href":"https:\/\/cuartetoenlaweb.com.ar\/sitio\/wp-json\/wp\/v2\/tags?post=5203"}],"curies":[{"name":"wp","href":"https:\/\/api.w.org\/{rel}","templated":true}]}}