
{"id":5199,"date":"2025-11-18T19:00:08","date_gmt":"2025-11-18T22:00:08","guid":{"rendered":"https:\/\/cuartetoenlaweb.com.ar\/sitio\/el-desgarrador-momento-que-vive-juan-alberto-mateyko-por-la-enfermedad-de-palito-ortega\/"},"modified":"2025-11-18T19:00:08","modified_gmt":"2025-11-18T22:00:08","slug":"el-desgarrador-momento-que-vive-juan-alberto-mateyko-por-la-enfermedad-de-palito-ortega","status":"publish","type":"post","link":"https:\/\/cuartetoenlaweb.com.ar\/sitio\/el-desgarrador-momento-que-vive-juan-alberto-mateyko-por-la-enfermedad-de-palito-ortega\/","title":{"rendered":"El desgarrador momento que vive Juan Alberto Mateyko por la enfermedad de Palito Ortega"},"content":{"rendered":"<p>El sacud\u00f3n en el mundo del espect\u00e1culo lleg\u00f3 cuando <strong>Juan Alberto Mateyko<\/strong> confirm\u00f3 en Nuestra Ma\u00f1ana que <strong><a href=\"https:\/\/www.paparazzi.com.ar\/tag\/palito-ortega\/\">Palito Ortega<\/a><\/strong> atraviesa una dolorosa recuperaci\u00f3n tras ser diagnosticado con herpes z\u00f3ster. Aunque el cuadro ya no presenta brotes activos, el malestar es tan intenso que lo oblig\u00f3 a suspender todos sus recitales y quedar pr\u00e1cticamente inmovilizado, una noticia que dej\u00f3 a su p\u00fablico preocupado y a su c\u00edrculo \u00edntimo en alerta.<\/p>\n<p>El conductor record\u00f3 que todo comenz\u00f3 despu\u00e9s del show que el cantante dio en el \u00d3pera, donde brill\u00f3 rodeado de invitados especiales. All\u00ed, seg\u00fan relat\u00f3, al d\u00eda siguiente despert\u00f3 con el rostro completamente enrojecido y un dolor punzante: <em>\u201cTen\u00eda dolores, no ten\u00eda temperatura, y llamaron al m\u00e9dico, por supuesto\u201d<\/em>. El diagn\u00f3stico lleg\u00f3 r\u00e1pido y sin rodeos: herpes z\u00f3ster, la temida culebrilla.<\/p>\n<p>En su repaso, <strong><a href=\"https:\/\/www.paparazzi.com.ar\/teve\/palito-ortega-suspendio-sus-shows-a-ultimo-momento-que-ocurre-con-su-salud-a-los-84-anos\/\">Mateyko<\/a><\/strong> explic\u00f3 que aquel espect\u00e1culo del mes de octubre hab\u00eda sido un \u00e9xito absoluto, seguido de un brindis \u00edntimo que termin\u00f3 con una ma\u00f1ana inesperada. <em>\u201cHizo un show espectacular\u2026 y al otro d\u00eda, cuando se despierta, se mira el rostro y lo ten\u00eda todo rojo\u201d<\/em>, record\u00f3 el conductor, dejando en claro que el cuadro sorprendi\u00f3 a todos. El avance del malestar fue tan repentino como preocupante.<\/p>\n<div class=\"mt-box \">\n<h4 class=\"mt-heading\">Mir\u00e1 Tambi\u00e9n<\/h4>\n<p><a href=\"https:\/\/www.paparazzi.com.ar\/videos\/exclusivo-luis-ventura-conto-por-que-jorge-rial-le-tiene-miedo-me-quiere-borrar-porque\/\"><\/p>\n<div class=\"mt-content\">\n<div class=\"mt-image-container\"><img decoding=\"async\" src=\"https:\/\/www.paparazzi.com.ar\/wp-content\/uploads\/2025\/11\/Ventura-dos-1-359x226.jpg\" alt=\"\u00a1Exclusivo! Luis Ventura cont\u00f3 por qu\u00e9 Jorge Rial le tiene miedo: \u201cMe quiere borrar porque\u2026\u201d\" class=\"mt-image\" loading=\"lazy\" \/><\/div>\n<h5 class=\"mt-title\">\u00a1Exclusivo! Luis Ventura cont\u00f3 por qu\u00e9 Jorge Rial le tiene miedo: \u201cMe quiere borrar porque\u2026\u201d<\/h5>\n<\/div>\n<p><\/a><\/div>\n<p>La enfermedad lo oblig\u00f3 a frenar por completo. Seg\u00fan detall\u00f3 <strong>Palito Ortega<\/strong>, el herpes lo mantiene en cama y le impide cualquier actividad f\u00edsica m\u00ednima. <em>\u201cRam\u00f3n est\u00e1 en cama, y en una etapa de un dolor que te trae lo que com\u00fanmente se conoce como culebrilla. Eso ataca a gente de cualquier edad\u201d<\/em>, precis\u00f3.<\/p>\n<h2 class=\"wp-block-heading\">JUAN ALBERTO MATEYKO HABL\u00d3 DE LA ENFERMEDAD DE PALITO ORTEGA<\/h2>\n<p><strong><a href=\"https:\/\/www.paparazzi.com.ar\/teve\/palito-ortega-revelo-como-esta-de-salud-tras-los-problemas-que-tuvo-estoy-medio-cachuzo-y\/\">Palito<\/a><\/strong>, inquieto por naturaleza, vive este parate con una mezcla de frustraci\u00f3n y resignaci\u00f3n. <em>\u201cEst\u00e1 en la cama un hombre que hace constantemente movimiento\u2026 que le gusta el escenario y que se cuida mucho\u201d<\/em>, a\u00f1adi\u00f3 el conductor, dejando ver que la recuperaci\u00f3n podr\u00eda extenderse varios meses.<\/p>\n<p>En el tramo m\u00e1s emotivo, <strong>Mateyko<\/strong> confes\u00f3 la angustia que le gener\u00f3 escucharlo tan vulnerable, algo inusual en \u00e9l: <em>\u201cHe hablado con \u00e9l, y lo not\u00e9 mal. Nunca lo not\u00e9 as\u00ed\u201d<\/em>. Y cerr\u00f3 con una cuota de esperanza que ambos comparten: <em>\u201cTodo pasa. Es cuesti\u00f3n de tiempo para retomar la actividad. Una actividad que \u00e9l ama\u201d<\/em>.<\/p>\n<div class=\"mt-box \">\n<h4 class=\"mt-heading\">Mir\u00e1 Tambi\u00e9n<\/h4>\n<p><a href=\"https:\/\/www.paparazzi.com.ar\/teve\/melody-luz-apunto-sin-filtro-contra-la-china-suarez-por-un-retoque-estetico-y-desato-un-escandalo\/\"><\/p>\n<div class=\"mt-content\">\n<div class=\"mt-image-container\"><img decoding=\"async\" src=\"https:\/\/www.paparazzi.com.ar\/wp-content\/uploads\/2025\/11\/Melody-Lyz-y-China-Suarez-359x226.jpg\" alt=\"Melody Luz apunt\u00f3 sin filtro contra la China Su\u00e1rez por un retoque est\u00e9tico y desat\u00f3 un esc\u00e1ndalo\" class=\"mt-image\" loading=\"lazy\" \/><\/div>\n<h5 class=\"mt-title\">Melody Luz apunt\u00f3 sin filtro contra la China Su\u00e1rez por un retoque est\u00e9tico y desat\u00f3 un esc\u00e1ndalo<\/h5>\n<\/div>\n<p><\/a><\/div>\n<div class=\"mt-box \">\n<h4 class=\"mt-heading\">Mir\u00e1 Tambi\u00e9n<\/h4>\n<p><a href=\"https:\/\/www.paparazzi.com.ar\/romances\/de-locos-por-que-las-flores-que-mauro-icardi-le-regalo-a-la-china-suarez-generaron-polemica-y-escandalo-decorado\/\"><\/p>\n<div class=\"mt-content\">\n<div class=\"mt-image-container\"><img decoding=\"async\" src=\"https:\/\/www.paparazzi.com.ar\/wp-content\/uploads\/2025\/11\/China-Icardi-1-359x226.jpg\" alt=\"\u00a1De locos! Por qu\u00e9 las flores que Mauro Icardi le regal\u00f3 a la China Su\u00e1rez generaron pol\u00e9mica y esc\u00e1ndalo: &quot;Decorado&quot;\" class=\"mt-image\" loading=\"lazy\" \/><\/div>\n<h5 class=\"mt-title\">\u00a1De locos! Por qu\u00e9 las flores que Mauro Icardi le regal\u00f3 a la China Su\u00e1rez generaron pol\u00e9mica y esc\u00e1ndalo: \u00abDecorado\u00bb<\/h5>\n<\/div>\n<p><\/a><\/div>\n<p>The post <a href=\"https:\/\/www.paparazzi.com.ar\/teve\/el-desgarrador-momento-que-vive-juan-alberto-mateyko-por-la-enfermedad-de-palito-ortega\/\">El desgarrador momento que vive Juan Alberto Mateyko por la enfermedad de Palito Ortega<\/a> appeared first on <a href=\"https:\/\/www.paparazzi.com.ar\">Revista Paparazzi<\/a>.<\/p>\n","protected":false},"excerpt":{"rendered":"<p>El sacud\u00f3n en el mundo del espect\u00e1culo lleg\u00f3 cuando Juan<\/p>\n","protected":false},"author":0,"featured_media":5200,"comment_status":"","ping_status":"","sticky":false,"template":"","format":"standard","meta":{"footnotes":""},"categories":[12],"tags":[],"class_list":["post-5199","post","type-post","status-publish","format-standard","has-post-thumbnail","hentry","category-espectaculo"],"yoast_head":"<!-- This site is optimized with the Yoast SEO plugin v27.4 - https:\/\/yoast.com\/product\/yoast-seo-wordpress\/ -->\n<title>El desgarrador momento que vive Juan Alberto Mateyko por la enfermedad de Palito Ortega - Cuarteto en la Web<\/title>\n<meta name=\"robots\" content=\"index, follow, max-snippet:-1, max-image-preview:large, max-video-preview:-1\" \/>\n<link rel=\"canonical\" href=\"https:\/\/cuartetoenlaweb.com.ar\/sitio\/el-desgarrador-momento-que-vive-juan-alberto-mateyko-por-la-enfermedad-de-palito-ortega\/\" \/>\n<meta property=\"og:locale\" content=\"es_ES\" \/>\n<meta property=\"og:type\" content=\"article\" \/>\n<meta property=\"og:title\" content=\"El desgarrador momento que vive Juan Alberto Mateyko por la enfermedad de Palito Ortega - Cuarteto en la Web\" \/>\n<meta property=\"og:description\" content=\"El sacud\u00f3n en el mundo del espect\u00e1culo lleg\u00f3 cuando Juan\" \/>\n<meta property=\"og:url\" content=\"https:\/\/cuartetoenlaweb.com.ar\/sitio\/el-desgarrador-momento-que-vive-juan-alberto-mateyko-por-la-enfermedad-de-palito-ortega\/\" \/>\n<meta property=\"og:site_name\" content=\"Cuarteto en la Web\" \/>\n<meta property=\"article:published_time\" content=\"2025-11-18T22:00:08+00:00\" \/>\n<meta property=\"og:image\" content=\"https:\/\/cuartetoenlaweb.com.ar\/sitio\/wp-content\/uploads\/2025\/11\/Ventura-dos-1-359x226-54.jpg\" \/>\n\t<meta property=\"og:image:width\" content=\"359\" \/>\n\t<meta property=\"og:image:height\" content=\"226\" \/>\n\t<meta property=\"og:image:type\" content=\"image\/jpeg\" \/>\n<meta name=\"twitter:card\" content=\"summary_large_image\" \/>\n<meta name=\"twitter:label1\" content=\"Tiempo de lectura\" \/>\n\t<meta name=\"twitter:data1\" content=\"2 minutos\" \/>\n<script type=\"application\/ld+json\" class=\"yoast-schema-graph\">{\"@context\":\"https:\\\/\\\/schema.org\",\"@graph\":[{\"@type\":\"Article\",\"@id\":\"https:\\\/\\\/cuartetoenlaweb.com.ar\\\/sitio\\\/el-desgarrador-momento-que-vive-juan-alberto-mateyko-por-la-enfermedad-de-palito-ortega\\\/#article\",\"isPartOf\":{\"@id\":\"https:\\\/\\\/cuartetoenlaweb.com.ar\\\/sitio\\\/el-desgarrador-momento-que-vive-juan-alberto-mateyko-por-la-enfermedad-de-palito-ortega\\\/\"},\"author\":{\"name\":\"\",\"@id\":\"\"},\"headline\":\"El desgarrador momento que vive Juan Alberto Mateyko por la enfermedad de Palito Ortega\",\"datePublished\":\"2025-11-18T22:00:08+00:00\",\"mainEntityOfPage\":{\"@id\":\"https:\\\/\\\/cuartetoenlaweb.com.ar\\\/sitio\\\/el-desgarrador-momento-que-vive-juan-alberto-mateyko-por-la-enfermedad-de-palito-ortega\\\/\"},\"wordCount\":501,\"publisher\":{\"@id\":\"https:\\\/\\\/cuartetoenlaweb.com.ar\\\/sitio\\\/#organization\"},\"image\":{\"@id\":\"https:\\\/\\\/cuartetoenlaweb.com.ar\\\/sitio\\\/el-desgarrador-momento-que-vive-juan-alberto-mateyko-por-la-enfermedad-de-palito-ortega\\\/#primaryimage\"},\"thumbnailUrl\":\"https:\\\/\\\/cuartetoenlaweb.com.ar\\\/sitio\\\/wp-content\\\/uploads\\\/2025\\\/11\\\/Ventura-dos-1-359x226-54.jpg\",\"articleSection\":[\"ESPECT\u00c1CULO\"],\"inLanguage\":\"es\"},{\"@type\":\"WebPage\",\"@id\":\"https:\\\/\\\/cuartetoenlaweb.com.ar\\\/sitio\\\/el-desgarrador-momento-que-vive-juan-alberto-mateyko-por-la-enfermedad-de-palito-ortega\\\/\",\"url\":\"https:\\\/\\\/cuartetoenlaweb.com.ar\\\/sitio\\\/el-desgarrador-momento-que-vive-juan-alberto-mateyko-por-la-enfermedad-de-palito-ortega\\\/\",\"name\":\"El desgarrador momento que vive Juan Alberto Mateyko por la enfermedad de Palito Ortega - Cuarteto en la Web\",\"isPartOf\":{\"@id\":\"https:\\\/\\\/cuartetoenlaweb.com.ar\\\/sitio\\\/#website\"},\"primaryImageOfPage\":{\"@id\":\"https:\\\/\\\/cuartetoenlaweb.com.ar\\\/sitio\\\/el-desgarrador-momento-que-vive-juan-alberto-mateyko-por-la-enfermedad-de-palito-ortega\\\/#primaryimage\"},\"image\":{\"@id\":\"https:\\\/\\\/cuartetoenlaweb.com.ar\\\/sitio\\\/el-desgarrador-momento-que-vive-juan-alberto-mateyko-por-la-enfermedad-de-palito-ortega\\\/#primaryimage\"},\"thumbnailUrl\":\"https:\\\/\\\/cuartetoenlaweb.com.ar\\\/sitio\\\/wp-content\\\/uploads\\\/2025\\\/11\\\/Ventura-dos-1-359x226-54.jpg\",\"datePublished\":\"2025-11-18T22:00:08+00:00\",\"breadcrumb\":{\"@id\":\"https:\\\/\\\/cuartetoenlaweb.com.ar\\\/sitio\\\/el-desgarrador-momento-que-vive-juan-alberto-mateyko-por-la-enfermedad-de-palito-ortega\\\/#breadcrumb\"},\"inLanguage\":\"es\",\"potentialAction\":[{\"@type\":\"ReadAction\",\"target\":[\"https:\\\/\\\/cuartetoenlaweb.com.ar\\\/sitio\\\/el-desgarrador-momento-que-vive-juan-alberto-mateyko-por-la-enfermedad-de-palito-ortega\\\/\"]}]},{\"@type\":\"ImageObject\",\"inLanguage\":\"es\",\"@id\":\"https:\\\/\\\/cuartetoenlaweb.com.ar\\\/sitio\\\/el-desgarrador-momento-que-vive-juan-alberto-mateyko-por-la-enfermedad-de-palito-ortega\\\/#primaryimage\",\"url\":\"https:\\\/\\\/cuartetoenlaweb.com.ar\\\/sitio\\\/wp-content\\\/uploads\\\/2025\\\/11\\\/Ventura-dos-1-359x226-54.jpg\",\"contentUrl\":\"https:\\\/\\\/cuartetoenlaweb.com.ar\\\/sitio\\\/wp-content\\\/uploads\\\/2025\\\/11\\\/Ventura-dos-1-359x226-54.jpg\",\"width\":359,\"height\":226},{\"@type\":\"BreadcrumbList\",\"@id\":\"https:\\\/\\\/cuartetoenlaweb.com.ar\\\/sitio\\\/el-desgarrador-momento-que-vive-juan-alberto-mateyko-por-la-enfermedad-de-palito-ortega\\\/#breadcrumb\",\"itemListElement\":[{\"@type\":\"ListItem\",\"position\":1,\"name\":\"Portada\",\"item\":\"https:\\\/\\\/cuartetoenlaweb.com.ar\\\/sitio\\\/\"},{\"@type\":\"ListItem\",\"position\":2,\"name\":\"El desgarrador momento que vive Juan Alberto Mateyko por la enfermedad de Palito Ortega\"}]},{\"@type\":\"WebSite\",\"@id\":\"https:\\\/\\\/cuartetoenlaweb.com.ar\\\/sitio\\\/#website\",\"url\":\"https:\\\/\\\/cuartetoenlaweb.com.ar\\\/sitio\\\/\",\"name\":\"Cuarteto en la Web\",\"description\":\"\",\"publisher\":{\"@id\":\"https:\\\/\\\/cuartetoenlaweb.com.ar\\\/sitio\\\/#organization\"},\"potentialAction\":[{\"@type\":\"SearchAction\",\"target\":{\"@type\":\"EntryPoint\",\"urlTemplate\":\"https:\\\/\\\/cuartetoenlaweb.com.ar\\\/sitio\\\/?s={search_term_string}\"},\"query-input\":{\"@type\":\"PropertyValueSpecification\",\"valueRequired\":true,\"valueName\":\"search_term_string\"}}],\"inLanguage\":\"es\"},{\"@type\":\"Organization\",\"@id\":\"https:\\\/\\\/cuartetoenlaweb.com.ar\\\/sitio\\\/#organization\",\"name\":\"Cuarteto en la Web\",\"url\":\"https:\\\/\\\/cuartetoenlaweb.com.ar\\\/sitio\\\/\",\"logo\":{\"@type\":\"ImageObject\",\"inLanguage\":\"es\",\"@id\":\"https:\\\/\\\/cuartetoenlaweb.com.ar\\\/sitio\\\/#\\\/schema\\\/logo\\\/image\\\/\",\"url\":\"https:\\\/\\\/cuartetoenlaweb.com.ar\\\/sitio\\\/wp-content\\\/uploads\\\/2025\\\/07\\\/cropped-cropped-logitoweb21.png\",\"contentUrl\":\"https:\\\/\\\/cuartetoenlaweb.com.ar\\\/sitio\\\/wp-content\\\/uploads\\\/2025\\\/07\\\/cropped-cropped-logitoweb21.png\",\"width\":199,\"height\":199,\"caption\":\"Cuarteto en la Web\"},\"image\":{\"@id\":\"https:\\\/\\\/cuartetoenlaweb.com.ar\\\/sitio\\\/#\\\/schema\\\/logo\\\/image\\\/\"}}]}<\/script>\n<!-- \/ Yoast SEO plugin. -->","yoast_head_json":{"title":"El desgarrador momento que vive Juan Alberto Mateyko por la enfermedad de Palito Ortega - Cuarteto en la Web","robots":{"index":"index","follow":"follow","max-snippet":"max-snippet:-1","max-image-preview":"max-image-preview:large","max-video-preview":"max-video-preview:-1"},"canonical":"https:\/\/cuartetoenlaweb.com.ar\/sitio\/el-desgarrador-momento-que-vive-juan-alberto-mateyko-por-la-enfermedad-de-palito-ortega\/","og_locale":"es_ES","og_type":"article","og_title":"El desgarrador momento que vive Juan Alberto Mateyko por la enfermedad de Palito Ortega - Cuarteto en la Web","og_description":"El sacud\u00f3n en el mundo del espect\u00e1culo lleg\u00f3 cuando Juan","og_url":"https:\/\/cuartetoenlaweb.com.ar\/sitio\/el-desgarrador-momento-que-vive-juan-alberto-mateyko-por-la-enfermedad-de-palito-ortega\/","og_site_name":"Cuarteto en la Web","article_published_time":"2025-11-18T22:00:08+00:00","og_image":[{"width":359,"height":226,"url":"https:\/\/cuartetoenlaweb.com.ar\/sitio\/wp-content\/uploads\/2025\/11\/Ventura-dos-1-359x226-54.jpg","type":"image\/jpeg"}],"twitter_card":"summary_large_image","twitter_misc":{"Tiempo de lectura":"2 minutos"},"schema":{"@context":"https:\/\/schema.org","@graph":[{"@type":"Article","@id":"https:\/\/cuartetoenlaweb.com.ar\/sitio\/el-desgarrador-momento-que-vive-juan-alberto-mateyko-por-la-enfermedad-de-palito-ortega\/#article","isPartOf":{"@id":"https:\/\/cuartetoenlaweb.com.ar\/sitio\/el-desgarrador-momento-que-vive-juan-alberto-mateyko-por-la-enfermedad-de-palito-ortega\/"},"author":{"name":"","@id":""},"headline":"El desgarrador momento que vive Juan Alberto Mateyko por la enfermedad de Palito Ortega","datePublished":"2025-11-18T22:00:08+00:00","mainEntityOfPage":{"@id":"https:\/\/cuartetoenlaweb.com.ar\/sitio\/el-desgarrador-momento-que-vive-juan-alberto-mateyko-por-la-enfermedad-de-palito-ortega\/"},"wordCount":501,"publisher":{"@id":"https:\/\/cuartetoenlaweb.com.ar\/sitio\/#organization"},"image":{"@id":"https:\/\/cuartetoenlaweb.com.ar\/sitio\/el-desgarrador-momento-que-vive-juan-alberto-mateyko-por-la-enfermedad-de-palito-ortega\/#primaryimage"},"thumbnailUrl":"https:\/\/cuartetoenlaweb.com.ar\/sitio\/wp-content\/uploads\/2025\/11\/Ventura-dos-1-359x226-54.jpg","articleSection":["ESPECT\u00c1CULO"],"inLanguage":"es"},{"@type":"WebPage","@id":"https:\/\/cuartetoenlaweb.com.ar\/sitio\/el-desgarrador-momento-que-vive-juan-alberto-mateyko-por-la-enfermedad-de-palito-ortega\/","url":"https:\/\/cuartetoenlaweb.com.ar\/sitio\/el-desgarrador-momento-que-vive-juan-alberto-mateyko-por-la-enfermedad-de-palito-ortega\/","name":"El desgarrador momento que vive Juan Alberto Mateyko por la enfermedad de Palito Ortega - Cuarteto en la Web","isPartOf":{"@id":"https:\/\/cuartetoenlaweb.com.ar\/sitio\/#website"},"primaryImageOfPage":{"@id":"https:\/\/cuartetoenlaweb.com.ar\/sitio\/el-desgarrador-momento-que-vive-juan-alberto-mateyko-por-la-enfermedad-de-palito-ortega\/#primaryimage"},"image":{"@id":"https:\/\/cuartetoenlaweb.com.ar\/sitio\/el-desgarrador-momento-que-vive-juan-alberto-mateyko-por-la-enfermedad-de-palito-ortega\/#primaryimage"},"thumbnailUrl":"https:\/\/cuartetoenlaweb.com.ar\/sitio\/wp-content\/uploads\/2025\/11\/Ventura-dos-1-359x226-54.jpg","datePublished":"2025-11-18T22:00:08+00:00","breadcrumb":{"@id":"https:\/\/cuartetoenlaweb.com.ar\/sitio\/el-desgarrador-momento-que-vive-juan-alberto-mateyko-por-la-enfermedad-de-palito-ortega\/#breadcrumb"},"inLanguage":"es","potentialAction":[{"@type":"ReadAction","target":["https:\/\/cuartetoenlaweb.com.ar\/sitio\/el-desgarrador-momento-que-vive-juan-alberto-mateyko-por-la-enfermedad-de-palito-ortega\/"]}]},{"@type":"ImageObject","inLanguage":"es","@id":"https:\/\/cuartetoenlaweb.com.ar\/sitio\/el-desgarrador-momento-que-vive-juan-alberto-mateyko-por-la-enfermedad-de-palito-ortega\/#primaryimage","url":"https:\/\/cuartetoenlaweb.com.ar\/sitio\/wp-content\/uploads\/2025\/11\/Ventura-dos-1-359x226-54.jpg","contentUrl":"https:\/\/cuartetoenlaweb.com.ar\/sitio\/wp-content\/uploads\/2025\/11\/Ventura-dos-1-359x226-54.jpg","width":359,"height":226},{"@type":"BreadcrumbList","@id":"https:\/\/cuartetoenlaweb.com.ar\/sitio\/el-desgarrador-momento-que-vive-juan-alberto-mateyko-por-la-enfermedad-de-palito-ortega\/#breadcrumb","itemListElement":[{"@type":"ListItem","position":1,"name":"Portada","item":"https:\/\/cuartetoenlaweb.com.ar\/sitio\/"},{"@type":"ListItem","position":2,"name":"El desgarrador momento que vive Juan Alberto Mateyko por la enfermedad de Palito Ortega"}]},{"@type":"WebSite","@id":"https:\/\/cuartetoenlaweb.com.ar\/sitio\/#website","url":"https:\/\/cuartetoenlaweb.com.ar\/sitio\/","name":"Cuarteto en la Web","description":"","publisher":{"@id":"https:\/\/cuartetoenlaweb.com.ar\/sitio\/#organization"},"potentialAction":[{"@type":"SearchAction","target":{"@type":"EntryPoint","urlTemplate":"https:\/\/cuartetoenlaweb.com.ar\/sitio\/?s={search_term_string}"},"query-input":{"@type":"PropertyValueSpecification","valueRequired":true,"valueName":"search_term_string"}}],"inLanguage":"es"},{"@type":"Organization","@id":"https:\/\/cuartetoenlaweb.com.ar\/sitio\/#organization","name":"Cuarteto en la Web","url":"https:\/\/cuartetoenlaweb.com.ar\/sitio\/","logo":{"@type":"ImageObject","inLanguage":"es","@id":"https:\/\/cuartetoenlaweb.com.ar\/sitio\/#\/schema\/logo\/image\/","url":"https:\/\/cuartetoenlaweb.com.ar\/sitio\/wp-content\/uploads\/2025\/07\/cropped-cropped-logitoweb21.png","contentUrl":"https:\/\/cuartetoenlaweb.com.ar\/sitio\/wp-content\/uploads\/2025\/07\/cropped-cropped-logitoweb21.png","width":199,"height":199,"caption":"Cuarteto en la Web"},"image":{"@id":"https:\/\/cuartetoenlaweb.com.ar\/sitio\/#\/schema\/logo\/image\/"}}]}},"_links":{"self":[{"href":"https:\/\/cuartetoenlaweb.com.ar\/sitio\/wp-json\/wp\/v2\/posts\/5199","targetHints":{"allow":["GET"]}}],"collection":[{"href":"https:\/\/cuartetoenlaweb.com.ar\/sitio\/wp-json\/wp\/v2\/posts"}],"about":[{"href":"https:\/\/cuartetoenlaweb.com.ar\/sitio\/wp-json\/wp\/v2\/types\/post"}],"replies":[{"embeddable":true,"href":"https:\/\/cuartetoenlaweb.com.ar\/sitio\/wp-json\/wp\/v2\/comments?post=5199"}],"version-history":[{"count":0,"href":"https:\/\/cuartetoenlaweb.com.ar\/sitio\/wp-json\/wp\/v2\/posts\/5199\/revisions"}],"wp:featuredmedia":[{"embeddable":true,"href":"https:\/\/cuartetoenlaweb.com.ar\/sitio\/wp-json\/wp\/v2\/media\/5200"}],"wp:attachment":[{"href":"https:\/\/cuartetoenlaweb.com.ar\/sitio\/wp-json\/wp\/v2\/media?parent=5199"}],"wp:term":[{"taxonomy":"category","embeddable":true,"href":"https:\/\/cuartetoenlaweb.com.ar\/sitio\/wp-json\/wp\/v2\/categories?post=5199"},{"taxonomy":"post_tag","embeddable":true,"href":"https:\/\/cuartetoenlaweb.com.ar\/sitio\/wp-json\/wp\/v2\/tags?post=5199"}],"curies":[{"name":"wp","href":"https:\/\/api.w.org\/{rel}","templated":true}]}}